{"id":19035,"date":"2016-03-29T09:00:37","date_gmt":"2016-03-29T07:00:37","guid":{"rendered":"https:\/\/www.gold.fr\/news\/?p=19035"},"modified":"2018-03-19T11:33:30","modified_gmt":"2018-03-19T10:33:30","slug":"marche-de-lor-entre-valeur-refuge-et-reprise-du-dollar","status":"publish","type":"post","link":"https:\/\/www.gold.fr\/news\/2016\/03\/29\/marche-de-lor-entre-valeur-refuge-et-reprise-du-dollar\/","title":{"rendered":"March\u00e9 de l\u2019or : Entre \u2018valeur refuge\u2019 et reprise du dollar"},"content":{"rendered":"<p><span style=\"font-size: small;\"><img loading=\"lazy\" decoding=\"async\" class=\"alignleft wp-image-2397 size-thumbnail\" title=\"March\u00e9 de l\u2019or : Entre \u2018valeur refuge\u2019 et reprise du dollar\" src=\"https:\/\/www.gold.fr\/news\/wp-content\/uploads\/2011\/09\/ordinateur-or-150x150.jpg\" alt=\"March\u00e9 de l\u2019or : Entre \u2018valeur refuge\u2019 et reprise du dollar\" width=\"150\" height=\"150\" \/>Et c&rsquo;est un duel que le billet vert semble remporter, depuis la fin de la semaine derni\u00e8re. La valeur refuge de l&rsquo;<a class=\"esk-seo-plu-link\" href=\"https:\/\/www.gold.fr\/news\/tags\/or\">or<\/a> avait \u00e9t\u00e9 consid\u00e9rablement boost\u00e9e par les craintes r\u00e9sultant des attentats terroristes qui ont vis\u00e9 la Belgique, mardi dernier, mais la situation s&rsquo;est rapidement invers\u00e9e avec la reprise du dollar, d\u00e8s la s\u00e9ance du mercredi.<\/span> <span style=\"font-size: small;\">La ru\u00e9e vers la valeur de l&rsquo;<a class=\"esk-seo-plu-link\" href=\"https:\/\/www.gold.fr\/news\/tags\/or\">or<\/a> s&rsquo;\u00e9tait inscrite dans le cadre d&rsquo;un mouvement g\u00e9n\u00e9ralis\u00e9, de la part des op\u00e9rateurs, \u00ab <em>en direction des produits d&rsquo;investissements conservateurs -les obligations d&rsquo;\u00c9tat et l&rsquo;<a class=\"esk-seo-plu-link\" href=\"https:\/\/www.gold.fr\/news\/tags\/or\">or<\/a><\/em> \u00bb, selon <strong>Francesca Peck<\/strong>, \u00e9conomiste chez <strong>IHS Global Insight<\/strong>. <\/span><\/p>\n<p><span style=\"font-size: small;\">Mais, \u00e0 la veille du long week-end de P\u00e2ques, cette ru\u00e9e paniqu\u00e9e vers l&rsquo;<a class=\"esk-seo-plu-link\" href=\"https:\/\/www.gold.fr\/news\/tags\/or\">or<\/a> s&rsquo;est rapidement essouffl\u00e9e, traduisant l&rsquo;immunit\u00e9 des march\u00e9s contre ce type d&rsquo;\u00e9v\u00e9nements devenus de plus en plus fr\u00e9quents. Cette fr\u00e9quence rend graduellement les march\u00e9s moins r\u00e9actifs et sensibles aux s\u00e9quelles boursi\u00e8res habituelles que ces attaques laissaient sur leur sillage, il y a quelques ann\u00e9es.<\/span><\/p>\n<p><span style=\"font-size: small;\">En plus de cette nouvelle immunit\u00e9, c&rsquo;est surtout la reprise du billet vert et le fait qu&rsquo;il ait gagn\u00e9 un terrain consid\u00e9rable face aux autres devises majeures qui ont r\u00e9ussi \u00e0 plomber le march\u00e9 de <a class=\"esk-seo-plu-link\" href=\"https:\/\/www.gold.fr\/news\/tags\/or\">m\u00e9tal jaune<\/a>. Le dollar s&rsquo;est vu boost\u00e9 par \u00ab<em> la perspective de hausses de taux directeurs aux \u00c9tats-Unis \u00e0 un rythme potentiellement plus rapide que ce qui avait \u00e9t\u00e9 annonc\u00e9 la semaine derni\u00e8re par la R\u00e9serve f\u00e9d\u00e9rale am\u00e9ricaine<\/em> \u00bb. Cette perspective a \u00e9t\u00e9 mise en avant par les propos m\u00eames \u2013tr\u00e8s \u2018<em>faucons<\/em>&lsquo;- de plusieurs membres du <strong>FOMC<\/strong> am\u00e9ricain.<\/span><\/p>\n<!-- AddThis Advanced Settings generic via filter on the_content --><!-- AddThis Share Buttons generic via filter on the_content -->","protected":false},"excerpt":{"rendered":"<p>Et c&rsquo;est un duel que le billet vert semble remporter, depuis la fin de la semaine derni\u00e8re. La valeur refuge de l&rsquo;or avait \u00e9t\u00e9 consid\u00e9rablement boost\u00e9e par les craintes r\u00e9sultant des attentats terroristes qui ont vis\u00e9 [&hellip;]<\/p>\n","protected":false},"author":18,"featured_media":2397,"comment_status":"open","ping_status":"open","sticky":false,"template":"","format":"standard","meta":{"_mbp_gutenberg_autopost":false,"_pgmb_is_evergreen":false,"_pgmb_ap_template_id":0,"footnotes":""},"categories":[6],"tags":[102,1034,105,76],"ppma_author":[2565],"class_list":["post-19035","post","type-post","status-publish","format-standard","has-post-thumbnail","hentry","category-articles-de-presse","tag-dollar","tag-fomc","tag-marche","tag-or"],"yoast_head":"<!-- This site is optimized with the Yoast SEO plugin v27.5 - https:\/\/yoast.com\/product\/yoast-seo-wordpress\/ -->\n<title>March\u00e9 de l\u2019or : Entre \u2018valeur refuge\u2019 et reprise du dollar - Gold.fr<\/title>\n<meta name=\"robots\" content=\"index, follow, max-snippet:-1, max-image-preview:large, max-video-preview:-1\" \/>\n<link rel=\"canonical\" href=\"https:\/\/www.gold.fr\/news\/2016\/03\/29\/marche-de-lor-entre-valeur-refuge-et-reprise-du-dollar\/\" \/>\n<meta property=\"og:locale\" content=\"fr_FR\" \/>\n<meta property=\"og:type\" content=\"article\" \/>\n<meta property=\"og:title\" content=\"March\u00e9 de l\u2019or : Entre \u2018valeur refuge\u2019 et reprise du dollar - Gold.fr\" \/>\n<meta property=\"og:description\" content=\"Et c&rsquo;est un duel que le billet vert semble remporter, depuis la fin de la semaine derni\u00e8re. La valeur refuge de l&rsquo;or avait \u00e9t\u00e9 consid\u00e9rablement boost\u00e9e par les craintes r\u00e9sultant des attentats terroristes qui ont vis\u00e9 [&hellip;]\" \/>\n<meta property=\"og:url\" content=\"https:\/\/www.gold.fr\/news\/2016\/03\/29\/marche-de-lor-entre-valeur-refuge-et-reprise-du-dollar\/\" \/>\n<meta property=\"og:site_name\" content=\"Gold.fr\" \/>\n<meta property=\"article:publisher\" content=\"https:\/\/www.facebook.com\/Goldfr\/\" \/>\n<meta property=\"article:published_time\" content=\"2016-03-29T07:00:37+00:00\" \/>\n<meta property=\"article:modified_time\" content=\"2018-03-19T10:33:30+00:00\" \/>\n<meta property=\"og:image\" content=\"https:\/\/www.gold.fr\/news\/wp-content\/uploads\/2011\/09\/ordinateur-or.jpg\" \/>\n\t<meta property=\"og:image:width\" content=\"600\" \/>\n\t<meta property=\"og:image:height\" content=\"296\" \/>\n\t<meta property=\"og:image:type\" content=\"image\/jpeg\" \/>\n<meta name=\"author\" content=\"Comptoir National de l&#039;Or\" \/>\n<meta name=\"twitter:card\" content=\"summary_large_image\" \/>\n<meta name=\"twitter:label1\" content=\"\u00c9crit par\" \/>\n\t<meta name=\"twitter:data1\" content=\"Comptoir National de l&#039;Or\" \/>\n\t<meta name=\"twitter:label2\" content=\"Dur\u00e9e de lecture estim\u00e9e\" \/>\n\t<meta name=\"twitter:data2\" content=\"1 minute\" \/>\n<script type=\"application\/ld+json\" class=\"yoast-schema-graph\">{\"@context\":\"https:\\\/\\\/schema.org\",\"@graph\":[{\"@type\":\"Article\",\"@id\":\"https:\\\/\\\/www.gold.fr\\\/news\\\/2016\\\/03\\\/29\\\/marche-de-lor-entre-valeur-refuge-et-reprise-du-dollar\\\/#article\",\"isPartOf\":{\"@id\":\"https:\\\/\\\/www.gold.fr\\\/news\\\/2016\\\/03\\\/29\\\/marche-de-lor-entre-valeur-refuge-et-reprise-du-dollar\\\/\"},\"author\":{\"name\":\"Comptoir National de l'Or\",\"@id\":\"https:\\\/\\\/www.gold.fr\\\/news\\\/#\\\/schema\\\/person\\\/070491b4b4fb7671bf59b3be20302ce9\"},\"headline\":\"March\u00e9 de l\u2019or : Entre \u2018valeur refuge\u2019 et reprise du dollar\",\"datePublished\":\"2016-03-29T07:00:37+00:00\",\"dateModified\":\"2018-03-19T10:33:30+00:00\",\"mainEntityOfPage\":{\"@id\":\"https:\\\/\\\/www.gold.fr\\\/news\\\/2016\\\/03\\\/29\\\/marche-de-lor-entre-valeur-refuge-et-reprise-du-dollar\\\/\"},\"wordCount\":303,\"commentCount\":0,\"image\":{\"@id\":\"https:\\\/\\\/www.gold.fr\\\/news\\\/2016\\\/03\\\/29\\\/marche-de-lor-entre-valeur-refuge-et-reprise-du-dollar\\\/#primaryimage\"},\"thumbnailUrl\":\"https:\\\/\\\/www.gold.fr\\\/news\\\/wp-content\\\/uploads\\\/2011\\\/09\\\/ordinateur-or.jpg\",\"keywords\":[\"dollar\",\"FOMC\",\"march\u00e9\",\"Or\"],\"articleSection\":[\"Articles de presse\"],\"inLanguage\":\"fr-FR\"},{\"@type\":\"WebPage\",\"@id\":\"https:\\\/\\\/www.gold.fr\\\/news\\\/2016\\\/03\\\/29\\\/marche-de-lor-entre-valeur-refuge-et-reprise-du-dollar\\\/\",\"url\":\"https:\\\/\\\/www.gold.fr\\\/news\\\/2016\\\/03\\\/29\\\/marche-de-lor-entre-valeur-refuge-et-reprise-du-dollar\\\/\",\"name\":\"March\u00e9 de l\u2019or : Entre \u2018valeur refuge\u2019 et reprise du dollar - Gold.fr\",\"isPartOf\":{\"@id\":\"https:\\\/\\\/www.gold.fr\\\/news\\\/#website\"},\"primaryImageOfPage\":{\"@id\":\"https:\\\/\\\/www.gold.fr\\\/news\\\/2016\\\/03\\\/29\\\/marche-de-lor-entre-valeur-refuge-et-reprise-du-dollar\\\/#primaryimage\"},\"image\":{\"@id\":\"https:\\\/\\\/www.gold.fr\\\/news\\\/2016\\\/03\\\/29\\\/marche-de-lor-entre-valeur-refuge-et-reprise-du-dollar\\\/#primaryimage\"},\"thumbnailUrl\":\"https:\\\/\\\/www.gold.fr\\\/news\\\/wp-content\\\/uploads\\\/2011\\\/09\\\/ordinateur-or.jpg\",\"datePublished\":\"2016-03-29T07:00:37+00:00\",\"dateModified\":\"2018-03-19T10:33:30+00:00\",\"author\":{\"@id\":\"https:\\\/\\\/www.gold.fr\\\/news\\\/#\\\/schema\\\/person\\\/070491b4b4fb7671bf59b3be20302ce9\"},\"breadcrumb\":{\"@id\":\"https:\\\/\\\/www.gold.fr\\\/news\\\/2016\\\/03\\\/29\\\/marche-de-lor-entre-valeur-refuge-et-reprise-du-dollar\\\/#breadcrumb\"},\"inLanguage\":\"fr-FR\",\"potentialAction\":[{\"@type\":\"ReadAction\",\"target\":[\"https:\\\/\\\/www.gold.fr\\\/news\\\/2016\\\/03\\\/29\\\/marche-de-lor-entre-valeur-refuge-et-reprise-du-dollar\\\/\"]}]},{\"@type\":\"ImageObject\",\"inLanguage\":\"fr-FR\",\"@id\":\"https:\\\/\\\/www.gold.fr\\\/news\\\/2016\\\/03\\\/29\\\/marche-de-lor-entre-valeur-refuge-et-reprise-du-dollar\\\/#primaryimage\",\"url\":\"https:\\\/\\\/www.gold.fr\\\/news\\\/wp-content\\\/uploads\\\/2011\\\/09\\\/ordinateur-or.jpg\",\"contentUrl\":\"https:\\\/\\\/www.gold.fr\\\/news\\\/wp-content\\\/uploads\\\/2011\\\/09\\\/ordinateur-or.jpg\",\"width\":\"600\",\"height\":\"296\",\"caption\":\"M\u00e9tal jaune : la tendance attentiste sera d\u00e9finitivement invers\u00e9e\"},{\"@type\":\"BreadcrumbList\",\"@id\":\"https:\\\/\\\/www.gold.fr\\\/news\\\/2016\\\/03\\\/29\\\/marche-de-lor-entre-valeur-refuge-et-reprise-du-dollar\\\/#breadcrumb\",\"itemListElement\":[{\"@type\":\"ListItem\",\"position\":1,\"name\":\"Accueil\",\"item\":\"https:\\\/\\\/www.gold.fr\\\/\"},{\"@type\":\"ListItem\",\"position\":2,\"name\":\"Actualit\u00e9s\",\"item\":\"https:\\\/\\\/www.gold.fr\\\/news\\\/\"},{\"@type\":\"ListItem\",\"position\":3,\"name\":\"March\u00e9 de l\u2019or : Entre \u2018valeur refuge\u2019 et reprise du dollar\"}]},{\"@type\":\"WebSite\",\"@id\":\"https:\\\/\\\/www.gold.fr\\\/news\\\/#website\",\"url\":\"https:\\\/\\\/www.gold.fr\\\/news\\\/\",\"name\":\"Gold.fr\",\"description\":\"Actualit\u00e9s de l&#039;Or et des m\u00e9taux pr\u00e9cieux\",\"potentialAction\":[{\"@type\":\"SearchAction\",\"target\":{\"@type\":\"EntryPoint\",\"urlTemplate\":\"https:\\\/\\\/www.gold.fr\\\/news\\\/?s={search_term_string}\"},\"query-input\":{\"@type\":\"PropertyValueSpecification\",\"valueRequired\":true,\"valueName\":\"search_term_string\"}}],\"inLanguage\":\"fr-FR\"},{\"@type\":\"Person\",\"@id\":\"https:\\\/\\\/www.gold.fr\\\/news\\\/#\\\/schema\\\/person\\\/070491b4b4fb7671bf59b3be20302ce9\",\"name\":\"Comptoir National de l'Or\",\"image\":{\"@type\":\"ImageObject\",\"inLanguage\":\"fr-FR\",\"@id\":\"https:\\\/\\\/secure.gravatar.com\\\/avatar\\\/0a2867fd5abe37bed95d5a65e9d58f01756e11efc68af9888dfc50cfa7f65948?s=96&d=mm&r=gb490554db0a38188709de567aa58480d\",\"url\":\"https:\\\/\\\/secure.gravatar.com\\\/avatar\\\/0a2867fd5abe37bed95d5a65e9d58f01756e11efc68af9888dfc50cfa7f65948?s=96&d=mm&r=g\",\"contentUrl\":\"https:\\\/\\\/secure.gravatar.com\\\/avatar\\\/0a2867fd5abe37bed95d5a65e9d58f01756e11efc68af9888dfc50cfa7f65948?s=96&d=mm&r=g\",\"caption\":\"Comptoir National de l'Or\"},\"description\":\"Notre r\u00e9daction est constitu\u00e9e de membres experts dans les m\u00e9tiers de l'\u00e9conomie et la gestion, des Responsables d'agence Comptoir National de l'Or, des analystes financiers qui publient r\u00e9guli\u00e8rement des \u00e9tudes sur les politiques des banques centrales, le cours de l'or, prix de l'or, cours de l'argent, prix de l'argent, cours du platine, cours du palladium,... la situation en zone euro et l'impact de la strat\u00e9gie mon\u00e9taire de la FED. Notre \u00e9quipe scrute \u00e9galement une information plus g\u00e9n\u00e9raliste \u00e0 la recherche d'actualit\u00e9 \\\"p\u00e9pite\\\" \u00e0 vous partager. Depuis 5 ans, nous avons publi\u00e9 un peu plus de 4000 articles qui s'adressent \u00e0 un public large et vari\u00e9 ayant pour objectif de satisfaire votre curiosit\u00e9 et de partager avec vous une certaine fascination pour le m\u00e9tal jaune, le rachat d'or, et pour ceux qui veulent investir dans l'or, vendre leur or tout simplement en savoir plus... Pour tous vos achat or et argent, n'h\u00e9sitez pas \u00e0 prendre rendez-vous dans l'un de nos nombreux comptoirs.\",\"sameAs\":[\"https:\\\/\\\/www.gold.fr\"]}]}<\/script>\n<!-- \/ Yoast SEO plugin. -->","yoast_head_json":{"title":"March\u00e9 de l\u2019or : Entre \u2018valeur refuge\u2019 et reprise du dollar - Gold.fr","robots":{"index":"index","follow":"follow","max-snippet":"max-snippet:-1","max-image-preview":"max-image-preview:large","max-video-preview":"max-video-preview:-1"},"canonical":"https:\/\/www.gold.fr\/news\/2016\/03\/29\/marche-de-lor-entre-valeur-refuge-et-reprise-du-dollar\/","og_locale":"fr_FR","og_type":"article","og_title":"March\u00e9 de l\u2019or : Entre \u2018valeur refuge\u2019 et reprise du dollar - Gold.fr","og_description":"Et c&rsquo;est un duel que le billet vert semble remporter, depuis la fin de la semaine derni\u00e8re. La valeur refuge de l&rsquo;or avait \u00e9t\u00e9 consid\u00e9rablement boost\u00e9e par les craintes r\u00e9sultant des attentats terroristes qui ont vis\u00e9 [&hellip;]","og_url":"https:\/\/www.gold.fr\/news\/2016\/03\/29\/marche-de-lor-entre-valeur-refuge-et-reprise-du-dollar\/","og_site_name":"Gold.fr","article_publisher":"https:\/\/www.facebook.com\/Goldfr\/","article_published_time":"2016-03-29T07:00:37+00:00","article_modified_time":"2018-03-19T10:33:30+00:00","og_image":[{"width":600,"height":296,"url":"https:\/\/www.gold.fr\/news\/wp-content\/uploads\/2011\/09\/ordinateur-or.jpg","type":"image\/jpeg"}],"author":"Comptoir National de l'Or","twitter_card":"summary_large_image","twitter_misc":{"\u00c9crit par":"Comptoir National de l'Or","Dur\u00e9e de lecture estim\u00e9e":"1 minute"},"schema":{"@context":"https:\/\/schema.org","@graph":[{"@type":"Article","@id":"https:\/\/www.gold.fr\/news\/2016\/03\/29\/marche-de-lor-entre-valeur-refuge-et-reprise-du-dollar\/#article","isPartOf":{"@id":"https:\/\/www.gold.fr\/news\/2016\/03\/29\/marche-de-lor-entre-valeur-refuge-et-reprise-du-dollar\/"},"author":{"name":"Comptoir National de l'Or","@id":"https:\/\/www.gold.fr\/news\/#\/schema\/person\/070491b4b4fb7671bf59b3be20302ce9"},"headline":"March\u00e9 de l\u2019or : Entre \u2018valeur refuge\u2019 et reprise du dollar","datePublished":"2016-03-29T07:00:37+00:00","dateModified":"2018-03-19T10:33:30+00:00","mainEntityOfPage":{"@id":"https:\/\/www.gold.fr\/news\/2016\/03\/29\/marche-de-lor-entre-valeur-refuge-et-reprise-du-dollar\/"},"wordCount":303,"commentCount":0,"image":{"@id":"https:\/\/www.gold.fr\/news\/2016\/03\/29\/marche-de-lor-entre-valeur-refuge-et-reprise-du-dollar\/#primaryimage"},"thumbnailUrl":"https:\/\/www.gold.fr\/news\/wp-content\/uploads\/2011\/09\/ordinateur-or.jpg","keywords":["dollar","FOMC","march\u00e9","Or"],"articleSection":["Articles de presse"],"inLanguage":"fr-FR"},{"@type":"WebPage","@id":"https:\/\/www.gold.fr\/news\/2016\/03\/29\/marche-de-lor-entre-valeur-refuge-et-reprise-du-dollar\/","url":"https:\/\/www.gold.fr\/news\/2016\/03\/29\/marche-de-lor-entre-valeur-refuge-et-reprise-du-dollar\/","name":"March\u00e9 de l\u2019or : Entre \u2018valeur refuge\u2019 et reprise du dollar - Gold.fr","isPartOf":{"@id":"https:\/\/www.gold.fr\/news\/#website"},"primaryImageOfPage":{"@id":"https:\/\/www.gold.fr\/news\/2016\/03\/29\/marche-de-lor-entre-valeur-refuge-et-reprise-du-dollar\/#primaryimage"},"image":{"@id":"https:\/\/www.gold.fr\/news\/2016\/03\/29\/marche-de-lor-entre-valeur-refuge-et-reprise-du-dollar\/#primaryimage"},"thumbnailUrl":"https:\/\/www.gold.fr\/news\/wp-content\/uploads\/2011\/09\/ordinateur-or.jpg","datePublished":"2016-03-29T07:00:37+00:00","dateModified":"2018-03-19T10:33:30+00:00","author":{"@id":"https:\/\/www.gold.fr\/news\/#\/schema\/person\/070491b4b4fb7671bf59b3be20302ce9"},"breadcrumb":{"@id":"https:\/\/www.gold.fr\/news\/2016\/03\/29\/marche-de-lor-entre-valeur-refuge-et-reprise-du-dollar\/#breadcrumb"},"inLanguage":"fr-FR","potentialAction":[{"@type":"ReadAction","target":["https:\/\/www.gold.fr\/news\/2016\/03\/29\/marche-de-lor-entre-valeur-refuge-et-reprise-du-dollar\/"]}]},{"@type":"ImageObject","inLanguage":"fr-FR","@id":"https:\/\/www.gold.fr\/news\/2016\/03\/29\/marche-de-lor-entre-valeur-refuge-et-reprise-du-dollar\/#primaryimage","url":"https:\/\/www.gold.fr\/news\/wp-content\/uploads\/2011\/09\/ordinateur-or.jpg","contentUrl":"https:\/\/www.gold.fr\/news\/wp-content\/uploads\/2011\/09\/ordinateur-or.jpg","width":"600","height":"296","caption":"M\u00e9tal jaune : la tendance attentiste sera d\u00e9finitivement invers\u00e9e"},{"@type":"BreadcrumbList","@id":"https:\/\/www.gold.fr\/news\/2016\/03\/29\/marche-de-lor-entre-valeur-refuge-et-reprise-du-dollar\/#breadcrumb","itemListElement":[{"@type":"ListItem","position":1,"name":"Accueil","item":"https:\/\/www.gold.fr\/"},{"@type":"ListItem","position":2,"name":"Actualit\u00e9s","item":"https:\/\/www.gold.fr\/news\/"},{"@type":"ListItem","position":3,"name":"March\u00e9 de l\u2019or : Entre \u2018valeur refuge\u2019 et reprise du dollar"}]},{"@type":"WebSite","@id":"https:\/\/www.gold.fr\/news\/#website","url":"https:\/\/www.gold.fr\/news\/","name":"Gold.fr","description":"Actualit\u00e9s de l&#039;Or et des m\u00e9taux pr\u00e9cieux","potentialAction":[{"@type":"SearchAction","target":{"@type":"EntryPoint","urlTemplate":"https:\/\/www.gold.fr\/news\/?s={search_term_string}"},"query-input":{"@type":"PropertyValueSpecification","valueRequired":true,"valueName":"search_term_string"}}],"inLanguage":"fr-FR"},{"@type":"Person","@id":"https:\/\/www.gold.fr\/news\/#\/schema\/person\/070491b4b4fb7671bf59b3be20302ce9","name":"Comptoir National de l'Or","image":{"@type":"ImageObject","inLanguage":"fr-FR","@id":"https:\/\/secure.gravatar.com\/avatar\/0a2867fd5abe37bed95d5a65e9d58f01756e11efc68af9888dfc50cfa7f65948?s=96&d=mm&r=gb490554db0a38188709de567aa58480d","url":"https:\/\/secure.gravatar.com\/avatar\/0a2867fd5abe37bed95d5a65e9d58f01756e11efc68af9888dfc50cfa7f65948?s=96&d=mm&r=g","contentUrl":"https:\/\/secure.gravatar.com\/avatar\/0a2867fd5abe37bed95d5a65e9d58f01756e11efc68af9888dfc50cfa7f65948?s=96&d=mm&r=g","caption":"Comptoir National de l'Or"},"description":"Notre r\u00e9daction est constitu\u00e9e de membres experts dans les m\u00e9tiers de l'\u00e9conomie et la gestion, des Responsables d'agence Comptoir National de l'Or, des analystes financiers qui publient r\u00e9guli\u00e8rement des \u00e9tudes sur les politiques des banques centrales, le cours de l'or, prix de l'or, cours de l'argent, prix de l'argent, cours du platine, cours du palladium,... la situation en zone euro et l'impact de la strat\u00e9gie mon\u00e9taire de la FED. Notre \u00e9quipe scrute \u00e9galement une information plus g\u00e9n\u00e9raliste \u00e0 la recherche d'actualit\u00e9 \"p\u00e9pite\" \u00e0 vous partager. Depuis 5 ans, nous avons publi\u00e9 un peu plus de 4000 articles qui s'adressent \u00e0 un public large et vari\u00e9 ayant pour objectif de satisfaire votre curiosit\u00e9 et de partager avec vous une certaine fascination pour le m\u00e9tal jaune, le rachat d'or, et pour ceux qui veulent investir dans l'or, vendre leur or tout simplement en savoir plus... Pour tous vos achat or et argent, n'h\u00e9sitez pas \u00e0 prendre rendez-vous dans l'un de nos nombreux comptoirs.","sameAs":["https:\/\/www.gold.fr"]}]}},"authors":[{"term_id":2565,"user_id":18,"is_guest":0,"slug":"julie","display_name":"Comptoir National de l'Or","avatar_url":"https:\/\/secure.gravatar.com\/avatar\/713f289e398d35ead876c4a4cc08607f0d6d266058cfc25683fffb6092d0e572?s=96&d=mm&r=g","0":null,"1":"","2":"","3":"","4":"","5":"","6":"","7":"","8":""}],"_links":{"self":[{"href":"https:\/\/www.gold.fr\/news\/wp-json\/wp\/v2\/posts\/19035","targetHints":{"allow":["GET"]}}],"collection":[{"href":"https:\/\/www.gold.fr\/news\/wp-json\/wp\/v2\/posts"}],"about":[{"href":"https:\/\/www.gold.fr\/news\/wp-json\/wp\/v2\/types\/post"}],"author":[{"embeddable":true,"href":"https:\/\/www.gold.fr\/news\/wp-json\/wp\/v2\/users\/18"}],"replies":[{"embeddable":true,"href":"https:\/\/www.gold.fr\/news\/wp-json\/wp\/v2\/comments?post=19035"}],"version-history":[{"count":0,"href":"https:\/\/www.gold.fr\/news\/wp-json\/wp\/v2\/posts\/19035\/revisions"}],"wp:featuredmedia":[{"embeddable":true,"href":"https:\/\/www.gold.fr\/news\/wp-json\/wp\/v2\/media\/2397"}],"wp:attachment":[{"href":"https:\/\/www.gold.fr\/news\/wp-json\/wp\/v2\/media?parent=19035"}],"wp:term":[{"taxonomy":"category","embeddable":true,"href":"https:\/\/www.gold.fr\/news\/wp-json\/wp\/v2\/categories?post=19035"},{"taxonomy":"post_tag","embeddable":true,"href":"https:\/\/www.gold.fr\/news\/wp-json\/wp\/v2\/tags?post=19035"},{"taxonomy":"author","embeddable":true,"href":"https:\/\/www.gold.fr\/news\/wp-json\/wp\/v2\/ppma_author?post=19035"}],"curies":[{"name":"wp","href":"https:\/\/api.w.org\/{rel}","templated":true}]}}