{"id":1903,"date":"2011-03-01T18:23:27","date_gmt":"2011-03-01T17:23:27","guid":{"rendered":"https:\/\/www.gold.fr\/informations-sur-l-or\/flash-infos\/prochaine-inauguration-dagence-en-vue-saint-maur-des-fosses"},"modified":"2021-12-17T14:49:43","modified_gmt":"2021-12-17T13:49:43","slug":"prochaine-inauguration-dagence-en-vue-saint-maur-des-fosses","status":"publish","type":"post","link":"https:\/\/www.gold.fr\/news\/2011\/03\/01\/prochaine-inauguration-dagence-en-vue-saint-maur-des-fosses\/","title":{"rendered":"Prochaine inauguration d&rsquo;agence en vue : Saint Maur des Foss\u00e9s"},"content":{"rendered":"Le Comptoir National de l'<a class=\"esk-seo-plu-link\" href=\"https:\/\/www.gold.fr\/news\/tags\/or\">Or<\/a> a d\u00e9cid\u00e9 de commencer par Saint Maur pour s'implanter en r\u00e9gion parisienne. L'agence d'achat d'<a class=\"esk-seo-plu-link\" href=\"https:\/\/www.gold.fr\/news\/tags\/or\">Or<\/a> de Saint Maur des Foss\u00e9s est maintenant situ\u00e9e au 65 boulevard de cr\u00e9teil, et propose comme toutes les agences du r\u00e9seau national, un service professionnel d'achat et de vente d'<a class=\"esk-seo-plu-link\" href=\"https:\/\/www.gold.fr\/news\/tags\/or\">Or<\/a>. C'est ensuite Paris qui verra naitre ses premi\u00e8res ouvertures d'agences avec notamment le 5\u00e8me arrondissement, puis l'est parisien. Nos services \u00e9tant tr\u00e8s appr\u00e9ci\u00e9s partout en France, il fallait que la Capitale soit dot\u00e9e des m\u00eames avantages. Ci dessus l'agence en plein travaux.","protected":false},"excerpt":{"rendered":"<p>Le Comptoir National de l&rsquo;Or a d&eacute;cid&eacute; de commencer par Saint Maur pour s&rsquo;implanter en r&eacute;gion parisienne. L&rsquo;agence d&rsquo;achat d&rsquo;Or de Saint Maur des Foss&eacute;s est maintenant situ&eacute;e au 65 boulevard de cr&eacute;teil, et propo&#8230;<\/p>\n","protected":false},"author":6,"featured_media":32401,"comment_status":"closed","ping_status":"closed","sticky":false,"template":"","format":"standard","meta":{"_mbp_gutenberg_autopost":false,"_pgmb_is_evergreen":false,"_pgmb_ap_template_id":0,"footnotes":""},"categories":[5],"tags":[1252,115,177],"ppma_author":[2567],"class_list":["post-1903","post","type-post","status-publish","format-standard","has-post-thumbnail","hentry","category-flash-infos","tag-agences","tag-comptoir-national-de-lor","tag-_saint-maur-des-fosses_footer_"],"yoast_head":"<!-- This site is optimized with the Yoast SEO plugin v27.5 - https:\/\/yoast.com\/product\/yoast-seo-wordpress\/ -->\n<title>Prochaine inauguration d&#039;agence en vue : Saint Maur des Foss\u00e9s - Gold.fr<\/title>\n<meta name=\"description\" content=\"Prochaine inauguration d\u2019agence en vue Saint Maur des Foss\u00e9s Maintenant situ\u00e9e au 65 boulevard de Cr\u00e9teil Achat Vente Or Bijoux\" \/>\n<meta name=\"robots\" content=\"index, follow, max-snippet:-1, max-image-preview:large, max-video-preview:-1\" \/>\n<link rel=\"canonical\" href=\"https:\/\/www.gold.fr\/news\/2011\/03\/01\/prochaine-inauguration-dagence-en-vue-saint-maur-des-fosses\/\" \/>\n<meta property=\"og:locale\" content=\"fr_FR\" \/>\n<meta property=\"og:type\" content=\"article\" \/>\n<meta property=\"og:title\" content=\"Prochaine inauguration d&#039;agence en vue : Saint Maur des Foss\u00e9s - Gold.fr\" \/>\n<meta property=\"og:description\" content=\"Prochaine inauguration d\u2019agence en vue Saint Maur des Foss\u00e9s Maintenant situ\u00e9e au 65 boulevard de Cr\u00e9teil Achat Vente Or Bijoux\" \/>\n<meta property=\"og:url\" content=\"https:\/\/www.gold.fr\/news\/2011\/03\/01\/prochaine-inauguration-dagence-en-vue-saint-maur-des-fosses\/\" \/>\n<meta property=\"og:site_name\" content=\"Gold.fr\" \/>\n<meta property=\"article:publisher\" content=\"https:\/\/www.facebook.com\/Goldfr\/\" \/>\n<meta property=\"article:published_time\" content=\"2011-03-01T17:23:27+00:00\" \/>\n<meta property=\"article:modified_time\" content=\"2021-12-17T13:49:43+00:00\" \/>\n<meta property=\"og:image\" content=\"https:\/\/www.gold.fr\/news\/wp-content\/uploads\/2016\/06\/229063530-jpg-1.jpg\" \/>\n\t<meta property=\"og:image:width\" content=\"640\" \/>\n\t<meta property=\"og:image:height\" content=\"371\" \/>\n\t<meta property=\"og:image:type\" content=\"image\/jpeg\" \/>\n<meta name=\"author\" content=\"Laurent Schwartz\" \/>\n<meta name=\"twitter:card\" content=\"summary_large_image\" \/>\n<meta name=\"twitter:label1\" content=\"\u00c9crit par\" \/>\n\t<meta name=\"twitter:data1\" content=\"Laurent Schwartz\" \/>\n\t<meta name=\"twitter:label2\" content=\"Dur\u00e9e de lecture estim\u00e9e\" \/>\n\t<meta name=\"twitter:data2\" content=\"1 minute\" \/>\n<script type=\"application\/ld+json\" class=\"yoast-schema-graph\">{\"@context\":\"https:\\\/\\\/schema.org\",\"@graph\":[{\"@type\":\"Article\",\"@id\":\"https:\\\/\\\/www.gold.fr\\\/news\\\/2011\\\/03\\\/01\\\/prochaine-inauguration-dagence-en-vue-saint-maur-des-fosses\\\/#article\",\"isPartOf\":{\"@id\":\"https:\\\/\\\/www.gold.fr\\\/news\\\/2011\\\/03\\\/01\\\/prochaine-inauguration-dagence-en-vue-saint-maur-des-fosses\\\/\"},\"author\":{\"name\":\"Laurent Schwartz\",\"@id\":\"https:\\\/\\\/www.gold.fr\\\/news\\\/#\\\/schema\\\/person\\\/4ed91d9a70d8f3a313c26e8308214fc2\"},\"headline\":\"Prochaine inauguration d&rsquo;agence en vue : Saint Maur des Foss\u00e9s\",\"datePublished\":\"2011-03-01T17:23:27+00:00\",\"dateModified\":\"2021-12-17T13:49:43+00:00\",\"mainEntityOfPage\":{\"@id\":\"https:\\\/\\\/www.gold.fr\\\/news\\\/2011\\\/03\\\/01\\\/prochaine-inauguration-dagence-en-vue-saint-maur-des-fosses\\\/\"},\"wordCount\":125,\"image\":{\"@id\":\"https:\\\/\\\/www.gold.fr\\\/news\\\/2011\\\/03\\\/01\\\/prochaine-inauguration-dagence-en-vue-saint-maur-des-fosses\\\/#primaryimage\"},\"thumbnailUrl\":\"https:\\\/\\\/www.gold.fr\\\/news\\\/wp-content\\\/uploads\\\/2016\\\/06\\\/229063530-jpg-1.jpg\",\"keywords\":[\"agences\",\"Comptoir National de l'Or\",\"_Saint Maur des Foss\u00e9s_Footer_\"],\"articleSection\":[\"Flash infos\"],\"inLanguage\":\"fr-FR\"},{\"@type\":\"WebPage\",\"@id\":\"https:\\\/\\\/www.gold.fr\\\/news\\\/2011\\\/03\\\/01\\\/prochaine-inauguration-dagence-en-vue-saint-maur-des-fosses\\\/\",\"url\":\"https:\\\/\\\/www.gold.fr\\\/news\\\/2011\\\/03\\\/01\\\/prochaine-inauguration-dagence-en-vue-saint-maur-des-fosses\\\/\",\"name\":\"Prochaine inauguration d'agence en vue : Saint Maur des Foss\u00e9s - Gold.fr\",\"isPartOf\":{\"@id\":\"https:\\\/\\\/www.gold.fr\\\/news\\\/#website\"},\"primaryImageOfPage\":{\"@id\":\"https:\\\/\\\/www.gold.fr\\\/news\\\/2011\\\/03\\\/01\\\/prochaine-inauguration-dagence-en-vue-saint-maur-des-fosses\\\/#primaryimage\"},\"image\":{\"@id\":\"https:\\\/\\\/www.gold.fr\\\/news\\\/2011\\\/03\\\/01\\\/prochaine-inauguration-dagence-en-vue-saint-maur-des-fosses\\\/#primaryimage\"},\"thumbnailUrl\":\"https:\\\/\\\/www.gold.fr\\\/news\\\/wp-content\\\/uploads\\\/2016\\\/06\\\/229063530-jpg-1.jpg\",\"datePublished\":\"2011-03-01T17:23:27+00:00\",\"dateModified\":\"2021-12-17T13:49:43+00:00\",\"author\":{\"@id\":\"https:\\\/\\\/www.gold.fr\\\/news\\\/#\\\/schema\\\/person\\\/4ed91d9a70d8f3a313c26e8308214fc2\"},\"description\":\"Prochaine inauguration d\u2019agence en vue Saint Maur des Foss\u00e9s Maintenant situ\u00e9e au 65 boulevard de Cr\u00e9teil Achat Vente Or Bijoux\",\"breadcrumb\":{\"@id\":\"https:\\\/\\\/www.gold.fr\\\/news\\\/2011\\\/03\\\/01\\\/prochaine-inauguration-dagence-en-vue-saint-maur-des-fosses\\\/#breadcrumb\"},\"inLanguage\":\"fr-FR\",\"potentialAction\":[{\"@type\":\"ReadAction\",\"target\":[\"https:\\\/\\\/www.gold.fr\\\/news\\\/2011\\\/03\\\/01\\\/prochaine-inauguration-dagence-en-vue-saint-maur-des-fosses\\\/\"]}]},{\"@type\":\"ImageObject\",\"inLanguage\":\"fr-FR\",\"@id\":\"https:\\\/\\\/www.gold.fr\\\/news\\\/2011\\\/03\\\/01\\\/prochaine-inauguration-dagence-en-vue-saint-maur-des-fosses\\\/#primaryimage\",\"url\":\"https:\\\/\\\/www.gold.fr\\\/news\\\/wp-content\\\/uploads\\\/2016\\\/06\\\/229063530-jpg-1.jpg\",\"contentUrl\":\"https:\\\/\\\/www.gold.fr\\\/news\\\/wp-content\\\/uploads\\\/2016\\\/06\\\/229063530-jpg-1.jpg\",\"width\":640,\"height\":371,\"caption\":\"Ru\u00e9e vers l'or en Mauritanie : Tour de vis du gouvernement\"},{\"@type\":\"BreadcrumbList\",\"@id\":\"https:\\\/\\\/www.gold.fr\\\/news\\\/2011\\\/03\\\/01\\\/prochaine-inauguration-dagence-en-vue-saint-maur-des-fosses\\\/#breadcrumb\",\"itemListElement\":[{\"@type\":\"ListItem\",\"position\":1,\"name\":\"Accueil\",\"item\":\"https:\\\/\\\/www.gold.fr\\\/\"},{\"@type\":\"ListItem\",\"position\":2,\"name\":\"Actualit\u00e9s\",\"item\":\"https:\\\/\\\/www.gold.fr\\\/news\\\/\"},{\"@type\":\"ListItem\",\"position\":3,\"name\":\"Prochaine inauguration d&rsquo;agence en vue : Saint Maur des Foss\u00e9s\"}]},{\"@type\":\"WebSite\",\"@id\":\"https:\\\/\\\/www.gold.fr\\\/news\\\/#website\",\"url\":\"https:\\\/\\\/www.gold.fr\\\/news\\\/\",\"name\":\"Gold.fr\",\"description\":\"Actualit\u00e9s de l&#039;Or et des m\u00e9taux pr\u00e9cieux\",\"potentialAction\":[{\"@type\":\"SearchAction\",\"target\":{\"@type\":\"EntryPoint\",\"urlTemplate\":\"https:\\\/\\\/www.gold.fr\\\/news\\\/?s={search_term_string}\"},\"query-input\":{\"@type\":\"PropertyValueSpecification\",\"valueRequired\":true,\"valueName\":\"search_term_string\"}}],\"inLanguage\":\"fr-FR\"},{\"@type\":\"Person\",\"@id\":\"https:\\\/\\\/www.gold.fr\\\/news\\\/#\\\/schema\\\/person\\\/4ed91d9a70d8f3a313c26e8308214fc2\",\"name\":\"Laurent Schwartz\",\"image\":{\"@type\":\"ImageObject\",\"inLanguage\":\"fr-FR\",\"@id\":\"https:\\\/\\\/secure.gravatar.com\\\/avatar\\\/1496f846049365121827f5470219486f1a95f83957cc8ca0a9595e40c185f5ee?s=96&d=mm&r=g76f0e87c9ba82a161860a0fc16990d85\",\"url\":\"https:\\\/\\\/secure.gravatar.com\\\/avatar\\\/1496f846049365121827f5470219486f1a95f83957cc8ca0a9595e40c185f5ee?s=96&d=mm&r=g\",\"contentUrl\":\"https:\\\/\\\/secure.gravatar.com\\\/avatar\\\/1496f846049365121827f5470219486f1a95f83957cc8ca0a9595e40c185f5ee?s=96&d=mm&r=g\",\"caption\":\"Laurent Schwartz\"},\"description\":\"Dipl\u00f4m\u00e9 de l\u2019EDHEC Business School en 2005, Laurent SCHWARTZ int\u00e8gre le cabinet d\u2019audit ERNST &amp; YOUNG en 2005 o\u00f9 il travaille pendant 4 ans. Parall\u00e8lement, il travaille au sein de l\u2019entreprise familiale cr\u00e9\u00e9e en 1976 \u00e0 Strasbourg. Fort de cette exp\u00e9rience et du savoir-faire d\u00e9velopp\u00e9 durant ces 40 derni\u00e8res ann\u00e9es, Laurent proc\u00e8de \u00e0 la refonte du site Internet Gold.fr d\u00e9di\u00e9 \u00e0 l\u2019achat d'or, vente d\u2019or (pi\u00e8ces, lingots, ...), achat or et argent,... qui conna\u00eetra un franc succ\u00e8s d\u00e8s son d\u00e9marrage en 2008. Il d\u00e9cide alors de d\u00e9velopper un r\u00e9seau de concessions exclusives: Le Comptoir National de l\u2019Or. Il assure d\u00e9sormais le pilotage strat\u00e9gique du 1er r\u00e9seau de France qui compte aujourd\u2019hui pas loin de 60 agences r\u00e9parties dans toute la France et depuis peu en Allemagne (Breisach). Le Comptoir National de l\u2019Or se positionne aujourd\u2019hui comme le leader incontournable sur le march\u00e9 de l\u2019Or et des m\u00e9taux pr\u00e9cieux en France.\",\"sameAs\":[\"https:\\\/\\\/www.gold.fr\",\"https:\\\/\\\/www.linkedin.com\\\/in\\\/acheteror\\\/\"]}]}<\/script>\n<!-- \/ Yoast SEO plugin. -->","yoast_head_json":{"title":"Prochaine inauguration d'agence en vue : Saint Maur des Foss\u00e9s - Gold.fr","description":"Prochaine inauguration d\u2019agence en vue Saint Maur des Foss\u00e9s Maintenant situ\u00e9e au 65 boulevard de Cr\u00e9teil Achat Vente Or Bijoux","robots":{"index":"index","follow":"follow","max-snippet":"max-snippet:-1","max-image-preview":"max-image-preview:large","max-video-preview":"max-video-preview:-1"},"canonical":"https:\/\/www.gold.fr\/news\/2011\/03\/01\/prochaine-inauguration-dagence-en-vue-saint-maur-des-fosses\/","og_locale":"fr_FR","og_type":"article","og_title":"Prochaine inauguration d'agence en vue : Saint Maur des Foss\u00e9s - Gold.fr","og_description":"Prochaine inauguration d\u2019agence en vue Saint Maur des Foss\u00e9s Maintenant situ\u00e9e au 65 boulevard de Cr\u00e9teil Achat Vente Or Bijoux","og_url":"https:\/\/www.gold.fr\/news\/2011\/03\/01\/prochaine-inauguration-dagence-en-vue-saint-maur-des-fosses\/","og_site_name":"Gold.fr","article_publisher":"https:\/\/www.facebook.com\/Goldfr\/","article_published_time":"2011-03-01T17:23:27+00:00","article_modified_time":"2021-12-17T13:49:43+00:00","og_image":[{"width":640,"height":371,"url":"https:\/\/www.gold.fr\/news\/wp-content\/uploads\/2016\/06\/229063530-jpg-1.jpg","type":"image\/jpeg"}],"author":"Laurent Schwartz","twitter_card":"summary_large_image","twitter_misc":{"\u00c9crit par":"Laurent Schwartz","Dur\u00e9e de lecture estim\u00e9e":"1 minute"},"schema":{"@context":"https:\/\/schema.org","@graph":[{"@type":"Article","@id":"https:\/\/www.gold.fr\/news\/2011\/03\/01\/prochaine-inauguration-dagence-en-vue-saint-maur-des-fosses\/#article","isPartOf":{"@id":"https:\/\/www.gold.fr\/news\/2011\/03\/01\/prochaine-inauguration-dagence-en-vue-saint-maur-des-fosses\/"},"author":{"name":"Laurent Schwartz","@id":"https:\/\/www.gold.fr\/news\/#\/schema\/person\/4ed91d9a70d8f3a313c26e8308214fc2"},"headline":"Prochaine inauguration d&rsquo;agence en vue : Saint Maur des Foss\u00e9s","datePublished":"2011-03-01T17:23:27+00:00","dateModified":"2021-12-17T13:49:43+00:00","mainEntityOfPage":{"@id":"https:\/\/www.gold.fr\/news\/2011\/03\/01\/prochaine-inauguration-dagence-en-vue-saint-maur-des-fosses\/"},"wordCount":125,"image":{"@id":"https:\/\/www.gold.fr\/news\/2011\/03\/01\/prochaine-inauguration-dagence-en-vue-saint-maur-des-fosses\/#primaryimage"},"thumbnailUrl":"https:\/\/www.gold.fr\/news\/wp-content\/uploads\/2016\/06\/229063530-jpg-1.jpg","keywords":["agences","Comptoir National de l'Or","_Saint Maur des Foss\u00e9s_Footer_"],"articleSection":["Flash infos"],"inLanguage":"fr-FR"},{"@type":"WebPage","@id":"https:\/\/www.gold.fr\/news\/2011\/03\/01\/prochaine-inauguration-dagence-en-vue-saint-maur-des-fosses\/","url":"https:\/\/www.gold.fr\/news\/2011\/03\/01\/prochaine-inauguration-dagence-en-vue-saint-maur-des-fosses\/","name":"Prochaine inauguration d'agence en vue : Saint Maur des Foss\u00e9s - Gold.fr","isPartOf":{"@id":"https:\/\/www.gold.fr\/news\/#website"},"primaryImageOfPage":{"@id":"https:\/\/www.gold.fr\/news\/2011\/03\/01\/prochaine-inauguration-dagence-en-vue-saint-maur-des-fosses\/#primaryimage"},"image":{"@id":"https:\/\/www.gold.fr\/news\/2011\/03\/01\/prochaine-inauguration-dagence-en-vue-saint-maur-des-fosses\/#primaryimage"},"thumbnailUrl":"https:\/\/www.gold.fr\/news\/wp-content\/uploads\/2016\/06\/229063530-jpg-1.jpg","datePublished":"2011-03-01T17:23:27+00:00","dateModified":"2021-12-17T13:49:43+00:00","author":{"@id":"https:\/\/www.gold.fr\/news\/#\/schema\/person\/4ed91d9a70d8f3a313c26e8308214fc2"},"description":"Prochaine inauguration d\u2019agence en vue Saint Maur des Foss\u00e9s Maintenant situ\u00e9e au 65 boulevard de Cr\u00e9teil Achat Vente Or Bijoux","breadcrumb":{"@id":"https:\/\/www.gold.fr\/news\/2011\/03\/01\/prochaine-inauguration-dagence-en-vue-saint-maur-des-fosses\/#breadcrumb"},"inLanguage":"fr-FR","potentialAction":[{"@type":"ReadAction","target":["https:\/\/www.gold.fr\/news\/2011\/03\/01\/prochaine-inauguration-dagence-en-vue-saint-maur-des-fosses\/"]}]},{"@type":"ImageObject","inLanguage":"fr-FR","@id":"https:\/\/www.gold.fr\/news\/2011\/03\/01\/prochaine-inauguration-dagence-en-vue-saint-maur-des-fosses\/#primaryimage","url":"https:\/\/www.gold.fr\/news\/wp-content\/uploads\/2016\/06\/229063530-jpg-1.jpg","contentUrl":"https:\/\/www.gold.fr\/news\/wp-content\/uploads\/2016\/06\/229063530-jpg-1.jpg","width":640,"height":371,"caption":"Ru\u00e9e vers l'or en Mauritanie : Tour de vis du gouvernement"},{"@type":"BreadcrumbList","@id":"https:\/\/www.gold.fr\/news\/2011\/03\/01\/prochaine-inauguration-dagence-en-vue-saint-maur-des-fosses\/#breadcrumb","itemListElement":[{"@type":"ListItem","position":1,"name":"Accueil","item":"https:\/\/www.gold.fr\/"},{"@type":"ListItem","position":2,"name":"Actualit\u00e9s","item":"https:\/\/www.gold.fr\/news\/"},{"@type":"ListItem","position":3,"name":"Prochaine inauguration d&rsquo;agence en vue : Saint Maur des Foss\u00e9s"}]},{"@type":"WebSite","@id":"https:\/\/www.gold.fr\/news\/#website","url":"https:\/\/www.gold.fr\/news\/","name":"Gold.fr","description":"Actualit\u00e9s de l&#039;Or et des m\u00e9taux pr\u00e9cieux","potentialAction":[{"@type":"SearchAction","target":{"@type":"EntryPoint","urlTemplate":"https:\/\/www.gold.fr\/news\/?s={search_term_string}"},"query-input":{"@type":"PropertyValueSpecification","valueRequired":true,"valueName":"search_term_string"}}],"inLanguage":"fr-FR"},{"@type":"Person","@id":"https:\/\/www.gold.fr\/news\/#\/schema\/person\/4ed91d9a70d8f3a313c26e8308214fc2","name":"Laurent Schwartz","image":{"@type":"ImageObject","inLanguage":"fr-FR","@id":"https:\/\/secure.gravatar.com\/avatar\/1496f846049365121827f5470219486f1a95f83957cc8ca0a9595e40c185f5ee?s=96&d=mm&r=g76f0e87c9ba82a161860a0fc16990d85","url":"https:\/\/secure.gravatar.com\/avatar\/1496f846049365121827f5470219486f1a95f83957cc8ca0a9595e40c185f5ee?s=96&d=mm&r=g","contentUrl":"https:\/\/secure.gravatar.com\/avatar\/1496f846049365121827f5470219486f1a95f83957cc8ca0a9595e40c185f5ee?s=96&d=mm&r=g","caption":"Laurent Schwartz"},"description":"Dipl\u00f4m\u00e9 de l\u2019EDHEC Business School en 2005, Laurent SCHWARTZ int\u00e8gre le cabinet d\u2019audit ERNST &amp; YOUNG en 2005 o\u00f9 il travaille pendant 4 ans. Parall\u00e8lement, il travaille au sein de l\u2019entreprise familiale cr\u00e9\u00e9e en 1976 \u00e0 Strasbourg. Fort de cette exp\u00e9rience et du savoir-faire d\u00e9velopp\u00e9 durant ces 40 derni\u00e8res ann\u00e9es, Laurent proc\u00e8de \u00e0 la refonte du site Internet Gold.fr d\u00e9di\u00e9 \u00e0 l\u2019achat d'or, vente d\u2019or (pi\u00e8ces, lingots, ...), achat or et argent,... qui conna\u00eetra un franc succ\u00e8s d\u00e8s son d\u00e9marrage en 2008. Il d\u00e9cide alors de d\u00e9velopper un r\u00e9seau de concessions exclusives: Le Comptoir National de l\u2019Or. Il assure d\u00e9sormais le pilotage strat\u00e9gique du 1er r\u00e9seau de France qui compte aujourd\u2019hui pas loin de 60 agences r\u00e9parties dans toute la France et depuis peu en Allemagne (Breisach). Le Comptoir National de l\u2019Or se positionne aujourd\u2019hui comme le leader incontournable sur le march\u00e9 de l\u2019Or et des m\u00e9taux pr\u00e9cieux en France.","sameAs":["https:\/\/www.gold.fr","https:\/\/www.linkedin.com\/in\/acheteror\/"]}]}},"authors":[{"term_id":2567,"user_id":6,"is_guest":0,"slug":"laurent","display_name":"Laurent Schwartz","avatar_url":"https:\/\/secure.gravatar.com\/avatar\/1496f846049365121827f5470219486f1a95f83957cc8ca0a9595e40c185f5ee?s=96&d=mm&r=g","0":null,"1":"","2":"","3":"","4":"","5":"","6":"","7":"","8":""}],"_links":{"self":[{"href":"https:\/\/www.gold.fr\/news\/wp-json\/wp\/v2\/posts\/1903","targetHints":{"allow":["GET"]}}],"collection":[{"href":"https:\/\/www.gold.fr\/news\/wp-json\/wp\/v2\/posts"}],"about":[{"href":"https:\/\/www.gold.fr\/news\/wp-json\/wp\/v2\/types\/post"}],"author":[{"embeddable":true,"href":"https:\/\/www.gold.fr\/news\/wp-json\/wp\/v2\/users\/6"}],"replies":[{"embeddable":true,"href":"https:\/\/www.gold.fr\/news\/wp-json\/wp\/v2\/comments?post=1903"}],"version-history":[{"count":0,"href":"https:\/\/www.gold.fr\/news\/wp-json\/wp\/v2\/posts\/1903\/revisions"}],"wp:featuredmedia":[{"embeddable":true,"href":"https:\/\/www.gold.fr\/news\/wp-json\/wp\/v2\/media\/32401"}],"wp:attachment":[{"href":"https:\/\/www.gold.fr\/news\/wp-json\/wp\/v2\/media?parent=1903"}],"wp:term":[{"taxonomy":"category","embeddable":true,"href":"https:\/\/www.gold.fr\/news\/wp-json\/wp\/v2\/categories?post=1903"},{"taxonomy":"post_tag","embeddable":true,"href":"https:\/\/www.gold.fr\/news\/wp-json\/wp\/v2\/tags?post=1903"},{"taxonomy":"author","embeddable":true,"href":"https:\/\/www.gold.fr\/news\/wp-json\/wp\/v2\/ppma_author?post=1903"}],"curies":[{"name":"wp","href":"https:\/\/api.w.org\/{rel}","templated":true}]}}