{"id":19028,"date":"2016-03-28T09:00:30","date_gmt":"2016-03-28T07:00:30","guid":{"rendered":"https:\/\/www.gold.fr\/news\/?p=19028"},"modified":"2018-06-25T14:33:17","modified_gmt":"2018-06-25T12:33:17","slug":"marches-une-journee-de-paques-sous-le-signe-du-calme","status":"publish","type":"post","link":"https:\/\/www.gold.fr\/news\/2016\/03\/28\/marches-une-journee-de-paques-sous-le-signe-du-calme\/","title":{"rendered":"March\u00e9s : Une journ\u00e9e de P\u00e2ques sous le signe du calme"},"content":{"rendered":"<p><span style=\"font-size: small;\"><img loading=\"lazy\" decoding=\"async\" class=\"alignleft wp-image-8085 size-thumbnail\" title=\"March\u00e9s : Une journ\u00e9e de P\u00e2ques sous le signe du calme\" src=\"https:\/\/www.gold.fr\/news\/wp-content\/uploads\/2012\/06\/demande-mondiale-150x150.jpg\" alt=\"March\u00e9s : Une journ\u00e9e de P\u00e2ques sous le signe du calme\" width=\"150\" height=\"150\" \/>Et c\u2019est un calme plat et g\u00e9n\u00e9ralis\u00e9, dans la mesure o\u00f9 l\u2019ensemble des march\u00e9s financiers demeureront ferm\u00e9s en cette journ\u00e9e de P\u00e2ques, \u00e0 la seule exception de <strong>Wall Street<\/strong>.<\/span> <span style=\"font-size: small;\">En attendant la reprise d\u2019une activit\u00e9 normalis\u00e9e, demain (mardi), le bilan tir\u00e9 de la fin de la semaine derni\u00e8re (et du long week-end de P\u00e2ques qui s\u2019en est suivi) tend essentiellement vers le rouge. <\/span>    <span style=\"font-size: small;\">La performance des indicateurs boursiers et \u00e9conomiques s\u2019est globalement affich\u00e9e en baisse plus ou moins importante, en fonction du march\u00e9 en question et de la rive de l\u2019atlantique concern\u00e9e.<\/span> <span style=\"font-size: small;\">Le march\u00e9 p\u00e9trolier, pour commencer, est en repli notable \u00e0 nouveau, et les analystes le d\u00e9clarent \u00ab <em>au bord d&rsquo;une correction plus marqu\u00e9e alors que les d\u00e9clarations de plusieurs responsables de la r\u00e9serve f\u00e9d\u00e9rale am\u00e9ricaine ont fait remonter le dollar cette semaine<\/em> \u00bb, selon <strong>Angus Nicholson<\/strong>, analyste de march\u00e9 chez IG. De son c\u00f4t\u00e9, <strong>Nour Al-Hammoury<\/strong>, strat\u00e8ge de march\u00e9 en chef chez <strong>ADS Securities<\/strong>, rappelle \u00e9galement les d\u00e9clarations de <strong>James Bullard<\/strong> (membre du <strong>FOMC<\/strong>) qui a affirm\u00e9 que le prochain meeting du comit\u00e9 de direction de la politique mon\u00e9taire de la <strong>FED<\/strong> (pr\u00e9vu pour le mois d\u2019avril) serait une opportunit\u00e9 propice \u00e0 un nouveau tour de vis de la strat\u00e9gie mon\u00e9taire de la maison, et notamment l\u2019occasion d\u2019un deuxi\u00e8me rel\u00e8vement de ses taux d\u2019int\u00e9r\u00eat, apr\u00e8s celui op\u00e9r\u00e9 au mois de d\u00e9cembre dernier.<\/span>    <span style=\"font-size: small;\">Ce sc\u00e9nario continue d\u2019ailleurs \u00e0 provoquer l\u2019inqui\u00e9tude des march\u00e9s et des op\u00e9rateurs am\u00e9ricains, \u00ab <em>d&rsquo;autant plus qu&rsquo;elle se combine avec des signes de fragilit\u00e9 de l&rsquo;\u00e9conomie am\u00e9ricaine, comme une baisse de 2,8% des commandes de biens durables le mois dernier<\/em> \u00bb.<\/span><\/p>\n<!-- AddThis Advanced Settings generic via filter on the_content --><!-- AddThis Share Buttons generic via filter on the_content -->","protected":false},"excerpt":{"rendered":"<p>Et c\u2019est un calme plat et g\u00e9n\u00e9ralis\u00e9, dans la mesure o\u00f9 l\u2019ensemble des march\u00e9s financiers demeureront ferm\u00e9s en cette journ\u00e9e de P\u00e2ques, \u00e0 la seule exception de Wall Street. En attendant la reprise d\u2019une activit\u00e9 normalis\u00e9e, [&hellip;]<\/p>\n","protected":false},"author":18,"featured_media":8085,"comment_status":"open","ping_status":"open","sticky":false,"template":"","format":"standard","meta":{"_mbp_gutenberg_autopost":false,"_pgmb_is_evergreen":false,"_pgmb_ap_template_id":0,"footnotes":""},"categories":[6],"tags":[144,1034,1649],"ppma_author":[2565],"class_list":["post-19028","post","type-post","status-publish","format-standard","has-post-thumbnail","hentry","category-articles-de-presse","tag-fed","tag-fomc","tag-marches"],"yoast_head":"<!-- This site is optimized with the Yoast SEO plugin v27.5 - https:\/\/yoast.com\/product\/yoast-seo-wordpress\/ -->\n<title>March\u00e9s : Une journ\u00e9e de P\u00e2ques sous le signe du calme - Gold.fr<\/title>\n<meta name=\"robots\" content=\"index, follow, max-snippet:-1, max-image-preview:large, max-video-preview:-1\" \/>\n<link rel=\"canonical\" href=\"https:\/\/www.gold.fr\/news\/2016\/03\/28\/marches-une-journee-de-paques-sous-le-signe-du-calme\/\" \/>\n<meta property=\"og:locale\" content=\"fr_FR\" \/>\n<meta property=\"og:type\" content=\"article\" \/>\n<meta property=\"og:title\" content=\"March\u00e9s : Une journ\u00e9e de P\u00e2ques sous le signe du calme - Gold.fr\" \/>\n<meta property=\"og:description\" content=\"Et c\u2019est un calme plat et g\u00e9n\u00e9ralis\u00e9, dans la mesure o\u00f9 l\u2019ensemble des march\u00e9s financiers demeureront ferm\u00e9s en cette journ\u00e9e de P\u00e2ques, \u00e0 la seule exception de Wall Street. En attendant la reprise d\u2019une activit\u00e9 normalis\u00e9e, [&hellip;]\" \/>\n<meta property=\"og:url\" content=\"https:\/\/www.gold.fr\/news\/2016\/03\/28\/marches-une-journee-de-paques-sous-le-signe-du-calme\/\" \/>\n<meta property=\"og:site_name\" content=\"Gold.fr\" \/>\n<meta property=\"article:publisher\" content=\"https:\/\/www.facebook.com\/Goldfr\/\" \/>\n<meta property=\"article:published_time\" content=\"2016-03-28T07:00:30+00:00\" \/>\n<meta property=\"article:modified_time\" content=\"2018-06-25T12:33:17+00:00\" \/>\n<meta property=\"og:image\" content=\"https:\/\/www.gold.fr\/news\/wp-content\/uploads\/2012\/06\/demande-mondiale.jpg\" \/>\n\t<meta property=\"og:image:width\" content=\"600\" \/>\n\t<meta property=\"og:image:height\" content=\"400\" \/>\n\t<meta property=\"og:image:type\" content=\"image\/jpeg\" \/>\n<meta name=\"author\" content=\"Comptoir National de l&#039;Or\" \/>\n<meta name=\"twitter:card\" content=\"summary_large_image\" \/>\n<meta name=\"twitter:label1\" content=\"\u00c9crit par\" \/>\n\t<meta name=\"twitter:data1\" content=\"Comptoir National de l&#039;Or\" \/>\n\t<meta name=\"twitter:label2\" content=\"Dur\u00e9e de lecture estim\u00e9e\" \/>\n\t<meta name=\"twitter:data2\" content=\"2 minutes\" \/>\n<script type=\"application\/ld+json\" class=\"yoast-schema-graph\">{\"@context\":\"https:\\\/\\\/schema.org\",\"@graph\":[{\"@type\":\"Article\",\"@id\":\"https:\\\/\\\/www.gold.fr\\\/news\\\/2016\\\/03\\\/28\\\/marches-une-journee-de-paques-sous-le-signe-du-calme\\\/#article\",\"isPartOf\":{\"@id\":\"https:\\\/\\\/www.gold.fr\\\/news\\\/2016\\\/03\\\/28\\\/marches-une-journee-de-paques-sous-le-signe-du-calme\\\/\"},\"author\":{\"name\":\"Comptoir National de l'Or\",\"@id\":\"https:\\\/\\\/www.gold.fr\\\/news\\\/#\\\/schema\\\/person\\\/070491b4b4fb7671bf59b3be20302ce9\"},\"headline\":\"March\u00e9s : Une journ\u00e9e de P\u00e2ques sous le signe du calme\",\"datePublished\":\"2016-03-28T07:00:30+00:00\",\"dateModified\":\"2018-06-25T12:33:17+00:00\",\"mainEntityOfPage\":{\"@id\":\"https:\\\/\\\/www.gold.fr\\\/news\\\/2016\\\/03\\\/28\\\/marches-une-journee-de-paques-sous-le-signe-du-calme\\\/\"},\"wordCount\":324,\"commentCount\":0,\"image\":{\"@id\":\"https:\\\/\\\/www.gold.fr\\\/news\\\/2016\\\/03\\\/28\\\/marches-une-journee-de-paques-sous-le-signe-du-calme\\\/#primaryimage\"},\"thumbnailUrl\":\"https:\\\/\\\/www.gold.fr\\\/news\\\/wp-content\\\/uploads\\\/2012\\\/06\\\/demande-mondiale.jpg\",\"keywords\":[\"fed\",\"FOMC\",\"march\u00e9s\"],\"articleSection\":[\"Articles de presse\"],\"inLanguage\":\"fr-FR\"},{\"@type\":\"WebPage\",\"@id\":\"https:\\\/\\\/www.gold.fr\\\/news\\\/2016\\\/03\\\/28\\\/marches-une-journee-de-paques-sous-le-signe-du-calme\\\/\",\"url\":\"https:\\\/\\\/www.gold.fr\\\/news\\\/2016\\\/03\\\/28\\\/marches-une-journee-de-paques-sous-le-signe-du-calme\\\/\",\"name\":\"March\u00e9s : Une journ\u00e9e de P\u00e2ques sous le signe du calme - Gold.fr\",\"isPartOf\":{\"@id\":\"https:\\\/\\\/www.gold.fr\\\/news\\\/#website\"},\"primaryImageOfPage\":{\"@id\":\"https:\\\/\\\/www.gold.fr\\\/news\\\/2016\\\/03\\\/28\\\/marches-une-journee-de-paques-sous-le-signe-du-calme\\\/#primaryimage\"},\"image\":{\"@id\":\"https:\\\/\\\/www.gold.fr\\\/news\\\/2016\\\/03\\\/28\\\/marches-une-journee-de-paques-sous-le-signe-du-calme\\\/#primaryimage\"},\"thumbnailUrl\":\"https:\\\/\\\/www.gold.fr\\\/news\\\/wp-content\\\/uploads\\\/2012\\\/06\\\/demande-mondiale.jpg\",\"datePublished\":\"2016-03-28T07:00:30+00:00\",\"dateModified\":\"2018-06-25T12:33:17+00:00\",\"author\":{\"@id\":\"https:\\\/\\\/www.gold.fr\\\/news\\\/#\\\/schema\\\/person\\\/070491b4b4fb7671bf59b3be20302ce9\"},\"breadcrumb\":{\"@id\":\"https:\\\/\\\/www.gold.fr\\\/news\\\/2016\\\/03\\\/28\\\/marches-une-journee-de-paques-sous-le-signe-du-calme\\\/#breadcrumb\"},\"inLanguage\":\"fr-FR\",\"potentialAction\":[{\"@type\":\"ReadAction\",\"target\":[\"https:\\\/\\\/www.gold.fr\\\/news\\\/2016\\\/03\\\/28\\\/marches-une-journee-de-paques-sous-le-signe-du-calme\\\/\"]}]},{\"@type\":\"ImageObject\",\"inLanguage\":\"fr-FR\",\"@id\":\"https:\\\/\\\/www.gold.fr\\\/news\\\/2016\\\/03\\\/28\\\/marches-une-journee-de-paques-sous-le-signe-du-calme\\\/#primaryimage\",\"url\":\"https:\\\/\\\/www.gold.fr\\\/news\\\/wp-content\\\/uploads\\\/2012\\\/06\\\/demande-mondiale.jpg\",\"contentUrl\":\"https:\\\/\\\/www.gold.fr\\\/news\\\/wp-content\\\/uploads\\\/2012\\\/06\\\/demande-mondiale.jpg\",\"width\":\"600\",\"height\":\"400\",\"caption\":\"March\u00e9s : Forte stagnation des indices US\"},{\"@type\":\"BreadcrumbList\",\"@id\":\"https:\\\/\\\/www.gold.fr\\\/news\\\/2016\\\/03\\\/28\\\/marches-une-journee-de-paques-sous-le-signe-du-calme\\\/#breadcrumb\",\"itemListElement\":[{\"@type\":\"ListItem\",\"position\":1,\"name\":\"Accueil\",\"item\":\"https:\\\/\\\/www.gold.fr\\\/\"},{\"@type\":\"ListItem\",\"position\":2,\"name\":\"Actualit\u00e9s\",\"item\":\"https:\\\/\\\/www.gold.fr\\\/news\\\/\"},{\"@type\":\"ListItem\",\"position\":3,\"name\":\"March\u00e9s : Une journ\u00e9e de P\u00e2ques sous le signe du calme\"}]},{\"@type\":\"WebSite\",\"@id\":\"https:\\\/\\\/www.gold.fr\\\/news\\\/#website\",\"url\":\"https:\\\/\\\/www.gold.fr\\\/news\\\/\",\"name\":\"Gold.fr\",\"description\":\"Actualit\u00e9s de l&#039;Or et des m\u00e9taux pr\u00e9cieux\",\"potentialAction\":[{\"@type\":\"SearchAction\",\"target\":{\"@type\":\"EntryPoint\",\"urlTemplate\":\"https:\\\/\\\/www.gold.fr\\\/news\\\/?s={search_term_string}\"},\"query-input\":{\"@type\":\"PropertyValueSpecification\",\"valueRequired\":true,\"valueName\":\"search_term_string\"}}],\"inLanguage\":\"fr-FR\"},{\"@type\":\"Person\",\"@id\":\"https:\\\/\\\/www.gold.fr\\\/news\\\/#\\\/schema\\\/person\\\/070491b4b4fb7671bf59b3be20302ce9\",\"name\":\"Comptoir National de l'Or\",\"image\":{\"@type\":\"ImageObject\",\"inLanguage\":\"fr-FR\",\"@id\":\"https:\\\/\\\/secure.gravatar.com\\\/avatar\\\/0a2867fd5abe37bed95d5a65e9d58f01756e11efc68af9888dfc50cfa7f65948?s=96&d=mm&r=gb490554db0a38188709de567aa58480d\",\"url\":\"https:\\\/\\\/secure.gravatar.com\\\/avatar\\\/0a2867fd5abe37bed95d5a65e9d58f01756e11efc68af9888dfc50cfa7f65948?s=96&d=mm&r=g\",\"contentUrl\":\"https:\\\/\\\/secure.gravatar.com\\\/avatar\\\/0a2867fd5abe37bed95d5a65e9d58f01756e11efc68af9888dfc50cfa7f65948?s=96&d=mm&r=g\",\"caption\":\"Comptoir National de l'Or\"},\"description\":\"Notre r\u00e9daction est constitu\u00e9e de membres experts dans les m\u00e9tiers de l'\u00e9conomie et la gestion, des Responsables d'agence Comptoir National de l'Or, des analystes financiers qui publient r\u00e9guli\u00e8rement des \u00e9tudes sur les politiques des banques centrales, le cours de l'or, prix de l'or, cours de l'argent, prix de l'argent, cours du platine, cours du palladium,... la situation en zone euro et l'impact de la strat\u00e9gie mon\u00e9taire de la FED. Notre \u00e9quipe scrute \u00e9galement une information plus g\u00e9n\u00e9raliste \u00e0 la recherche d'actualit\u00e9 \\\"p\u00e9pite\\\" \u00e0 vous partager. Depuis 5 ans, nous avons publi\u00e9 un peu plus de 4000 articles qui s'adressent \u00e0 un public large et vari\u00e9 ayant pour objectif de satisfaire votre curiosit\u00e9 et de partager avec vous une certaine fascination pour le m\u00e9tal jaune, le rachat d'or, et pour ceux qui veulent investir dans l'or, vendre leur or tout simplement en savoir plus... Pour tous vos achat or et argent, n'h\u00e9sitez pas \u00e0 prendre rendez-vous dans l'un de nos nombreux comptoirs.\",\"sameAs\":[\"https:\\\/\\\/www.gold.fr\"]}]}<\/script>\n<!-- \/ Yoast SEO plugin. -->","yoast_head_json":{"title":"March\u00e9s : Une journ\u00e9e de P\u00e2ques sous le signe du calme - Gold.fr","robots":{"index":"index","follow":"follow","max-snippet":"max-snippet:-1","max-image-preview":"max-image-preview:large","max-video-preview":"max-video-preview:-1"},"canonical":"https:\/\/www.gold.fr\/news\/2016\/03\/28\/marches-une-journee-de-paques-sous-le-signe-du-calme\/","og_locale":"fr_FR","og_type":"article","og_title":"March\u00e9s : Une journ\u00e9e de P\u00e2ques sous le signe du calme - Gold.fr","og_description":"Et c\u2019est un calme plat et g\u00e9n\u00e9ralis\u00e9, dans la mesure o\u00f9 l\u2019ensemble des march\u00e9s financiers demeureront ferm\u00e9s en cette journ\u00e9e de P\u00e2ques, \u00e0 la seule exception de Wall Street. En attendant la reprise d\u2019une activit\u00e9 normalis\u00e9e, [&hellip;]","og_url":"https:\/\/www.gold.fr\/news\/2016\/03\/28\/marches-une-journee-de-paques-sous-le-signe-du-calme\/","og_site_name":"Gold.fr","article_publisher":"https:\/\/www.facebook.com\/Goldfr\/","article_published_time":"2016-03-28T07:00:30+00:00","article_modified_time":"2018-06-25T12:33:17+00:00","og_image":[{"width":600,"height":400,"url":"https:\/\/www.gold.fr\/news\/wp-content\/uploads\/2012\/06\/demande-mondiale.jpg","type":"image\/jpeg"}],"author":"Comptoir National de l'Or","twitter_card":"summary_large_image","twitter_misc":{"\u00c9crit par":"Comptoir National de l'Or","Dur\u00e9e de lecture estim\u00e9e":"2 minutes"},"schema":{"@context":"https:\/\/schema.org","@graph":[{"@type":"Article","@id":"https:\/\/www.gold.fr\/news\/2016\/03\/28\/marches-une-journee-de-paques-sous-le-signe-du-calme\/#article","isPartOf":{"@id":"https:\/\/www.gold.fr\/news\/2016\/03\/28\/marches-une-journee-de-paques-sous-le-signe-du-calme\/"},"author":{"name":"Comptoir National de l'Or","@id":"https:\/\/www.gold.fr\/news\/#\/schema\/person\/070491b4b4fb7671bf59b3be20302ce9"},"headline":"March\u00e9s : Une journ\u00e9e de P\u00e2ques sous le signe du calme","datePublished":"2016-03-28T07:00:30+00:00","dateModified":"2018-06-25T12:33:17+00:00","mainEntityOfPage":{"@id":"https:\/\/www.gold.fr\/news\/2016\/03\/28\/marches-une-journee-de-paques-sous-le-signe-du-calme\/"},"wordCount":324,"commentCount":0,"image":{"@id":"https:\/\/www.gold.fr\/news\/2016\/03\/28\/marches-une-journee-de-paques-sous-le-signe-du-calme\/#primaryimage"},"thumbnailUrl":"https:\/\/www.gold.fr\/news\/wp-content\/uploads\/2012\/06\/demande-mondiale.jpg","keywords":["fed","FOMC","march\u00e9s"],"articleSection":["Articles de presse"],"inLanguage":"fr-FR"},{"@type":"WebPage","@id":"https:\/\/www.gold.fr\/news\/2016\/03\/28\/marches-une-journee-de-paques-sous-le-signe-du-calme\/","url":"https:\/\/www.gold.fr\/news\/2016\/03\/28\/marches-une-journee-de-paques-sous-le-signe-du-calme\/","name":"March\u00e9s : Une journ\u00e9e de P\u00e2ques sous le signe du calme - Gold.fr","isPartOf":{"@id":"https:\/\/www.gold.fr\/news\/#website"},"primaryImageOfPage":{"@id":"https:\/\/www.gold.fr\/news\/2016\/03\/28\/marches-une-journee-de-paques-sous-le-signe-du-calme\/#primaryimage"},"image":{"@id":"https:\/\/www.gold.fr\/news\/2016\/03\/28\/marches-une-journee-de-paques-sous-le-signe-du-calme\/#primaryimage"},"thumbnailUrl":"https:\/\/www.gold.fr\/news\/wp-content\/uploads\/2012\/06\/demande-mondiale.jpg","datePublished":"2016-03-28T07:00:30+00:00","dateModified":"2018-06-25T12:33:17+00:00","author":{"@id":"https:\/\/www.gold.fr\/news\/#\/schema\/person\/070491b4b4fb7671bf59b3be20302ce9"},"breadcrumb":{"@id":"https:\/\/www.gold.fr\/news\/2016\/03\/28\/marches-une-journee-de-paques-sous-le-signe-du-calme\/#breadcrumb"},"inLanguage":"fr-FR","potentialAction":[{"@type":"ReadAction","target":["https:\/\/www.gold.fr\/news\/2016\/03\/28\/marches-une-journee-de-paques-sous-le-signe-du-calme\/"]}]},{"@type":"ImageObject","inLanguage":"fr-FR","@id":"https:\/\/www.gold.fr\/news\/2016\/03\/28\/marches-une-journee-de-paques-sous-le-signe-du-calme\/#primaryimage","url":"https:\/\/www.gold.fr\/news\/wp-content\/uploads\/2012\/06\/demande-mondiale.jpg","contentUrl":"https:\/\/www.gold.fr\/news\/wp-content\/uploads\/2012\/06\/demande-mondiale.jpg","width":"600","height":"400","caption":"March\u00e9s : Forte stagnation des indices US"},{"@type":"BreadcrumbList","@id":"https:\/\/www.gold.fr\/news\/2016\/03\/28\/marches-une-journee-de-paques-sous-le-signe-du-calme\/#breadcrumb","itemListElement":[{"@type":"ListItem","position":1,"name":"Accueil","item":"https:\/\/www.gold.fr\/"},{"@type":"ListItem","position":2,"name":"Actualit\u00e9s","item":"https:\/\/www.gold.fr\/news\/"},{"@type":"ListItem","position":3,"name":"March\u00e9s : Une journ\u00e9e de P\u00e2ques sous le signe du calme"}]},{"@type":"WebSite","@id":"https:\/\/www.gold.fr\/news\/#website","url":"https:\/\/www.gold.fr\/news\/","name":"Gold.fr","description":"Actualit\u00e9s de l&#039;Or et des m\u00e9taux pr\u00e9cieux","potentialAction":[{"@type":"SearchAction","target":{"@type":"EntryPoint","urlTemplate":"https:\/\/www.gold.fr\/news\/?s={search_term_string}"},"query-input":{"@type":"PropertyValueSpecification","valueRequired":true,"valueName":"search_term_string"}}],"inLanguage":"fr-FR"},{"@type":"Person","@id":"https:\/\/www.gold.fr\/news\/#\/schema\/person\/070491b4b4fb7671bf59b3be20302ce9","name":"Comptoir National de l'Or","image":{"@type":"ImageObject","inLanguage":"fr-FR","@id":"https:\/\/secure.gravatar.com\/avatar\/0a2867fd5abe37bed95d5a65e9d58f01756e11efc68af9888dfc50cfa7f65948?s=96&d=mm&r=gb490554db0a38188709de567aa58480d","url":"https:\/\/secure.gravatar.com\/avatar\/0a2867fd5abe37bed95d5a65e9d58f01756e11efc68af9888dfc50cfa7f65948?s=96&d=mm&r=g","contentUrl":"https:\/\/secure.gravatar.com\/avatar\/0a2867fd5abe37bed95d5a65e9d58f01756e11efc68af9888dfc50cfa7f65948?s=96&d=mm&r=g","caption":"Comptoir National de l'Or"},"description":"Notre r\u00e9daction est constitu\u00e9e de membres experts dans les m\u00e9tiers de l'\u00e9conomie et la gestion, des Responsables d'agence Comptoir National de l'Or, des analystes financiers qui publient r\u00e9guli\u00e8rement des \u00e9tudes sur les politiques des banques centrales, le cours de l'or, prix de l'or, cours de l'argent, prix de l'argent, cours du platine, cours du palladium,... la situation en zone euro et l'impact de la strat\u00e9gie mon\u00e9taire de la FED. Notre \u00e9quipe scrute \u00e9galement une information plus g\u00e9n\u00e9raliste \u00e0 la recherche d'actualit\u00e9 \"p\u00e9pite\" \u00e0 vous partager. Depuis 5 ans, nous avons publi\u00e9 un peu plus de 4000 articles qui s'adressent \u00e0 un public large et vari\u00e9 ayant pour objectif de satisfaire votre curiosit\u00e9 et de partager avec vous une certaine fascination pour le m\u00e9tal jaune, le rachat d'or, et pour ceux qui veulent investir dans l'or, vendre leur or tout simplement en savoir plus... Pour tous vos achat or et argent, n'h\u00e9sitez pas \u00e0 prendre rendez-vous dans l'un de nos nombreux comptoirs.","sameAs":["https:\/\/www.gold.fr"]}]}},"authors":[{"term_id":2565,"user_id":18,"is_guest":0,"slug":"julie","display_name":"Comptoir National de l'Or","avatar_url":"https:\/\/secure.gravatar.com\/avatar\/713f289e398d35ead876c4a4cc08607f0d6d266058cfc25683fffb6092d0e572?s=96&d=mm&r=g","0":null,"1":"","2":"","3":"","4":"","5":"","6":"","7":"","8":""}],"_links":{"self":[{"href":"https:\/\/www.gold.fr\/news\/wp-json\/wp\/v2\/posts\/19028","targetHints":{"allow":["GET"]}}],"collection":[{"href":"https:\/\/www.gold.fr\/news\/wp-json\/wp\/v2\/posts"}],"about":[{"href":"https:\/\/www.gold.fr\/news\/wp-json\/wp\/v2\/types\/post"}],"author":[{"embeddable":true,"href":"https:\/\/www.gold.fr\/news\/wp-json\/wp\/v2\/users\/18"}],"replies":[{"embeddable":true,"href":"https:\/\/www.gold.fr\/news\/wp-json\/wp\/v2\/comments?post=19028"}],"version-history":[{"count":0,"href":"https:\/\/www.gold.fr\/news\/wp-json\/wp\/v2\/posts\/19028\/revisions"}],"wp:featuredmedia":[{"embeddable":true,"href":"https:\/\/www.gold.fr\/news\/wp-json\/wp\/v2\/media\/8085"}],"wp:attachment":[{"href":"https:\/\/www.gold.fr\/news\/wp-json\/wp\/v2\/media?parent=19028"}],"wp:term":[{"taxonomy":"category","embeddable":true,"href":"https:\/\/www.gold.fr\/news\/wp-json\/wp\/v2\/categories?post=19028"},{"taxonomy":"post_tag","embeddable":true,"href":"https:\/\/www.gold.fr\/news\/wp-json\/wp\/v2\/tags?post=19028"},{"taxonomy":"author","embeddable":true,"href":"https:\/\/www.gold.fr\/news\/wp-json\/wp\/v2\/ppma_author?post=19028"}],"curies":[{"name":"wp","href":"https:\/\/api.w.org\/{rel}","templated":true}]}}