{"id":19026,"date":"2016-03-25T17:00:31","date_gmt":"2016-03-25T16:00:31","guid":{"rendered":"https:\/\/www.gold.fr\/news\/?p=19026"},"modified":"2018-03-19T11:26:50","modified_gmt":"2018-03-19T10:26:50","slug":"marches-stabilisation-a-la-veille-de-paques","status":"publish","type":"post","link":"https:\/\/www.gold.fr\/news\/2016\/03\/25\/marches-stabilisation-a-la-veille-de-paques\/","title":{"rendered":"March\u00e9s : Stabilisation \u00e0 la veille de P\u00e2ques"},"content":{"rendered":"<p><span style=\"font-size: small;\"><img loading=\"lazy\" decoding=\"async\" class=\"alignleft wp-image-8430 size-thumbnail\" title=\"March\u00e9s : Stabilisation \u00e0 la veille de P\u00e2ques\" src=\"https:\/\/www.gold.fr\/news\/wp-content\/uploads\/2012\/07\/europe-or-150x150.jpg\" alt=\"March\u00e9s : Stabilisation \u00e0 la veille de P\u00e2ques\" width=\"150\" height=\"150\" \/>Les march\u00e9s europ\u00e9ens sont ferm\u00e9s aujourd&rsquo;hui, dans la lign\u00e9e de l&rsquo;ensemble de la quasi-totalit\u00e9 des march\u00e9s boursiers internationaux qui f\u00eatent ainsi le jour du vendredi saint, avant de c\u00e9l\u00e9brer, lundi, le jour de P\u00e2ques.<\/span><\/p>\n<p><span style=\"font-size: small;\"> Dans l&rsquo;ensemble, la <a class=\"esk-seo-plu-link\" href=\"https:\/\/www.gold.fr\/news\/tags\/investissement\">tendance<\/a> g\u00e9n\u00e9rale penche vers un retour du calme, dans la zone euro, \u00e0 l&rsquo;image surtout de l&rsquo;indicateur avanc\u00e9 composite de la zone qui s&rsquo;est stabilis\u00e9, annon\u00e7ant, selon les observateurs, un retour en force de l&rsquo;app\u00e9tit pour l&rsquo;<a class=\"esk-seo-plu-link\" href=\"https:\/\/www.gold.fr\/news\/tags\/investissement\">investissement<\/a>.<\/span> <span style=\"font-size: small;\">Les experts estiment \u00e0 ce propos que les march\u00e9s boursiers (notamment europ\u00e9ens) ont de solides raisons de repartir vers la hausse, en d\u00e9pit des \u00e9v\u00e9nements tragiques qui ont r\u00e9cemment frapp\u00e9 la Belgique. <\/span><\/p>\n<p><span style=\"font-size: small;\">Rappelons en effet que la banque centrale europ\u00e9enne a r\u00e9cemment us\u00e9 de bon nombre d&rsquo;outils pour renforcer son r\u00f4le de pilier des march\u00e9s, avec un \u00ab <em>abaissement du taux d&rsquo;int\u00e9r\u00eat de la facilit\u00e9 de d\u00e9p\u00f4t de 10 points de base, \u00e0 -0,4%, de celui des op\u00e9rations principales de refinancement de 5 points de base \u00e0 0% et de celui de la facilit\u00e9 de pr\u00eat marginal de 5 points de base \u00e0 0,25%<\/em> \u00bb. Sans compter le boost donn\u00e9 au volume des injections mon\u00e9taires mensuelles qui sont pass\u00e9es de <strong>60 milliards d&rsquo;<a class=\"esk-seo-plu-link\" href=\"https:\/\/www.gold.fr\/news\/tags\/investissement\">euros<\/a><\/strong> \u00e0 <strong>80 milliards d&rsquo;<a class=\"esk-seo-plu-link\" href=\"https:\/\/www.gold.fr\/news\/tags\/investissement\">euros<\/a><\/strong>.<\/span><\/p>\n<p><span style=\"font-size: small;\">Bien que le discours de <strong>Mario Draghi<\/strong>, pr\u00e9sident de la banque centrale europ\u00e9enne ait relativement d\u00e9\u00e7u les march\u00e9s, au moment de la derni\u00e8re r\u00e9union de son conseil des gouverneurs, ces mesures (prises le 10 mars dernier) ont r\u00e9ussi \u00e0 rassurer les march\u00e9s, en d\u00e9pit de l&rsquo;opposition allemande \u00e0 l&rsquo;adoption de ces dispositifs accommodants.<\/span><\/p>\n<!-- AddThis Advanced Settings generic via filter on the_content --><!-- AddThis Share Buttons generic via filter on the_content -->","protected":false},"excerpt":{"rendered":"<p>Les march\u00e9s europ\u00e9ens sont ferm\u00e9s aujourd&rsquo;hui, dans la lign\u00e9e de l&rsquo;ensemble de la quasi-totalit\u00e9 des march\u00e9s boursiers internationaux qui f\u00eatent ainsi le jour du vendredi saint, avant de c\u00e9l\u00e9brer, lundi, le jour de P\u00e2ques. Dans l&rsquo;ensemble, [&hellip;]<\/p>\n","protected":false},"author":18,"featured_media":8430,"comment_status":"open","ping_status":"open","sticky":false,"template":"","format":"standard","meta":{"_mbp_gutenberg_autopost":false,"_pgmb_is_evergreen":false,"_pgmb_ap_template_id":0,"footnotes":""},"categories":[6],"tags":[1188,105,1828],"ppma_author":[2565],"class_list":["post-19026","post","type-post","status-publish","format-standard","has-post-thumbnail","hentry","category-articles-de-presse","tag-bourse","tag-marche","tag-paques"],"yoast_head":"<!-- This site is optimized with the Yoast SEO plugin v27.5 - https:\/\/yoast.com\/product\/yoast-seo-wordpress\/ -->\n<title>March\u00e9s : Stabilisation \u00e0 la veille de P\u00e2ques - Gold.fr<\/title>\n<meta name=\"robots\" content=\"index, follow, max-snippet:-1, max-image-preview:large, max-video-preview:-1\" \/>\n<link rel=\"canonical\" href=\"https:\/\/www.gold.fr\/news\/2016\/03\/25\/marches-stabilisation-a-la-veille-de-paques\/\" \/>\n<meta property=\"og:locale\" content=\"fr_FR\" \/>\n<meta property=\"og:type\" content=\"article\" \/>\n<meta property=\"og:title\" content=\"March\u00e9s : Stabilisation \u00e0 la veille de P\u00e2ques - Gold.fr\" \/>\n<meta property=\"og:description\" content=\"Les march\u00e9s europ\u00e9ens sont ferm\u00e9s aujourd&rsquo;hui, dans la lign\u00e9e de l&rsquo;ensemble de la quasi-totalit\u00e9 des march\u00e9s boursiers internationaux qui f\u00eatent ainsi le jour du vendredi saint, avant de c\u00e9l\u00e9brer, lundi, le jour de P\u00e2ques. Dans l&rsquo;ensemble, [&hellip;]\" \/>\n<meta property=\"og:url\" content=\"https:\/\/www.gold.fr\/news\/2016\/03\/25\/marches-stabilisation-a-la-veille-de-paques\/\" \/>\n<meta property=\"og:site_name\" content=\"Gold.fr\" \/>\n<meta property=\"article:publisher\" content=\"https:\/\/www.facebook.com\/Goldfr\/\" \/>\n<meta property=\"article:published_time\" content=\"2016-03-25T16:00:31+00:00\" \/>\n<meta property=\"article:modified_time\" content=\"2018-03-19T10:26:50+00:00\" \/>\n<meta property=\"og:image\" content=\"https:\/\/www.gold.fr\/news\/wp-content\/uploads\/2012\/07\/europe-or.jpg\" \/>\n\t<meta property=\"og:image:width\" content=\"600\" \/>\n\t<meta property=\"og:image:height\" content=\"468\" \/>\n\t<meta property=\"og:image:type\" content=\"image\/jpeg\" \/>\n<meta name=\"author\" content=\"Comptoir National de l&#039;Or\" \/>\n<meta name=\"twitter:card\" content=\"summary_large_image\" \/>\n<meta name=\"twitter:label1\" content=\"\u00c9crit par\" \/>\n\t<meta name=\"twitter:data1\" content=\"Comptoir National de l&#039;Or\" \/>\n\t<meta name=\"twitter:label2\" content=\"Dur\u00e9e de lecture estim\u00e9e\" \/>\n\t<meta name=\"twitter:data2\" content=\"1 minute\" \/>\n<script type=\"application\/ld+json\" class=\"yoast-schema-graph\">{\"@context\":\"https:\\\/\\\/schema.org\",\"@graph\":[{\"@type\":\"Article\",\"@id\":\"https:\\\/\\\/www.gold.fr\\\/news\\\/2016\\\/03\\\/25\\\/marches-stabilisation-a-la-veille-de-paques\\\/#article\",\"isPartOf\":{\"@id\":\"https:\\\/\\\/www.gold.fr\\\/news\\\/2016\\\/03\\\/25\\\/marches-stabilisation-a-la-veille-de-paques\\\/\"},\"author\":{\"name\":\"Comptoir National de l'Or\",\"@id\":\"https:\\\/\\\/www.gold.fr\\\/news\\\/#\\\/schema\\\/person\\\/070491b4b4fb7671bf59b3be20302ce9\"},\"headline\":\"March\u00e9s : Stabilisation \u00e0 la veille de P\u00e2ques\",\"datePublished\":\"2016-03-25T16:00:31+00:00\",\"dateModified\":\"2018-03-19T10:26:50+00:00\",\"mainEntityOfPage\":{\"@id\":\"https:\\\/\\\/www.gold.fr\\\/news\\\/2016\\\/03\\\/25\\\/marches-stabilisation-a-la-veille-de-paques\\\/\"},\"wordCount\":297,\"commentCount\":0,\"image\":{\"@id\":\"https:\\\/\\\/www.gold.fr\\\/news\\\/2016\\\/03\\\/25\\\/marches-stabilisation-a-la-veille-de-paques\\\/#primaryimage\"},\"thumbnailUrl\":\"https:\\\/\\\/www.gold.fr\\\/news\\\/wp-content\\\/uploads\\\/2012\\\/07\\\/europe-or.jpg\",\"keywords\":[\"bourse\",\"march\u00e9\",\"paques\"],\"articleSection\":[\"Articles de presse\"],\"inLanguage\":\"fr-FR\"},{\"@type\":\"WebPage\",\"@id\":\"https:\\\/\\\/www.gold.fr\\\/news\\\/2016\\\/03\\\/25\\\/marches-stabilisation-a-la-veille-de-paques\\\/\",\"url\":\"https:\\\/\\\/www.gold.fr\\\/news\\\/2016\\\/03\\\/25\\\/marches-stabilisation-a-la-veille-de-paques\\\/\",\"name\":\"March\u00e9s : Stabilisation \u00e0 la veille de P\u00e2ques - Gold.fr\",\"isPartOf\":{\"@id\":\"https:\\\/\\\/www.gold.fr\\\/news\\\/#website\"},\"primaryImageOfPage\":{\"@id\":\"https:\\\/\\\/www.gold.fr\\\/news\\\/2016\\\/03\\\/25\\\/marches-stabilisation-a-la-veille-de-paques\\\/#primaryimage\"},\"image\":{\"@id\":\"https:\\\/\\\/www.gold.fr\\\/news\\\/2016\\\/03\\\/25\\\/marches-stabilisation-a-la-veille-de-paques\\\/#primaryimage\"},\"thumbnailUrl\":\"https:\\\/\\\/www.gold.fr\\\/news\\\/wp-content\\\/uploads\\\/2012\\\/07\\\/europe-or.jpg\",\"datePublished\":\"2016-03-25T16:00:31+00:00\",\"dateModified\":\"2018-03-19T10:26:50+00:00\",\"author\":{\"@id\":\"https:\\\/\\\/www.gold.fr\\\/news\\\/#\\\/schema\\\/person\\\/070491b4b4fb7671bf59b3be20302ce9\"},\"breadcrumb\":{\"@id\":\"https:\\\/\\\/www.gold.fr\\\/news\\\/2016\\\/03\\\/25\\\/marches-stabilisation-a-la-veille-de-paques\\\/#breadcrumb\"},\"inLanguage\":\"fr-FR\",\"potentialAction\":[{\"@type\":\"ReadAction\",\"target\":[\"https:\\\/\\\/www.gold.fr\\\/news\\\/2016\\\/03\\\/25\\\/marches-stabilisation-a-la-veille-de-paques\\\/\"]}]},{\"@type\":\"ImageObject\",\"inLanguage\":\"fr-FR\",\"@id\":\"https:\\\/\\\/www.gold.fr\\\/news\\\/2016\\\/03\\\/25\\\/marches-stabilisation-a-la-veille-de-paques\\\/#primaryimage\",\"url\":\"https:\\\/\\\/www.gold.fr\\\/news\\\/wp-content\\\/uploads\\\/2012\\\/07\\\/europe-or.jpg\",\"contentUrl\":\"https:\\\/\\\/www.gold.fr\\\/news\\\/wp-content\\\/uploads\\\/2012\\\/07\\\/europe-or.jpg\",\"width\":\"600\",\"height\":\"468\",\"caption\":\"L\u2019once en \u00e9quilibre apr\u00e8s le long week-end de P\u00e2ques\"},{\"@type\":\"BreadcrumbList\",\"@id\":\"https:\\\/\\\/www.gold.fr\\\/news\\\/2016\\\/03\\\/25\\\/marches-stabilisation-a-la-veille-de-paques\\\/#breadcrumb\",\"itemListElement\":[{\"@type\":\"ListItem\",\"position\":1,\"name\":\"Accueil\",\"item\":\"https:\\\/\\\/www.gold.fr\\\/\"},{\"@type\":\"ListItem\",\"position\":2,\"name\":\"Actualit\u00e9s\",\"item\":\"https:\\\/\\\/www.gold.fr\\\/news\\\/\"},{\"@type\":\"ListItem\",\"position\":3,\"name\":\"March\u00e9s : Stabilisation \u00e0 la veille de P\u00e2ques\"}]},{\"@type\":\"WebSite\",\"@id\":\"https:\\\/\\\/www.gold.fr\\\/news\\\/#website\",\"url\":\"https:\\\/\\\/www.gold.fr\\\/news\\\/\",\"name\":\"Gold.fr\",\"description\":\"Actualit\u00e9s de l&#039;Or et des m\u00e9taux pr\u00e9cieux\",\"potentialAction\":[{\"@type\":\"SearchAction\",\"target\":{\"@type\":\"EntryPoint\",\"urlTemplate\":\"https:\\\/\\\/www.gold.fr\\\/news\\\/?s={search_term_string}\"},\"query-input\":{\"@type\":\"PropertyValueSpecification\",\"valueRequired\":true,\"valueName\":\"search_term_string\"}}],\"inLanguage\":\"fr-FR\"},{\"@type\":\"Person\",\"@id\":\"https:\\\/\\\/www.gold.fr\\\/news\\\/#\\\/schema\\\/person\\\/070491b4b4fb7671bf59b3be20302ce9\",\"name\":\"Comptoir National de l'Or\",\"image\":{\"@type\":\"ImageObject\",\"inLanguage\":\"fr-FR\",\"@id\":\"https:\\\/\\\/secure.gravatar.com\\\/avatar\\\/0a2867fd5abe37bed95d5a65e9d58f01756e11efc68af9888dfc50cfa7f65948?s=96&d=mm&r=gb490554db0a38188709de567aa58480d\",\"url\":\"https:\\\/\\\/secure.gravatar.com\\\/avatar\\\/0a2867fd5abe37bed95d5a65e9d58f01756e11efc68af9888dfc50cfa7f65948?s=96&d=mm&r=g\",\"contentUrl\":\"https:\\\/\\\/secure.gravatar.com\\\/avatar\\\/0a2867fd5abe37bed95d5a65e9d58f01756e11efc68af9888dfc50cfa7f65948?s=96&d=mm&r=g\",\"caption\":\"Comptoir National de l'Or\"},\"description\":\"Notre r\u00e9daction est constitu\u00e9e de membres experts dans les m\u00e9tiers de l'\u00e9conomie et la gestion, des Responsables d'agence Comptoir National de l'Or, des analystes financiers qui publient r\u00e9guli\u00e8rement des \u00e9tudes sur les politiques des banques centrales, le cours de l'or, prix de l'or, cours de l'argent, prix de l'argent, cours du platine, cours du palladium,... la situation en zone euro et l'impact de la strat\u00e9gie mon\u00e9taire de la FED. Notre \u00e9quipe scrute \u00e9galement une information plus g\u00e9n\u00e9raliste \u00e0 la recherche d'actualit\u00e9 \\\"p\u00e9pite\\\" \u00e0 vous partager. Depuis 5 ans, nous avons publi\u00e9 un peu plus de 4000 articles qui s'adressent \u00e0 un public large et vari\u00e9 ayant pour objectif de satisfaire votre curiosit\u00e9 et de partager avec vous une certaine fascination pour le m\u00e9tal jaune, le rachat d'or, et pour ceux qui veulent investir dans l'or, vendre leur or tout simplement en savoir plus... Pour tous vos achat or et argent, n'h\u00e9sitez pas \u00e0 prendre rendez-vous dans l'un de nos nombreux comptoirs.\",\"sameAs\":[\"https:\\\/\\\/www.gold.fr\"]}]}<\/script>\n<!-- \/ Yoast SEO plugin. -->","yoast_head_json":{"title":"March\u00e9s : Stabilisation \u00e0 la veille de P\u00e2ques - Gold.fr","robots":{"index":"index","follow":"follow","max-snippet":"max-snippet:-1","max-image-preview":"max-image-preview:large","max-video-preview":"max-video-preview:-1"},"canonical":"https:\/\/www.gold.fr\/news\/2016\/03\/25\/marches-stabilisation-a-la-veille-de-paques\/","og_locale":"fr_FR","og_type":"article","og_title":"March\u00e9s : Stabilisation \u00e0 la veille de P\u00e2ques - Gold.fr","og_description":"Les march\u00e9s europ\u00e9ens sont ferm\u00e9s aujourd&rsquo;hui, dans la lign\u00e9e de l&rsquo;ensemble de la quasi-totalit\u00e9 des march\u00e9s boursiers internationaux qui f\u00eatent ainsi le jour du vendredi saint, avant de c\u00e9l\u00e9brer, lundi, le jour de P\u00e2ques. Dans l&rsquo;ensemble, [&hellip;]","og_url":"https:\/\/www.gold.fr\/news\/2016\/03\/25\/marches-stabilisation-a-la-veille-de-paques\/","og_site_name":"Gold.fr","article_publisher":"https:\/\/www.facebook.com\/Goldfr\/","article_published_time":"2016-03-25T16:00:31+00:00","article_modified_time":"2018-03-19T10:26:50+00:00","og_image":[{"width":600,"height":468,"url":"https:\/\/www.gold.fr\/news\/wp-content\/uploads\/2012\/07\/europe-or.jpg","type":"image\/jpeg"}],"author":"Comptoir National de l'Or","twitter_card":"summary_large_image","twitter_misc":{"\u00c9crit par":"Comptoir National de l'Or","Dur\u00e9e de lecture estim\u00e9e":"1 minute"},"schema":{"@context":"https:\/\/schema.org","@graph":[{"@type":"Article","@id":"https:\/\/www.gold.fr\/news\/2016\/03\/25\/marches-stabilisation-a-la-veille-de-paques\/#article","isPartOf":{"@id":"https:\/\/www.gold.fr\/news\/2016\/03\/25\/marches-stabilisation-a-la-veille-de-paques\/"},"author":{"name":"Comptoir National de l'Or","@id":"https:\/\/www.gold.fr\/news\/#\/schema\/person\/070491b4b4fb7671bf59b3be20302ce9"},"headline":"March\u00e9s : Stabilisation \u00e0 la veille de P\u00e2ques","datePublished":"2016-03-25T16:00:31+00:00","dateModified":"2018-03-19T10:26:50+00:00","mainEntityOfPage":{"@id":"https:\/\/www.gold.fr\/news\/2016\/03\/25\/marches-stabilisation-a-la-veille-de-paques\/"},"wordCount":297,"commentCount":0,"image":{"@id":"https:\/\/www.gold.fr\/news\/2016\/03\/25\/marches-stabilisation-a-la-veille-de-paques\/#primaryimage"},"thumbnailUrl":"https:\/\/www.gold.fr\/news\/wp-content\/uploads\/2012\/07\/europe-or.jpg","keywords":["bourse","march\u00e9","paques"],"articleSection":["Articles de presse"],"inLanguage":"fr-FR"},{"@type":"WebPage","@id":"https:\/\/www.gold.fr\/news\/2016\/03\/25\/marches-stabilisation-a-la-veille-de-paques\/","url":"https:\/\/www.gold.fr\/news\/2016\/03\/25\/marches-stabilisation-a-la-veille-de-paques\/","name":"March\u00e9s : Stabilisation \u00e0 la veille de P\u00e2ques - Gold.fr","isPartOf":{"@id":"https:\/\/www.gold.fr\/news\/#website"},"primaryImageOfPage":{"@id":"https:\/\/www.gold.fr\/news\/2016\/03\/25\/marches-stabilisation-a-la-veille-de-paques\/#primaryimage"},"image":{"@id":"https:\/\/www.gold.fr\/news\/2016\/03\/25\/marches-stabilisation-a-la-veille-de-paques\/#primaryimage"},"thumbnailUrl":"https:\/\/www.gold.fr\/news\/wp-content\/uploads\/2012\/07\/europe-or.jpg","datePublished":"2016-03-25T16:00:31+00:00","dateModified":"2018-03-19T10:26:50+00:00","author":{"@id":"https:\/\/www.gold.fr\/news\/#\/schema\/person\/070491b4b4fb7671bf59b3be20302ce9"},"breadcrumb":{"@id":"https:\/\/www.gold.fr\/news\/2016\/03\/25\/marches-stabilisation-a-la-veille-de-paques\/#breadcrumb"},"inLanguage":"fr-FR","potentialAction":[{"@type":"ReadAction","target":["https:\/\/www.gold.fr\/news\/2016\/03\/25\/marches-stabilisation-a-la-veille-de-paques\/"]}]},{"@type":"ImageObject","inLanguage":"fr-FR","@id":"https:\/\/www.gold.fr\/news\/2016\/03\/25\/marches-stabilisation-a-la-veille-de-paques\/#primaryimage","url":"https:\/\/www.gold.fr\/news\/wp-content\/uploads\/2012\/07\/europe-or.jpg","contentUrl":"https:\/\/www.gold.fr\/news\/wp-content\/uploads\/2012\/07\/europe-or.jpg","width":"600","height":"468","caption":"L\u2019once en \u00e9quilibre apr\u00e8s le long week-end de P\u00e2ques"},{"@type":"BreadcrumbList","@id":"https:\/\/www.gold.fr\/news\/2016\/03\/25\/marches-stabilisation-a-la-veille-de-paques\/#breadcrumb","itemListElement":[{"@type":"ListItem","position":1,"name":"Accueil","item":"https:\/\/www.gold.fr\/"},{"@type":"ListItem","position":2,"name":"Actualit\u00e9s","item":"https:\/\/www.gold.fr\/news\/"},{"@type":"ListItem","position":3,"name":"March\u00e9s : Stabilisation \u00e0 la veille de P\u00e2ques"}]},{"@type":"WebSite","@id":"https:\/\/www.gold.fr\/news\/#website","url":"https:\/\/www.gold.fr\/news\/","name":"Gold.fr","description":"Actualit\u00e9s de l&#039;Or et des m\u00e9taux pr\u00e9cieux","potentialAction":[{"@type":"SearchAction","target":{"@type":"EntryPoint","urlTemplate":"https:\/\/www.gold.fr\/news\/?s={search_term_string}"},"query-input":{"@type":"PropertyValueSpecification","valueRequired":true,"valueName":"search_term_string"}}],"inLanguage":"fr-FR"},{"@type":"Person","@id":"https:\/\/www.gold.fr\/news\/#\/schema\/person\/070491b4b4fb7671bf59b3be20302ce9","name":"Comptoir National de l'Or","image":{"@type":"ImageObject","inLanguage":"fr-FR","@id":"https:\/\/secure.gravatar.com\/avatar\/0a2867fd5abe37bed95d5a65e9d58f01756e11efc68af9888dfc50cfa7f65948?s=96&d=mm&r=gb490554db0a38188709de567aa58480d","url":"https:\/\/secure.gravatar.com\/avatar\/0a2867fd5abe37bed95d5a65e9d58f01756e11efc68af9888dfc50cfa7f65948?s=96&d=mm&r=g","contentUrl":"https:\/\/secure.gravatar.com\/avatar\/0a2867fd5abe37bed95d5a65e9d58f01756e11efc68af9888dfc50cfa7f65948?s=96&d=mm&r=g","caption":"Comptoir National de l'Or"},"description":"Notre r\u00e9daction est constitu\u00e9e de membres experts dans les m\u00e9tiers de l'\u00e9conomie et la gestion, des Responsables d'agence Comptoir National de l'Or, des analystes financiers qui publient r\u00e9guli\u00e8rement des \u00e9tudes sur les politiques des banques centrales, le cours de l'or, prix de l'or, cours de l'argent, prix de l'argent, cours du platine, cours du palladium,... la situation en zone euro et l'impact de la strat\u00e9gie mon\u00e9taire de la FED. Notre \u00e9quipe scrute \u00e9galement une information plus g\u00e9n\u00e9raliste \u00e0 la recherche d'actualit\u00e9 \"p\u00e9pite\" \u00e0 vous partager. Depuis 5 ans, nous avons publi\u00e9 un peu plus de 4000 articles qui s'adressent \u00e0 un public large et vari\u00e9 ayant pour objectif de satisfaire votre curiosit\u00e9 et de partager avec vous une certaine fascination pour le m\u00e9tal jaune, le rachat d'or, et pour ceux qui veulent investir dans l'or, vendre leur or tout simplement en savoir plus... Pour tous vos achat or et argent, n'h\u00e9sitez pas \u00e0 prendre rendez-vous dans l'un de nos nombreux comptoirs.","sameAs":["https:\/\/www.gold.fr"]}]}},"authors":[{"term_id":2565,"user_id":18,"is_guest":0,"slug":"julie","display_name":"Comptoir National de l'Or","avatar_url":"https:\/\/secure.gravatar.com\/avatar\/713f289e398d35ead876c4a4cc08607f0d6d266058cfc25683fffb6092d0e572?s=96&d=mm&r=g","0":null,"1":"","2":"","3":"","4":"","5":"","6":"","7":"","8":""}],"_links":{"self":[{"href":"https:\/\/www.gold.fr\/news\/wp-json\/wp\/v2\/posts\/19026","targetHints":{"allow":["GET"]}}],"collection":[{"href":"https:\/\/www.gold.fr\/news\/wp-json\/wp\/v2\/posts"}],"about":[{"href":"https:\/\/www.gold.fr\/news\/wp-json\/wp\/v2\/types\/post"}],"author":[{"embeddable":true,"href":"https:\/\/www.gold.fr\/news\/wp-json\/wp\/v2\/users\/18"}],"replies":[{"embeddable":true,"href":"https:\/\/www.gold.fr\/news\/wp-json\/wp\/v2\/comments?post=19026"}],"version-history":[{"count":0,"href":"https:\/\/www.gold.fr\/news\/wp-json\/wp\/v2\/posts\/19026\/revisions"}],"wp:featuredmedia":[{"embeddable":true,"href":"https:\/\/www.gold.fr\/news\/wp-json\/wp\/v2\/media\/8430"}],"wp:attachment":[{"href":"https:\/\/www.gold.fr\/news\/wp-json\/wp\/v2\/media?parent=19026"}],"wp:term":[{"taxonomy":"category","embeddable":true,"href":"https:\/\/www.gold.fr\/news\/wp-json\/wp\/v2\/categories?post=19026"},{"taxonomy":"post_tag","embeddable":true,"href":"https:\/\/www.gold.fr\/news\/wp-json\/wp\/v2\/tags?post=19026"},{"taxonomy":"author","embeddable":true,"href":"https:\/\/www.gold.fr\/news\/wp-json\/wp\/v2\/ppma_author?post=19026"}],"curies":[{"name":"wp","href":"https:\/\/api.w.org\/{rel}","templated":true}]}}