{"id":1902,"date":"2011-03-08T10:30:22","date_gmt":"2011-03-08T09:30:22","guid":{"rendered":"https:\/\/www.gold.fr\/informations-sur-l-or\/flash-infos\/lor-continue-son-ascension"},"modified":"2021-12-17T14:49:05","modified_gmt":"2021-12-17T13:49:05","slug":"lor-continue-son-ascension","status":"publish","type":"post","link":"https:\/\/www.gold.fr\/news\/2011\/03\/08\/lor-continue-son-ascension\/","title":{"rendered":"L&rsquo;Or continue son ascension"},"content":{"rendered":"<p style=\"text-align: justify;\"><span style=\"font-size: medium;\">Les <a class=\"esk-seo-plu-link\" href=\"https:\/\/www.gold.fr\/news\/tags\/cours-de-lor\">cours de l'or<\/a> continuent de flamber sur fond de tensions dans le moyen orient et de pressions inflationnistes.<\/span><\/p>\r\n<p style=\"text-align: justify;\"><span style=\"font-size: medium;\">En effet, la crise lybienne et par extension, les r\u00e9voltes dans les pays arabes profitent \u00e0 l'<a class=\"esk-seo-plu-link\" href=\"https:\/\/www.gold.fr\/news\/tags\/or\">or<\/a>, propuls\u00e9 ce lundi \u00e0 un plus haut niveau historique : 1 445 dollars l'once d'<a class=\"esk-seo-plu-link\" href=\"https:\/\/www.gold.fr\/news\/tags\/or\">or<\/a> ! C'est du jamais vu.<\/span><\/p>\r\n<p style=\"text-align: justify;\"><span style=\"font-size: medium;\">Au del\u00e0 des diff\u00e9rentes crises politiques, c'est la hausse des cours des mati\u00e8res premi\u00e8res, et notamment la hausse du p\u00e9trole qui entraine de fortes pressions sur l'inflation, et profite en cons\u00e9quence \u00e0 l'<a class=\"esk-seo-plu-link\" href=\"https:\/\/www.gold.fr\/news\/tags\/or\">Or<\/a>, valeur refuge par excellence.<\/span><\/p>\r\n<p style=\"text-align: justify;\"><span style=\"font-size: medium;\">Nombre d'analystes sur les march\u00e9s, traders et brokers, nous confirment \u00eatre \"bullish\" sur l'<a class=\"esk-seo-plu-link\" href=\"https:\/\/www.gold.fr\/news\/tags\/or\">or<\/a>, c'est \u00e0 dire, disposant de positions acheteuses sur le <a class=\"esk-seo-plu-link\" href=\"https:\/\/www.gold.fr\/news\/tags\/or\">m\u00e9tal jaune<\/a>, car ils consid\u00e8rent que le <a class=\"esk-seo-plu-link\" href=\"https:\/\/www.gold.fr\/news\/tags\/cours-de-lor\">cours de l'or<\/a> devrait continuer de grimper.<\/span><\/p>\r\n<p style=\"text-align: justify;\"><span style=\"font-size: medium;\">La baisse ces derniers mois du billet vert mod\u00e8re la hausse de l'<a class=\"esk-seo-plu-link\" href=\"https:\/\/www.gold.fr\/news\/tags\/or\">or<\/a> en euros, notamment du fait de la probable hausse des taux d'int\u00e9r\u00eats \u00e0 venir, r\u00e9cemment annonc\u00e9e par le pr\u00e9sident de la Banque Centrale Europ\u00e9enne, Jean Claude Trichet.<\/span><\/p>\r\n<p style=\"text-align: justify;\"><span style=\"font-size: medium;\">En attendant, l'<a class=\"esk-seo-plu-link\" href=\"https:\/\/www.gold.fr\/news\/tags\/or\">or<\/a> poursuit sa course aux records.<\/span><\/p>","protected":false},"excerpt":{"rendered":"<p>Les cours de l&rsquo;or continuent de flamber sur fond de tensions dans le moyen orient et de pressions inflationnistes.<br \/>\nEn effet, la crise lybienne et par extension, les r&eacute;voltes dans les pays arabes profitent &agrave; l&rsquo;or, propuls&eacute; ce lundi &#8230;<\/p>\n","protected":false},"author":6,"featured_media":34231,"comment_status":"closed","ping_status":"closed","sticky":false,"template":"","format":"standard","meta":{"_mbp_gutenberg_autopost":false,"_pgmb_is_evergreen":false,"_pgmb_ap_template_id":0,"footnotes":""},"categories":[5],"tags":[76,215,80],"ppma_author":[2567],"class_list":["post-1902","post","type-post","status-publish","format-standard","has-post-thumbnail","hentry","category-flash-infos","tag-or","tag-tendance-haussiere","tag-tendance-or"],"yoast_head":"<!-- This site is optimized with the Yoast SEO plugin v27.5 - https:\/\/yoast.com\/product\/yoast-seo-wordpress\/ -->\n<title>L\u2019Or continue son ascension Pressions inflationnistes<\/title>\n<meta name=\"description\" content=\"L\u2019Or continue son ascension Les cours de l&#039;or continuent de flamber sur fond de tensions dans le moyen orient et de pressions inflationnistes\" \/>\n<meta name=\"robots\" content=\"index, follow, max-snippet:-1, max-image-preview:large, max-video-preview:-1\" \/>\n<link rel=\"canonical\" href=\"https:\/\/www.gold.fr\/news\/2011\/03\/08\/lor-continue-son-ascension\/\" \/>\n<meta property=\"og:locale\" content=\"fr_FR\" \/>\n<meta property=\"og:type\" content=\"article\" \/>\n<meta property=\"og:title\" content=\"L\u2019Or continue son ascension Pressions inflationnistes\" \/>\n<meta property=\"og:description\" content=\"L\u2019Or continue son ascension Les cours de l&#039;or continuent de flamber sur fond de tensions dans le moyen orient et de pressions inflationnistes\" \/>\n<meta property=\"og:url\" content=\"https:\/\/www.gold.fr\/news\/2011\/03\/08\/lor-continue-son-ascension\/\" \/>\n<meta property=\"og:site_name\" content=\"Gold.fr\" \/>\n<meta property=\"article:publisher\" content=\"https:\/\/www.facebook.com\/Goldfr\/\" \/>\n<meta property=\"article:published_time\" content=\"2011-03-08T09:30:22+00:00\" \/>\n<meta property=\"article:modified_time\" content=\"2021-12-17T13:49:05+00:00\" \/>\n<meta property=\"og:image\" content=\"https:\/\/www.gold.fr\/news\/wp-content\/uploads\/2018\/09\/demande_or_2018.jpg\" \/>\n\t<meta property=\"og:image:width\" content=\"1366\" \/>\n\t<meta property=\"og:image:height\" content=\"768\" \/>\n\t<meta property=\"og:image:type\" content=\"image\/jpeg\" \/>\n<meta name=\"author\" content=\"Laurent Schwartz\" \/>\n<meta name=\"twitter:card\" content=\"summary_large_image\" \/>\n<meta name=\"twitter:label1\" content=\"\u00c9crit par\" \/>\n\t<meta name=\"twitter:data1\" content=\"Laurent Schwartz\" \/>\n\t<meta name=\"twitter:label2\" content=\"Dur\u00e9e de lecture estim\u00e9e\" \/>\n\t<meta name=\"twitter:data2\" content=\"1 minute\" \/>\n<script type=\"application\/ld+json\" class=\"yoast-schema-graph\">{\"@context\":\"https:\\\/\\\/schema.org\",\"@graph\":[{\"@type\":\"Article\",\"@id\":\"https:\\\/\\\/www.gold.fr\\\/news\\\/2011\\\/03\\\/08\\\/lor-continue-son-ascension\\\/#article\",\"isPartOf\":{\"@id\":\"https:\\\/\\\/www.gold.fr\\\/news\\\/2011\\\/03\\\/08\\\/lor-continue-son-ascension\\\/\"},\"author\":{\"name\":\"Laurent Schwartz\",\"@id\":\"https:\\\/\\\/www.gold.fr\\\/news\\\/#\\\/schema\\\/person\\\/4ed91d9a70d8f3a313c26e8308214fc2\"},\"headline\":\"L&rsquo;Or continue son ascension\",\"datePublished\":\"2011-03-08T09:30:22+00:00\",\"dateModified\":\"2021-12-17T13:49:05+00:00\",\"mainEntityOfPage\":{\"@id\":\"https:\\\/\\\/www.gold.fr\\\/news\\\/2011\\\/03\\\/08\\\/lor-continue-son-ascension\\\/\"},\"wordCount\":205,\"image\":{\"@id\":\"https:\\\/\\\/www.gold.fr\\\/news\\\/2011\\\/03\\\/08\\\/lor-continue-son-ascension\\\/#primaryimage\"},\"thumbnailUrl\":\"https:\\\/\\\/www.gold.fr\\\/news\\\/wp-content\\\/uploads\\\/2018\\\/09\\\/demande_or_2018.jpg\",\"keywords\":[\"Or\",\"tendance haussi\u00e8re\",\"tendance or\"],\"articleSection\":[\"Flash infos\"],\"inLanguage\":\"fr-FR\"},{\"@type\":\"WebPage\",\"@id\":\"https:\\\/\\\/www.gold.fr\\\/news\\\/2011\\\/03\\\/08\\\/lor-continue-son-ascension\\\/\",\"url\":\"https:\\\/\\\/www.gold.fr\\\/news\\\/2011\\\/03\\\/08\\\/lor-continue-son-ascension\\\/\",\"name\":\"L\u2019Or continue son ascension Pressions inflationnistes\",\"isPartOf\":{\"@id\":\"https:\\\/\\\/www.gold.fr\\\/news\\\/#website\"},\"primaryImageOfPage\":{\"@id\":\"https:\\\/\\\/www.gold.fr\\\/news\\\/2011\\\/03\\\/08\\\/lor-continue-son-ascension\\\/#primaryimage\"},\"image\":{\"@id\":\"https:\\\/\\\/www.gold.fr\\\/news\\\/2011\\\/03\\\/08\\\/lor-continue-son-ascension\\\/#primaryimage\"},\"thumbnailUrl\":\"https:\\\/\\\/www.gold.fr\\\/news\\\/wp-content\\\/uploads\\\/2018\\\/09\\\/demande_or_2018.jpg\",\"datePublished\":\"2011-03-08T09:30:22+00:00\",\"dateModified\":\"2021-12-17T13:49:05+00:00\",\"author\":{\"@id\":\"https:\\\/\\\/www.gold.fr\\\/news\\\/#\\\/schema\\\/person\\\/4ed91d9a70d8f3a313c26e8308214fc2\"},\"description\":\"L\u2019Or continue son ascension Les cours de l'or continuent de flamber sur fond de tensions dans le moyen orient et de pressions inflationnistes\",\"breadcrumb\":{\"@id\":\"https:\\\/\\\/www.gold.fr\\\/news\\\/2011\\\/03\\\/08\\\/lor-continue-son-ascension\\\/#breadcrumb\"},\"inLanguage\":\"fr-FR\",\"potentialAction\":[{\"@type\":\"ReadAction\",\"target\":[\"https:\\\/\\\/www.gold.fr\\\/news\\\/2011\\\/03\\\/08\\\/lor-continue-son-ascension\\\/\"]}]},{\"@type\":\"ImageObject\",\"inLanguage\":\"fr-FR\",\"@id\":\"https:\\\/\\\/www.gold.fr\\\/news\\\/2011\\\/03\\\/08\\\/lor-continue-son-ascension\\\/#primaryimage\",\"url\":\"https:\\\/\\\/www.gold.fr\\\/news\\\/wp-content\\\/uploads\\\/2018\\\/09\\\/demande_or_2018.jpg\",\"contentUrl\":\"https:\\\/\\\/www.gold.fr\\\/news\\\/wp-content\\\/uploads\\\/2018\\\/09\\\/demande_or_2018.jpg\",\"width\":1366,\"height\":768,\"caption\":\"Pourquoi la demande d\u2019or va-t-elle augmenter lors des prochaines semaines\u2009?\"},{\"@type\":\"BreadcrumbList\",\"@id\":\"https:\\\/\\\/www.gold.fr\\\/news\\\/2011\\\/03\\\/08\\\/lor-continue-son-ascension\\\/#breadcrumb\",\"itemListElement\":[{\"@type\":\"ListItem\",\"position\":1,\"name\":\"Accueil\",\"item\":\"https:\\\/\\\/www.gold.fr\\\/\"},{\"@type\":\"ListItem\",\"position\":2,\"name\":\"Actualit\u00e9s\",\"item\":\"https:\\\/\\\/www.gold.fr\\\/news\\\/\"},{\"@type\":\"ListItem\",\"position\":3,\"name\":\"L&rsquo;Or continue son ascension\"}]},{\"@type\":\"WebSite\",\"@id\":\"https:\\\/\\\/www.gold.fr\\\/news\\\/#website\",\"url\":\"https:\\\/\\\/www.gold.fr\\\/news\\\/\",\"name\":\"Gold.fr\",\"description\":\"Actualit\u00e9s de l&#039;Or et des m\u00e9taux pr\u00e9cieux\",\"potentialAction\":[{\"@type\":\"SearchAction\",\"target\":{\"@type\":\"EntryPoint\",\"urlTemplate\":\"https:\\\/\\\/www.gold.fr\\\/news\\\/?s={search_term_string}\"},\"query-input\":{\"@type\":\"PropertyValueSpecification\",\"valueRequired\":true,\"valueName\":\"search_term_string\"}}],\"inLanguage\":\"fr-FR\"},{\"@type\":\"Person\",\"@id\":\"https:\\\/\\\/www.gold.fr\\\/news\\\/#\\\/schema\\\/person\\\/4ed91d9a70d8f3a313c26e8308214fc2\",\"name\":\"Laurent Schwartz\",\"image\":{\"@type\":\"ImageObject\",\"inLanguage\":\"fr-FR\",\"@id\":\"https:\\\/\\\/secure.gravatar.com\\\/avatar\\\/1496f846049365121827f5470219486f1a95f83957cc8ca0a9595e40c185f5ee?s=96&d=mm&r=g76f0e87c9ba82a161860a0fc16990d85\",\"url\":\"https:\\\/\\\/secure.gravatar.com\\\/avatar\\\/1496f846049365121827f5470219486f1a95f83957cc8ca0a9595e40c185f5ee?s=96&d=mm&r=g\",\"contentUrl\":\"https:\\\/\\\/secure.gravatar.com\\\/avatar\\\/1496f846049365121827f5470219486f1a95f83957cc8ca0a9595e40c185f5ee?s=96&d=mm&r=g\",\"caption\":\"Laurent Schwartz\"},\"description\":\"Dipl\u00f4m\u00e9 de l\u2019EDHEC Business School en 2005, Laurent SCHWARTZ int\u00e8gre le cabinet d\u2019audit ERNST &amp; YOUNG en 2005 o\u00f9 il travaille pendant 4 ans. Parall\u00e8lement, il travaille au sein de l\u2019entreprise familiale cr\u00e9\u00e9e en 1976 \u00e0 Strasbourg. Fort de cette exp\u00e9rience et du savoir-faire d\u00e9velopp\u00e9 durant ces 40 derni\u00e8res ann\u00e9es, Laurent proc\u00e8de \u00e0 la refonte du site Internet Gold.fr d\u00e9di\u00e9 \u00e0 l\u2019achat d'or, vente d\u2019or (pi\u00e8ces, lingots, ...), achat or et argent,... qui conna\u00eetra un franc succ\u00e8s d\u00e8s son d\u00e9marrage en 2008. Il d\u00e9cide alors de d\u00e9velopper un r\u00e9seau de concessions exclusives: Le Comptoir National de l\u2019Or. Il assure d\u00e9sormais le pilotage strat\u00e9gique du 1er r\u00e9seau de France qui compte aujourd\u2019hui pas loin de 60 agences r\u00e9parties dans toute la France et depuis peu en Allemagne (Breisach). Le Comptoir National de l\u2019Or se positionne aujourd\u2019hui comme le leader incontournable sur le march\u00e9 de l\u2019Or et des m\u00e9taux pr\u00e9cieux en France.\",\"sameAs\":[\"https:\\\/\\\/www.gold.fr\",\"https:\\\/\\\/www.linkedin.com\\\/in\\\/acheteror\\\/\"]}]}<\/script>\n<!-- \/ Yoast SEO plugin. -->","yoast_head_json":{"title":"L\u2019Or continue son ascension Pressions inflationnistes","description":"L\u2019Or continue son ascension Les cours de l'or continuent de flamber sur fond de tensions dans le moyen orient et de pressions inflationnistes","robots":{"index":"index","follow":"follow","max-snippet":"max-snippet:-1","max-image-preview":"max-image-preview:large","max-video-preview":"max-video-preview:-1"},"canonical":"https:\/\/www.gold.fr\/news\/2011\/03\/08\/lor-continue-son-ascension\/","og_locale":"fr_FR","og_type":"article","og_title":"L\u2019Or continue son ascension Pressions inflationnistes","og_description":"L\u2019Or continue son ascension Les cours de l'or continuent de flamber sur fond de tensions dans le moyen orient et de pressions inflationnistes","og_url":"https:\/\/www.gold.fr\/news\/2011\/03\/08\/lor-continue-son-ascension\/","og_site_name":"Gold.fr","article_publisher":"https:\/\/www.facebook.com\/Goldfr\/","article_published_time":"2011-03-08T09:30:22+00:00","article_modified_time":"2021-12-17T13:49:05+00:00","og_image":[{"width":1366,"height":768,"url":"https:\/\/www.gold.fr\/news\/wp-content\/uploads\/2018\/09\/demande_or_2018.jpg","type":"image\/jpeg"}],"author":"Laurent Schwartz","twitter_card":"summary_large_image","twitter_misc":{"\u00c9crit par":"Laurent Schwartz","Dur\u00e9e de lecture estim\u00e9e":"1 minute"},"schema":{"@context":"https:\/\/schema.org","@graph":[{"@type":"Article","@id":"https:\/\/www.gold.fr\/news\/2011\/03\/08\/lor-continue-son-ascension\/#article","isPartOf":{"@id":"https:\/\/www.gold.fr\/news\/2011\/03\/08\/lor-continue-son-ascension\/"},"author":{"name":"Laurent Schwartz","@id":"https:\/\/www.gold.fr\/news\/#\/schema\/person\/4ed91d9a70d8f3a313c26e8308214fc2"},"headline":"L&rsquo;Or continue son ascension","datePublished":"2011-03-08T09:30:22+00:00","dateModified":"2021-12-17T13:49:05+00:00","mainEntityOfPage":{"@id":"https:\/\/www.gold.fr\/news\/2011\/03\/08\/lor-continue-son-ascension\/"},"wordCount":205,"image":{"@id":"https:\/\/www.gold.fr\/news\/2011\/03\/08\/lor-continue-son-ascension\/#primaryimage"},"thumbnailUrl":"https:\/\/www.gold.fr\/news\/wp-content\/uploads\/2018\/09\/demande_or_2018.jpg","keywords":["Or","tendance haussi\u00e8re","tendance or"],"articleSection":["Flash infos"],"inLanguage":"fr-FR"},{"@type":"WebPage","@id":"https:\/\/www.gold.fr\/news\/2011\/03\/08\/lor-continue-son-ascension\/","url":"https:\/\/www.gold.fr\/news\/2011\/03\/08\/lor-continue-son-ascension\/","name":"L\u2019Or continue son ascension Pressions inflationnistes","isPartOf":{"@id":"https:\/\/www.gold.fr\/news\/#website"},"primaryImageOfPage":{"@id":"https:\/\/www.gold.fr\/news\/2011\/03\/08\/lor-continue-son-ascension\/#primaryimage"},"image":{"@id":"https:\/\/www.gold.fr\/news\/2011\/03\/08\/lor-continue-son-ascension\/#primaryimage"},"thumbnailUrl":"https:\/\/www.gold.fr\/news\/wp-content\/uploads\/2018\/09\/demande_or_2018.jpg","datePublished":"2011-03-08T09:30:22+00:00","dateModified":"2021-12-17T13:49:05+00:00","author":{"@id":"https:\/\/www.gold.fr\/news\/#\/schema\/person\/4ed91d9a70d8f3a313c26e8308214fc2"},"description":"L\u2019Or continue son ascension Les cours de l'or continuent de flamber sur fond de tensions dans le moyen orient et de pressions inflationnistes","breadcrumb":{"@id":"https:\/\/www.gold.fr\/news\/2011\/03\/08\/lor-continue-son-ascension\/#breadcrumb"},"inLanguage":"fr-FR","potentialAction":[{"@type":"ReadAction","target":["https:\/\/www.gold.fr\/news\/2011\/03\/08\/lor-continue-son-ascension\/"]}]},{"@type":"ImageObject","inLanguage":"fr-FR","@id":"https:\/\/www.gold.fr\/news\/2011\/03\/08\/lor-continue-son-ascension\/#primaryimage","url":"https:\/\/www.gold.fr\/news\/wp-content\/uploads\/2018\/09\/demande_or_2018.jpg","contentUrl":"https:\/\/www.gold.fr\/news\/wp-content\/uploads\/2018\/09\/demande_or_2018.jpg","width":1366,"height":768,"caption":"Pourquoi la demande d\u2019or va-t-elle augmenter lors des prochaines semaines\u2009?"},{"@type":"BreadcrumbList","@id":"https:\/\/www.gold.fr\/news\/2011\/03\/08\/lor-continue-son-ascension\/#breadcrumb","itemListElement":[{"@type":"ListItem","position":1,"name":"Accueil","item":"https:\/\/www.gold.fr\/"},{"@type":"ListItem","position":2,"name":"Actualit\u00e9s","item":"https:\/\/www.gold.fr\/news\/"},{"@type":"ListItem","position":3,"name":"L&rsquo;Or continue son ascension"}]},{"@type":"WebSite","@id":"https:\/\/www.gold.fr\/news\/#website","url":"https:\/\/www.gold.fr\/news\/","name":"Gold.fr","description":"Actualit\u00e9s de l&#039;Or et des m\u00e9taux pr\u00e9cieux","potentialAction":[{"@type":"SearchAction","target":{"@type":"EntryPoint","urlTemplate":"https:\/\/www.gold.fr\/news\/?s={search_term_string}"},"query-input":{"@type":"PropertyValueSpecification","valueRequired":true,"valueName":"search_term_string"}}],"inLanguage":"fr-FR"},{"@type":"Person","@id":"https:\/\/www.gold.fr\/news\/#\/schema\/person\/4ed91d9a70d8f3a313c26e8308214fc2","name":"Laurent Schwartz","image":{"@type":"ImageObject","inLanguage":"fr-FR","@id":"https:\/\/secure.gravatar.com\/avatar\/1496f846049365121827f5470219486f1a95f83957cc8ca0a9595e40c185f5ee?s=96&d=mm&r=g76f0e87c9ba82a161860a0fc16990d85","url":"https:\/\/secure.gravatar.com\/avatar\/1496f846049365121827f5470219486f1a95f83957cc8ca0a9595e40c185f5ee?s=96&d=mm&r=g","contentUrl":"https:\/\/secure.gravatar.com\/avatar\/1496f846049365121827f5470219486f1a95f83957cc8ca0a9595e40c185f5ee?s=96&d=mm&r=g","caption":"Laurent Schwartz"},"description":"Dipl\u00f4m\u00e9 de l\u2019EDHEC Business School en 2005, Laurent SCHWARTZ int\u00e8gre le cabinet d\u2019audit ERNST &amp; YOUNG en 2005 o\u00f9 il travaille pendant 4 ans. Parall\u00e8lement, il travaille au sein de l\u2019entreprise familiale cr\u00e9\u00e9e en 1976 \u00e0 Strasbourg. Fort de cette exp\u00e9rience et du savoir-faire d\u00e9velopp\u00e9 durant ces 40 derni\u00e8res ann\u00e9es, Laurent proc\u00e8de \u00e0 la refonte du site Internet Gold.fr d\u00e9di\u00e9 \u00e0 l\u2019achat d'or, vente d\u2019or (pi\u00e8ces, lingots, ...), achat or et argent,... qui conna\u00eetra un franc succ\u00e8s d\u00e8s son d\u00e9marrage en 2008. Il d\u00e9cide alors de d\u00e9velopper un r\u00e9seau de concessions exclusives: Le Comptoir National de l\u2019Or. Il assure d\u00e9sormais le pilotage strat\u00e9gique du 1er r\u00e9seau de France qui compte aujourd\u2019hui pas loin de 60 agences r\u00e9parties dans toute la France et depuis peu en Allemagne (Breisach). Le Comptoir National de l\u2019Or se positionne aujourd\u2019hui comme le leader incontournable sur le march\u00e9 de l\u2019Or et des m\u00e9taux pr\u00e9cieux en France.","sameAs":["https:\/\/www.gold.fr","https:\/\/www.linkedin.com\/in\/acheteror\/"]}]}},"authors":[{"term_id":2567,"user_id":6,"is_guest":0,"slug":"laurent","display_name":"Laurent Schwartz","avatar_url":"https:\/\/secure.gravatar.com\/avatar\/1496f846049365121827f5470219486f1a95f83957cc8ca0a9595e40c185f5ee?s=96&d=mm&r=g","0":null,"1":"","2":"","3":"","4":"","5":"","6":"","7":"","8":""}],"_links":{"self":[{"href":"https:\/\/www.gold.fr\/news\/wp-json\/wp\/v2\/posts\/1902","targetHints":{"allow":["GET"]}}],"collection":[{"href":"https:\/\/www.gold.fr\/news\/wp-json\/wp\/v2\/posts"}],"about":[{"href":"https:\/\/www.gold.fr\/news\/wp-json\/wp\/v2\/types\/post"}],"author":[{"embeddable":true,"href":"https:\/\/www.gold.fr\/news\/wp-json\/wp\/v2\/users\/6"}],"replies":[{"embeddable":true,"href":"https:\/\/www.gold.fr\/news\/wp-json\/wp\/v2\/comments?post=1902"}],"version-history":[{"count":0,"href":"https:\/\/www.gold.fr\/news\/wp-json\/wp\/v2\/posts\/1902\/revisions"}],"wp:featuredmedia":[{"embeddable":true,"href":"https:\/\/www.gold.fr\/news\/wp-json\/wp\/v2\/media\/34231"}],"wp:attachment":[{"href":"https:\/\/www.gold.fr\/news\/wp-json\/wp\/v2\/media?parent=1902"}],"wp:term":[{"taxonomy":"category","embeddable":true,"href":"https:\/\/www.gold.fr\/news\/wp-json\/wp\/v2\/categories?post=1902"},{"taxonomy":"post_tag","embeddable":true,"href":"https:\/\/www.gold.fr\/news\/wp-json\/wp\/v2\/tags?post=1902"},{"taxonomy":"author","embeddable":true,"href":"https:\/\/www.gold.fr\/news\/wp-json\/wp\/v2\/ppma_author?post=1902"}],"curies":[{"name":"wp","href":"https:\/\/api.w.org\/{rel}","templated":true}]}}