{"id":19008,"date":"2016-03-23T17:00:03","date_gmt":"2016-03-23T16:00:03","guid":{"rendered":"https:\/\/www.gold.fr\/news\/?p=19008"},"modified":"2018-03-19T11:17:58","modified_gmt":"2018-03-19T10:17:58","slug":"marches-retour-relatif-du-calme-et-euro-en-baisse","status":"publish","type":"post","link":"https:\/\/www.gold.fr\/news\/2016\/03\/23\/marches-retour-relatif-du-calme-et-euro-en-baisse\/","title":{"rendered":"March\u00e9s : Retour relatif du calme et euro en baisse"},"content":{"rendered":"<p><span style=\"font-size: small;\"><img loading=\"lazy\" decoding=\"async\" class=\"alignleft wp-image-31813 size-thumbnail\" title=\"March\u00e9s : Retour relatif du calme et euro en baisse\" src=\"https:\/\/www.gold.fr\/news\/wp-content\/uploads\/2016\/03\/europe-or-1-1-1-150x150.jpg\" alt=\"March\u00e9s : Retour relatif du calme et euro en baisse\" width=\"150\" height=\"150\" \/>Les principales places boursi\u00e8res europ\u00e9ennes reprennent aujourd&rsquo;hui une activit\u00e9 plus ou moins \u00e9quilibr\u00e9e, naviguant respectivement entre performance relativement baissi\u00e8re et tentatives de stabilisation. Seul le march\u00e9 des devises affiche une <a class=\"esk-seo-plu-link\" href=\"https:\/\/www.gold.fr\/news\/tags\/investissement\">tendance<\/a> claire et solide ; la monnaie unique continue en effet \u00e0 enregistrer un repli perp\u00e9tuel face au billet vert et autres devises concurrentes.<\/span><\/p>\n<p><span style=\"font-size: small;\">Durant la s\u00e9ance du jour, l&rsquo;euro a en effet c\u00e9d\u00e9 <strong>0,22%<\/strong> \u00e0 <strong>1,1193 dollar<\/strong>, ainsi que contre le franc suisse. La monnaie unique a toutefois maintenu la barre face au yen et au sterling. Les \u00e9quipes du courtier <strong>FXCM<\/strong> soulignent \u00e0 ce sujet que \u00ab<em> le taux de change euro-dollar se d\u00e9pr\u00e9cie (&#8230;) suite aux attentats de Bruxelles<\/em> \u00bb, pr\u00e9cisant n\u00e9anmoins que \u00ab <em>les op\u00e9rateurs de march\u00e9s attendent d\u00e9sormais la publication des ventes de logements neufs aux Etats-Unis qui sera la prochaine source de volatilit\u00e9 pour le taux de changes<\/em> \u00bb. <\/span><\/p>\n<p><span style=\"font-size: small;\">Les analystes d&rsquo;Aurel BGC ont pourtant un avis diff\u00e9rent sur la question, puisqu&rsquo;ils estiment que les r\u00e9percussions des attaques bruxelloises sur la dualit\u00e9 des deux devises a \u00e9t\u00e9 assez mod\u00e9r\u00e9e. Les experts affirment par ailleurs que la s\u00e9quelle la plus tangible des \u00e9v\u00e9nements survenus dans la capitale belge demeure celle visible au niveau de la monnaie britannique, rappelant que \u00ab <em>ces attentats vont donner de nouveaux arguments aux partisans d&rsquo;une sortie du Royaume-Uni de l&rsquo;Union europ\u00e9enne lors du r\u00e9f\u00e9rendum du 23 juin prochain<\/em> \u00bb.<\/span> <span style=\"font-size: small;\">En attendant, l&rsquo;euro maintient une pente descendante et affiche aujourd&rsquo;hui sa quatri\u00e8me s\u00e9ance cons\u00e9cutive de baisse.<\/span><\/p>\n<!-- AddThis Advanced Settings generic via filter on the_content --><!-- AddThis Share Buttons generic via filter on the_content -->","protected":false},"excerpt":{"rendered":"<p>Les principales places boursi\u00e8res europ\u00e9ennes reprennent aujourd&rsquo;hui une activit\u00e9 plus ou moins \u00e9quilibr\u00e9e, naviguant respectivement entre performance relativement baissi\u00e8re et tentatives de stabilisation. Seul le march\u00e9 des devises affiche une tendance claire et solide ; la [&hellip;]<\/p>\n","protected":false},"author":18,"featured_media":31813,"comment_status":"open","ping_status":"open","sticky":false,"template":"","format":"standard","meta":{"_mbp_gutenberg_autopost":false,"_pgmb_is_evergreen":false,"_pgmb_ap_template_id":0,"footnotes":""},"categories":[6],"tags":[103,1649],"ppma_author":[2565],"class_list":["post-19008","post","type-post","status-publish","format-standard","has-post-thumbnail","hentry","category-articles-de-presse","tag-euro","tag-marches"],"yoast_head":"<!-- This site is optimized with the Yoast SEO plugin v27.5 - https:\/\/yoast.com\/product\/yoast-seo-wordpress\/ -->\n<title>March\u00e9s : Retour relatif du calme et euro en baisse - Gold.fr<\/title>\n<meta name=\"robots\" content=\"index, follow, max-snippet:-1, max-image-preview:large, max-video-preview:-1\" \/>\n<link rel=\"canonical\" href=\"https:\/\/www.gold.fr\/news\/2016\/03\/23\/marches-retour-relatif-du-calme-et-euro-en-baisse\/\" \/>\n<meta property=\"og:locale\" content=\"fr_FR\" \/>\n<meta property=\"og:type\" content=\"article\" \/>\n<meta property=\"og:title\" content=\"March\u00e9s : Retour relatif du calme et euro en baisse - Gold.fr\" \/>\n<meta property=\"og:description\" content=\"Les principales places boursi\u00e8res europ\u00e9ennes reprennent aujourd&rsquo;hui une activit\u00e9 plus ou moins \u00e9quilibr\u00e9e, naviguant respectivement entre performance relativement baissi\u00e8re et tentatives de stabilisation. Seul le march\u00e9 des devises affiche une tendance claire et solide ; la [&hellip;]\" \/>\n<meta property=\"og:url\" content=\"https:\/\/www.gold.fr\/news\/2016\/03\/23\/marches-retour-relatif-du-calme-et-euro-en-baisse\/\" \/>\n<meta property=\"og:site_name\" content=\"Gold.fr\" \/>\n<meta property=\"article:publisher\" content=\"https:\/\/www.facebook.com\/Goldfr\/\" \/>\n<meta property=\"article:published_time\" content=\"2016-03-23T16:00:03+00:00\" \/>\n<meta property=\"article:modified_time\" content=\"2018-03-19T10:17:58+00:00\" \/>\n<meta property=\"og:image\" content=\"https:\/\/www.gold.fr\/news\/wp-content\/uploads\/2016\/03\/europe-or-1-1-1.jpg\" \/>\n\t<meta property=\"og:image:width\" content=\"600\" \/>\n\t<meta property=\"og:image:height\" content=\"468\" \/>\n\t<meta property=\"og:image:type\" content=\"image\/jpeg\" \/>\n<meta name=\"author\" content=\"Comptoir National de l&#039;Or\" \/>\n<meta name=\"twitter:card\" content=\"summary_large_image\" \/>\n<meta name=\"twitter:label1\" content=\"\u00c9crit par\" \/>\n\t<meta name=\"twitter:data1\" content=\"Comptoir National de l&#039;Or\" \/>\n\t<meta name=\"twitter:label2\" content=\"Dur\u00e9e de lecture estim\u00e9e\" \/>\n\t<meta name=\"twitter:data2\" content=\"1 minute\" \/>\n<script type=\"application\/ld+json\" class=\"yoast-schema-graph\">{\"@context\":\"https:\\\/\\\/schema.org\",\"@graph\":[{\"@type\":\"Article\",\"@id\":\"https:\\\/\\\/www.gold.fr\\\/news\\\/2016\\\/03\\\/23\\\/marches-retour-relatif-du-calme-et-euro-en-baisse\\\/#article\",\"isPartOf\":{\"@id\":\"https:\\\/\\\/www.gold.fr\\\/news\\\/2016\\\/03\\\/23\\\/marches-retour-relatif-du-calme-et-euro-en-baisse\\\/\"},\"author\":{\"name\":\"Comptoir National de l'Or\",\"@id\":\"https:\\\/\\\/www.gold.fr\\\/news\\\/#\\\/schema\\\/person\\\/070491b4b4fb7671bf59b3be20302ce9\"},\"headline\":\"March\u00e9s : Retour relatif du calme et euro en baisse\",\"datePublished\":\"2016-03-23T16:00:03+00:00\",\"dateModified\":\"2018-03-19T10:17:58+00:00\",\"mainEntityOfPage\":{\"@id\":\"https:\\\/\\\/www.gold.fr\\\/news\\\/2016\\\/03\\\/23\\\/marches-retour-relatif-du-calme-et-euro-en-baisse\\\/\"},\"wordCount\":275,\"commentCount\":0,\"image\":{\"@id\":\"https:\\\/\\\/www.gold.fr\\\/news\\\/2016\\\/03\\\/23\\\/marches-retour-relatif-du-calme-et-euro-en-baisse\\\/#primaryimage\"},\"thumbnailUrl\":\"https:\\\/\\\/www.gold.fr\\\/news\\\/wp-content\\\/uploads\\\/2016\\\/03\\\/europe-or-1-1-1.jpg\",\"keywords\":[\"euro\",\"march\u00e9s\"],\"articleSection\":[\"Articles de presse\"],\"inLanguage\":\"fr-FR\"},{\"@type\":\"WebPage\",\"@id\":\"https:\\\/\\\/www.gold.fr\\\/news\\\/2016\\\/03\\\/23\\\/marches-retour-relatif-du-calme-et-euro-en-baisse\\\/\",\"url\":\"https:\\\/\\\/www.gold.fr\\\/news\\\/2016\\\/03\\\/23\\\/marches-retour-relatif-du-calme-et-euro-en-baisse\\\/\",\"name\":\"March\u00e9s : Retour relatif du calme et euro en baisse - Gold.fr\",\"isPartOf\":{\"@id\":\"https:\\\/\\\/www.gold.fr\\\/news\\\/#website\"},\"primaryImageOfPage\":{\"@id\":\"https:\\\/\\\/www.gold.fr\\\/news\\\/2016\\\/03\\\/23\\\/marches-retour-relatif-du-calme-et-euro-en-baisse\\\/#primaryimage\"},\"image\":{\"@id\":\"https:\\\/\\\/www.gold.fr\\\/news\\\/2016\\\/03\\\/23\\\/marches-retour-relatif-du-calme-et-euro-en-baisse\\\/#primaryimage\"},\"thumbnailUrl\":\"https:\\\/\\\/www.gold.fr\\\/news\\\/wp-content\\\/uploads\\\/2016\\\/03\\\/europe-or-1-1-1.jpg\",\"datePublished\":\"2016-03-23T16:00:03+00:00\",\"dateModified\":\"2018-03-19T10:17:58+00:00\",\"author\":{\"@id\":\"https:\\\/\\\/www.gold.fr\\\/news\\\/#\\\/schema\\\/person\\\/070491b4b4fb7671bf59b3be20302ce9\"},\"breadcrumb\":{\"@id\":\"https:\\\/\\\/www.gold.fr\\\/news\\\/2016\\\/03\\\/23\\\/marches-retour-relatif-du-calme-et-euro-en-baisse\\\/#breadcrumb\"},\"inLanguage\":\"fr-FR\",\"potentialAction\":[{\"@type\":\"ReadAction\",\"target\":[\"https:\\\/\\\/www.gold.fr\\\/news\\\/2016\\\/03\\\/23\\\/marches-retour-relatif-du-calme-et-euro-en-baisse\\\/\"]}]},{\"@type\":\"ImageObject\",\"inLanguage\":\"fr-FR\",\"@id\":\"https:\\\/\\\/www.gold.fr\\\/news\\\/2016\\\/03\\\/23\\\/marches-retour-relatif-du-calme-et-euro-en-baisse\\\/#primaryimage\",\"url\":\"https:\\\/\\\/www.gold.fr\\\/news\\\/wp-content\\\/uploads\\\/2016\\\/03\\\/europe-or-1-1-1.jpg\",\"contentUrl\":\"https:\\\/\\\/www.gold.fr\\\/news\\\/wp-content\\\/uploads\\\/2016\\\/03\\\/europe-or-1-1-1.jpg\",\"width\":600,\"height\":468,\"caption\":\"March\u00e9s : Retour relatif du calme et euro en baisse\"},{\"@type\":\"BreadcrumbList\",\"@id\":\"https:\\\/\\\/www.gold.fr\\\/news\\\/2016\\\/03\\\/23\\\/marches-retour-relatif-du-calme-et-euro-en-baisse\\\/#breadcrumb\",\"itemListElement\":[{\"@type\":\"ListItem\",\"position\":1,\"name\":\"Accueil\",\"item\":\"https:\\\/\\\/www.gold.fr\\\/\"},{\"@type\":\"ListItem\",\"position\":2,\"name\":\"Actualit\u00e9s\",\"item\":\"https:\\\/\\\/www.gold.fr\\\/news\\\/\"},{\"@type\":\"ListItem\",\"position\":3,\"name\":\"March\u00e9s : Retour relatif du calme et euro en baisse\"}]},{\"@type\":\"WebSite\",\"@id\":\"https:\\\/\\\/www.gold.fr\\\/news\\\/#website\",\"url\":\"https:\\\/\\\/www.gold.fr\\\/news\\\/\",\"name\":\"Gold.fr\",\"description\":\"Actualit\u00e9s de l&#039;Or et des m\u00e9taux pr\u00e9cieux\",\"potentialAction\":[{\"@type\":\"SearchAction\",\"target\":{\"@type\":\"EntryPoint\",\"urlTemplate\":\"https:\\\/\\\/www.gold.fr\\\/news\\\/?s={search_term_string}\"},\"query-input\":{\"@type\":\"PropertyValueSpecification\",\"valueRequired\":true,\"valueName\":\"search_term_string\"}}],\"inLanguage\":\"fr-FR\"},{\"@type\":\"Person\",\"@id\":\"https:\\\/\\\/www.gold.fr\\\/news\\\/#\\\/schema\\\/person\\\/070491b4b4fb7671bf59b3be20302ce9\",\"name\":\"Comptoir National de l'Or\",\"image\":{\"@type\":\"ImageObject\",\"inLanguage\":\"fr-FR\",\"@id\":\"https:\\\/\\\/secure.gravatar.com\\\/avatar\\\/0a2867fd5abe37bed95d5a65e9d58f01756e11efc68af9888dfc50cfa7f65948?s=96&d=mm&r=gb490554db0a38188709de567aa58480d\",\"url\":\"https:\\\/\\\/secure.gravatar.com\\\/avatar\\\/0a2867fd5abe37bed95d5a65e9d58f01756e11efc68af9888dfc50cfa7f65948?s=96&d=mm&r=g\",\"contentUrl\":\"https:\\\/\\\/secure.gravatar.com\\\/avatar\\\/0a2867fd5abe37bed95d5a65e9d58f01756e11efc68af9888dfc50cfa7f65948?s=96&d=mm&r=g\",\"caption\":\"Comptoir National de l'Or\"},\"description\":\"Notre r\u00e9daction est constitu\u00e9e de membres experts dans les m\u00e9tiers de l'\u00e9conomie et la gestion, des Responsables d'agence Comptoir National de l'Or, des analystes financiers qui publient r\u00e9guli\u00e8rement des \u00e9tudes sur les politiques des banques centrales, le cours de l'or, prix de l'or, cours de l'argent, prix de l'argent, cours du platine, cours du palladium,... la situation en zone euro et l'impact de la strat\u00e9gie mon\u00e9taire de la FED. Notre \u00e9quipe scrute \u00e9galement une information plus g\u00e9n\u00e9raliste \u00e0 la recherche d'actualit\u00e9 \\\"p\u00e9pite\\\" \u00e0 vous partager. Depuis 5 ans, nous avons publi\u00e9 un peu plus de 4000 articles qui s'adressent \u00e0 un public large et vari\u00e9 ayant pour objectif de satisfaire votre curiosit\u00e9 et de partager avec vous une certaine fascination pour le m\u00e9tal jaune, le rachat d'or, et pour ceux qui veulent investir dans l'or, vendre leur or tout simplement en savoir plus... Pour tous vos achat or et argent, n'h\u00e9sitez pas \u00e0 prendre rendez-vous dans l'un de nos nombreux comptoirs.\",\"sameAs\":[\"https:\\\/\\\/www.gold.fr\"]}]}<\/script>\n<!-- \/ Yoast SEO plugin. -->","yoast_head_json":{"title":"March\u00e9s : Retour relatif du calme et euro en baisse - Gold.fr","robots":{"index":"index","follow":"follow","max-snippet":"max-snippet:-1","max-image-preview":"max-image-preview:large","max-video-preview":"max-video-preview:-1"},"canonical":"https:\/\/www.gold.fr\/news\/2016\/03\/23\/marches-retour-relatif-du-calme-et-euro-en-baisse\/","og_locale":"fr_FR","og_type":"article","og_title":"March\u00e9s : Retour relatif du calme et euro en baisse - Gold.fr","og_description":"Les principales places boursi\u00e8res europ\u00e9ennes reprennent aujourd&rsquo;hui une activit\u00e9 plus ou moins \u00e9quilibr\u00e9e, naviguant respectivement entre performance relativement baissi\u00e8re et tentatives de stabilisation. Seul le march\u00e9 des devises affiche une tendance claire et solide ; la [&hellip;]","og_url":"https:\/\/www.gold.fr\/news\/2016\/03\/23\/marches-retour-relatif-du-calme-et-euro-en-baisse\/","og_site_name":"Gold.fr","article_publisher":"https:\/\/www.facebook.com\/Goldfr\/","article_published_time":"2016-03-23T16:00:03+00:00","article_modified_time":"2018-03-19T10:17:58+00:00","og_image":[{"width":600,"height":468,"url":"https:\/\/www.gold.fr\/news\/wp-content\/uploads\/2016\/03\/europe-or-1-1-1.jpg","type":"image\/jpeg"}],"author":"Comptoir National de l'Or","twitter_card":"summary_large_image","twitter_misc":{"\u00c9crit par":"Comptoir National de l'Or","Dur\u00e9e de lecture estim\u00e9e":"1 minute"},"schema":{"@context":"https:\/\/schema.org","@graph":[{"@type":"Article","@id":"https:\/\/www.gold.fr\/news\/2016\/03\/23\/marches-retour-relatif-du-calme-et-euro-en-baisse\/#article","isPartOf":{"@id":"https:\/\/www.gold.fr\/news\/2016\/03\/23\/marches-retour-relatif-du-calme-et-euro-en-baisse\/"},"author":{"name":"Comptoir National de l'Or","@id":"https:\/\/www.gold.fr\/news\/#\/schema\/person\/070491b4b4fb7671bf59b3be20302ce9"},"headline":"March\u00e9s : Retour relatif du calme et euro en baisse","datePublished":"2016-03-23T16:00:03+00:00","dateModified":"2018-03-19T10:17:58+00:00","mainEntityOfPage":{"@id":"https:\/\/www.gold.fr\/news\/2016\/03\/23\/marches-retour-relatif-du-calme-et-euro-en-baisse\/"},"wordCount":275,"commentCount":0,"image":{"@id":"https:\/\/www.gold.fr\/news\/2016\/03\/23\/marches-retour-relatif-du-calme-et-euro-en-baisse\/#primaryimage"},"thumbnailUrl":"https:\/\/www.gold.fr\/news\/wp-content\/uploads\/2016\/03\/europe-or-1-1-1.jpg","keywords":["euro","march\u00e9s"],"articleSection":["Articles de presse"],"inLanguage":"fr-FR"},{"@type":"WebPage","@id":"https:\/\/www.gold.fr\/news\/2016\/03\/23\/marches-retour-relatif-du-calme-et-euro-en-baisse\/","url":"https:\/\/www.gold.fr\/news\/2016\/03\/23\/marches-retour-relatif-du-calme-et-euro-en-baisse\/","name":"March\u00e9s : Retour relatif du calme et euro en baisse - Gold.fr","isPartOf":{"@id":"https:\/\/www.gold.fr\/news\/#website"},"primaryImageOfPage":{"@id":"https:\/\/www.gold.fr\/news\/2016\/03\/23\/marches-retour-relatif-du-calme-et-euro-en-baisse\/#primaryimage"},"image":{"@id":"https:\/\/www.gold.fr\/news\/2016\/03\/23\/marches-retour-relatif-du-calme-et-euro-en-baisse\/#primaryimage"},"thumbnailUrl":"https:\/\/www.gold.fr\/news\/wp-content\/uploads\/2016\/03\/europe-or-1-1-1.jpg","datePublished":"2016-03-23T16:00:03+00:00","dateModified":"2018-03-19T10:17:58+00:00","author":{"@id":"https:\/\/www.gold.fr\/news\/#\/schema\/person\/070491b4b4fb7671bf59b3be20302ce9"},"breadcrumb":{"@id":"https:\/\/www.gold.fr\/news\/2016\/03\/23\/marches-retour-relatif-du-calme-et-euro-en-baisse\/#breadcrumb"},"inLanguage":"fr-FR","potentialAction":[{"@type":"ReadAction","target":["https:\/\/www.gold.fr\/news\/2016\/03\/23\/marches-retour-relatif-du-calme-et-euro-en-baisse\/"]}]},{"@type":"ImageObject","inLanguage":"fr-FR","@id":"https:\/\/www.gold.fr\/news\/2016\/03\/23\/marches-retour-relatif-du-calme-et-euro-en-baisse\/#primaryimage","url":"https:\/\/www.gold.fr\/news\/wp-content\/uploads\/2016\/03\/europe-or-1-1-1.jpg","contentUrl":"https:\/\/www.gold.fr\/news\/wp-content\/uploads\/2016\/03\/europe-or-1-1-1.jpg","width":600,"height":468,"caption":"March\u00e9s : Retour relatif du calme et euro en baisse"},{"@type":"BreadcrumbList","@id":"https:\/\/www.gold.fr\/news\/2016\/03\/23\/marches-retour-relatif-du-calme-et-euro-en-baisse\/#breadcrumb","itemListElement":[{"@type":"ListItem","position":1,"name":"Accueil","item":"https:\/\/www.gold.fr\/"},{"@type":"ListItem","position":2,"name":"Actualit\u00e9s","item":"https:\/\/www.gold.fr\/news\/"},{"@type":"ListItem","position":3,"name":"March\u00e9s : Retour relatif du calme et euro en baisse"}]},{"@type":"WebSite","@id":"https:\/\/www.gold.fr\/news\/#website","url":"https:\/\/www.gold.fr\/news\/","name":"Gold.fr","description":"Actualit\u00e9s de l&#039;Or et des m\u00e9taux pr\u00e9cieux","potentialAction":[{"@type":"SearchAction","target":{"@type":"EntryPoint","urlTemplate":"https:\/\/www.gold.fr\/news\/?s={search_term_string}"},"query-input":{"@type":"PropertyValueSpecification","valueRequired":true,"valueName":"search_term_string"}}],"inLanguage":"fr-FR"},{"@type":"Person","@id":"https:\/\/www.gold.fr\/news\/#\/schema\/person\/070491b4b4fb7671bf59b3be20302ce9","name":"Comptoir National de l'Or","image":{"@type":"ImageObject","inLanguage":"fr-FR","@id":"https:\/\/secure.gravatar.com\/avatar\/0a2867fd5abe37bed95d5a65e9d58f01756e11efc68af9888dfc50cfa7f65948?s=96&d=mm&r=gb490554db0a38188709de567aa58480d","url":"https:\/\/secure.gravatar.com\/avatar\/0a2867fd5abe37bed95d5a65e9d58f01756e11efc68af9888dfc50cfa7f65948?s=96&d=mm&r=g","contentUrl":"https:\/\/secure.gravatar.com\/avatar\/0a2867fd5abe37bed95d5a65e9d58f01756e11efc68af9888dfc50cfa7f65948?s=96&d=mm&r=g","caption":"Comptoir National de l'Or"},"description":"Notre r\u00e9daction est constitu\u00e9e de membres experts dans les m\u00e9tiers de l'\u00e9conomie et la gestion, des Responsables d'agence Comptoir National de l'Or, des analystes financiers qui publient r\u00e9guli\u00e8rement des \u00e9tudes sur les politiques des banques centrales, le cours de l'or, prix de l'or, cours de l'argent, prix de l'argent, cours du platine, cours du palladium,... la situation en zone euro et l'impact de la strat\u00e9gie mon\u00e9taire de la FED. Notre \u00e9quipe scrute \u00e9galement une information plus g\u00e9n\u00e9raliste \u00e0 la recherche d'actualit\u00e9 \"p\u00e9pite\" \u00e0 vous partager. Depuis 5 ans, nous avons publi\u00e9 un peu plus de 4000 articles qui s'adressent \u00e0 un public large et vari\u00e9 ayant pour objectif de satisfaire votre curiosit\u00e9 et de partager avec vous une certaine fascination pour le m\u00e9tal jaune, le rachat d'or, et pour ceux qui veulent investir dans l'or, vendre leur or tout simplement en savoir plus... Pour tous vos achat or et argent, n'h\u00e9sitez pas \u00e0 prendre rendez-vous dans l'un de nos nombreux comptoirs.","sameAs":["https:\/\/www.gold.fr"]}]}},"authors":[{"term_id":2565,"user_id":18,"is_guest":0,"slug":"julie","display_name":"Comptoir National de l'Or","avatar_url":"https:\/\/secure.gravatar.com\/avatar\/713f289e398d35ead876c4a4cc08607f0d6d266058cfc25683fffb6092d0e572?s=96&d=mm&r=g","0":null,"1":"","2":"","3":"","4":"","5":"","6":"","7":"","8":""}],"_links":{"self":[{"href":"https:\/\/www.gold.fr\/news\/wp-json\/wp\/v2\/posts\/19008","targetHints":{"allow":["GET"]}}],"collection":[{"href":"https:\/\/www.gold.fr\/news\/wp-json\/wp\/v2\/posts"}],"about":[{"href":"https:\/\/www.gold.fr\/news\/wp-json\/wp\/v2\/types\/post"}],"author":[{"embeddable":true,"href":"https:\/\/www.gold.fr\/news\/wp-json\/wp\/v2\/users\/18"}],"replies":[{"embeddable":true,"href":"https:\/\/www.gold.fr\/news\/wp-json\/wp\/v2\/comments?post=19008"}],"version-history":[{"count":0,"href":"https:\/\/www.gold.fr\/news\/wp-json\/wp\/v2\/posts\/19008\/revisions"}],"wp:featuredmedia":[{"embeddable":true,"href":"https:\/\/www.gold.fr\/news\/wp-json\/wp\/v2\/media\/31813"}],"wp:attachment":[{"href":"https:\/\/www.gold.fr\/news\/wp-json\/wp\/v2\/media?parent=19008"}],"wp:term":[{"taxonomy":"category","embeddable":true,"href":"https:\/\/www.gold.fr\/news\/wp-json\/wp\/v2\/categories?post=19008"},{"taxonomy":"post_tag","embeddable":true,"href":"https:\/\/www.gold.fr\/news\/wp-json\/wp\/v2\/tags?post=19008"},{"taxonomy":"author","embeddable":true,"href":"https:\/\/www.gold.fr\/news\/wp-json\/wp\/v2\/ppma_author?post=19008"}],"curies":[{"name":"wp","href":"https:\/\/api.w.org\/{rel}","templated":true}]}}