{"id":18970,"date":"2016-03-17T09:00:56","date_gmt":"2016-03-17T08:00:56","guid":{"rendered":"https:\/\/www.gold.fr\/news\/?p=18970"},"modified":"2018-03-16T17:20:32","modified_gmt":"2018-03-16T16:20:32","slug":"marches-yellen-diffuse-une-vague-de-soulagement","status":"publish","type":"post","link":"https:\/\/www.gold.fr\/news\/2016\/03\/17\/marches-yellen-diffuse-une-vague-de-soulagement\/","title":{"rendered":"March\u00e9s : Yellen diffuse une vague de soulagement"},"content":{"rendered":"<p><span style=\"font-size: small;\">\u00a0<img loading=\"lazy\" decoding=\"async\" class=\"alignleft wp-image-31783 size-thumbnail\" title=\"March\u00e9s : Yellen diffuse une vague de soulagement\" src=\"https:\/\/www.gold.fr\/news\/wp-content\/uploads\/2016\/03\/monde-or-150x150.jpg\" alt=\"March\u00e9s : Yellen diffuse une vague de soulagement\" width=\"150\" height=\"150\" \/>Le discours de la pr\u00e9sidente de la r\u00e9serve f\u00e9d\u00e9rale am\u00e9ricaine n&rsquo;aura pas d\u00e9\u00e7u les attentes des investisseurs, demeurant \u00e9galement conforme aux pr\u00e9visions des \u00e9conomistes. Le comit\u00e9 de direction de la politique mon\u00e9taire <strong>FED<\/strong> a en effet d\u00e9cid\u00e9 de maintenir un statu quo, traduisant ainsi la volont\u00e9 de l&rsquo;institution d&rsquo;adopter une strat\u00e9gie accommodante qui rompt, du coup, avec le cheminement de s\u00e9v\u00e9rit\u00e9 entam\u00e9 en d\u00e9cembre dernier.<\/span><\/p>\n<p><span style=\"font-size: small;\">En tout cas, le message rassurant de la r\u00e9serve f\u00e9d\u00e9rale am\u00e9ricaine a \u00e9t\u00e9 entendu haut et fort par les march\u00e9s d&rsquo;<a class=\"esk-seo-plu-link\" href=\"https:\/\/www.gold.fr\/news\/tags\/investissement\">investissement<\/a>. La <strong>FED<\/strong> a en effet annonc\u00e9 qu&rsquo;elle allait maintenir ses taux d&rsquo;int\u00e9r\u00eat directeurs inchang\u00e9s, insinuant, dans la foul\u00e9e, qu&rsquo;elle continuerait \u00e0 adopter cette strat\u00e9gie accommodante pour au moins encore quelques mois. Sylvain Loganadin, analyste DailyFX pour FXCM, a comment\u00e9 le discours Yellen en soulignant que \u00ab <em>une hausse des taux en 2016 semble de moins en moins probable car la Fed souhaite soutenir une hausse durable de l&rsquo;inflation<\/em> \u00bb. <\/span><\/p>\n<p><span style=\"font-size: small;\">Rappelons effectivement que le communiqu\u00e9 <strong>FOMC<\/strong> a bien pr\u00e9cis\u00e9 que les chiffres de l&rsquo;inflation demeuraient encore bien loin des niveaux vis\u00e9s (\u00e0 savoir ;<strong> +1,8%<\/strong> en <strong>2017<\/strong> et <strong>+2%<\/strong> en <strong>2018<\/strong>). Loganadin estime donc naturellement que \u00ab<em> dans ce contexte, une nouvelle hausse de taux serait donc pr\u00e9matur\u00e9e et annihilerait tout espoir de reprise \u00e9conomique \u00e0 moyen terme<\/em> \u00bb.<\/span> <span style=\"font-size: small;\">Sur le plan macro\u00e9conomique, la s\u00e9ance du jour offrira plusieurs annonces et statistiques relativement importantes, dont notamment l&rsquo;annonce de la Banque d&rsquo;Angleterre concernant sa politique mon\u00e9taire, ou encore les chiffres relatifs aux inscriptions aux allocations ch\u00f4mage US et l&rsquo;indice de la Fed de Philadelphie.<\/span><\/p>\n<!-- AddThis Advanced Settings generic via filter on the_content --><!-- AddThis Share Buttons generic via filter on the_content -->","protected":false},"excerpt":{"rendered":"<p>\u00a0Le discours de la pr\u00e9sidente de la r\u00e9serve f\u00e9d\u00e9rale am\u00e9ricaine n&rsquo;aura pas d\u00e9\u00e7u les attentes des investisseurs, demeurant \u00e9galement conforme aux pr\u00e9visions des \u00e9conomistes. Le comit\u00e9 de direction de la politique mon\u00e9taire FED a en effet [&hellip;]<\/p>\n","protected":false},"author":18,"featured_media":31783,"comment_status":"open","ping_status":"open","sticky":false,"template":"","format":"standard","meta":{"_mbp_gutenberg_autopost":false,"_pgmb_is_evergreen":false,"_pgmb_ap_template_id":0,"footnotes":""},"categories":[6],"tags":[144,105,1810],"ppma_author":[2565],"class_list":["post-18970","post","type-post","status-publish","format-standard","has-post-thumbnail","hentry","category-articles-de-presse","tag-fed","tag-marche","tag-yellen"],"yoast_head":"<!-- This site is optimized with the Yoast SEO plugin v27.5 - https:\/\/yoast.com\/product\/yoast-seo-wordpress\/ -->\n<title>March\u00e9s : Yellen diffuse une vague de soulagement - Gold.fr<\/title>\n<meta name=\"robots\" content=\"index, follow, max-snippet:-1, max-image-preview:large, max-video-preview:-1\" \/>\n<link rel=\"canonical\" href=\"https:\/\/www.gold.fr\/news\/2016\/03\/17\/marches-yellen-diffuse-une-vague-de-soulagement\/\" \/>\n<meta property=\"og:locale\" content=\"fr_FR\" \/>\n<meta property=\"og:type\" content=\"article\" \/>\n<meta property=\"og:title\" content=\"March\u00e9s : Yellen diffuse une vague de soulagement - Gold.fr\" \/>\n<meta property=\"og:description\" content=\"\u00a0Le discours de la pr\u00e9sidente de la r\u00e9serve f\u00e9d\u00e9rale am\u00e9ricaine n&rsquo;aura pas d\u00e9\u00e7u les attentes des investisseurs, demeurant \u00e9galement conforme aux pr\u00e9visions des \u00e9conomistes. Le comit\u00e9 de direction de la politique mon\u00e9taire FED a en effet [&hellip;]\" \/>\n<meta property=\"og:url\" content=\"https:\/\/www.gold.fr\/news\/2016\/03\/17\/marches-yellen-diffuse-une-vague-de-soulagement\/\" \/>\n<meta property=\"og:site_name\" content=\"Gold.fr\" \/>\n<meta property=\"article:publisher\" content=\"https:\/\/www.facebook.com\/Goldfr\/\" \/>\n<meta property=\"article:published_time\" content=\"2016-03-17T08:00:56+00:00\" \/>\n<meta property=\"article:modified_time\" content=\"2018-03-16T16:20:32+00:00\" \/>\n<meta property=\"og:image\" content=\"https:\/\/www.gold.fr\/news\/wp-content\/uploads\/2016\/03\/monde-or.jpg\" \/>\n\t<meta property=\"og:image:width\" content=\"600\" \/>\n\t<meta property=\"og:image:height\" content=\"400\" \/>\n\t<meta property=\"og:image:type\" content=\"image\/jpeg\" \/>\n<meta name=\"author\" content=\"Comptoir National de l&#039;Or\" \/>\n<meta name=\"twitter:card\" content=\"summary_large_image\" \/>\n<meta name=\"twitter:label1\" content=\"\u00c9crit par\" \/>\n\t<meta name=\"twitter:data1\" content=\"Comptoir National de l&#039;Or\" \/>\n\t<meta name=\"twitter:label2\" content=\"Dur\u00e9e de lecture estim\u00e9e\" \/>\n\t<meta name=\"twitter:data2\" content=\"1 minute\" \/>\n<script type=\"application\/ld+json\" class=\"yoast-schema-graph\">{\"@context\":\"https:\\\/\\\/schema.org\",\"@graph\":[{\"@type\":\"Article\",\"@id\":\"https:\\\/\\\/www.gold.fr\\\/news\\\/2016\\\/03\\\/17\\\/marches-yellen-diffuse-une-vague-de-soulagement\\\/#article\",\"isPartOf\":{\"@id\":\"https:\\\/\\\/www.gold.fr\\\/news\\\/2016\\\/03\\\/17\\\/marches-yellen-diffuse-une-vague-de-soulagement\\\/\"},\"author\":{\"name\":\"Comptoir National de l'Or\",\"@id\":\"https:\\\/\\\/www.gold.fr\\\/news\\\/#\\\/schema\\\/person\\\/070491b4b4fb7671bf59b3be20302ce9\"},\"headline\":\"March\u00e9s : Yellen diffuse une vague de soulagement\",\"datePublished\":\"2016-03-17T08:00:56+00:00\",\"dateModified\":\"2018-03-16T16:20:32+00:00\",\"mainEntityOfPage\":{\"@id\":\"https:\\\/\\\/www.gold.fr\\\/news\\\/2016\\\/03\\\/17\\\/marches-yellen-diffuse-une-vague-de-soulagement\\\/\"},\"wordCount\":296,\"commentCount\":0,\"image\":{\"@id\":\"https:\\\/\\\/www.gold.fr\\\/news\\\/2016\\\/03\\\/17\\\/marches-yellen-diffuse-une-vague-de-soulagement\\\/#primaryimage\"},\"thumbnailUrl\":\"https:\\\/\\\/www.gold.fr\\\/news\\\/wp-content\\\/uploads\\\/2016\\\/03\\\/monde-or.jpg\",\"keywords\":[\"fed\",\"march\u00e9\",\"yellen\"],\"articleSection\":[\"Articles de presse\"],\"inLanguage\":\"fr-FR\"},{\"@type\":\"WebPage\",\"@id\":\"https:\\\/\\\/www.gold.fr\\\/news\\\/2016\\\/03\\\/17\\\/marches-yellen-diffuse-une-vague-de-soulagement\\\/\",\"url\":\"https:\\\/\\\/www.gold.fr\\\/news\\\/2016\\\/03\\\/17\\\/marches-yellen-diffuse-une-vague-de-soulagement\\\/\",\"name\":\"March\u00e9s : Yellen diffuse une vague de soulagement - Gold.fr\",\"isPartOf\":{\"@id\":\"https:\\\/\\\/www.gold.fr\\\/news\\\/#website\"},\"primaryImageOfPage\":{\"@id\":\"https:\\\/\\\/www.gold.fr\\\/news\\\/2016\\\/03\\\/17\\\/marches-yellen-diffuse-une-vague-de-soulagement\\\/#primaryimage\"},\"image\":{\"@id\":\"https:\\\/\\\/www.gold.fr\\\/news\\\/2016\\\/03\\\/17\\\/marches-yellen-diffuse-une-vague-de-soulagement\\\/#primaryimage\"},\"thumbnailUrl\":\"https:\\\/\\\/www.gold.fr\\\/news\\\/wp-content\\\/uploads\\\/2016\\\/03\\\/monde-or.jpg\",\"datePublished\":\"2016-03-17T08:00:56+00:00\",\"dateModified\":\"2018-03-16T16:20:32+00:00\",\"author\":{\"@id\":\"https:\\\/\\\/www.gold.fr\\\/news\\\/#\\\/schema\\\/person\\\/070491b4b4fb7671bf59b3be20302ce9\"},\"breadcrumb\":{\"@id\":\"https:\\\/\\\/www.gold.fr\\\/news\\\/2016\\\/03\\\/17\\\/marches-yellen-diffuse-une-vague-de-soulagement\\\/#breadcrumb\"},\"inLanguage\":\"fr-FR\",\"potentialAction\":[{\"@type\":\"ReadAction\",\"target\":[\"https:\\\/\\\/www.gold.fr\\\/news\\\/2016\\\/03\\\/17\\\/marches-yellen-diffuse-une-vague-de-soulagement\\\/\"]}]},{\"@type\":\"ImageObject\",\"inLanguage\":\"fr-FR\",\"@id\":\"https:\\\/\\\/www.gold.fr\\\/news\\\/2016\\\/03\\\/17\\\/marches-yellen-diffuse-une-vague-de-soulagement\\\/#primaryimage\",\"url\":\"https:\\\/\\\/www.gold.fr\\\/news\\\/wp-content\\\/uploads\\\/2016\\\/03\\\/monde-or.jpg\",\"contentUrl\":\"https:\\\/\\\/www.gold.fr\\\/news\\\/wp-content\\\/uploads\\\/2016\\\/03\\\/monde-or.jpg\",\"width\":600,\"height\":400,\"caption\":\"March\u00e9s : Yellen diffuse une vague de soulagement\"},{\"@type\":\"BreadcrumbList\",\"@id\":\"https:\\\/\\\/www.gold.fr\\\/news\\\/2016\\\/03\\\/17\\\/marches-yellen-diffuse-une-vague-de-soulagement\\\/#breadcrumb\",\"itemListElement\":[{\"@type\":\"ListItem\",\"position\":1,\"name\":\"Accueil\",\"item\":\"https:\\\/\\\/www.gold.fr\\\/\"},{\"@type\":\"ListItem\",\"position\":2,\"name\":\"Actualit\u00e9s\",\"item\":\"https:\\\/\\\/www.gold.fr\\\/news\\\/\"},{\"@type\":\"ListItem\",\"position\":3,\"name\":\"March\u00e9s : Yellen diffuse une vague de soulagement\"}]},{\"@type\":\"WebSite\",\"@id\":\"https:\\\/\\\/www.gold.fr\\\/news\\\/#website\",\"url\":\"https:\\\/\\\/www.gold.fr\\\/news\\\/\",\"name\":\"Gold.fr\",\"description\":\"Actualit\u00e9s de l&#039;Or et des m\u00e9taux pr\u00e9cieux\",\"potentialAction\":[{\"@type\":\"SearchAction\",\"target\":{\"@type\":\"EntryPoint\",\"urlTemplate\":\"https:\\\/\\\/www.gold.fr\\\/news\\\/?s={search_term_string}\"},\"query-input\":{\"@type\":\"PropertyValueSpecification\",\"valueRequired\":true,\"valueName\":\"search_term_string\"}}],\"inLanguage\":\"fr-FR\"},{\"@type\":\"Person\",\"@id\":\"https:\\\/\\\/www.gold.fr\\\/news\\\/#\\\/schema\\\/person\\\/070491b4b4fb7671bf59b3be20302ce9\",\"name\":\"Comptoir National de l'Or\",\"image\":{\"@type\":\"ImageObject\",\"inLanguage\":\"fr-FR\",\"@id\":\"https:\\\/\\\/secure.gravatar.com\\\/avatar\\\/0a2867fd5abe37bed95d5a65e9d58f01756e11efc68af9888dfc50cfa7f65948?s=96&d=mm&r=gb490554db0a38188709de567aa58480d\",\"url\":\"https:\\\/\\\/secure.gravatar.com\\\/avatar\\\/0a2867fd5abe37bed95d5a65e9d58f01756e11efc68af9888dfc50cfa7f65948?s=96&d=mm&r=g\",\"contentUrl\":\"https:\\\/\\\/secure.gravatar.com\\\/avatar\\\/0a2867fd5abe37bed95d5a65e9d58f01756e11efc68af9888dfc50cfa7f65948?s=96&d=mm&r=g\",\"caption\":\"Comptoir National de l'Or\"},\"description\":\"Notre r\u00e9daction est constitu\u00e9e de membres experts dans les m\u00e9tiers de l'\u00e9conomie et la gestion, des Responsables d'agence Comptoir National de l'Or, des analystes financiers qui publient r\u00e9guli\u00e8rement des \u00e9tudes sur les politiques des banques centrales, le cours de l'or, prix de l'or, cours de l'argent, prix de l'argent, cours du platine, cours du palladium,... la situation en zone euro et l'impact de la strat\u00e9gie mon\u00e9taire de la FED. Notre \u00e9quipe scrute \u00e9galement une information plus g\u00e9n\u00e9raliste \u00e0 la recherche d'actualit\u00e9 \\\"p\u00e9pite\\\" \u00e0 vous partager. Depuis 5 ans, nous avons publi\u00e9 un peu plus de 4000 articles qui s'adressent \u00e0 un public large et vari\u00e9 ayant pour objectif de satisfaire votre curiosit\u00e9 et de partager avec vous une certaine fascination pour le m\u00e9tal jaune, le rachat d'or, et pour ceux qui veulent investir dans l'or, vendre leur or tout simplement en savoir plus... Pour tous vos achat or et argent, n'h\u00e9sitez pas \u00e0 prendre rendez-vous dans l'un de nos nombreux comptoirs.\",\"sameAs\":[\"https:\\\/\\\/www.gold.fr\"]}]}<\/script>\n<!-- \/ Yoast SEO plugin. -->","yoast_head_json":{"title":"March\u00e9s : Yellen diffuse une vague de soulagement - Gold.fr","robots":{"index":"index","follow":"follow","max-snippet":"max-snippet:-1","max-image-preview":"max-image-preview:large","max-video-preview":"max-video-preview:-1"},"canonical":"https:\/\/www.gold.fr\/news\/2016\/03\/17\/marches-yellen-diffuse-une-vague-de-soulagement\/","og_locale":"fr_FR","og_type":"article","og_title":"March\u00e9s : Yellen diffuse une vague de soulagement - Gold.fr","og_description":"\u00a0Le discours de la pr\u00e9sidente de la r\u00e9serve f\u00e9d\u00e9rale am\u00e9ricaine n&rsquo;aura pas d\u00e9\u00e7u les attentes des investisseurs, demeurant \u00e9galement conforme aux pr\u00e9visions des \u00e9conomistes. Le comit\u00e9 de direction de la politique mon\u00e9taire FED a en effet [&hellip;]","og_url":"https:\/\/www.gold.fr\/news\/2016\/03\/17\/marches-yellen-diffuse-une-vague-de-soulagement\/","og_site_name":"Gold.fr","article_publisher":"https:\/\/www.facebook.com\/Goldfr\/","article_published_time":"2016-03-17T08:00:56+00:00","article_modified_time":"2018-03-16T16:20:32+00:00","og_image":[{"width":600,"height":400,"url":"https:\/\/www.gold.fr\/news\/wp-content\/uploads\/2016\/03\/monde-or.jpg","type":"image\/jpeg"}],"author":"Comptoir National de l'Or","twitter_card":"summary_large_image","twitter_misc":{"\u00c9crit par":"Comptoir National de l'Or","Dur\u00e9e de lecture estim\u00e9e":"1 minute"},"schema":{"@context":"https:\/\/schema.org","@graph":[{"@type":"Article","@id":"https:\/\/www.gold.fr\/news\/2016\/03\/17\/marches-yellen-diffuse-une-vague-de-soulagement\/#article","isPartOf":{"@id":"https:\/\/www.gold.fr\/news\/2016\/03\/17\/marches-yellen-diffuse-une-vague-de-soulagement\/"},"author":{"name":"Comptoir National de l'Or","@id":"https:\/\/www.gold.fr\/news\/#\/schema\/person\/070491b4b4fb7671bf59b3be20302ce9"},"headline":"March\u00e9s : Yellen diffuse une vague de soulagement","datePublished":"2016-03-17T08:00:56+00:00","dateModified":"2018-03-16T16:20:32+00:00","mainEntityOfPage":{"@id":"https:\/\/www.gold.fr\/news\/2016\/03\/17\/marches-yellen-diffuse-une-vague-de-soulagement\/"},"wordCount":296,"commentCount":0,"image":{"@id":"https:\/\/www.gold.fr\/news\/2016\/03\/17\/marches-yellen-diffuse-une-vague-de-soulagement\/#primaryimage"},"thumbnailUrl":"https:\/\/www.gold.fr\/news\/wp-content\/uploads\/2016\/03\/monde-or.jpg","keywords":["fed","march\u00e9","yellen"],"articleSection":["Articles de presse"],"inLanguage":"fr-FR"},{"@type":"WebPage","@id":"https:\/\/www.gold.fr\/news\/2016\/03\/17\/marches-yellen-diffuse-une-vague-de-soulagement\/","url":"https:\/\/www.gold.fr\/news\/2016\/03\/17\/marches-yellen-diffuse-une-vague-de-soulagement\/","name":"March\u00e9s : Yellen diffuse une vague de soulagement - Gold.fr","isPartOf":{"@id":"https:\/\/www.gold.fr\/news\/#website"},"primaryImageOfPage":{"@id":"https:\/\/www.gold.fr\/news\/2016\/03\/17\/marches-yellen-diffuse-une-vague-de-soulagement\/#primaryimage"},"image":{"@id":"https:\/\/www.gold.fr\/news\/2016\/03\/17\/marches-yellen-diffuse-une-vague-de-soulagement\/#primaryimage"},"thumbnailUrl":"https:\/\/www.gold.fr\/news\/wp-content\/uploads\/2016\/03\/monde-or.jpg","datePublished":"2016-03-17T08:00:56+00:00","dateModified":"2018-03-16T16:20:32+00:00","author":{"@id":"https:\/\/www.gold.fr\/news\/#\/schema\/person\/070491b4b4fb7671bf59b3be20302ce9"},"breadcrumb":{"@id":"https:\/\/www.gold.fr\/news\/2016\/03\/17\/marches-yellen-diffuse-une-vague-de-soulagement\/#breadcrumb"},"inLanguage":"fr-FR","potentialAction":[{"@type":"ReadAction","target":["https:\/\/www.gold.fr\/news\/2016\/03\/17\/marches-yellen-diffuse-une-vague-de-soulagement\/"]}]},{"@type":"ImageObject","inLanguage":"fr-FR","@id":"https:\/\/www.gold.fr\/news\/2016\/03\/17\/marches-yellen-diffuse-une-vague-de-soulagement\/#primaryimage","url":"https:\/\/www.gold.fr\/news\/wp-content\/uploads\/2016\/03\/monde-or.jpg","contentUrl":"https:\/\/www.gold.fr\/news\/wp-content\/uploads\/2016\/03\/monde-or.jpg","width":600,"height":400,"caption":"March\u00e9s : Yellen diffuse une vague de soulagement"},{"@type":"BreadcrumbList","@id":"https:\/\/www.gold.fr\/news\/2016\/03\/17\/marches-yellen-diffuse-une-vague-de-soulagement\/#breadcrumb","itemListElement":[{"@type":"ListItem","position":1,"name":"Accueil","item":"https:\/\/www.gold.fr\/"},{"@type":"ListItem","position":2,"name":"Actualit\u00e9s","item":"https:\/\/www.gold.fr\/news\/"},{"@type":"ListItem","position":3,"name":"March\u00e9s : Yellen diffuse une vague de soulagement"}]},{"@type":"WebSite","@id":"https:\/\/www.gold.fr\/news\/#website","url":"https:\/\/www.gold.fr\/news\/","name":"Gold.fr","description":"Actualit\u00e9s de l&#039;Or et des m\u00e9taux pr\u00e9cieux","potentialAction":[{"@type":"SearchAction","target":{"@type":"EntryPoint","urlTemplate":"https:\/\/www.gold.fr\/news\/?s={search_term_string}"},"query-input":{"@type":"PropertyValueSpecification","valueRequired":true,"valueName":"search_term_string"}}],"inLanguage":"fr-FR"},{"@type":"Person","@id":"https:\/\/www.gold.fr\/news\/#\/schema\/person\/070491b4b4fb7671bf59b3be20302ce9","name":"Comptoir National de l'Or","image":{"@type":"ImageObject","inLanguage":"fr-FR","@id":"https:\/\/secure.gravatar.com\/avatar\/0a2867fd5abe37bed95d5a65e9d58f01756e11efc68af9888dfc50cfa7f65948?s=96&d=mm&r=gb490554db0a38188709de567aa58480d","url":"https:\/\/secure.gravatar.com\/avatar\/0a2867fd5abe37bed95d5a65e9d58f01756e11efc68af9888dfc50cfa7f65948?s=96&d=mm&r=g","contentUrl":"https:\/\/secure.gravatar.com\/avatar\/0a2867fd5abe37bed95d5a65e9d58f01756e11efc68af9888dfc50cfa7f65948?s=96&d=mm&r=g","caption":"Comptoir National de l'Or"},"description":"Notre r\u00e9daction est constitu\u00e9e de membres experts dans les m\u00e9tiers de l'\u00e9conomie et la gestion, des Responsables d'agence Comptoir National de l'Or, des analystes financiers qui publient r\u00e9guli\u00e8rement des \u00e9tudes sur les politiques des banques centrales, le cours de l'or, prix de l'or, cours de l'argent, prix de l'argent, cours du platine, cours du palladium,... la situation en zone euro et l'impact de la strat\u00e9gie mon\u00e9taire de la FED. Notre \u00e9quipe scrute \u00e9galement une information plus g\u00e9n\u00e9raliste \u00e0 la recherche d'actualit\u00e9 \"p\u00e9pite\" \u00e0 vous partager. Depuis 5 ans, nous avons publi\u00e9 un peu plus de 4000 articles qui s'adressent \u00e0 un public large et vari\u00e9 ayant pour objectif de satisfaire votre curiosit\u00e9 et de partager avec vous une certaine fascination pour le m\u00e9tal jaune, le rachat d'or, et pour ceux qui veulent investir dans l'or, vendre leur or tout simplement en savoir plus... Pour tous vos achat or et argent, n'h\u00e9sitez pas \u00e0 prendre rendez-vous dans l'un de nos nombreux comptoirs.","sameAs":["https:\/\/www.gold.fr"]}]}},"authors":[{"term_id":2565,"user_id":18,"is_guest":0,"slug":"julie","display_name":"Comptoir National de l'Or","avatar_url":"https:\/\/secure.gravatar.com\/avatar\/713f289e398d35ead876c4a4cc08607f0d6d266058cfc25683fffb6092d0e572?s=96&d=mm&r=g","0":null,"1":"","2":"","3":"","4":"","5":"","6":"","7":"","8":""}],"_links":{"self":[{"href":"https:\/\/www.gold.fr\/news\/wp-json\/wp\/v2\/posts\/18970","targetHints":{"allow":["GET"]}}],"collection":[{"href":"https:\/\/www.gold.fr\/news\/wp-json\/wp\/v2\/posts"}],"about":[{"href":"https:\/\/www.gold.fr\/news\/wp-json\/wp\/v2\/types\/post"}],"author":[{"embeddable":true,"href":"https:\/\/www.gold.fr\/news\/wp-json\/wp\/v2\/users\/18"}],"replies":[{"embeddable":true,"href":"https:\/\/www.gold.fr\/news\/wp-json\/wp\/v2\/comments?post=18970"}],"version-history":[{"count":0,"href":"https:\/\/www.gold.fr\/news\/wp-json\/wp\/v2\/posts\/18970\/revisions"}],"wp:featuredmedia":[{"embeddable":true,"href":"https:\/\/www.gold.fr\/news\/wp-json\/wp\/v2\/media\/31783"}],"wp:attachment":[{"href":"https:\/\/www.gold.fr\/news\/wp-json\/wp\/v2\/media?parent=18970"}],"wp:term":[{"taxonomy":"category","embeddable":true,"href":"https:\/\/www.gold.fr\/news\/wp-json\/wp\/v2\/categories?post=18970"},{"taxonomy":"post_tag","embeddable":true,"href":"https:\/\/www.gold.fr\/news\/wp-json\/wp\/v2\/tags?post=18970"},{"taxonomy":"author","embeddable":true,"href":"https:\/\/www.gold.fr\/news\/wp-json\/wp\/v2\/ppma_author?post=18970"}],"curies":[{"name":"wp","href":"https:\/\/api.w.org\/{rel}","templated":true}]}}