{"id":18966,"date":"2016-03-16T17:00:58","date_gmt":"2016-03-16T16:00:58","guid":{"rendered":"https:\/\/www.gold.fr\/news\/?p=18966"},"modified":"2018-06-25T14:33:18","modified_gmt":"2018-06-25T12:33:18","slug":"communique-fed-des-previsions-de-prudence","status":"publish","type":"post","link":"https:\/\/www.gold.fr\/news\/2016\/03\/16\/communique-fed-des-previsions-de-prudence\/","title":{"rendered":"Communiqu\u00e9 FED : Des pr\u00e9visions de prudence"},"content":{"rendered":"<p><span style=\"font-size: small;\"><img loading=\"lazy\" decoding=\"async\" class=\"alignleft wp-image-4996 size-thumbnail\" title=\"Communiqu\u00e9 FED : Des pr\u00e9visions de prudence\" src=\"https:\/\/www.gold.fr\/news\/wp-content\/uploads\/2010\/12\/monde-or-150x150.jpg\" alt=\"Communiqu\u00e9 FED : Des pr\u00e9visions de prudence\" width=\"150\" height=\"150\" \/>Et c\u2019est actuellement l\u2019une des rares pr\u00e9visions qui r\u00e9unit unanimement l\u2019ensemble de la communaut\u00e9 experte. Certes, les observateurs s\u2019accordent \u00e9galement, de mani\u00e8re globale, \u00e0 annuler le sc\u00e9nario d\u2019un deuxi\u00e8me cran de rel\u00e8vement des taux de la <strong>FED<\/strong>, mais leurs pr\u00e9visions demeurent, par ailleurs, m\u00e9fiantes et largement marqu\u00e9es par la retenue.<\/span> <span style=\"font-size: small;\">Et si on guette avec autant d\u2019impatience le ton g\u00e9n\u00e9ral du discours Yellen, c\u2019est surtout parce qu\u2019on s\u2019attend \u00e0 y d\u00e9celer une note prononc\u00e9e de prudence dict\u00e9e essentiellement par la stagnation de plus en plus r\u00e9guli\u00e8re des march\u00e9s am\u00e9ricains, depuis la fin de l\u2019ann\u00e9e derni\u00e8re. <\/span><span style=\"font-size: small;\">Une stagnation ponctu\u00e9e occasionnellement par des phases d\u2019euphorie injustifi\u00e9es et inexplicables. De quoi susciter davantage l\u2019inqui\u00e9tude et la confusion des experts. <\/span>    <span style=\"font-size: small;\">Pour l\u2019heure, les statistiques publi\u00e9es cette semaine n\u2019apportent aucune lumi\u00e8re pertinente \u00e0 la situation, dans la mesure o\u00f9 elles \u00ab <em>ne plaident ni pour une attitude plus accommodante, ni pour un durcissement du discours de la r\u00e9serve f\u00e9d\u00e9rale am\u00e9ricaine<\/em> \u00bb.<\/span> <span style=\"font-size: small;\">Chez Barclays Bourse, on note surtout la r\u00e9action tout aussi m\u00e9fiante des investisseurs, soulignant que \u00ab<em> les march\u00e9s sont paralys\u00e9s<\/em> \u00bb, rappelant que \u00ab<em> l&rsquo;environnement international (incertitudes sur la croissance des \u00e9mergents) devrait la (Yellen) pousser \u00e0 attendre avant d&rsquo;annoncer une poursuite de la normalisation de sa politique mon\u00e9taire<\/em> \u00bb, et pr\u00e9voyant d\u2019ailleurs de les voir maintenir cette attitude prudente jusqu\u2019\u00e0 la fin de la conf\u00e9rence de presse que tiendra <strong>Yellen<\/strong>. On ne verra donc pas les volumes d\u2019\u00e9change conna\u00eetre une quelconque \u00e9volution significative avant la s\u00e9ance de vendredi.<\/span><\/p>\n<!-- AddThis Advanced Settings generic via filter on the_content --><!-- AddThis Share Buttons generic via filter on the_content -->","protected":false},"excerpt":{"rendered":"<p>Et c\u2019est actuellement l\u2019une des rares pr\u00e9visions qui r\u00e9unit unanimement l\u2019ensemble de la communaut\u00e9 experte. Certes, les observateurs s\u2019accordent \u00e9galement, de mani\u00e8re globale, \u00e0 annuler le sc\u00e9nario d\u2019un deuxi\u00e8me cran de rel\u00e8vement des taux de la [&hellip;]<\/p>\n","protected":false},"author":18,"featured_media":4996,"comment_status":"open","ping_status":"open","sticky":false,"template":"","format":"standard","meta":{"_mbp_gutenberg_autopost":false,"_pgmb_is_evergreen":false,"_pgmb_ap_template_id":0,"footnotes":""},"categories":[6],"tags":[144,1649,2157],"ppma_author":[2565],"class_list":["post-18966","post","type-post","status-publish","format-standard","has-post-thumbnail","hentry","category-articles-de-presse","tag-fed","tag-marches","tag-yelen"],"yoast_head":"<!-- This site is optimized with the Yoast SEO plugin v27.5 - https:\/\/yoast.com\/product\/yoast-seo-wordpress\/ -->\n<title>Communiqu\u00e9 FED : Des pr\u00e9visions de prudence - Gold.fr<\/title>\n<meta name=\"robots\" content=\"index, follow, max-snippet:-1, max-image-preview:large, max-video-preview:-1\" \/>\n<link rel=\"canonical\" href=\"https:\/\/www.gold.fr\/news\/2016\/03\/16\/communique-fed-des-previsions-de-prudence\/\" \/>\n<meta property=\"og:locale\" content=\"fr_FR\" \/>\n<meta property=\"og:type\" content=\"article\" \/>\n<meta property=\"og:title\" content=\"Communiqu\u00e9 FED : Des pr\u00e9visions de prudence - Gold.fr\" \/>\n<meta property=\"og:description\" content=\"Et c\u2019est actuellement l\u2019une des rares pr\u00e9visions qui r\u00e9unit unanimement l\u2019ensemble de la communaut\u00e9 experte. Certes, les observateurs s\u2019accordent \u00e9galement, de mani\u00e8re globale, \u00e0 annuler le sc\u00e9nario d\u2019un deuxi\u00e8me cran de rel\u00e8vement des taux de la [&hellip;]\" \/>\n<meta property=\"og:url\" content=\"https:\/\/www.gold.fr\/news\/2016\/03\/16\/communique-fed-des-previsions-de-prudence\/\" \/>\n<meta property=\"og:site_name\" content=\"Gold.fr\" \/>\n<meta property=\"article:publisher\" content=\"https:\/\/www.facebook.com\/Goldfr\/\" \/>\n<meta property=\"article:published_time\" content=\"2016-03-16T16:00:58+00:00\" \/>\n<meta property=\"article:modified_time\" content=\"2018-06-25T12:33:18+00:00\" \/>\n<meta property=\"og:image\" content=\"https:\/\/www.gold.fr\/news\/wp-content\/uploads\/2010\/12\/monde-or.jpg\" \/>\n\t<meta property=\"og:image:width\" content=\"600\" \/>\n\t<meta property=\"og:image:height\" content=\"450\" \/>\n\t<meta property=\"og:image:type\" content=\"image\/jpeg\" \/>\n<meta name=\"author\" content=\"Comptoir National de l&#039;Or\" \/>\n<meta name=\"twitter:card\" content=\"summary_large_image\" \/>\n<meta name=\"twitter:label1\" content=\"\u00c9crit par\" \/>\n\t<meta name=\"twitter:data1\" content=\"Comptoir National de l&#039;Or\" \/>\n\t<meta name=\"twitter:label2\" content=\"Dur\u00e9e de lecture estim\u00e9e\" \/>\n\t<meta name=\"twitter:data2\" content=\"1 minute\" \/>\n<script type=\"application\/ld+json\" class=\"yoast-schema-graph\">{\"@context\":\"https:\\\/\\\/schema.org\",\"@graph\":[{\"@type\":\"Article\",\"@id\":\"https:\\\/\\\/www.gold.fr\\\/news\\\/2016\\\/03\\\/16\\\/communique-fed-des-previsions-de-prudence\\\/#article\",\"isPartOf\":{\"@id\":\"https:\\\/\\\/www.gold.fr\\\/news\\\/2016\\\/03\\\/16\\\/communique-fed-des-previsions-de-prudence\\\/\"},\"author\":{\"name\":\"Comptoir National de l'Or\",\"@id\":\"https:\\\/\\\/www.gold.fr\\\/news\\\/#\\\/schema\\\/person\\\/070491b4b4fb7671bf59b3be20302ce9\"},\"headline\":\"Communiqu\u00e9 FED : Des pr\u00e9visions de prudence\",\"datePublished\":\"2016-03-16T16:00:58+00:00\",\"dateModified\":\"2018-06-25T12:33:18+00:00\",\"mainEntityOfPage\":{\"@id\":\"https:\\\/\\\/www.gold.fr\\\/news\\\/2016\\\/03\\\/16\\\/communique-fed-des-previsions-de-prudence\\\/\"},\"wordCount\":298,\"commentCount\":0,\"image\":{\"@id\":\"https:\\\/\\\/www.gold.fr\\\/news\\\/2016\\\/03\\\/16\\\/communique-fed-des-previsions-de-prudence\\\/#primaryimage\"},\"thumbnailUrl\":\"https:\\\/\\\/www.gold.fr\\\/news\\\/wp-content\\\/uploads\\\/2010\\\/12\\\/monde-or.jpg\",\"keywords\":[\"fed\",\"march\u00e9s\",\"Yelen\"],\"articleSection\":[\"Articles de presse\"],\"inLanguage\":\"fr-FR\"},{\"@type\":\"WebPage\",\"@id\":\"https:\\\/\\\/www.gold.fr\\\/news\\\/2016\\\/03\\\/16\\\/communique-fed-des-previsions-de-prudence\\\/\",\"url\":\"https:\\\/\\\/www.gold.fr\\\/news\\\/2016\\\/03\\\/16\\\/communique-fed-des-previsions-de-prudence\\\/\",\"name\":\"Communiqu\u00e9 FED : Des pr\u00e9visions de prudence - Gold.fr\",\"isPartOf\":{\"@id\":\"https:\\\/\\\/www.gold.fr\\\/news\\\/#website\"},\"primaryImageOfPage\":{\"@id\":\"https:\\\/\\\/www.gold.fr\\\/news\\\/2016\\\/03\\\/16\\\/communique-fed-des-previsions-de-prudence\\\/#primaryimage\"},\"image\":{\"@id\":\"https:\\\/\\\/www.gold.fr\\\/news\\\/2016\\\/03\\\/16\\\/communique-fed-des-previsions-de-prudence\\\/#primaryimage\"},\"thumbnailUrl\":\"https:\\\/\\\/www.gold.fr\\\/news\\\/wp-content\\\/uploads\\\/2010\\\/12\\\/monde-or.jpg\",\"datePublished\":\"2016-03-16T16:00:58+00:00\",\"dateModified\":\"2018-06-25T12:33:18+00:00\",\"author\":{\"@id\":\"https:\\\/\\\/www.gold.fr\\\/news\\\/#\\\/schema\\\/person\\\/070491b4b4fb7671bf59b3be20302ce9\"},\"breadcrumb\":{\"@id\":\"https:\\\/\\\/www.gold.fr\\\/news\\\/2016\\\/03\\\/16\\\/communique-fed-des-previsions-de-prudence\\\/#breadcrumb\"},\"inLanguage\":\"fr-FR\",\"potentialAction\":[{\"@type\":\"ReadAction\",\"target\":[\"https:\\\/\\\/www.gold.fr\\\/news\\\/2016\\\/03\\\/16\\\/communique-fed-des-previsions-de-prudence\\\/\"]}]},{\"@type\":\"ImageObject\",\"inLanguage\":\"fr-FR\",\"@id\":\"https:\\\/\\\/www.gold.fr\\\/news\\\/2016\\\/03\\\/16\\\/communique-fed-des-previsions-de-prudence\\\/#primaryimage\",\"url\":\"https:\\\/\\\/www.gold.fr\\\/news\\\/wp-content\\\/uploads\\\/2010\\\/12\\\/monde-or.jpg\",\"contentUrl\":\"https:\\\/\\\/www.gold.fr\\\/news\\\/wp-content\\\/uploads\\\/2010\\\/12\\\/monde-or.jpg\",\"width\":\"600\",\"height\":\"450\",\"caption\":\"Stagnation au niveau de l\u2019once\"},{\"@type\":\"BreadcrumbList\",\"@id\":\"https:\\\/\\\/www.gold.fr\\\/news\\\/2016\\\/03\\\/16\\\/communique-fed-des-previsions-de-prudence\\\/#breadcrumb\",\"itemListElement\":[{\"@type\":\"ListItem\",\"position\":1,\"name\":\"Accueil\",\"item\":\"https:\\\/\\\/www.gold.fr\\\/\"},{\"@type\":\"ListItem\",\"position\":2,\"name\":\"Actualit\u00e9s\",\"item\":\"https:\\\/\\\/www.gold.fr\\\/news\\\/\"},{\"@type\":\"ListItem\",\"position\":3,\"name\":\"Communiqu\u00e9 FED : Des pr\u00e9visions de prudence\"}]},{\"@type\":\"WebSite\",\"@id\":\"https:\\\/\\\/www.gold.fr\\\/news\\\/#website\",\"url\":\"https:\\\/\\\/www.gold.fr\\\/news\\\/\",\"name\":\"Gold.fr\",\"description\":\"Actualit\u00e9s de l&#039;Or et des m\u00e9taux pr\u00e9cieux\",\"potentialAction\":[{\"@type\":\"SearchAction\",\"target\":{\"@type\":\"EntryPoint\",\"urlTemplate\":\"https:\\\/\\\/www.gold.fr\\\/news\\\/?s={search_term_string}\"},\"query-input\":{\"@type\":\"PropertyValueSpecification\",\"valueRequired\":true,\"valueName\":\"search_term_string\"}}],\"inLanguage\":\"fr-FR\"},{\"@type\":\"Person\",\"@id\":\"https:\\\/\\\/www.gold.fr\\\/news\\\/#\\\/schema\\\/person\\\/070491b4b4fb7671bf59b3be20302ce9\",\"name\":\"Comptoir National de l'Or\",\"image\":{\"@type\":\"ImageObject\",\"inLanguage\":\"fr-FR\",\"@id\":\"https:\\\/\\\/secure.gravatar.com\\\/avatar\\\/0a2867fd5abe37bed95d5a65e9d58f01756e11efc68af9888dfc50cfa7f65948?s=96&d=mm&r=gb490554db0a38188709de567aa58480d\",\"url\":\"https:\\\/\\\/secure.gravatar.com\\\/avatar\\\/0a2867fd5abe37bed95d5a65e9d58f01756e11efc68af9888dfc50cfa7f65948?s=96&d=mm&r=g\",\"contentUrl\":\"https:\\\/\\\/secure.gravatar.com\\\/avatar\\\/0a2867fd5abe37bed95d5a65e9d58f01756e11efc68af9888dfc50cfa7f65948?s=96&d=mm&r=g\",\"caption\":\"Comptoir National de l'Or\"},\"description\":\"Notre r\u00e9daction est constitu\u00e9e de membres experts dans les m\u00e9tiers de l'\u00e9conomie et la gestion, des Responsables d'agence Comptoir National de l'Or, des analystes financiers qui publient r\u00e9guli\u00e8rement des \u00e9tudes sur les politiques des banques centrales, le cours de l'or, prix de l'or, cours de l'argent, prix de l'argent, cours du platine, cours du palladium,... la situation en zone euro et l'impact de la strat\u00e9gie mon\u00e9taire de la FED. Notre \u00e9quipe scrute \u00e9galement une information plus g\u00e9n\u00e9raliste \u00e0 la recherche d'actualit\u00e9 \\\"p\u00e9pite\\\" \u00e0 vous partager. Depuis 5 ans, nous avons publi\u00e9 un peu plus de 4000 articles qui s'adressent \u00e0 un public large et vari\u00e9 ayant pour objectif de satisfaire votre curiosit\u00e9 et de partager avec vous une certaine fascination pour le m\u00e9tal jaune, le rachat d'or, et pour ceux qui veulent investir dans l'or, vendre leur or tout simplement en savoir plus... Pour tous vos achat or et argent, n'h\u00e9sitez pas \u00e0 prendre rendez-vous dans l'un de nos nombreux comptoirs.\",\"sameAs\":[\"https:\\\/\\\/www.gold.fr\"]}]}<\/script>\n<!-- \/ Yoast SEO plugin. -->","yoast_head_json":{"title":"Communiqu\u00e9 FED : Des pr\u00e9visions de prudence - Gold.fr","robots":{"index":"index","follow":"follow","max-snippet":"max-snippet:-1","max-image-preview":"max-image-preview:large","max-video-preview":"max-video-preview:-1"},"canonical":"https:\/\/www.gold.fr\/news\/2016\/03\/16\/communique-fed-des-previsions-de-prudence\/","og_locale":"fr_FR","og_type":"article","og_title":"Communiqu\u00e9 FED : Des pr\u00e9visions de prudence - Gold.fr","og_description":"Et c\u2019est actuellement l\u2019une des rares pr\u00e9visions qui r\u00e9unit unanimement l\u2019ensemble de la communaut\u00e9 experte. Certes, les observateurs s\u2019accordent \u00e9galement, de mani\u00e8re globale, \u00e0 annuler le sc\u00e9nario d\u2019un deuxi\u00e8me cran de rel\u00e8vement des taux de la [&hellip;]","og_url":"https:\/\/www.gold.fr\/news\/2016\/03\/16\/communique-fed-des-previsions-de-prudence\/","og_site_name":"Gold.fr","article_publisher":"https:\/\/www.facebook.com\/Goldfr\/","article_published_time":"2016-03-16T16:00:58+00:00","article_modified_time":"2018-06-25T12:33:18+00:00","og_image":[{"width":600,"height":450,"url":"https:\/\/www.gold.fr\/news\/wp-content\/uploads\/2010\/12\/monde-or.jpg","type":"image\/jpeg"}],"author":"Comptoir National de l'Or","twitter_card":"summary_large_image","twitter_misc":{"\u00c9crit par":"Comptoir National de l'Or","Dur\u00e9e de lecture estim\u00e9e":"1 minute"},"schema":{"@context":"https:\/\/schema.org","@graph":[{"@type":"Article","@id":"https:\/\/www.gold.fr\/news\/2016\/03\/16\/communique-fed-des-previsions-de-prudence\/#article","isPartOf":{"@id":"https:\/\/www.gold.fr\/news\/2016\/03\/16\/communique-fed-des-previsions-de-prudence\/"},"author":{"name":"Comptoir National de l'Or","@id":"https:\/\/www.gold.fr\/news\/#\/schema\/person\/070491b4b4fb7671bf59b3be20302ce9"},"headline":"Communiqu\u00e9 FED : Des pr\u00e9visions de prudence","datePublished":"2016-03-16T16:00:58+00:00","dateModified":"2018-06-25T12:33:18+00:00","mainEntityOfPage":{"@id":"https:\/\/www.gold.fr\/news\/2016\/03\/16\/communique-fed-des-previsions-de-prudence\/"},"wordCount":298,"commentCount":0,"image":{"@id":"https:\/\/www.gold.fr\/news\/2016\/03\/16\/communique-fed-des-previsions-de-prudence\/#primaryimage"},"thumbnailUrl":"https:\/\/www.gold.fr\/news\/wp-content\/uploads\/2010\/12\/monde-or.jpg","keywords":["fed","march\u00e9s","Yelen"],"articleSection":["Articles de presse"],"inLanguage":"fr-FR"},{"@type":"WebPage","@id":"https:\/\/www.gold.fr\/news\/2016\/03\/16\/communique-fed-des-previsions-de-prudence\/","url":"https:\/\/www.gold.fr\/news\/2016\/03\/16\/communique-fed-des-previsions-de-prudence\/","name":"Communiqu\u00e9 FED : Des pr\u00e9visions de prudence - Gold.fr","isPartOf":{"@id":"https:\/\/www.gold.fr\/news\/#website"},"primaryImageOfPage":{"@id":"https:\/\/www.gold.fr\/news\/2016\/03\/16\/communique-fed-des-previsions-de-prudence\/#primaryimage"},"image":{"@id":"https:\/\/www.gold.fr\/news\/2016\/03\/16\/communique-fed-des-previsions-de-prudence\/#primaryimage"},"thumbnailUrl":"https:\/\/www.gold.fr\/news\/wp-content\/uploads\/2010\/12\/monde-or.jpg","datePublished":"2016-03-16T16:00:58+00:00","dateModified":"2018-06-25T12:33:18+00:00","author":{"@id":"https:\/\/www.gold.fr\/news\/#\/schema\/person\/070491b4b4fb7671bf59b3be20302ce9"},"breadcrumb":{"@id":"https:\/\/www.gold.fr\/news\/2016\/03\/16\/communique-fed-des-previsions-de-prudence\/#breadcrumb"},"inLanguage":"fr-FR","potentialAction":[{"@type":"ReadAction","target":["https:\/\/www.gold.fr\/news\/2016\/03\/16\/communique-fed-des-previsions-de-prudence\/"]}]},{"@type":"ImageObject","inLanguage":"fr-FR","@id":"https:\/\/www.gold.fr\/news\/2016\/03\/16\/communique-fed-des-previsions-de-prudence\/#primaryimage","url":"https:\/\/www.gold.fr\/news\/wp-content\/uploads\/2010\/12\/monde-or.jpg","contentUrl":"https:\/\/www.gold.fr\/news\/wp-content\/uploads\/2010\/12\/monde-or.jpg","width":"600","height":"450","caption":"Stagnation au niveau de l\u2019once"},{"@type":"BreadcrumbList","@id":"https:\/\/www.gold.fr\/news\/2016\/03\/16\/communique-fed-des-previsions-de-prudence\/#breadcrumb","itemListElement":[{"@type":"ListItem","position":1,"name":"Accueil","item":"https:\/\/www.gold.fr\/"},{"@type":"ListItem","position":2,"name":"Actualit\u00e9s","item":"https:\/\/www.gold.fr\/news\/"},{"@type":"ListItem","position":3,"name":"Communiqu\u00e9 FED : Des pr\u00e9visions de prudence"}]},{"@type":"WebSite","@id":"https:\/\/www.gold.fr\/news\/#website","url":"https:\/\/www.gold.fr\/news\/","name":"Gold.fr","description":"Actualit\u00e9s de l&#039;Or et des m\u00e9taux pr\u00e9cieux","potentialAction":[{"@type":"SearchAction","target":{"@type":"EntryPoint","urlTemplate":"https:\/\/www.gold.fr\/news\/?s={search_term_string}"},"query-input":{"@type":"PropertyValueSpecification","valueRequired":true,"valueName":"search_term_string"}}],"inLanguage":"fr-FR"},{"@type":"Person","@id":"https:\/\/www.gold.fr\/news\/#\/schema\/person\/070491b4b4fb7671bf59b3be20302ce9","name":"Comptoir National de l'Or","image":{"@type":"ImageObject","inLanguage":"fr-FR","@id":"https:\/\/secure.gravatar.com\/avatar\/0a2867fd5abe37bed95d5a65e9d58f01756e11efc68af9888dfc50cfa7f65948?s=96&d=mm&r=gb490554db0a38188709de567aa58480d","url":"https:\/\/secure.gravatar.com\/avatar\/0a2867fd5abe37bed95d5a65e9d58f01756e11efc68af9888dfc50cfa7f65948?s=96&d=mm&r=g","contentUrl":"https:\/\/secure.gravatar.com\/avatar\/0a2867fd5abe37bed95d5a65e9d58f01756e11efc68af9888dfc50cfa7f65948?s=96&d=mm&r=g","caption":"Comptoir National de l'Or"},"description":"Notre r\u00e9daction est constitu\u00e9e de membres experts dans les m\u00e9tiers de l'\u00e9conomie et la gestion, des Responsables d'agence Comptoir National de l'Or, des analystes financiers qui publient r\u00e9guli\u00e8rement des \u00e9tudes sur les politiques des banques centrales, le cours de l'or, prix de l'or, cours de l'argent, prix de l'argent, cours du platine, cours du palladium,... la situation en zone euro et l'impact de la strat\u00e9gie mon\u00e9taire de la FED. Notre \u00e9quipe scrute \u00e9galement une information plus g\u00e9n\u00e9raliste \u00e0 la recherche d'actualit\u00e9 \"p\u00e9pite\" \u00e0 vous partager. Depuis 5 ans, nous avons publi\u00e9 un peu plus de 4000 articles qui s'adressent \u00e0 un public large et vari\u00e9 ayant pour objectif de satisfaire votre curiosit\u00e9 et de partager avec vous une certaine fascination pour le m\u00e9tal jaune, le rachat d'or, et pour ceux qui veulent investir dans l'or, vendre leur or tout simplement en savoir plus... Pour tous vos achat or et argent, n'h\u00e9sitez pas \u00e0 prendre rendez-vous dans l'un de nos nombreux comptoirs.","sameAs":["https:\/\/www.gold.fr"]}]}},"authors":[{"term_id":2565,"user_id":18,"is_guest":0,"slug":"julie","display_name":"Comptoir National de l'Or","avatar_url":"https:\/\/secure.gravatar.com\/avatar\/713f289e398d35ead876c4a4cc08607f0d6d266058cfc25683fffb6092d0e572?s=96&d=mm&r=g","0":null,"1":"","2":"","3":"","4":"","5":"","6":"","7":"","8":""}],"_links":{"self":[{"href":"https:\/\/www.gold.fr\/news\/wp-json\/wp\/v2\/posts\/18966","targetHints":{"allow":["GET"]}}],"collection":[{"href":"https:\/\/www.gold.fr\/news\/wp-json\/wp\/v2\/posts"}],"about":[{"href":"https:\/\/www.gold.fr\/news\/wp-json\/wp\/v2\/types\/post"}],"author":[{"embeddable":true,"href":"https:\/\/www.gold.fr\/news\/wp-json\/wp\/v2\/users\/18"}],"replies":[{"embeddable":true,"href":"https:\/\/www.gold.fr\/news\/wp-json\/wp\/v2\/comments?post=18966"}],"version-history":[{"count":0,"href":"https:\/\/www.gold.fr\/news\/wp-json\/wp\/v2\/posts\/18966\/revisions"}],"wp:featuredmedia":[{"embeddable":true,"href":"https:\/\/www.gold.fr\/news\/wp-json\/wp\/v2\/media\/4996"}],"wp:attachment":[{"href":"https:\/\/www.gold.fr\/news\/wp-json\/wp\/v2\/media?parent=18966"}],"wp:term":[{"taxonomy":"category","embeddable":true,"href":"https:\/\/www.gold.fr\/news\/wp-json\/wp\/v2\/categories?post=18966"},{"taxonomy":"post_tag","embeddable":true,"href":"https:\/\/www.gold.fr\/news\/wp-json\/wp\/v2\/tags?post=18966"},{"taxonomy":"author","embeddable":true,"href":"https:\/\/www.gold.fr\/news\/wp-json\/wp\/v2\/ppma_author?post=18966"}],"curies":[{"name":"wp","href":"https:\/\/api.w.org\/{rel}","templated":true}]}}