{"id":18941,"date":"2016-03-11T09:00:53","date_gmt":"2016-03-11T08:00:53","guid":{"rendered":"https:\/\/www.gold.fr\/news\/?p=18941"},"modified":"2018-03-19T12:10:08","modified_gmt":"2018-03-19T11:10:08","slug":"or-les-investisseurs-reviennent-a-la-charge","status":"publish","type":"post","link":"https:\/\/www.gold.fr\/news\/2016\/03\/11\/or-les-investisseurs-reviennent-a-la-charge\/","title":{"rendered":"Or : Les investisseurs reviennent \u00e0 la charge"},"content":{"rendered":"<p><span style=\"font-size: small;\">Le bilan de ce premier trimestre <strong>2016<\/strong> (alors qu&rsquo;il n&rsquo;est pas encore achev\u00e9), au sein du march\u00e9 de l&rsquo;<a class=\"esk-seo-plu-link\" href=\"https:\/\/www.gold.fr\/news\/tags\/or\">or<\/a>, est particuli\u00e8rement \u00e9loquent ; les <a href=\"https:\/\/www.gold.fr\/cours-or-prix-de-l-or\/\" target=\"_blank\" rel=\"noopener\">cours<\/a> de l&rsquo;<a class=\"esk-seo-plu-link\" href=\"https:\/\/www.gold.fr\/news\/tags\/or\">or<\/a> ont d\u00e9j\u00e0 atteint un sommet annuel, la ru\u00e9e vers les fonds adoss\u00e9s \u00e0 l&rsquo;<a class=\"esk-seo-plu-link\" href=\"https:\/\/www.gold.fr\/news\/tags\/or\">or<\/a> maintient solidement le cap, et la relique barbare affiche une performance meilleure que celle des obligations d&rsquo;Etat, celles des devises et m\u00eame celle des actions. Le <a class=\"esk-seo-plu-link\" href=\"https:\/\/www.gold.fr\/news\/tags\/or\">m\u00e9tal jaune<\/a> arrive m\u00eame \u00e0 tirer son \u00e9pingle du jeu avec un meilleur bilan que toute autre mati\u00e8re premi\u00e8re cot\u00e9e sur les bourses internationales.<\/span><\/p>\n<h2>2016 : une ann\u00e9e b\u00e9n\u00e9fique pour l&rsquo;<a class=\"esk-seo-plu-link\" href=\"https:\/\/www.gold.fr\/news\/tags\/or\">or<\/a><\/h2>\n<p><span style=\"font-size: small;\"><img loading=\"lazy\" decoding=\"async\" class=\"alignleft wp-image-7763 size-thumbnail\" title=\"Or : Les investisseurs reviennent \u00e0 la charge\" src=\"https:\/\/www.gold.fr\/news\/wp-content\/uploads\/2012\/06\/Lingot-piece-or-150x150.jpg\" alt=\"Or : Les investisseurs reviennent \u00e0 la charge\" width=\"150\" height=\"150\" \/>Le march\u00e9 de l&rsquo;<a class=\"esk-seo-plu-link\" href=\"https:\/\/www.gold.fr\/news\/tags\/or\">or<\/a> a connu une phase de stagnation et de baisse prolong\u00e9e, tout au long des trois derni\u00e8res ann\u00e9es, mais l&rsquo;ann\u00e9e <strong>2016<\/strong> s&rsquo;annonce d\u00e9j\u00e0 comme celle qui devrait marquer un tournant pour le <a class=\"esk-seo-plu-link\" href=\"https:\/\/www.gold.fr\/news\/tags\/or\">m\u00e9tal jaune<\/a> et briser cette s\u00e9rie baissi\u00e8re. L&rsquo;<a class=\"esk-seo-plu-link\" href=\"https:\/\/www.gold.fr\/news\/tags\/or\">or<\/a> a r\u00e9ussi \u00e0 enregistrer une hausse de l&rsquo;ordre de <strong>20%<\/strong>, depuis qu&rsquo;il a atteint son plus bas du mois de d\u00e9cembre. Les observateurs et les professionnels \u00e9voquent donc naturellement le march\u00e9 aurif\u00e8re comme \u00e9tant \u00ab <em>un march\u00e9 haussier<\/em> \u00bb. <\/span><\/p>\n<p><span style=\"font-size: small;\">Du jamais vu depuis <strong>2013<\/strong>.<\/span> <span style=\"font-size: small;\">Preuve tangible \u00e0 l&rsquo;appui ? Les analystes ont rapport\u00e9 \u00e0 la fin de la semaine derni\u00e8re que la demande pour l&rsquo;<a class=\"esk-seo-plu-link\" href=\"https:\/\/www.gold.fr\/news\/tags\/or\">or<\/a> a atteint de tels niveaux que le g\u00e9ant gestionnaire d&rsquo;actifs US BlackRock a \u00e9t\u00e9 oblig\u00e9 de \u00ab <em>suspendre temporairement l&rsquo;\u00e9mission de nouvelles parts de son fonds iShares Gold Trust, un fonds garanti par des r\u00e9serves d&rsquo;<a class=\"esk-seo-plu-link\" href=\"https:\/\/www.gold.fr\/news\/tags\/or\">or<\/a><\/em> \u00bb. La d\u00e9cision visait \u00e0 permettre \u00e0 BlackRock de \u00ab<em> cr\u00e9er de nouvelles parts, qui doivent \u00eatre enregistr\u00e9es, conform\u00e9ment \u00e0 la r\u00e9glementation<\/em> \u00bb. La man\u0153uvre a eu pour effet de faire flamber le <a class=\"esk-seo-plu-link\" href=\"https:\/\/www.gold.fr\/news\/tags\/cours-de-lor\">cours de l&rsquo;or<\/a> davantage, le hissant \u00e0 un plus haut annuel (f\u00e9vrier <strong>2015<\/strong>).<\/span><\/p>\n<!-- AddThis Advanced Settings generic via filter on the_content --><!-- AddThis Share Buttons generic via filter on the_content -->","protected":false},"excerpt":{"rendered":"<p>Le bilan de ce premier trimestre 2016 (alors qu&rsquo;il n&rsquo;est pas encore achev\u00e9), au sein du march\u00e9 de l&rsquo;or, est particuli\u00e8rement \u00e9loquent ; les cours de l&rsquo;or ont d\u00e9j\u00e0 atteint un sommet annuel, la ru\u00e9e vers [&hellip;]<\/p>\n","protected":false},"author":18,"featured_media":31853,"comment_status":"open","ping_status":"open","sticky":false,"template":"","format":"standard","meta":{"_mbp_gutenberg_autopost":false,"_pgmb_is_evergreen":false,"_pgmb_ap_template_id":0,"footnotes":""},"categories":[6],"tags":[105,76],"ppma_author":[2565],"class_list":["post-18941","post","type-post","status-publish","format-standard","has-post-thumbnail","hentry","category-articles-de-presse","tag-marche","tag-or"],"yoast_head":"<!-- This site is optimized with the Yoast SEO plugin v27.5 - https:\/\/yoast.com\/product\/yoast-seo-wordpress\/ -->\n<title>Or : Les investisseurs reviennent \u00e0 la charge - Gold.fr<\/title>\n<meta name=\"robots\" content=\"index, follow, max-snippet:-1, max-image-preview:large, max-video-preview:-1\" \/>\n<link rel=\"canonical\" href=\"https:\/\/www.gold.fr\/news\/2016\/03\/11\/or-les-investisseurs-reviennent-a-la-charge\/\" \/>\n<meta property=\"og:locale\" content=\"fr_FR\" \/>\n<meta property=\"og:type\" content=\"article\" \/>\n<meta property=\"og:title\" content=\"Or : Les investisseurs reviennent \u00e0 la charge - Gold.fr\" \/>\n<meta property=\"og:description\" content=\"Le bilan de ce premier trimestre 2016 (alors qu&rsquo;il n&rsquo;est pas encore achev\u00e9), au sein du march\u00e9 de l&rsquo;or, est particuli\u00e8rement \u00e9loquent ; les cours de l&rsquo;or ont d\u00e9j\u00e0 atteint un sommet annuel, la ru\u00e9e vers [&hellip;]\" \/>\n<meta property=\"og:url\" content=\"https:\/\/www.gold.fr\/news\/2016\/03\/11\/or-les-investisseurs-reviennent-a-la-charge\/\" \/>\n<meta property=\"og:site_name\" content=\"Gold.fr\" \/>\n<meta property=\"article:publisher\" content=\"https:\/\/www.facebook.com\/Goldfr\/\" \/>\n<meta property=\"article:published_time\" content=\"2016-03-11T08:00:53+00:00\" \/>\n<meta property=\"article:modified_time\" content=\"2018-03-19T11:10:08+00:00\" \/>\n<meta property=\"og:image\" content=\"https:\/\/www.gold.fr\/news\/wp-content\/uploads\/2016\/03\/Lingot-piece-or-1.jpg\" \/>\n\t<meta property=\"og:image:width\" content=\"600\" \/>\n\t<meta property=\"og:image:height\" content=\"406\" \/>\n\t<meta property=\"og:image:type\" content=\"image\/jpeg\" \/>\n<meta name=\"author\" content=\"Comptoir National de l&#039;Or\" \/>\n<meta name=\"twitter:card\" content=\"summary_large_image\" \/>\n<meta name=\"twitter:label1\" content=\"\u00c9crit par\" \/>\n\t<meta name=\"twitter:data1\" content=\"Comptoir National de l&#039;Or\" \/>\n\t<meta name=\"twitter:label2\" content=\"Dur\u00e9e de lecture estim\u00e9e\" \/>\n\t<meta name=\"twitter:data2\" content=\"1 minute\" \/>\n<script type=\"application\/ld+json\" class=\"yoast-schema-graph\">{\"@context\":\"https:\\\/\\\/schema.org\",\"@graph\":[{\"@type\":\"Article\",\"@id\":\"https:\\\/\\\/www.gold.fr\\\/news\\\/2016\\\/03\\\/11\\\/or-les-investisseurs-reviennent-a-la-charge\\\/#article\",\"isPartOf\":{\"@id\":\"https:\\\/\\\/www.gold.fr\\\/news\\\/2016\\\/03\\\/11\\\/or-les-investisseurs-reviennent-a-la-charge\\\/\"},\"author\":{\"name\":\"Comptoir National de l'Or\",\"@id\":\"https:\\\/\\\/www.gold.fr\\\/news\\\/#\\\/schema\\\/person\\\/070491b4b4fb7671bf59b3be20302ce9\"},\"headline\":\"Or : Les investisseurs reviennent \u00e0 la charge\",\"datePublished\":\"2016-03-11T08:00:53+00:00\",\"dateModified\":\"2018-03-19T11:10:08+00:00\",\"mainEntityOfPage\":{\"@id\":\"https:\\\/\\\/www.gold.fr\\\/news\\\/2016\\\/03\\\/11\\\/or-les-investisseurs-reviennent-a-la-charge\\\/\"},\"wordCount\":323,\"commentCount\":0,\"image\":{\"@id\":\"https:\\\/\\\/www.gold.fr\\\/news\\\/2016\\\/03\\\/11\\\/or-les-investisseurs-reviennent-a-la-charge\\\/#primaryimage\"},\"thumbnailUrl\":\"https:\\\/\\\/www.gold.fr\\\/news\\\/wp-content\\\/uploads\\\/2016\\\/03\\\/Lingot-piece-or-1.jpg\",\"keywords\":[\"march\u00e9\",\"Or\"],\"articleSection\":[\"Articles de presse\"],\"inLanguage\":\"fr-FR\"},{\"@type\":\"WebPage\",\"@id\":\"https:\\\/\\\/www.gold.fr\\\/news\\\/2016\\\/03\\\/11\\\/or-les-investisseurs-reviennent-a-la-charge\\\/\",\"url\":\"https:\\\/\\\/www.gold.fr\\\/news\\\/2016\\\/03\\\/11\\\/or-les-investisseurs-reviennent-a-la-charge\\\/\",\"name\":\"Or : Les investisseurs reviennent \u00e0 la charge - Gold.fr\",\"isPartOf\":{\"@id\":\"https:\\\/\\\/www.gold.fr\\\/news\\\/#website\"},\"primaryImageOfPage\":{\"@id\":\"https:\\\/\\\/www.gold.fr\\\/news\\\/2016\\\/03\\\/11\\\/or-les-investisseurs-reviennent-a-la-charge\\\/#primaryimage\"},\"image\":{\"@id\":\"https:\\\/\\\/www.gold.fr\\\/news\\\/2016\\\/03\\\/11\\\/or-les-investisseurs-reviennent-a-la-charge\\\/#primaryimage\"},\"thumbnailUrl\":\"https:\\\/\\\/www.gold.fr\\\/news\\\/wp-content\\\/uploads\\\/2016\\\/03\\\/Lingot-piece-or-1.jpg\",\"datePublished\":\"2016-03-11T08:00:53+00:00\",\"dateModified\":\"2018-03-19T11:10:08+00:00\",\"author\":{\"@id\":\"https:\\\/\\\/www.gold.fr\\\/news\\\/#\\\/schema\\\/person\\\/070491b4b4fb7671bf59b3be20302ce9\"},\"breadcrumb\":{\"@id\":\"https:\\\/\\\/www.gold.fr\\\/news\\\/2016\\\/03\\\/11\\\/or-les-investisseurs-reviennent-a-la-charge\\\/#breadcrumb\"},\"inLanguage\":\"fr-FR\",\"potentialAction\":[{\"@type\":\"ReadAction\",\"target\":[\"https:\\\/\\\/www.gold.fr\\\/news\\\/2016\\\/03\\\/11\\\/or-les-investisseurs-reviennent-a-la-charge\\\/\"]}]},{\"@type\":\"ImageObject\",\"inLanguage\":\"fr-FR\",\"@id\":\"https:\\\/\\\/www.gold.fr\\\/news\\\/2016\\\/03\\\/11\\\/or-les-investisseurs-reviennent-a-la-charge\\\/#primaryimage\",\"url\":\"https:\\\/\\\/www.gold.fr\\\/news\\\/wp-content\\\/uploads\\\/2016\\\/03\\\/Lingot-piece-or-1.jpg\",\"contentUrl\":\"https:\\\/\\\/www.gold.fr\\\/news\\\/wp-content\\\/uploads\\\/2016\\\/03\\\/Lingot-piece-or-1.jpg\",\"width\":600,\"height\":406,\"caption\":\"Or : Les investisseurs reviennent \u00e0 la charge\"},{\"@type\":\"BreadcrumbList\",\"@id\":\"https:\\\/\\\/www.gold.fr\\\/news\\\/2016\\\/03\\\/11\\\/or-les-investisseurs-reviennent-a-la-charge\\\/#breadcrumb\",\"itemListElement\":[{\"@type\":\"ListItem\",\"position\":1,\"name\":\"Accueil\",\"item\":\"https:\\\/\\\/www.gold.fr\\\/\"},{\"@type\":\"ListItem\",\"position\":2,\"name\":\"Actualit\u00e9s\",\"item\":\"https:\\\/\\\/www.gold.fr\\\/news\\\/\"},{\"@type\":\"ListItem\",\"position\":3,\"name\":\"Or : Les investisseurs reviennent \u00e0 la charge\"}]},{\"@type\":\"WebSite\",\"@id\":\"https:\\\/\\\/www.gold.fr\\\/news\\\/#website\",\"url\":\"https:\\\/\\\/www.gold.fr\\\/news\\\/\",\"name\":\"Gold.fr\",\"description\":\"Actualit\u00e9s de l&#039;Or et des m\u00e9taux pr\u00e9cieux\",\"potentialAction\":[{\"@type\":\"SearchAction\",\"target\":{\"@type\":\"EntryPoint\",\"urlTemplate\":\"https:\\\/\\\/www.gold.fr\\\/news\\\/?s={search_term_string}\"},\"query-input\":{\"@type\":\"PropertyValueSpecification\",\"valueRequired\":true,\"valueName\":\"search_term_string\"}}],\"inLanguage\":\"fr-FR\"},{\"@type\":\"Person\",\"@id\":\"https:\\\/\\\/www.gold.fr\\\/news\\\/#\\\/schema\\\/person\\\/070491b4b4fb7671bf59b3be20302ce9\",\"name\":\"Comptoir National de l'Or\",\"image\":{\"@type\":\"ImageObject\",\"inLanguage\":\"fr-FR\",\"@id\":\"https:\\\/\\\/secure.gravatar.com\\\/avatar\\\/0a2867fd5abe37bed95d5a65e9d58f01756e11efc68af9888dfc50cfa7f65948?s=96&d=mm&r=gb490554db0a38188709de567aa58480d\",\"url\":\"https:\\\/\\\/secure.gravatar.com\\\/avatar\\\/0a2867fd5abe37bed95d5a65e9d58f01756e11efc68af9888dfc50cfa7f65948?s=96&d=mm&r=g\",\"contentUrl\":\"https:\\\/\\\/secure.gravatar.com\\\/avatar\\\/0a2867fd5abe37bed95d5a65e9d58f01756e11efc68af9888dfc50cfa7f65948?s=96&d=mm&r=g\",\"caption\":\"Comptoir National de l'Or\"},\"description\":\"Notre r\u00e9daction est constitu\u00e9e de membres experts dans les m\u00e9tiers de l'\u00e9conomie et la gestion, des Responsables d'agence Comptoir National de l'Or, des analystes financiers qui publient r\u00e9guli\u00e8rement des \u00e9tudes sur les politiques des banques centrales, le cours de l'or, prix de l'or, cours de l'argent, prix de l'argent, cours du platine, cours du palladium,... la situation en zone euro et l'impact de la strat\u00e9gie mon\u00e9taire de la FED. Notre \u00e9quipe scrute \u00e9galement une information plus g\u00e9n\u00e9raliste \u00e0 la recherche d'actualit\u00e9 \\\"p\u00e9pite\\\" \u00e0 vous partager. Depuis 5 ans, nous avons publi\u00e9 un peu plus de 4000 articles qui s'adressent \u00e0 un public large et vari\u00e9 ayant pour objectif de satisfaire votre curiosit\u00e9 et de partager avec vous une certaine fascination pour le m\u00e9tal jaune, le rachat d'or, et pour ceux qui veulent investir dans l'or, vendre leur or tout simplement en savoir plus... Pour tous vos achat or et argent, n'h\u00e9sitez pas \u00e0 prendre rendez-vous dans l'un de nos nombreux comptoirs.\",\"sameAs\":[\"https:\\\/\\\/www.gold.fr\"]}]}<\/script>\n<!-- \/ Yoast SEO plugin. -->","yoast_head_json":{"title":"Or : Les investisseurs reviennent \u00e0 la charge - Gold.fr","robots":{"index":"index","follow":"follow","max-snippet":"max-snippet:-1","max-image-preview":"max-image-preview:large","max-video-preview":"max-video-preview:-1"},"canonical":"https:\/\/www.gold.fr\/news\/2016\/03\/11\/or-les-investisseurs-reviennent-a-la-charge\/","og_locale":"fr_FR","og_type":"article","og_title":"Or : Les investisseurs reviennent \u00e0 la charge - Gold.fr","og_description":"Le bilan de ce premier trimestre 2016 (alors qu&rsquo;il n&rsquo;est pas encore achev\u00e9), au sein du march\u00e9 de l&rsquo;or, est particuli\u00e8rement \u00e9loquent ; les cours de l&rsquo;or ont d\u00e9j\u00e0 atteint un sommet annuel, la ru\u00e9e vers [&hellip;]","og_url":"https:\/\/www.gold.fr\/news\/2016\/03\/11\/or-les-investisseurs-reviennent-a-la-charge\/","og_site_name":"Gold.fr","article_publisher":"https:\/\/www.facebook.com\/Goldfr\/","article_published_time":"2016-03-11T08:00:53+00:00","article_modified_time":"2018-03-19T11:10:08+00:00","og_image":[{"width":600,"height":406,"url":"https:\/\/www.gold.fr\/news\/wp-content\/uploads\/2016\/03\/Lingot-piece-or-1.jpg","type":"image\/jpeg"}],"author":"Comptoir National de l'Or","twitter_card":"summary_large_image","twitter_misc":{"\u00c9crit par":"Comptoir National de l'Or","Dur\u00e9e de lecture estim\u00e9e":"1 minute"},"schema":{"@context":"https:\/\/schema.org","@graph":[{"@type":"Article","@id":"https:\/\/www.gold.fr\/news\/2016\/03\/11\/or-les-investisseurs-reviennent-a-la-charge\/#article","isPartOf":{"@id":"https:\/\/www.gold.fr\/news\/2016\/03\/11\/or-les-investisseurs-reviennent-a-la-charge\/"},"author":{"name":"Comptoir National de l'Or","@id":"https:\/\/www.gold.fr\/news\/#\/schema\/person\/070491b4b4fb7671bf59b3be20302ce9"},"headline":"Or : Les investisseurs reviennent \u00e0 la charge","datePublished":"2016-03-11T08:00:53+00:00","dateModified":"2018-03-19T11:10:08+00:00","mainEntityOfPage":{"@id":"https:\/\/www.gold.fr\/news\/2016\/03\/11\/or-les-investisseurs-reviennent-a-la-charge\/"},"wordCount":323,"commentCount":0,"image":{"@id":"https:\/\/www.gold.fr\/news\/2016\/03\/11\/or-les-investisseurs-reviennent-a-la-charge\/#primaryimage"},"thumbnailUrl":"https:\/\/www.gold.fr\/news\/wp-content\/uploads\/2016\/03\/Lingot-piece-or-1.jpg","keywords":["march\u00e9","Or"],"articleSection":["Articles de presse"],"inLanguage":"fr-FR"},{"@type":"WebPage","@id":"https:\/\/www.gold.fr\/news\/2016\/03\/11\/or-les-investisseurs-reviennent-a-la-charge\/","url":"https:\/\/www.gold.fr\/news\/2016\/03\/11\/or-les-investisseurs-reviennent-a-la-charge\/","name":"Or : Les investisseurs reviennent \u00e0 la charge - Gold.fr","isPartOf":{"@id":"https:\/\/www.gold.fr\/news\/#website"},"primaryImageOfPage":{"@id":"https:\/\/www.gold.fr\/news\/2016\/03\/11\/or-les-investisseurs-reviennent-a-la-charge\/#primaryimage"},"image":{"@id":"https:\/\/www.gold.fr\/news\/2016\/03\/11\/or-les-investisseurs-reviennent-a-la-charge\/#primaryimage"},"thumbnailUrl":"https:\/\/www.gold.fr\/news\/wp-content\/uploads\/2016\/03\/Lingot-piece-or-1.jpg","datePublished":"2016-03-11T08:00:53+00:00","dateModified":"2018-03-19T11:10:08+00:00","author":{"@id":"https:\/\/www.gold.fr\/news\/#\/schema\/person\/070491b4b4fb7671bf59b3be20302ce9"},"breadcrumb":{"@id":"https:\/\/www.gold.fr\/news\/2016\/03\/11\/or-les-investisseurs-reviennent-a-la-charge\/#breadcrumb"},"inLanguage":"fr-FR","potentialAction":[{"@type":"ReadAction","target":["https:\/\/www.gold.fr\/news\/2016\/03\/11\/or-les-investisseurs-reviennent-a-la-charge\/"]}]},{"@type":"ImageObject","inLanguage":"fr-FR","@id":"https:\/\/www.gold.fr\/news\/2016\/03\/11\/or-les-investisseurs-reviennent-a-la-charge\/#primaryimage","url":"https:\/\/www.gold.fr\/news\/wp-content\/uploads\/2016\/03\/Lingot-piece-or-1.jpg","contentUrl":"https:\/\/www.gold.fr\/news\/wp-content\/uploads\/2016\/03\/Lingot-piece-or-1.jpg","width":600,"height":406,"caption":"Or : Les investisseurs reviennent \u00e0 la charge"},{"@type":"BreadcrumbList","@id":"https:\/\/www.gold.fr\/news\/2016\/03\/11\/or-les-investisseurs-reviennent-a-la-charge\/#breadcrumb","itemListElement":[{"@type":"ListItem","position":1,"name":"Accueil","item":"https:\/\/www.gold.fr\/"},{"@type":"ListItem","position":2,"name":"Actualit\u00e9s","item":"https:\/\/www.gold.fr\/news\/"},{"@type":"ListItem","position":3,"name":"Or : Les investisseurs reviennent \u00e0 la charge"}]},{"@type":"WebSite","@id":"https:\/\/www.gold.fr\/news\/#website","url":"https:\/\/www.gold.fr\/news\/","name":"Gold.fr","description":"Actualit\u00e9s de l&#039;Or et des m\u00e9taux pr\u00e9cieux","potentialAction":[{"@type":"SearchAction","target":{"@type":"EntryPoint","urlTemplate":"https:\/\/www.gold.fr\/news\/?s={search_term_string}"},"query-input":{"@type":"PropertyValueSpecification","valueRequired":true,"valueName":"search_term_string"}}],"inLanguage":"fr-FR"},{"@type":"Person","@id":"https:\/\/www.gold.fr\/news\/#\/schema\/person\/070491b4b4fb7671bf59b3be20302ce9","name":"Comptoir National de l'Or","image":{"@type":"ImageObject","inLanguage":"fr-FR","@id":"https:\/\/secure.gravatar.com\/avatar\/0a2867fd5abe37bed95d5a65e9d58f01756e11efc68af9888dfc50cfa7f65948?s=96&d=mm&r=gb490554db0a38188709de567aa58480d","url":"https:\/\/secure.gravatar.com\/avatar\/0a2867fd5abe37bed95d5a65e9d58f01756e11efc68af9888dfc50cfa7f65948?s=96&d=mm&r=g","contentUrl":"https:\/\/secure.gravatar.com\/avatar\/0a2867fd5abe37bed95d5a65e9d58f01756e11efc68af9888dfc50cfa7f65948?s=96&d=mm&r=g","caption":"Comptoir National de l'Or"},"description":"Notre r\u00e9daction est constitu\u00e9e de membres experts dans les m\u00e9tiers de l'\u00e9conomie et la gestion, des Responsables d'agence Comptoir National de l'Or, des analystes financiers qui publient r\u00e9guli\u00e8rement des \u00e9tudes sur les politiques des banques centrales, le cours de l'or, prix de l'or, cours de l'argent, prix de l'argent, cours du platine, cours du palladium,... la situation en zone euro et l'impact de la strat\u00e9gie mon\u00e9taire de la FED. Notre \u00e9quipe scrute \u00e9galement une information plus g\u00e9n\u00e9raliste \u00e0 la recherche d'actualit\u00e9 \"p\u00e9pite\" \u00e0 vous partager. Depuis 5 ans, nous avons publi\u00e9 un peu plus de 4000 articles qui s'adressent \u00e0 un public large et vari\u00e9 ayant pour objectif de satisfaire votre curiosit\u00e9 et de partager avec vous une certaine fascination pour le m\u00e9tal jaune, le rachat d'or, et pour ceux qui veulent investir dans l'or, vendre leur or tout simplement en savoir plus... Pour tous vos achat or et argent, n'h\u00e9sitez pas \u00e0 prendre rendez-vous dans l'un de nos nombreux comptoirs.","sameAs":["https:\/\/www.gold.fr"]}]}},"authors":[{"term_id":2565,"user_id":18,"is_guest":0,"slug":"julie","display_name":"Comptoir National de l'Or","avatar_url":"https:\/\/secure.gravatar.com\/avatar\/713f289e398d35ead876c4a4cc08607f0d6d266058cfc25683fffb6092d0e572?s=96&d=mm&r=g","0":null,"1":"","2":"","3":"","4":"","5":"","6":"","7":"","8":""}],"_links":{"self":[{"href":"https:\/\/www.gold.fr\/news\/wp-json\/wp\/v2\/posts\/18941","targetHints":{"allow":["GET"]}}],"collection":[{"href":"https:\/\/www.gold.fr\/news\/wp-json\/wp\/v2\/posts"}],"about":[{"href":"https:\/\/www.gold.fr\/news\/wp-json\/wp\/v2\/types\/post"}],"author":[{"embeddable":true,"href":"https:\/\/www.gold.fr\/news\/wp-json\/wp\/v2\/users\/18"}],"replies":[{"embeddable":true,"href":"https:\/\/www.gold.fr\/news\/wp-json\/wp\/v2\/comments?post=18941"}],"version-history":[{"count":0,"href":"https:\/\/www.gold.fr\/news\/wp-json\/wp\/v2\/posts\/18941\/revisions"}],"wp:featuredmedia":[{"embeddable":true,"href":"https:\/\/www.gold.fr\/news\/wp-json\/wp\/v2\/media\/31853"}],"wp:attachment":[{"href":"https:\/\/www.gold.fr\/news\/wp-json\/wp\/v2\/media?parent=18941"}],"wp:term":[{"taxonomy":"category","embeddable":true,"href":"https:\/\/www.gold.fr\/news\/wp-json\/wp\/v2\/categories?post=18941"},{"taxonomy":"post_tag","embeddable":true,"href":"https:\/\/www.gold.fr\/news\/wp-json\/wp\/v2\/tags?post=18941"},{"taxonomy":"author","embeddable":true,"href":"https:\/\/www.gold.fr\/news\/wp-json\/wp\/v2\/ppma_author?post=18941"}],"curies":[{"name":"wp","href":"https:\/\/api.w.org\/{rel}","templated":true}]}}