{"id":18939,"date":"2016-03-10T17:00:48","date_gmt":"2016-03-10T16:00:48","guid":{"rendered":"https:\/\/www.gold.fr\/news\/?p=18939"},"modified":"2018-03-19T11:56:48","modified_gmt":"2018-03-19T10:56:48","slug":"evolution-de-lor-la-fed-va-t-elle-continuer-a-servir-de-catalyseur","status":"publish","type":"post","link":"https:\/\/www.gold.fr\/news\/2016\/03\/10\/evolution-de-lor-la-fed-va-t-elle-continuer-a-servir-de-catalyseur\/","title":{"rendered":"Evolution de l\u2019or : La FED va-t-elle continuer \u00e0 servir de catalyseur ?"},"content":{"rendered":"<p><span style=\"font-size: small;\"><img loading=\"lazy\" decoding=\"async\" class=\"alignleft wp-image-9071 size-thumbnail\" title=\"Evolution de l\u2019or : La FED va-t-elle continuer \u00e0 servir de catalyseur ?\" src=\"https:\/\/www.gold.fr\/news\/wp-content\/uploads\/2012\/08\/evolution-cours-or-bourse-150x150.jpg\" alt=\"Evolution de l\u2019or : La FED va-t-elle continuer \u00e0 servir de catalyseur ?\" width=\"150\" height=\"150\" \/>Pour l&rsquo;heure, et en d\u00e9pit de quelques occasionnels rebonds (tr\u00e8s souvent injustifi\u00e9s et inexplicables) enregistr\u00e9s par les indices boursiers am\u00e9ricains et europ\u00e9ens, depuis le d\u00e9but de l&rsquo;ann\u00e9e, la volatilit\u00e9 des march\u00e9s continue \u00e0 apporter un soutien assez solide au prix de l&rsquo;once. <\/span><\/p>\n<p><span style=\"font-size: small;\">Toutefois, la politique mon\u00e9taire de la r\u00e9serve f\u00e9d\u00e9rale am\u00e9ricaine demeure indiscutablement le catalyseur le plus efficace, direct et important du march\u00e9 aurif\u00e8re. Donc la premi\u00e8re question qui s&rsquo;impose aujourd&rsquo;hui concerne la solidit\u00e9 m\u00eame et surtout le \u2018<em>souffle<\/em>&lsquo; de cette vague haussi\u00e8re. <\/span><\/p>\n<h2><span style=\"font-size: small;\">Faut-il y d\u00e9celer les pr\u00e9mices d&rsquo;un r\u00e9el rallye haussier ou simplement un bref pic \u00e9ph\u00e9m\u00e8re ?<\/span><\/h2>\n<p><span style=\"font-size: small;\"><strong>Joni Teves<\/strong>, strat\u00e9giste chez la banque suisse UBS, r\u00e9pond \u00e0 cette question par un exemple concret, rappelant qu&rsquo;un sc\u00e9nario quasi identique avait eu lieu, au sein du march\u00e9 de l&rsquo;<a class=\"esk-seo-plu-link\" href=\"https:\/\/www.gold.fr\/news\/tags\/or\">or<\/a>, au d\u00e9but de l&rsquo;ann\u00e9e derni\u00e8re. L&rsquo;analyste souligne toutefois que la diff\u00e9rence majeure entre les deux situations r\u00e9side dans l&rsquo;attitude de la <strong>FED<\/strong> qui adopte, depuis le d\u00e9but de 2016, une strat\u00e9gie de prudence, contrastant avec la d\u00e9cision prise par l&rsquo;institution, en d\u00e9cembre dernier. Le <strong>FOMC<\/strong> avait alors annonc\u00e9 qu&rsquo;il proc\u00e8derait \u00e0 un rel\u00e8vement de ses taux d&rsquo;int\u00e9r\u00eat, en guise de coup d&rsquo;envoi de sa nouvelle politique de s\u00e9v\u00e9rit\u00e9 mon\u00e9taire. Une annonce \u00e0 laquelle l&rsquo;institution s&rsquo;\u00e9tait tenue d\u00e8s la fin du mois m\u00eame. <\/span><\/p>\n<p><span style=\"font-size: small;\">Les experts estiment, \u00e0 ce sujet, que \u00ab <em>cette incertitude a pes\u00e9 sur les march\u00e9s d&rsquo;actions et favoris\u00e9 le <a class=\"esk-seo-plu-link\" href=\"https:\/\/www.gold.fr\/news\/tags\/or\">m\u00e9tal pr\u00e9cieux<\/a>, toujours consid\u00e9r\u00e9 comme une valeur refuge<\/em> \u00bb.<\/span><\/p>\n<!-- AddThis Advanced Settings generic via filter on the_content --><!-- AddThis Share Buttons generic via filter on the_content -->","protected":false},"excerpt":{"rendered":"<p>Pour l&rsquo;heure, et en d\u00e9pit de quelques occasionnels rebonds (tr\u00e8s souvent injustifi\u00e9s et inexplicables) enregistr\u00e9s par les indices boursiers am\u00e9ricains et europ\u00e9ens, depuis le d\u00e9but de l&rsquo;ann\u00e9e, la volatilit\u00e9 des march\u00e9s continue \u00e0 apporter un soutien [&hellip;]<\/p>\n","protected":false},"author":18,"featured_media":9071,"comment_status":"open","ping_status":"open","sticky":false,"template":"","format":"standard","meta":{"_mbp_gutenberg_autopost":false,"_pgmb_is_evergreen":false,"_pgmb_ap_template_id":0,"footnotes":""},"categories":[6],"tags":[144,1034,105,76],"ppma_author":[2565],"class_list":["post-18939","post","type-post","status-publish","format-standard","has-post-thumbnail","hentry","category-articles-de-presse","tag-fed","tag-fomc","tag-marche","tag-or"],"yoast_head":"<!-- This site is optimized with the Yoast SEO plugin v27.5 - https:\/\/yoast.com\/product\/yoast-seo-wordpress\/ -->\n<title>Evolution de l\u2019or : La FED va-t-elle continuer \u00e0 servir de catalyseur ? - Gold.fr<\/title>\n<meta name=\"robots\" content=\"index, follow, max-snippet:-1, max-image-preview:large, max-video-preview:-1\" \/>\n<link rel=\"canonical\" href=\"https:\/\/www.gold.fr\/news\/2016\/03\/10\/evolution-de-lor-la-fed-va-t-elle-continuer-a-servir-de-catalyseur\/\" \/>\n<meta property=\"og:locale\" content=\"fr_FR\" \/>\n<meta property=\"og:type\" content=\"article\" \/>\n<meta property=\"og:title\" content=\"Evolution de l\u2019or : La FED va-t-elle continuer \u00e0 servir de catalyseur ? - Gold.fr\" \/>\n<meta property=\"og:description\" content=\"Pour l&rsquo;heure, et en d\u00e9pit de quelques occasionnels rebonds (tr\u00e8s souvent injustifi\u00e9s et inexplicables) enregistr\u00e9s par les indices boursiers am\u00e9ricains et europ\u00e9ens, depuis le d\u00e9but de l&rsquo;ann\u00e9e, la volatilit\u00e9 des march\u00e9s continue \u00e0 apporter un soutien [&hellip;]\" \/>\n<meta property=\"og:url\" content=\"https:\/\/www.gold.fr\/news\/2016\/03\/10\/evolution-de-lor-la-fed-va-t-elle-continuer-a-servir-de-catalyseur\/\" \/>\n<meta property=\"og:site_name\" content=\"Gold.fr\" \/>\n<meta property=\"article:publisher\" content=\"https:\/\/www.facebook.com\/Goldfr\/\" \/>\n<meta property=\"article:published_time\" content=\"2016-03-10T16:00:48+00:00\" \/>\n<meta property=\"article:modified_time\" content=\"2018-03-19T10:56:48+00:00\" \/>\n<meta property=\"og:image\" content=\"https:\/\/www.gold.fr\/news\/wp-content\/uploads\/2012\/08\/evolution-cours-or-bourse.jpg\" \/>\n\t<meta property=\"og:image:width\" content=\"600\" \/>\n\t<meta property=\"og:image:height\" content=\"429\" \/>\n\t<meta property=\"og:image:type\" content=\"image\/jpeg\" \/>\n<meta name=\"author\" content=\"Comptoir National de l&#039;Or\" \/>\n<meta name=\"twitter:card\" content=\"summary_large_image\" \/>\n<meta name=\"twitter:label1\" content=\"\u00c9crit par\" \/>\n\t<meta name=\"twitter:data1\" content=\"Comptoir National de l&#039;Or\" \/>\n\t<meta name=\"twitter:label2\" content=\"Dur\u00e9e de lecture estim\u00e9e\" \/>\n\t<meta name=\"twitter:data2\" content=\"1 minute\" \/>\n<script type=\"application\/ld+json\" class=\"yoast-schema-graph\">{\"@context\":\"https:\\\/\\\/schema.org\",\"@graph\":[{\"@type\":\"Article\",\"@id\":\"https:\\\/\\\/www.gold.fr\\\/news\\\/2016\\\/03\\\/10\\\/evolution-de-lor-la-fed-va-t-elle-continuer-a-servir-de-catalyseur\\\/#article\",\"isPartOf\":{\"@id\":\"https:\\\/\\\/www.gold.fr\\\/news\\\/2016\\\/03\\\/10\\\/evolution-de-lor-la-fed-va-t-elle-continuer-a-servir-de-catalyseur\\\/\"},\"author\":{\"name\":\"Comptoir National de l'Or\",\"@id\":\"https:\\\/\\\/www.gold.fr\\\/news\\\/#\\\/schema\\\/person\\\/070491b4b4fb7671bf59b3be20302ce9\"},\"headline\":\"Evolution de l\u2019or : La FED va-t-elle continuer \u00e0 servir de catalyseur ?\",\"datePublished\":\"2016-03-10T16:00:48+00:00\",\"dateModified\":\"2018-03-19T10:56:48+00:00\",\"mainEntityOfPage\":{\"@id\":\"https:\\\/\\\/www.gold.fr\\\/news\\\/2016\\\/03\\\/10\\\/evolution-de-lor-la-fed-va-t-elle-continuer-a-servir-de-catalyseur\\\/\"},\"wordCount\":307,\"commentCount\":0,\"image\":{\"@id\":\"https:\\\/\\\/www.gold.fr\\\/news\\\/2016\\\/03\\\/10\\\/evolution-de-lor-la-fed-va-t-elle-continuer-a-servir-de-catalyseur\\\/#primaryimage\"},\"thumbnailUrl\":\"https:\\\/\\\/www.gold.fr\\\/news\\\/wp-content\\\/uploads\\\/2012\\\/08\\\/evolution-cours-or-bourse.jpg\",\"keywords\":[\"fed\",\"FOMC\",\"march\u00e9\",\"Or\"],\"articleSection\":[\"Articles de presse\"],\"inLanguage\":\"fr-FR\"},{\"@type\":\"WebPage\",\"@id\":\"https:\\\/\\\/www.gold.fr\\\/news\\\/2016\\\/03\\\/10\\\/evolution-de-lor-la-fed-va-t-elle-continuer-a-servir-de-catalyseur\\\/\",\"url\":\"https:\\\/\\\/www.gold.fr\\\/news\\\/2016\\\/03\\\/10\\\/evolution-de-lor-la-fed-va-t-elle-continuer-a-servir-de-catalyseur\\\/\",\"name\":\"Evolution de l\u2019or : La FED va-t-elle continuer \u00e0 servir de catalyseur ? - Gold.fr\",\"isPartOf\":{\"@id\":\"https:\\\/\\\/www.gold.fr\\\/news\\\/#website\"},\"primaryImageOfPage\":{\"@id\":\"https:\\\/\\\/www.gold.fr\\\/news\\\/2016\\\/03\\\/10\\\/evolution-de-lor-la-fed-va-t-elle-continuer-a-servir-de-catalyseur\\\/#primaryimage\"},\"image\":{\"@id\":\"https:\\\/\\\/www.gold.fr\\\/news\\\/2016\\\/03\\\/10\\\/evolution-de-lor-la-fed-va-t-elle-continuer-a-servir-de-catalyseur\\\/#primaryimage\"},\"thumbnailUrl\":\"https:\\\/\\\/www.gold.fr\\\/news\\\/wp-content\\\/uploads\\\/2012\\\/08\\\/evolution-cours-or-bourse.jpg\",\"datePublished\":\"2016-03-10T16:00:48+00:00\",\"dateModified\":\"2018-03-19T10:56:48+00:00\",\"author\":{\"@id\":\"https:\\\/\\\/www.gold.fr\\\/news\\\/#\\\/schema\\\/person\\\/070491b4b4fb7671bf59b3be20302ce9\"},\"breadcrumb\":{\"@id\":\"https:\\\/\\\/www.gold.fr\\\/news\\\/2016\\\/03\\\/10\\\/evolution-de-lor-la-fed-va-t-elle-continuer-a-servir-de-catalyseur\\\/#breadcrumb\"},\"inLanguage\":\"fr-FR\",\"potentialAction\":[{\"@type\":\"ReadAction\",\"target\":[\"https:\\\/\\\/www.gold.fr\\\/news\\\/2016\\\/03\\\/10\\\/evolution-de-lor-la-fed-va-t-elle-continuer-a-servir-de-catalyseur\\\/\"]}]},{\"@type\":\"ImageObject\",\"inLanguage\":\"fr-FR\",\"@id\":\"https:\\\/\\\/www.gold.fr\\\/news\\\/2016\\\/03\\\/10\\\/evolution-de-lor-la-fed-va-t-elle-continuer-a-servir-de-catalyseur\\\/#primaryimage\",\"url\":\"https:\\\/\\\/www.gold.fr\\\/news\\\/wp-content\\\/uploads\\\/2012\\\/08\\\/evolution-cours-or-bourse.jpg\",\"contentUrl\":\"https:\\\/\\\/www.gold.fr\\\/news\\\/wp-content\\\/uploads\\\/2012\\\/08\\\/evolution-cours-or-bourse.jpg\",\"width\":\"600\",\"height\":\"429\",\"caption\":\"Evolution de l\u2019or : La FED va-t-elle continuer \u00e0 servir de catalyseur ?\"},{\"@type\":\"BreadcrumbList\",\"@id\":\"https:\\\/\\\/www.gold.fr\\\/news\\\/2016\\\/03\\\/10\\\/evolution-de-lor-la-fed-va-t-elle-continuer-a-servir-de-catalyseur\\\/#breadcrumb\",\"itemListElement\":[{\"@type\":\"ListItem\",\"position\":1,\"name\":\"Accueil\",\"item\":\"https:\\\/\\\/www.gold.fr\\\/\"},{\"@type\":\"ListItem\",\"position\":2,\"name\":\"Actualit\u00e9s\",\"item\":\"https:\\\/\\\/www.gold.fr\\\/news\\\/\"},{\"@type\":\"ListItem\",\"position\":3,\"name\":\"Evolution de l\u2019or : La FED va-t-elle continuer \u00e0 servir de catalyseur ?\"}]},{\"@type\":\"WebSite\",\"@id\":\"https:\\\/\\\/www.gold.fr\\\/news\\\/#website\",\"url\":\"https:\\\/\\\/www.gold.fr\\\/news\\\/\",\"name\":\"Gold.fr\",\"description\":\"Actualit\u00e9s de l&#039;Or et des m\u00e9taux pr\u00e9cieux\",\"potentialAction\":[{\"@type\":\"SearchAction\",\"target\":{\"@type\":\"EntryPoint\",\"urlTemplate\":\"https:\\\/\\\/www.gold.fr\\\/news\\\/?s={search_term_string}\"},\"query-input\":{\"@type\":\"PropertyValueSpecification\",\"valueRequired\":true,\"valueName\":\"search_term_string\"}}],\"inLanguage\":\"fr-FR\"},{\"@type\":\"Person\",\"@id\":\"https:\\\/\\\/www.gold.fr\\\/news\\\/#\\\/schema\\\/person\\\/070491b4b4fb7671bf59b3be20302ce9\",\"name\":\"Comptoir National de l'Or\",\"image\":{\"@type\":\"ImageObject\",\"inLanguage\":\"fr-FR\",\"@id\":\"https:\\\/\\\/secure.gravatar.com\\\/avatar\\\/0a2867fd5abe37bed95d5a65e9d58f01756e11efc68af9888dfc50cfa7f65948?s=96&d=mm&r=gb490554db0a38188709de567aa58480d\",\"url\":\"https:\\\/\\\/secure.gravatar.com\\\/avatar\\\/0a2867fd5abe37bed95d5a65e9d58f01756e11efc68af9888dfc50cfa7f65948?s=96&d=mm&r=g\",\"contentUrl\":\"https:\\\/\\\/secure.gravatar.com\\\/avatar\\\/0a2867fd5abe37bed95d5a65e9d58f01756e11efc68af9888dfc50cfa7f65948?s=96&d=mm&r=g\",\"caption\":\"Comptoir National de l'Or\"},\"description\":\"Notre r\u00e9daction est constitu\u00e9e de membres experts dans les m\u00e9tiers de l'\u00e9conomie et la gestion, des Responsables d'agence Comptoir National de l'Or, des analystes financiers qui publient r\u00e9guli\u00e8rement des \u00e9tudes sur les politiques des banques centrales, le cours de l'or, prix de l'or, cours de l'argent, prix de l'argent, cours du platine, cours du palladium,... la situation en zone euro et l'impact de la strat\u00e9gie mon\u00e9taire de la FED. Notre \u00e9quipe scrute \u00e9galement une information plus g\u00e9n\u00e9raliste \u00e0 la recherche d'actualit\u00e9 \\\"p\u00e9pite\\\" \u00e0 vous partager. Depuis 5 ans, nous avons publi\u00e9 un peu plus de 4000 articles qui s'adressent \u00e0 un public large et vari\u00e9 ayant pour objectif de satisfaire votre curiosit\u00e9 et de partager avec vous une certaine fascination pour le m\u00e9tal jaune, le rachat d'or, et pour ceux qui veulent investir dans l'or, vendre leur or tout simplement en savoir plus... Pour tous vos achat or et argent, n'h\u00e9sitez pas \u00e0 prendre rendez-vous dans l'un de nos nombreux comptoirs.\",\"sameAs\":[\"https:\\\/\\\/www.gold.fr\"]}]}<\/script>\n<!-- \/ Yoast SEO plugin. -->","yoast_head_json":{"title":"Evolution de l\u2019or : La FED va-t-elle continuer \u00e0 servir de catalyseur ? - Gold.fr","robots":{"index":"index","follow":"follow","max-snippet":"max-snippet:-1","max-image-preview":"max-image-preview:large","max-video-preview":"max-video-preview:-1"},"canonical":"https:\/\/www.gold.fr\/news\/2016\/03\/10\/evolution-de-lor-la-fed-va-t-elle-continuer-a-servir-de-catalyseur\/","og_locale":"fr_FR","og_type":"article","og_title":"Evolution de l\u2019or : La FED va-t-elle continuer \u00e0 servir de catalyseur ? - Gold.fr","og_description":"Pour l&rsquo;heure, et en d\u00e9pit de quelques occasionnels rebonds (tr\u00e8s souvent injustifi\u00e9s et inexplicables) enregistr\u00e9s par les indices boursiers am\u00e9ricains et europ\u00e9ens, depuis le d\u00e9but de l&rsquo;ann\u00e9e, la volatilit\u00e9 des march\u00e9s continue \u00e0 apporter un soutien [&hellip;]","og_url":"https:\/\/www.gold.fr\/news\/2016\/03\/10\/evolution-de-lor-la-fed-va-t-elle-continuer-a-servir-de-catalyseur\/","og_site_name":"Gold.fr","article_publisher":"https:\/\/www.facebook.com\/Goldfr\/","article_published_time":"2016-03-10T16:00:48+00:00","article_modified_time":"2018-03-19T10:56:48+00:00","og_image":[{"width":600,"height":429,"url":"https:\/\/www.gold.fr\/news\/wp-content\/uploads\/2012\/08\/evolution-cours-or-bourse.jpg","type":"image\/jpeg"}],"author":"Comptoir National de l'Or","twitter_card":"summary_large_image","twitter_misc":{"\u00c9crit par":"Comptoir National de l'Or","Dur\u00e9e de lecture estim\u00e9e":"1 minute"},"schema":{"@context":"https:\/\/schema.org","@graph":[{"@type":"Article","@id":"https:\/\/www.gold.fr\/news\/2016\/03\/10\/evolution-de-lor-la-fed-va-t-elle-continuer-a-servir-de-catalyseur\/#article","isPartOf":{"@id":"https:\/\/www.gold.fr\/news\/2016\/03\/10\/evolution-de-lor-la-fed-va-t-elle-continuer-a-servir-de-catalyseur\/"},"author":{"name":"Comptoir National de l'Or","@id":"https:\/\/www.gold.fr\/news\/#\/schema\/person\/070491b4b4fb7671bf59b3be20302ce9"},"headline":"Evolution de l\u2019or : La FED va-t-elle continuer \u00e0 servir de catalyseur ?","datePublished":"2016-03-10T16:00:48+00:00","dateModified":"2018-03-19T10:56:48+00:00","mainEntityOfPage":{"@id":"https:\/\/www.gold.fr\/news\/2016\/03\/10\/evolution-de-lor-la-fed-va-t-elle-continuer-a-servir-de-catalyseur\/"},"wordCount":307,"commentCount":0,"image":{"@id":"https:\/\/www.gold.fr\/news\/2016\/03\/10\/evolution-de-lor-la-fed-va-t-elle-continuer-a-servir-de-catalyseur\/#primaryimage"},"thumbnailUrl":"https:\/\/www.gold.fr\/news\/wp-content\/uploads\/2012\/08\/evolution-cours-or-bourse.jpg","keywords":["fed","FOMC","march\u00e9","Or"],"articleSection":["Articles de presse"],"inLanguage":"fr-FR"},{"@type":"WebPage","@id":"https:\/\/www.gold.fr\/news\/2016\/03\/10\/evolution-de-lor-la-fed-va-t-elle-continuer-a-servir-de-catalyseur\/","url":"https:\/\/www.gold.fr\/news\/2016\/03\/10\/evolution-de-lor-la-fed-va-t-elle-continuer-a-servir-de-catalyseur\/","name":"Evolution de l\u2019or : La FED va-t-elle continuer \u00e0 servir de catalyseur ? - Gold.fr","isPartOf":{"@id":"https:\/\/www.gold.fr\/news\/#website"},"primaryImageOfPage":{"@id":"https:\/\/www.gold.fr\/news\/2016\/03\/10\/evolution-de-lor-la-fed-va-t-elle-continuer-a-servir-de-catalyseur\/#primaryimage"},"image":{"@id":"https:\/\/www.gold.fr\/news\/2016\/03\/10\/evolution-de-lor-la-fed-va-t-elle-continuer-a-servir-de-catalyseur\/#primaryimage"},"thumbnailUrl":"https:\/\/www.gold.fr\/news\/wp-content\/uploads\/2012\/08\/evolution-cours-or-bourse.jpg","datePublished":"2016-03-10T16:00:48+00:00","dateModified":"2018-03-19T10:56:48+00:00","author":{"@id":"https:\/\/www.gold.fr\/news\/#\/schema\/person\/070491b4b4fb7671bf59b3be20302ce9"},"breadcrumb":{"@id":"https:\/\/www.gold.fr\/news\/2016\/03\/10\/evolution-de-lor-la-fed-va-t-elle-continuer-a-servir-de-catalyseur\/#breadcrumb"},"inLanguage":"fr-FR","potentialAction":[{"@type":"ReadAction","target":["https:\/\/www.gold.fr\/news\/2016\/03\/10\/evolution-de-lor-la-fed-va-t-elle-continuer-a-servir-de-catalyseur\/"]}]},{"@type":"ImageObject","inLanguage":"fr-FR","@id":"https:\/\/www.gold.fr\/news\/2016\/03\/10\/evolution-de-lor-la-fed-va-t-elle-continuer-a-servir-de-catalyseur\/#primaryimage","url":"https:\/\/www.gold.fr\/news\/wp-content\/uploads\/2012\/08\/evolution-cours-or-bourse.jpg","contentUrl":"https:\/\/www.gold.fr\/news\/wp-content\/uploads\/2012\/08\/evolution-cours-or-bourse.jpg","width":"600","height":"429","caption":"Evolution de l\u2019or : La FED va-t-elle continuer \u00e0 servir de catalyseur ?"},{"@type":"BreadcrumbList","@id":"https:\/\/www.gold.fr\/news\/2016\/03\/10\/evolution-de-lor-la-fed-va-t-elle-continuer-a-servir-de-catalyseur\/#breadcrumb","itemListElement":[{"@type":"ListItem","position":1,"name":"Accueil","item":"https:\/\/www.gold.fr\/"},{"@type":"ListItem","position":2,"name":"Actualit\u00e9s","item":"https:\/\/www.gold.fr\/news\/"},{"@type":"ListItem","position":3,"name":"Evolution de l\u2019or : La FED va-t-elle continuer \u00e0 servir de catalyseur ?"}]},{"@type":"WebSite","@id":"https:\/\/www.gold.fr\/news\/#website","url":"https:\/\/www.gold.fr\/news\/","name":"Gold.fr","description":"Actualit\u00e9s de l&#039;Or et des m\u00e9taux pr\u00e9cieux","potentialAction":[{"@type":"SearchAction","target":{"@type":"EntryPoint","urlTemplate":"https:\/\/www.gold.fr\/news\/?s={search_term_string}"},"query-input":{"@type":"PropertyValueSpecification","valueRequired":true,"valueName":"search_term_string"}}],"inLanguage":"fr-FR"},{"@type":"Person","@id":"https:\/\/www.gold.fr\/news\/#\/schema\/person\/070491b4b4fb7671bf59b3be20302ce9","name":"Comptoir National de l'Or","image":{"@type":"ImageObject","inLanguage":"fr-FR","@id":"https:\/\/secure.gravatar.com\/avatar\/0a2867fd5abe37bed95d5a65e9d58f01756e11efc68af9888dfc50cfa7f65948?s=96&d=mm&r=gb490554db0a38188709de567aa58480d","url":"https:\/\/secure.gravatar.com\/avatar\/0a2867fd5abe37bed95d5a65e9d58f01756e11efc68af9888dfc50cfa7f65948?s=96&d=mm&r=g","contentUrl":"https:\/\/secure.gravatar.com\/avatar\/0a2867fd5abe37bed95d5a65e9d58f01756e11efc68af9888dfc50cfa7f65948?s=96&d=mm&r=g","caption":"Comptoir National de l'Or"},"description":"Notre r\u00e9daction est constitu\u00e9e de membres experts dans les m\u00e9tiers de l'\u00e9conomie et la gestion, des Responsables d'agence Comptoir National de l'Or, des analystes financiers qui publient r\u00e9guli\u00e8rement des \u00e9tudes sur les politiques des banques centrales, le cours de l'or, prix de l'or, cours de l'argent, prix de l'argent, cours du platine, cours du palladium,... la situation en zone euro et l'impact de la strat\u00e9gie mon\u00e9taire de la FED. Notre \u00e9quipe scrute \u00e9galement une information plus g\u00e9n\u00e9raliste \u00e0 la recherche d'actualit\u00e9 \"p\u00e9pite\" \u00e0 vous partager. Depuis 5 ans, nous avons publi\u00e9 un peu plus de 4000 articles qui s'adressent \u00e0 un public large et vari\u00e9 ayant pour objectif de satisfaire votre curiosit\u00e9 et de partager avec vous une certaine fascination pour le m\u00e9tal jaune, le rachat d'or, et pour ceux qui veulent investir dans l'or, vendre leur or tout simplement en savoir plus... Pour tous vos achat or et argent, n'h\u00e9sitez pas \u00e0 prendre rendez-vous dans l'un de nos nombreux comptoirs.","sameAs":["https:\/\/www.gold.fr"]}]}},"authors":[{"term_id":2565,"user_id":18,"is_guest":0,"slug":"julie","display_name":"Comptoir National de l'Or","avatar_url":"https:\/\/secure.gravatar.com\/avatar\/713f289e398d35ead876c4a4cc08607f0d6d266058cfc25683fffb6092d0e572?s=96&d=mm&r=g","0":null,"1":"","2":"","3":"","4":"","5":"","6":"","7":"","8":""}],"_links":{"self":[{"href":"https:\/\/www.gold.fr\/news\/wp-json\/wp\/v2\/posts\/18939","targetHints":{"allow":["GET"]}}],"collection":[{"href":"https:\/\/www.gold.fr\/news\/wp-json\/wp\/v2\/posts"}],"about":[{"href":"https:\/\/www.gold.fr\/news\/wp-json\/wp\/v2\/types\/post"}],"author":[{"embeddable":true,"href":"https:\/\/www.gold.fr\/news\/wp-json\/wp\/v2\/users\/18"}],"replies":[{"embeddable":true,"href":"https:\/\/www.gold.fr\/news\/wp-json\/wp\/v2\/comments?post=18939"}],"version-history":[{"count":0,"href":"https:\/\/www.gold.fr\/news\/wp-json\/wp\/v2\/posts\/18939\/revisions"}],"wp:featuredmedia":[{"embeddable":true,"href":"https:\/\/www.gold.fr\/news\/wp-json\/wp\/v2\/media\/9071"}],"wp:attachment":[{"href":"https:\/\/www.gold.fr\/news\/wp-json\/wp\/v2\/media?parent=18939"}],"wp:term":[{"taxonomy":"category","embeddable":true,"href":"https:\/\/www.gold.fr\/news\/wp-json\/wp\/v2\/categories?post=18939"},{"taxonomy":"post_tag","embeddable":true,"href":"https:\/\/www.gold.fr\/news\/wp-json\/wp\/v2\/tags?post=18939"},{"taxonomy":"author","embeddable":true,"href":"https:\/\/www.gold.fr\/news\/wp-json\/wp\/v2\/ppma_author?post=18939"}],"curies":[{"name":"wp","href":"https:\/\/api.w.org\/{rel}","templated":true}]}}