{"id":18937,"date":"2016-03-10T13:00:30","date_gmt":"2016-03-10T12:00:30","guid":{"rendered":"https:\/\/www.gold.fr\/news\/?p=18937"},"modified":"2021-05-21T13:59:24","modified_gmt":"2021-05-21T11:59:24","slug":"leger-recul-de-lor-avant-la-reunion-de-la-bce","status":"publish","type":"post","link":"https:\/\/www.gold.fr\/news\/2016\/03\/10\/leger-recul-de-lor-avant-la-reunion-de-la-bce\/","title":{"rendered":"L\u00e9ger recul de l&rsquo;or avant la r\u00e9union de la BCE"},"content":{"rendered":"<p><span style=\"font-size: small;\"><img loading=\"lazy\" decoding=\"async\" class=\"alignleft wp-image-10137 size-thumbnail\" title=\"L\u00e9ger recul de l'or avant la r\u00e9union de la BCE\" src=\"https:\/\/www.gold.fr\/news\/wp-content\/uploads\/2010\/05\/lingos_dor-150x150.jpg\" alt=\"L\u00e9ger recul de l'or avant la r\u00e9union de la BCE\" width=\"150\" height=\"150\" \/>L&rsquo;<a class=\"esk-seo-plu-link\" href=\"https:\/\/www.gold.fr\/news\/tags\/or\">or<\/a> aurait-il finalement c\u00e9d\u00e9 \u00e0 la pression baissi\u00e8re qui p\u00e8se actuellement lourdement sur les mati\u00e8res premi\u00e8res ? Pas vraiment, le <a class=\"esk-seo-plu-link\" href=\"https:\/\/www.gold.fr\/news\/tags\/or\">m\u00e9tal jaune<\/a> subit juste une petite correction avant la r\u00e9union tant attendue de la <strong>BCE<\/strong>. <\/span><\/p>\n<p><span style=\"font-size: small;\">En effet, les mesures d&rsquo;assouplissement mon\u00e9taire successives instaur\u00e9es par Mario Draghi n&rsquo;ont toujours pas eu l&rsquo;effet souhait\u00e9, ce qui redore irr\u00e9m\u00e9diablement le blason des valeurs refuge, l&rsquo;<a class=\"esk-seo-plu-link\" href=\"https:\/\/www.gold.fr\/news\/tags\/or\">or<\/a> en t\u00eate.<\/span><\/p>\n<p><span style=\"font-size: small;\">L&rsquo;<a class=\"esk-seo-plu-link\" href=\"https:\/\/www.gold.fr\/news\/tags\/or\">or<\/a> ouvre la s\u00e9ance de ce <strong>jeudi 10 mars 2016<\/strong> avec <a title=\"Prix de l'Or\" href=\"https:\/\/www.gold.fr\/cours-or-prix-de-l-or\/\" target=\"_blank\" rel=\"noopener noreferrer\">un cours<\/a> de <strong>1256,10 dollars<\/strong> <a title=\"Prix de l'Once d'Or\" href=\"https:\/\/www.gold.fr\/once-or-nyc\/\" target=\"_blank\" rel=\"noopener noreferrer\">l&rsquo;once<\/a> avec en ligne de mire le seuil symbolique des <strong>1300 dollars<\/strong>.<\/span><\/p>\n<!-- AddThis Advanced Settings generic via filter on the_content --><!-- AddThis Share Buttons generic via filter on the_content -->","protected":false},"excerpt":{"rendered":"<p>L&rsquo;or aurait-il finalement c\u00e9d\u00e9 \u00e0 la pression baissi\u00e8re qui p\u00e8se actuellement lourdement sur les mati\u00e8res premi\u00e8res ? Pas vraiment, le m\u00e9tal jaune subit juste une petite correction avant la r\u00e9union tant attendue de la BCE. En [&hellip;]<\/p>\n","protected":false},"author":18,"featured_media":10137,"comment_status":"closed","ping_status":"closed","sticky":false,"template":"","format":"standard","meta":{"_mbp_gutenberg_autopost":false,"_pgmb_is_evergreen":false,"_pgmb_ap_template_id":0,"footnotes":""},"categories":[5],"tags":[385,84],"ppma_author":[2565],"class_list":["post-18937","post","type-post","status-publish","format-standard","has-post-thumbnail","hentry","category-flash-infos","tag-cours-de-lor-de-bourse","tag-cours-de-lor"],"yoast_head":"<!-- This site is optimized with the Yoast SEO plugin v27.5 - https:\/\/yoast.com\/product\/yoast-seo-wordpress\/ -->\n<title>L\u00e9ger recul de l&#039;or avant la r\u00e9union de la BCE - Gold.fr<\/title>\n<meta name=\"robots\" content=\"index, follow, max-snippet:-1, max-image-preview:large, max-video-preview:-1\" \/>\n<link rel=\"canonical\" href=\"https:\/\/www.gold.fr\/news\/2016\/03\/10\/leger-recul-de-lor-avant-la-reunion-de-la-bce\/\" \/>\n<meta property=\"og:locale\" content=\"fr_FR\" \/>\n<meta property=\"og:type\" content=\"article\" \/>\n<meta property=\"og:title\" content=\"L\u00e9ger recul de l&#039;or avant la r\u00e9union de la BCE - Gold.fr\" \/>\n<meta property=\"og:description\" content=\"L&rsquo;or aurait-il finalement c\u00e9d\u00e9 \u00e0 la pression baissi\u00e8re qui p\u00e8se actuellement lourdement sur les mati\u00e8res premi\u00e8res ? Pas vraiment, le m\u00e9tal jaune subit juste une petite correction avant la r\u00e9union tant attendue de la BCE. En [&hellip;]\" \/>\n<meta property=\"og:url\" content=\"https:\/\/www.gold.fr\/news\/2016\/03\/10\/leger-recul-de-lor-avant-la-reunion-de-la-bce\/\" \/>\n<meta property=\"og:site_name\" content=\"Gold.fr\" \/>\n<meta property=\"article:publisher\" content=\"https:\/\/www.facebook.com\/Goldfr\/\" \/>\n<meta property=\"article:published_time\" content=\"2016-03-10T12:00:30+00:00\" \/>\n<meta property=\"article:modified_time\" content=\"2021-05-21T11:59:24+00:00\" \/>\n<meta property=\"og:image\" content=\"https:\/\/www.gold.fr\/news\/wp-content\/uploads\/2010\/05\/lingos_dor.jpg\" \/>\n\t<meta property=\"og:image:width\" content=\"600\" \/>\n\t<meta property=\"og:image:height\" content=\"437\" \/>\n\t<meta property=\"og:image:type\" content=\"image\/jpeg\" \/>\n<meta name=\"author\" content=\"Comptoir National de l&#039;Or\" \/>\n<meta name=\"twitter:card\" content=\"summary_large_image\" \/>\n<meta name=\"twitter:label1\" content=\"\u00c9crit par\" \/>\n\t<meta name=\"twitter:data1\" content=\"Comptoir National de l&#039;Or\" \/>\n<script type=\"application\/ld+json\" class=\"yoast-schema-graph\">{\"@context\":\"https:\\\/\\\/schema.org\",\"@graph\":[{\"@type\":\"Article\",\"@id\":\"https:\\\/\\\/www.gold.fr\\\/news\\\/2016\\\/03\\\/10\\\/leger-recul-de-lor-avant-la-reunion-de-la-bce\\\/#article\",\"isPartOf\":{\"@id\":\"https:\\\/\\\/www.gold.fr\\\/news\\\/2016\\\/03\\\/10\\\/leger-recul-de-lor-avant-la-reunion-de-la-bce\\\/\"},\"author\":{\"name\":\"Comptoir National de l'Or\",\"@id\":\"https:\\\/\\\/www.gold.fr\\\/news\\\/#\\\/schema\\\/person\\\/070491b4b4fb7671bf59b3be20302ce9\"},\"headline\":\"L\u00e9ger recul de l&rsquo;or avant la r\u00e9union de la BCE\",\"datePublished\":\"2016-03-10T12:00:30+00:00\",\"dateModified\":\"2021-05-21T11:59:24+00:00\",\"mainEntityOfPage\":{\"@id\":\"https:\\\/\\\/www.gold.fr\\\/news\\\/2016\\\/03\\\/10\\\/leger-recul-de-lor-avant-la-reunion-de-la-bce\\\/\"},\"wordCount\":119,\"image\":{\"@id\":\"https:\\\/\\\/www.gold.fr\\\/news\\\/2016\\\/03\\\/10\\\/leger-recul-de-lor-avant-la-reunion-de-la-bce\\\/#primaryimage\"},\"thumbnailUrl\":\"https:\\\/\\\/www.gold.fr\\\/news\\\/wp-content\\\/uploads\\\/2010\\\/05\\\/lingos_dor.jpg\",\"keywords\":[\"cours de l'or de bourse\",\"Tout Cours de l'Or\"],\"articleSection\":[\"Flash infos\"],\"inLanguage\":\"fr-FR\"},{\"@type\":\"WebPage\",\"@id\":\"https:\\\/\\\/www.gold.fr\\\/news\\\/2016\\\/03\\\/10\\\/leger-recul-de-lor-avant-la-reunion-de-la-bce\\\/\",\"url\":\"https:\\\/\\\/www.gold.fr\\\/news\\\/2016\\\/03\\\/10\\\/leger-recul-de-lor-avant-la-reunion-de-la-bce\\\/\",\"name\":\"L\u00e9ger recul de l'or avant la r\u00e9union de la BCE - Gold.fr\",\"isPartOf\":{\"@id\":\"https:\\\/\\\/www.gold.fr\\\/news\\\/#website\"},\"primaryImageOfPage\":{\"@id\":\"https:\\\/\\\/www.gold.fr\\\/news\\\/2016\\\/03\\\/10\\\/leger-recul-de-lor-avant-la-reunion-de-la-bce\\\/#primaryimage\"},\"image\":{\"@id\":\"https:\\\/\\\/www.gold.fr\\\/news\\\/2016\\\/03\\\/10\\\/leger-recul-de-lor-avant-la-reunion-de-la-bce\\\/#primaryimage\"},\"thumbnailUrl\":\"https:\\\/\\\/www.gold.fr\\\/news\\\/wp-content\\\/uploads\\\/2010\\\/05\\\/lingos_dor.jpg\",\"datePublished\":\"2016-03-10T12:00:30+00:00\",\"dateModified\":\"2021-05-21T11:59:24+00:00\",\"author\":{\"@id\":\"https:\\\/\\\/www.gold.fr\\\/news\\\/#\\\/schema\\\/person\\\/070491b4b4fb7671bf59b3be20302ce9\"},\"breadcrumb\":{\"@id\":\"https:\\\/\\\/www.gold.fr\\\/news\\\/2016\\\/03\\\/10\\\/leger-recul-de-lor-avant-la-reunion-de-la-bce\\\/#breadcrumb\"},\"inLanguage\":\"fr-FR\",\"potentialAction\":[{\"@type\":\"ReadAction\",\"target\":[\"https:\\\/\\\/www.gold.fr\\\/news\\\/2016\\\/03\\\/10\\\/leger-recul-de-lor-avant-la-reunion-de-la-bce\\\/\"]}]},{\"@type\":\"ImageObject\",\"inLanguage\":\"fr-FR\",\"@id\":\"https:\\\/\\\/www.gold.fr\\\/news\\\/2016\\\/03\\\/10\\\/leger-recul-de-lor-avant-la-reunion-de-la-bce\\\/#primaryimage\",\"url\":\"https:\\\/\\\/www.gold.fr\\\/news\\\/wp-content\\\/uploads\\\/2010\\\/05\\\/lingos_dor.jpg\",\"contentUrl\":\"https:\\\/\\\/www.gold.fr\\\/news\\\/wp-content\\\/uploads\\\/2010\\\/05\\\/lingos_dor.jpg\",\"width\":\"600\",\"height\":\"437\",\"caption\":\"L'once redresse la barre\"},{\"@type\":\"BreadcrumbList\",\"@id\":\"https:\\\/\\\/www.gold.fr\\\/news\\\/2016\\\/03\\\/10\\\/leger-recul-de-lor-avant-la-reunion-de-la-bce\\\/#breadcrumb\",\"itemListElement\":[{\"@type\":\"ListItem\",\"position\":1,\"name\":\"Accueil\",\"item\":\"https:\\\/\\\/www.gold.fr\\\/\"},{\"@type\":\"ListItem\",\"position\":2,\"name\":\"Actualit\u00e9s\",\"item\":\"https:\\\/\\\/www.gold.fr\\\/news\\\/\"},{\"@type\":\"ListItem\",\"position\":3,\"name\":\"L\u00e9ger recul de l&rsquo;or avant la r\u00e9union de la BCE\"}]},{\"@type\":\"WebSite\",\"@id\":\"https:\\\/\\\/www.gold.fr\\\/news\\\/#website\",\"url\":\"https:\\\/\\\/www.gold.fr\\\/news\\\/\",\"name\":\"Gold.fr\",\"description\":\"Actualit\u00e9s de l&#039;Or et des m\u00e9taux pr\u00e9cieux\",\"potentialAction\":[{\"@type\":\"SearchAction\",\"target\":{\"@type\":\"EntryPoint\",\"urlTemplate\":\"https:\\\/\\\/www.gold.fr\\\/news\\\/?s={search_term_string}\"},\"query-input\":{\"@type\":\"PropertyValueSpecification\",\"valueRequired\":true,\"valueName\":\"search_term_string\"}}],\"inLanguage\":\"fr-FR\"},{\"@type\":\"Person\",\"@id\":\"https:\\\/\\\/www.gold.fr\\\/news\\\/#\\\/schema\\\/person\\\/070491b4b4fb7671bf59b3be20302ce9\",\"name\":\"Comptoir National de l'Or\",\"image\":{\"@type\":\"ImageObject\",\"inLanguage\":\"fr-FR\",\"@id\":\"https:\\\/\\\/secure.gravatar.com\\\/avatar\\\/0a2867fd5abe37bed95d5a65e9d58f01756e11efc68af9888dfc50cfa7f65948?s=96&d=mm&r=gb490554db0a38188709de567aa58480d\",\"url\":\"https:\\\/\\\/secure.gravatar.com\\\/avatar\\\/0a2867fd5abe37bed95d5a65e9d58f01756e11efc68af9888dfc50cfa7f65948?s=96&d=mm&r=g\",\"contentUrl\":\"https:\\\/\\\/secure.gravatar.com\\\/avatar\\\/0a2867fd5abe37bed95d5a65e9d58f01756e11efc68af9888dfc50cfa7f65948?s=96&d=mm&r=g\",\"caption\":\"Comptoir National de l'Or\"},\"description\":\"Notre r\u00e9daction est constitu\u00e9e de membres experts dans les m\u00e9tiers de l'\u00e9conomie et la gestion, des Responsables d'agence Comptoir National de l'Or, des analystes financiers qui publient r\u00e9guli\u00e8rement des \u00e9tudes sur les politiques des banques centrales, le cours de l'or, prix de l'or, cours de l'argent, prix de l'argent, cours du platine, cours du palladium,... la situation en zone euro et l'impact de la strat\u00e9gie mon\u00e9taire de la FED. Notre \u00e9quipe scrute \u00e9galement une information plus g\u00e9n\u00e9raliste \u00e0 la recherche d'actualit\u00e9 \\\"p\u00e9pite\\\" \u00e0 vous partager. Depuis 5 ans, nous avons publi\u00e9 un peu plus de 4000 articles qui s'adressent \u00e0 un public large et vari\u00e9 ayant pour objectif de satisfaire votre curiosit\u00e9 et de partager avec vous une certaine fascination pour le m\u00e9tal jaune, le rachat d'or, et pour ceux qui veulent investir dans l'or, vendre leur or tout simplement en savoir plus... Pour tous vos achat or et argent, n'h\u00e9sitez pas \u00e0 prendre rendez-vous dans l'un de nos nombreux comptoirs.\",\"sameAs\":[\"https:\\\/\\\/www.gold.fr\"]}]}<\/script>\n<!-- \/ Yoast SEO plugin. -->","yoast_head_json":{"title":"L\u00e9ger recul de l'or avant la r\u00e9union de la BCE - Gold.fr","robots":{"index":"index","follow":"follow","max-snippet":"max-snippet:-1","max-image-preview":"max-image-preview:large","max-video-preview":"max-video-preview:-1"},"canonical":"https:\/\/www.gold.fr\/news\/2016\/03\/10\/leger-recul-de-lor-avant-la-reunion-de-la-bce\/","og_locale":"fr_FR","og_type":"article","og_title":"L\u00e9ger recul de l'or avant la r\u00e9union de la BCE - Gold.fr","og_description":"L&rsquo;or aurait-il finalement c\u00e9d\u00e9 \u00e0 la pression baissi\u00e8re qui p\u00e8se actuellement lourdement sur les mati\u00e8res premi\u00e8res ? Pas vraiment, le m\u00e9tal jaune subit juste une petite correction avant la r\u00e9union tant attendue de la BCE. En [&hellip;]","og_url":"https:\/\/www.gold.fr\/news\/2016\/03\/10\/leger-recul-de-lor-avant-la-reunion-de-la-bce\/","og_site_name":"Gold.fr","article_publisher":"https:\/\/www.facebook.com\/Goldfr\/","article_published_time":"2016-03-10T12:00:30+00:00","article_modified_time":"2021-05-21T11:59:24+00:00","og_image":[{"width":600,"height":437,"url":"https:\/\/www.gold.fr\/news\/wp-content\/uploads\/2010\/05\/lingos_dor.jpg","type":"image\/jpeg"}],"author":"Comptoir National de l'Or","twitter_card":"summary_large_image","twitter_misc":{"\u00c9crit par":"Comptoir National de l'Or"},"schema":{"@context":"https:\/\/schema.org","@graph":[{"@type":"Article","@id":"https:\/\/www.gold.fr\/news\/2016\/03\/10\/leger-recul-de-lor-avant-la-reunion-de-la-bce\/#article","isPartOf":{"@id":"https:\/\/www.gold.fr\/news\/2016\/03\/10\/leger-recul-de-lor-avant-la-reunion-de-la-bce\/"},"author":{"name":"Comptoir National de l'Or","@id":"https:\/\/www.gold.fr\/news\/#\/schema\/person\/070491b4b4fb7671bf59b3be20302ce9"},"headline":"L\u00e9ger recul de l&rsquo;or avant la r\u00e9union de la BCE","datePublished":"2016-03-10T12:00:30+00:00","dateModified":"2021-05-21T11:59:24+00:00","mainEntityOfPage":{"@id":"https:\/\/www.gold.fr\/news\/2016\/03\/10\/leger-recul-de-lor-avant-la-reunion-de-la-bce\/"},"wordCount":119,"image":{"@id":"https:\/\/www.gold.fr\/news\/2016\/03\/10\/leger-recul-de-lor-avant-la-reunion-de-la-bce\/#primaryimage"},"thumbnailUrl":"https:\/\/www.gold.fr\/news\/wp-content\/uploads\/2010\/05\/lingos_dor.jpg","keywords":["cours de l'or de bourse","Tout Cours de l'Or"],"articleSection":["Flash infos"],"inLanguage":"fr-FR"},{"@type":"WebPage","@id":"https:\/\/www.gold.fr\/news\/2016\/03\/10\/leger-recul-de-lor-avant-la-reunion-de-la-bce\/","url":"https:\/\/www.gold.fr\/news\/2016\/03\/10\/leger-recul-de-lor-avant-la-reunion-de-la-bce\/","name":"L\u00e9ger recul de l'or avant la r\u00e9union de la BCE - Gold.fr","isPartOf":{"@id":"https:\/\/www.gold.fr\/news\/#website"},"primaryImageOfPage":{"@id":"https:\/\/www.gold.fr\/news\/2016\/03\/10\/leger-recul-de-lor-avant-la-reunion-de-la-bce\/#primaryimage"},"image":{"@id":"https:\/\/www.gold.fr\/news\/2016\/03\/10\/leger-recul-de-lor-avant-la-reunion-de-la-bce\/#primaryimage"},"thumbnailUrl":"https:\/\/www.gold.fr\/news\/wp-content\/uploads\/2010\/05\/lingos_dor.jpg","datePublished":"2016-03-10T12:00:30+00:00","dateModified":"2021-05-21T11:59:24+00:00","author":{"@id":"https:\/\/www.gold.fr\/news\/#\/schema\/person\/070491b4b4fb7671bf59b3be20302ce9"},"breadcrumb":{"@id":"https:\/\/www.gold.fr\/news\/2016\/03\/10\/leger-recul-de-lor-avant-la-reunion-de-la-bce\/#breadcrumb"},"inLanguage":"fr-FR","potentialAction":[{"@type":"ReadAction","target":["https:\/\/www.gold.fr\/news\/2016\/03\/10\/leger-recul-de-lor-avant-la-reunion-de-la-bce\/"]}]},{"@type":"ImageObject","inLanguage":"fr-FR","@id":"https:\/\/www.gold.fr\/news\/2016\/03\/10\/leger-recul-de-lor-avant-la-reunion-de-la-bce\/#primaryimage","url":"https:\/\/www.gold.fr\/news\/wp-content\/uploads\/2010\/05\/lingos_dor.jpg","contentUrl":"https:\/\/www.gold.fr\/news\/wp-content\/uploads\/2010\/05\/lingos_dor.jpg","width":"600","height":"437","caption":"L'once redresse la barre"},{"@type":"BreadcrumbList","@id":"https:\/\/www.gold.fr\/news\/2016\/03\/10\/leger-recul-de-lor-avant-la-reunion-de-la-bce\/#breadcrumb","itemListElement":[{"@type":"ListItem","position":1,"name":"Accueil","item":"https:\/\/www.gold.fr\/"},{"@type":"ListItem","position":2,"name":"Actualit\u00e9s","item":"https:\/\/www.gold.fr\/news\/"},{"@type":"ListItem","position":3,"name":"L\u00e9ger recul de l&rsquo;or avant la r\u00e9union de la BCE"}]},{"@type":"WebSite","@id":"https:\/\/www.gold.fr\/news\/#website","url":"https:\/\/www.gold.fr\/news\/","name":"Gold.fr","description":"Actualit\u00e9s de l&#039;Or et des m\u00e9taux pr\u00e9cieux","potentialAction":[{"@type":"SearchAction","target":{"@type":"EntryPoint","urlTemplate":"https:\/\/www.gold.fr\/news\/?s={search_term_string}"},"query-input":{"@type":"PropertyValueSpecification","valueRequired":true,"valueName":"search_term_string"}}],"inLanguage":"fr-FR"},{"@type":"Person","@id":"https:\/\/www.gold.fr\/news\/#\/schema\/person\/070491b4b4fb7671bf59b3be20302ce9","name":"Comptoir National de l'Or","image":{"@type":"ImageObject","inLanguage":"fr-FR","@id":"https:\/\/secure.gravatar.com\/avatar\/0a2867fd5abe37bed95d5a65e9d58f01756e11efc68af9888dfc50cfa7f65948?s=96&d=mm&r=gb490554db0a38188709de567aa58480d","url":"https:\/\/secure.gravatar.com\/avatar\/0a2867fd5abe37bed95d5a65e9d58f01756e11efc68af9888dfc50cfa7f65948?s=96&d=mm&r=g","contentUrl":"https:\/\/secure.gravatar.com\/avatar\/0a2867fd5abe37bed95d5a65e9d58f01756e11efc68af9888dfc50cfa7f65948?s=96&d=mm&r=g","caption":"Comptoir National de l'Or"},"description":"Notre r\u00e9daction est constitu\u00e9e de membres experts dans les m\u00e9tiers de l'\u00e9conomie et la gestion, des Responsables d'agence Comptoir National de l'Or, des analystes financiers qui publient r\u00e9guli\u00e8rement des \u00e9tudes sur les politiques des banques centrales, le cours de l'or, prix de l'or, cours de l'argent, prix de l'argent, cours du platine, cours du palladium,... la situation en zone euro et l'impact de la strat\u00e9gie mon\u00e9taire de la FED. Notre \u00e9quipe scrute \u00e9galement une information plus g\u00e9n\u00e9raliste \u00e0 la recherche d'actualit\u00e9 \"p\u00e9pite\" \u00e0 vous partager. Depuis 5 ans, nous avons publi\u00e9 un peu plus de 4000 articles qui s'adressent \u00e0 un public large et vari\u00e9 ayant pour objectif de satisfaire votre curiosit\u00e9 et de partager avec vous une certaine fascination pour le m\u00e9tal jaune, le rachat d'or, et pour ceux qui veulent investir dans l'or, vendre leur or tout simplement en savoir plus... Pour tous vos achat or et argent, n'h\u00e9sitez pas \u00e0 prendre rendez-vous dans l'un de nos nombreux comptoirs.","sameAs":["https:\/\/www.gold.fr"]}]}},"authors":[{"term_id":2565,"user_id":18,"is_guest":0,"slug":"julie","display_name":"Comptoir National de l'Or","avatar_url":"https:\/\/secure.gravatar.com\/avatar\/713f289e398d35ead876c4a4cc08607f0d6d266058cfc25683fffb6092d0e572?s=96&d=mm&r=g","0":null,"1":"","2":"","3":"","4":"","5":"","6":"","7":"","8":""}],"_links":{"self":[{"href":"https:\/\/www.gold.fr\/news\/wp-json\/wp\/v2\/posts\/18937","targetHints":{"allow":["GET"]}}],"collection":[{"href":"https:\/\/www.gold.fr\/news\/wp-json\/wp\/v2\/posts"}],"about":[{"href":"https:\/\/www.gold.fr\/news\/wp-json\/wp\/v2\/types\/post"}],"author":[{"embeddable":true,"href":"https:\/\/www.gold.fr\/news\/wp-json\/wp\/v2\/users\/18"}],"replies":[{"embeddable":true,"href":"https:\/\/www.gold.fr\/news\/wp-json\/wp\/v2\/comments?post=18937"}],"version-history":[{"count":0,"href":"https:\/\/www.gold.fr\/news\/wp-json\/wp\/v2\/posts\/18937\/revisions"}],"wp:featuredmedia":[{"embeddable":true,"href":"https:\/\/www.gold.fr\/news\/wp-json\/wp\/v2\/media\/10137"}],"wp:attachment":[{"href":"https:\/\/www.gold.fr\/news\/wp-json\/wp\/v2\/media?parent=18937"}],"wp:term":[{"taxonomy":"category","embeddable":true,"href":"https:\/\/www.gold.fr\/news\/wp-json\/wp\/v2\/categories?post=18937"},{"taxonomy":"post_tag","embeddable":true,"href":"https:\/\/www.gold.fr\/news\/wp-json\/wp\/v2\/tags?post=18937"},{"taxonomy":"author","embeddable":true,"href":"https:\/\/www.gold.fr\/news\/wp-json\/wp\/v2\/ppma_author?post=18937"}],"curies":[{"name":"wp","href":"https:\/\/api.w.org\/{rel}","templated":true}]}}