{"id":18910,"date":"2016-03-04T17:00:54","date_gmt":"2016-03-04T16:00:54","guid":{"rendered":"https:\/\/www.gold.fr\/news\/?p=18910"},"modified":"2018-03-16T16:52:31","modified_gmt":"2018-03-16T15:52:31","slug":"marches-fin-de-semaine-peu-enthousiaste","status":"publish","type":"post","link":"https:\/\/www.gold.fr\/news\/2016\/03\/04\/marches-fin-de-semaine-peu-enthousiaste\/","title":{"rendered":"March\u00e9s : Fin de semaine peu enthousiaste"},"content":{"rendered":"<p><span style=\"font-size: small;\"><img loading=\"lazy\" decoding=\"async\" class=\"alignleft wp-image-31704 size-thumbnail\" title=\"March\u00e9s : Fin de semaine peu enthousiaste\" src=\"https:\/\/www.gold.fr\/news\/wp-content\/uploads\/2016\/02\/demande-mondiale-4-150x150.jpg\" alt=\"March\u00e9s : Fin de semaine peu enthousiaste\" width=\"150\" height=\"150\" \/>Apr\u00e8s le rallye haussier qui s&rsquo;est prolong\u00e9 tout au long de la semaine, les march\u00e9s financiers enregistrent en cette s\u00e9ance finale une baisse de r\u00e9gime qui \u00e9tait, selon le consensus expert, largement pr\u00e9visible. <\/span><\/p>\n<p><span style=\"font-size: small;\">Faute de catalyseur r\u00e9el et solide pour la justifier, il \u00e9tait naturel que cette vague haussi\u00e8re des indices am\u00e9ricains et europ\u00e9ens s&rsquo;essouffle assez rapidement, m\u00eame si les places boursi\u00e8res continuent \u00e0 se maintenir en terrain relativement positif.<\/span> <span style=\"font-size: small;\">Le point d&rsquo;orgue macro\u00e9conomique de la journ\u00e9e (et \u00e9galement de la semaine) demeure le rapport relatif \u00e0 l&#8217;emploi am\u00e9ricain dont les march\u00e9s guettent les d\u00e9tails, dans l&rsquo;espoir d&rsquo;y d\u00e9celer un potentiel impact sur le d\u00e9roulement et l&rsquo;issue de la prochaine r\u00e9union du <strong>FOMC<\/strong> (comit\u00e9 de direction de la politique mon\u00e9taire de la r\u00e9serve f\u00e9d\u00e9rale am\u00e9ricaine). <\/span><\/p>\n<p><span style=\"font-size: small;\">En attendant, attentisme et nervosit\u00e9 souffle un vent de morosit\u00e9 sur les march\u00e9s d&rsquo;<a class=\"esk-seo-plu-link\" href=\"https:\/\/www.gold.fr\/news\/tags\/investissement\">investissement<\/a>. Une <a class=\"esk-seo-plu-link\" href=\"https:\/\/www.gold.fr\/news\/tags\/investissement\">tendance<\/a> confirm\u00e9e par les commentaires des experts, dont <strong>Chris Weston<\/strong>, strat\u00e8ge en chef d&rsquo;<strong>IG<\/strong>, qui souligne \u00ab<em> (\u2026) un air de fatigue du c\u00f4t\u00e9 des acheteurs sur un certain nombre de march\u00e9s d\u00e9velopp\u00e9s, m\u00eame s&rsquo;ils continuent \u00e0 aller de l&rsquo;avant<\/em> \u00bb, estimant que \u00ab <em>le march\u00e9 a besoin de nouvelles fra\u00eeches afin de trouver une nouvelle inspiration et de prolonger sa progression<\/em> \u00bb.<\/span> <span style=\"font-size: small;\">Selon l&rsquo;analyste, la principale crainte des march\u00e9s d&rsquo;<a class=\"esk-seo-plu-link\" href=\"https:\/\/www.gold.fr\/news\/tags\/investissement\">investissement<\/a> tourne autour du chiffre des cr\u00e9ations d&#8217;emplois, avec un sc\u00e9nario pessimiste qui pr\u00e9voit pr\u00e8s de <strong>150.000<\/strong> en f\u00e9vrier, contre des espoirs qui tablent sur environ <strong>185.000 postes<\/strong> cr\u00e9\u00e9s sur la m\u00eame p\u00e9riode.<\/span><\/p>\n<!-- AddThis Advanced Settings generic via filter on the_content --><!-- AddThis Share Buttons generic via filter on the_content -->","protected":false},"excerpt":{"rendered":"<p>Apr\u00e8s le rallye haussier qui s&rsquo;est prolong\u00e9 tout au long de la semaine, les march\u00e9s financiers enregistrent en cette s\u00e9ance finale une baisse de r\u00e9gime qui \u00e9tait, selon le consensus expert, largement pr\u00e9visible. Faute de catalyseur [&hellip;]<\/p>\n","protected":false},"author":18,"featured_media":31704,"comment_status":"open","ping_status":"open","sticky":false,"template":"","format":"standard","meta":{"_mbp_gutenberg_autopost":false,"_pgmb_is_evergreen":false,"_pgmb_ap_template_id":0,"footnotes":""},"categories":[6],"tags":[1188,1034,1747,105],"ppma_author":[2565],"class_list":["post-18910","post","type-post","status-publish","format-standard","has-post-thumbnail","hentry","category-articles-de-presse","tag-bourse","tag-fomc","tag-hausse","tag-marche"],"yoast_head":"<!-- This site is optimized with the Yoast SEO plugin v27.5 - https:\/\/yoast.com\/product\/yoast-seo-wordpress\/ -->\n<title>March\u00e9s : Fin de semaine peu enthousiaste - Gold.fr<\/title>\n<meta name=\"robots\" content=\"index, follow, max-snippet:-1, max-image-preview:large, max-video-preview:-1\" \/>\n<link rel=\"canonical\" href=\"https:\/\/www.gold.fr\/news\/2016\/03\/04\/marches-fin-de-semaine-peu-enthousiaste\/\" \/>\n<meta property=\"og:locale\" content=\"fr_FR\" \/>\n<meta property=\"og:type\" content=\"article\" \/>\n<meta property=\"og:title\" content=\"March\u00e9s : Fin de semaine peu enthousiaste - Gold.fr\" \/>\n<meta property=\"og:description\" content=\"Apr\u00e8s le rallye haussier qui s&rsquo;est prolong\u00e9 tout au long de la semaine, les march\u00e9s financiers enregistrent en cette s\u00e9ance finale une baisse de r\u00e9gime qui \u00e9tait, selon le consensus expert, largement pr\u00e9visible. Faute de catalyseur [&hellip;]\" \/>\n<meta property=\"og:url\" content=\"https:\/\/www.gold.fr\/news\/2016\/03\/04\/marches-fin-de-semaine-peu-enthousiaste\/\" \/>\n<meta property=\"og:site_name\" content=\"Gold.fr\" \/>\n<meta property=\"article:publisher\" content=\"https:\/\/www.facebook.com\/Goldfr\/\" \/>\n<meta property=\"article:published_time\" content=\"2016-03-04T16:00:54+00:00\" \/>\n<meta property=\"article:modified_time\" content=\"2018-03-16T15:52:31+00:00\" \/>\n<meta property=\"og:image\" content=\"https:\/\/www.gold.fr\/news\/wp-content\/uploads\/2016\/02\/demande-mondiale-4.jpg\" \/>\n\t<meta property=\"og:image:width\" content=\"600\" \/>\n\t<meta property=\"og:image:height\" content=\"400\" \/>\n\t<meta property=\"og:image:type\" content=\"image\/jpeg\" \/>\n<meta name=\"author\" content=\"Comptoir National de l&#039;Or\" \/>\n<meta name=\"twitter:card\" content=\"summary_large_image\" \/>\n<meta name=\"twitter:label1\" content=\"\u00c9crit par\" \/>\n\t<meta name=\"twitter:data1\" content=\"Comptoir National de l&#039;Or\" \/>\n\t<meta name=\"twitter:label2\" content=\"Dur\u00e9e de lecture estim\u00e9e\" \/>\n\t<meta name=\"twitter:data2\" content=\"1 minute\" \/>\n<script type=\"application\/ld+json\" class=\"yoast-schema-graph\">{\"@context\":\"https:\\\/\\\/schema.org\",\"@graph\":[{\"@type\":\"Article\",\"@id\":\"https:\\\/\\\/www.gold.fr\\\/news\\\/2016\\\/03\\\/04\\\/marches-fin-de-semaine-peu-enthousiaste\\\/#article\",\"isPartOf\":{\"@id\":\"https:\\\/\\\/www.gold.fr\\\/news\\\/2016\\\/03\\\/04\\\/marches-fin-de-semaine-peu-enthousiaste\\\/\"},\"author\":{\"name\":\"Comptoir National de l'Or\",\"@id\":\"https:\\\/\\\/www.gold.fr\\\/news\\\/#\\\/schema\\\/person\\\/070491b4b4fb7671bf59b3be20302ce9\"},\"headline\":\"March\u00e9s : Fin de semaine peu enthousiaste\",\"datePublished\":\"2016-03-04T16:00:54+00:00\",\"dateModified\":\"2018-03-16T15:52:31+00:00\",\"mainEntityOfPage\":{\"@id\":\"https:\\\/\\\/www.gold.fr\\\/news\\\/2016\\\/03\\\/04\\\/marches-fin-de-semaine-peu-enthousiaste\\\/\"},\"wordCount\":296,\"commentCount\":0,\"image\":{\"@id\":\"https:\\\/\\\/www.gold.fr\\\/news\\\/2016\\\/03\\\/04\\\/marches-fin-de-semaine-peu-enthousiaste\\\/#primaryimage\"},\"thumbnailUrl\":\"https:\\\/\\\/www.gold.fr\\\/news\\\/wp-content\\\/uploads\\\/2016\\\/02\\\/demande-mondiale-4.jpg\",\"keywords\":[\"bourse\",\"FOMC\",\"hausse\",\"march\u00e9\"],\"articleSection\":[\"Articles de presse\"],\"inLanguage\":\"fr-FR\"},{\"@type\":\"WebPage\",\"@id\":\"https:\\\/\\\/www.gold.fr\\\/news\\\/2016\\\/03\\\/04\\\/marches-fin-de-semaine-peu-enthousiaste\\\/\",\"url\":\"https:\\\/\\\/www.gold.fr\\\/news\\\/2016\\\/03\\\/04\\\/marches-fin-de-semaine-peu-enthousiaste\\\/\",\"name\":\"March\u00e9s : Fin de semaine peu enthousiaste - Gold.fr\",\"isPartOf\":{\"@id\":\"https:\\\/\\\/www.gold.fr\\\/news\\\/#website\"},\"primaryImageOfPage\":{\"@id\":\"https:\\\/\\\/www.gold.fr\\\/news\\\/2016\\\/03\\\/04\\\/marches-fin-de-semaine-peu-enthousiaste\\\/#primaryimage\"},\"image\":{\"@id\":\"https:\\\/\\\/www.gold.fr\\\/news\\\/2016\\\/03\\\/04\\\/marches-fin-de-semaine-peu-enthousiaste\\\/#primaryimage\"},\"thumbnailUrl\":\"https:\\\/\\\/www.gold.fr\\\/news\\\/wp-content\\\/uploads\\\/2016\\\/02\\\/demande-mondiale-4.jpg\",\"datePublished\":\"2016-03-04T16:00:54+00:00\",\"dateModified\":\"2018-03-16T15:52:31+00:00\",\"author\":{\"@id\":\"https:\\\/\\\/www.gold.fr\\\/news\\\/#\\\/schema\\\/person\\\/070491b4b4fb7671bf59b3be20302ce9\"},\"breadcrumb\":{\"@id\":\"https:\\\/\\\/www.gold.fr\\\/news\\\/2016\\\/03\\\/04\\\/marches-fin-de-semaine-peu-enthousiaste\\\/#breadcrumb\"},\"inLanguage\":\"fr-FR\",\"potentialAction\":[{\"@type\":\"ReadAction\",\"target\":[\"https:\\\/\\\/www.gold.fr\\\/news\\\/2016\\\/03\\\/04\\\/marches-fin-de-semaine-peu-enthousiaste\\\/\"]}]},{\"@type\":\"ImageObject\",\"inLanguage\":\"fr-FR\",\"@id\":\"https:\\\/\\\/www.gold.fr\\\/news\\\/2016\\\/03\\\/04\\\/marches-fin-de-semaine-peu-enthousiaste\\\/#primaryimage\",\"url\":\"https:\\\/\\\/www.gold.fr\\\/news\\\/wp-content\\\/uploads\\\/2016\\\/02\\\/demande-mondiale-4.jpg\",\"contentUrl\":\"https:\\\/\\\/www.gold.fr\\\/news\\\/wp-content\\\/uploads\\\/2016\\\/02\\\/demande-mondiale-4.jpg\",\"width\":600,\"height\":400,\"caption\":\"March\u00e9s : Toujours dans le doute\"},{\"@type\":\"BreadcrumbList\",\"@id\":\"https:\\\/\\\/www.gold.fr\\\/news\\\/2016\\\/03\\\/04\\\/marches-fin-de-semaine-peu-enthousiaste\\\/#breadcrumb\",\"itemListElement\":[{\"@type\":\"ListItem\",\"position\":1,\"name\":\"Accueil\",\"item\":\"https:\\\/\\\/www.gold.fr\\\/\"},{\"@type\":\"ListItem\",\"position\":2,\"name\":\"Actualit\u00e9s\",\"item\":\"https:\\\/\\\/www.gold.fr\\\/news\\\/\"},{\"@type\":\"ListItem\",\"position\":3,\"name\":\"March\u00e9s : Fin de semaine peu enthousiaste\"}]},{\"@type\":\"WebSite\",\"@id\":\"https:\\\/\\\/www.gold.fr\\\/news\\\/#website\",\"url\":\"https:\\\/\\\/www.gold.fr\\\/news\\\/\",\"name\":\"Gold.fr\",\"description\":\"Actualit\u00e9s de l&#039;Or et des m\u00e9taux pr\u00e9cieux\",\"potentialAction\":[{\"@type\":\"SearchAction\",\"target\":{\"@type\":\"EntryPoint\",\"urlTemplate\":\"https:\\\/\\\/www.gold.fr\\\/news\\\/?s={search_term_string}\"},\"query-input\":{\"@type\":\"PropertyValueSpecification\",\"valueRequired\":true,\"valueName\":\"search_term_string\"}}],\"inLanguage\":\"fr-FR\"},{\"@type\":\"Person\",\"@id\":\"https:\\\/\\\/www.gold.fr\\\/news\\\/#\\\/schema\\\/person\\\/070491b4b4fb7671bf59b3be20302ce9\",\"name\":\"Comptoir National de l'Or\",\"image\":{\"@type\":\"ImageObject\",\"inLanguage\":\"fr-FR\",\"@id\":\"https:\\\/\\\/secure.gravatar.com\\\/avatar\\\/0a2867fd5abe37bed95d5a65e9d58f01756e11efc68af9888dfc50cfa7f65948?s=96&d=mm&r=gb490554db0a38188709de567aa58480d\",\"url\":\"https:\\\/\\\/secure.gravatar.com\\\/avatar\\\/0a2867fd5abe37bed95d5a65e9d58f01756e11efc68af9888dfc50cfa7f65948?s=96&d=mm&r=g\",\"contentUrl\":\"https:\\\/\\\/secure.gravatar.com\\\/avatar\\\/0a2867fd5abe37bed95d5a65e9d58f01756e11efc68af9888dfc50cfa7f65948?s=96&d=mm&r=g\",\"caption\":\"Comptoir National de l'Or\"},\"description\":\"Notre r\u00e9daction est constitu\u00e9e de membres experts dans les m\u00e9tiers de l'\u00e9conomie et la gestion, des Responsables d'agence Comptoir National de l'Or, des analystes financiers qui publient r\u00e9guli\u00e8rement des \u00e9tudes sur les politiques des banques centrales, le cours de l'or, prix de l'or, cours de l'argent, prix de l'argent, cours du platine, cours du palladium,... la situation en zone euro et l'impact de la strat\u00e9gie mon\u00e9taire de la FED. Notre \u00e9quipe scrute \u00e9galement une information plus g\u00e9n\u00e9raliste \u00e0 la recherche d'actualit\u00e9 \\\"p\u00e9pite\\\" \u00e0 vous partager. Depuis 5 ans, nous avons publi\u00e9 un peu plus de 4000 articles qui s'adressent \u00e0 un public large et vari\u00e9 ayant pour objectif de satisfaire votre curiosit\u00e9 et de partager avec vous une certaine fascination pour le m\u00e9tal jaune, le rachat d'or, et pour ceux qui veulent investir dans l'or, vendre leur or tout simplement en savoir plus... Pour tous vos achat or et argent, n'h\u00e9sitez pas \u00e0 prendre rendez-vous dans l'un de nos nombreux comptoirs.\",\"sameAs\":[\"https:\\\/\\\/www.gold.fr\"]}]}<\/script>\n<!-- \/ Yoast SEO plugin. -->","yoast_head_json":{"title":"March\u00e9s : Fin de semaine peu enthousiaste - Gold.fr","robots":{"index":"index","follow":"follow","max-snippet":"max-snippet:-1","max-image-preview":"max-image-preview:large","max-video-preview":"max-video-preview:-1"},"canonical":"https:\/\/www.gold.fr\/news\/2016\/03\/04\/marches-fin-de-semaine-peu-enthousiaste\/","og_locale":"fr_FR","og_type":"article","og_title":"March\u00e9s : Fin de semaine peu enthousiaste - Gold.fr","og_description":"Apr\u00e8s le rallye haussier qui s&rsquo;est prolong\u00e9 tout au long de la semaine, les march\u00e9s financiers enregistrent en cette s\u00e9ance finale une baisse de r\u00e9gime qui \u00e9tait, selon le consensus expert, largement pr\u00e9visible. Faute de catalyseur [&hellip;]","og_url":"https:\/\/www.gold.fr\/news\/2016\/03\/04\/marches-fin-de-semaine-peu-enthousiaste\/","og_site_name":"Gold.fr","article_publisher":"https:\/\/www.facebook.com\/Goldfr\/","article_published_time":"2016-03-04T16:00:54+00:00","article_modified_time":"2018-03-16T15:52:31+00:00","og_image":[{"width":600,"height":400,"url":"https:\/\/www.gold.fr\/news\/wp-content\/uploads\/2016\/02\/demande-mondiale-4.jpg","type":"image\/jpeg"}],"author":"Comptoir National de l'Or","twitter_card":"summary_large_image","twitter_misc":{"\u00c9crit par":"Comptoir National de l'Or","Dur\u00e9e de lecture estim\u00e9e":"1 minute"},"schema":{"@context":"https:\/\/schema.org","@graph":[{"@type":"Article","@id":"https:\/\/www.gold.fr\/news\/2016\/03\/04\/marches-fin-de-semaine-peu-enthousiaste\/#article","isPartOf":{"@id":"https:\/\/www.gold.fr\/news\/2016\/03\/04\/marches-fin-de-semaine-peu-enthousiaste\/"},"author":{"name":"Comptoir National de l'Or","@id":"https:\/\/www.gold.fr\/news\/#\/schema\/person\/070491b4b4fb7671bf59b3be20302ce9"},"headline":"March\u00e9s : Fin de semaine peu enthousiaste","datePublished":"2016-03-04T16:00:54+00:00","dateModified":"2018-03-16T15:52:31+00:00","mainEntityOfPage":{"@id":"https:\/\/www.gold.fr\/news\/2016\/03\/04\/marches-fin-de-semaine-peu-enthousiaste\/"},"wordCount":296,"commentCount":0,"image":{"@id":"https:\/\/www.gold.fr\/news\/2016\/03\/04\/marches-fin-de-semaine-peu-enthousiaste\/#primaryimage"},"thumbnailUrl":"https:\/\/www.gold.fr\/news\/wp-content\/uploads\/2016\/02\/demande-mondiale-4.jpg","keywords":["bourse","FOMC","hausse","march\u00e9"],"articleSection":["Articles de presse"],"inLanguage":"fr-FR"},{"@type":"WebPage","@id":"https:\/\/www.gold.fr\/news\/2016\/03\/04\/marches-fin-de-semaine-peu-enthousiaste\/","url":"https:\/\/www.gold.fr\/news\/2016\/03\/04\/marches-fin-de-semaine-peu-enthousiaste\/","name":"March\u00e9s : Fin de semaine peu enthousiaste - Gold.fr","isPartOf":{"@id":"https:\/\/www.gold.fr\/news\/#website"},"primaryImageOfPage":{"@id":"https:\/\/www.gold.fr\/news\/2016\/03\/04\/marches-fin-de-semaine-peu-enthousiaste\/#primaryimage"},"image":{"@id":"https:\/\/www.gold.fr\/news\/2016\/03\/04\/marches-fin-de-semaine-peu-enthousiaste\/#primaryimage"},"thumbnailUrl":"https:\/\/www.gold.fr\/news\/wp-content\/uploads\/2016\/02\/demande-mondiale-4.jpg","datePublished":"2016-03-04T16:00:54+00:00","dateModified":"2018-03-16T15:52:31+00:00","author":{"@id":"https:\/\/www.gold.fr\/news\/#\/schema\/person\/070491b4b4fb7671bf59b3be20302ce9"},"breadcrumb":{"@id":"https:\/\/www.gold.fr\/news\/2016\/03\/04\/marches-fin-de-semaine-peu-enthousiaste\/#breadcrumb"},"inLanguage":"fr-FR","potentialAction":[{"@type":"ReadAction","target":["https:\/\/www.gold.fr\/news\/2016\/03\/04\/marches-fin-de-semaine-peu-enthousiaste\/"]}]},{"@type":"ImageObject","inLanguage":"fr-FR","@id":"https:\/\/www.gold.fr\/news\/2016\/03\/04\/marches-fin-de-semaine-peu-enthousiaste\/#primaryimage","url":"https:\/\/www.gold.fr\/news\/wp-content\/uploads\/2016\/02\/demande-mondiale-4.jpg","contentUrl":"https:\/\/www.gold.fr\/news\/wp-content\/uploads\/2016\/02\/demande-mondiale-4.jpg","width":600,"height":400,"caption":"March\u00e9s : Toujours dans le doute"},{"@type":"BreadcrumbList","@id":"https:\/\/www.gold.fr\/news\/2016\/03\/04\/marches-fin-de-semaine-peu-enthousiaste\/#breadcrumb","itemListElement":[{"@type":"ListItem","position":1,"name":"Accueil","item":"https:\/\/www.gold.fr\/"},{"@type":"ListItem","position":2,"name":"Actualit\u00e9s","item":"https:\/\/www.gold.fr\/news\/"},{"@type":"ListItem","position":3,"name":"March\u00e9s : Fin de semaine peu enthousiaste"}]},{"@type":"WebSite","@id":"https:\/\/www.gold.fr\/news\/#website","url":"https:\/\/www.gold.fr\/news\/","name":"Gold.fr","description":"Actualit\u00e9s de l&#039;Or et des m\u00e9taux pr\u00e9cieux","potentialAction":[{"@type":"SearchAction","target":{"@type":"EntryPoint","urlTemplate":"https:\/\/www.gold.fr\/news\/?s={search_term_string}"},"query-input":{"@type":"PropertyValueSpecification","valueRequired":true,"valueName":"search_term_string"}}],"inLanguage":"fr-FR"},{"@type":"Person","@id":"https:\/\/www.gold.fr\/news\/#\/schema\/person\/070491b4b4fb7671bf59b3be20302ce9","name":"Comptoir National de l'Or","image":{"@type":"ImageObject","inLanguage":"fr-FR","@id":"https:\/\/secure.gravatar.com\/avatar\/0a2867fd5abe37bed95d5a65e9d58f01756e11efc68af9888dfc50cfa7f65948?s=96&d=mm&r=gb490554db0a38188709de567aa58480d","url":"https:\/\/secure.gravatar.com\/avatar\/0a2867fd5abe37bed95d5a65e9d58f01756e11efc68af9888dfc50cfa7f65948?s=96&d=mm&r=g","contentUrl":"https:\/\/secure.gravatar.com\/avatar\/0a2867fd5abe37bed95d5a65e9d58f01756e11efc68af9888dfc50cfa7f65948?s=96&d=mm&r=g","caption":"Comptoir National de l'Or"},"description":"Notre r\u00e9daction est constitu\u00e9e de membres experts dans les m\u00e9tiers de l'\u00e9conomie et la gestion, des Responsables d'agence Comptoir National de l'Or, des analystes financiers qui publient r\u00e9guli\u00e8rement des \u00e9tudes sur les politiques des banques centrales, le cours de l'or, prix de l'or, cours de l'argent, prix de l'argent, cours du platine, cours du palladium,... la situation en zone euro et l'impact de la strat\u00e9gie mon\u00e9taire de la FED. Notre \u00e9quipe scrute \u00e9galement une information plus g\u00e9n\u00e9raliste \u00e0 la recherche d'actualit\u00e9 \"p\u00e9pite\" \u00e0 vous partager. Depuis 5 ans, nous avons publi\u00e9 un peu plus de 4000 articles qui s'adressent \u00e0 un public large et vari\u00e9 ayant pour objectif de satisfaire votre curiosit\u00e9 et de partager avec vous une certaine fascination pour le m\u00e9tal jaune, le rachat d'or, et pour ceux qui veulent investir dans l'or, vendre leur or tout simplement en savoir plus... Pour tous vos achat or et argent, n'h\u00e9sitez pas \u00e0 prendre rendez-vous dans l'un de nos nombreux comptoirs.","sameAs":["https:\/\/www.gold.fr"]}]}},"authors":[{"term_id":2565,"user_id":18,"is_guest":0,"slug":"julie","display_name":"Comptoir National de l'Or","avatar_url":"https:\/\/secure.gravatar.com\/avatar\/713f289e398d35ead876c4a4cc08607f0d6d266058cfc25683fffb6092d0e572?s=96&d=mm&r=g","0":null,"1":"","2":"","3":"","4":"","5":"","6":"","7":"","8":""}],"_links":{"self":[{"href":"https:\/\/www.gold.fr\/news\/wp-json\/wp\/v2\/posts\/18910","targetHints":{"allow":["GET"]}}],"collection":[{"href":"https:\/\/www.gold.fr\/news\/wp-json\/wp\/v2\/posts"}],"about":[{"href":"https:\/\/www.gold.fr\/news\/wp-json\/wp\/v2\/types\/post"}],"author":[{"embeddable":true,"href":"https:\/\/www.gold.fr\/news\/wp-json\/wp\/v2\/users\/18"}],"replies":[{"embeddable":true,"href":"https:\/\/www.gold.fr\/news\/wp-json\/wp\/v2\/comments?post=18910"}],"version-history":[{"count":0,"href":"https:\/\/www.gold.fr\/news\/wp-json\/wp\/v2\/posts\/18910\/revisions"}],"wp:featuredmedia":[{"embeddable":true,"href":"https:\/\/www.gold.fr\/news\/wp-json\/wp\/v2\/media\/31704"}],"wp:attachment":[{"href":"https:\/\/www.gold.fr\/news\/wp-json\/wp\/v2\/media?parent=18910"}],"wp:term":[{"taxonomy":"category","embeddable":true,"href":"https:\/\/www.gold.fr\/news\/wp-json\/wp\/v2\/categories?post=18910"},{"taxonomy":"post_tag","embeddable":true,"href":"https:\/\/www.gold.fr\/news\/wp-json\/wp\/v2\/tags?post=18910"},{"taxonomy":"author","embeddable":true,"href":"https:\/\/www.gold.fr\/news\/wp-json\/wp\/v2\/ppma_author?post=18910"}],"curies":[{"name":"wp","href":"https:\/\/api.w.org\/{rel}","templated":true}]}}