{"id":18881,"date":"2016-02-29T17:00:35","date_gmt":"2016-02-29T16:00:35","guid":{"rendered":"https:\/\/www.gold.fr\/news\/?p=18881"},"modified":"2018-03-16T13:39:53","modified_gmt":"2018-03-16T12:39:53","slug":"marche-petrolier-entre-espoirs-et-inquietudes","status":"publish","type":"post","link":"https:\/\/www.gold.fr\/news\/2016\/02\/29\/marche-petrolier-entre-espoirs-et-inquietudes\/","title":{"rendered":"March\u00e9 p\u00e9trolier : Entre espoirs et inqui\u00e9tudes"},"content":{"rendered":"<p><span style=\"font-size: small;\"><img loading=\"lazy\" decoding=\"async\" class=\"alignleft wp-image-4338 size-thumbnail\" title=\"March\u00e9 p\u00e9trolier : Entre espoirs et inqui\u00e9tudes \" src=\"https:\/\/www.gold.fr\/news\/wp-content\/uploads\/2011\/12\/cours-de-lor1-150x150.jpg\" alt=\"March\u00e9 p\u00e9trolier : Entre espoirs et inqui\u00e9tudes\" width=\"150\" height=\"150\" \/>A la fin de la semaine derni\u00e8re, le march\u00e9 p\u00e9trolier avait eu une s\u00e9ance (vendredi) euphorique, avec un \u00ab <em>baril de Brent de mer du Nord livrable en avril 2016<\/em> \u00bb qui gagnait <strong>1,8%<\/strong> \u00e0 <strong>35,9 <a class=\"esk-seo-plu-link\" href=\"https:\/\/www.gold.fr\/news\/tags\/investissement\">dollars<\/a><\/strong>, et un \u00ab<em> WTI am\u00e9ricain de m\u00eame livraison<\/em> \u00bb dont les gains s&rsquo;inscrivaient dans la m\u00eame lign\u00e9e (<strong>+1,7%<\/strong>, \u00e0 <strong>33,6 <a class=\"esk-seo-plu-link\" href=\"https:\/\/www.gold.fr\/news\/tags\/investissement\">dollars<\/a><\/strong>).<\/span><\/p>\n<p><span style=\"font-size: small;\">Les observateurs s&rsquo;attendent aujourd&rsquo;hui \u00e0 de nouvelles mesures de fermet\u00e9 (au niveau de l&rsquo;offre). Rappelons effectivement qu&rsquo;<strong>Eulogio Del Pino<\/strong>, ministre du P\u00e9trole du Venezuela (membre de l&rsquo;Organisation des pays exportateurs de p\u00e9trole), a annonc\u00e9 une prochaine et imminente r\u00e9union des membres producteurs majeurs (incluant, notamment, l&rsquo;Arabie saoudite, le Qatar, la Russie et le Venezuela). <\/span><\/p>\n<p><span style=\"font-size: small;\">La r\u00e9union se d\u00e9roulera certainement durant le mois de mars, m\u00eame si l&rsquo;endroit n&rsquo;a pas encore \u00e9t\u00e9 d\u00e9termin\u00e9. Il s&rsquo;agit d\u00e9sormais d&rsquo;une tradition, puisque le dernier meeting des membres de l&rsquo;OPEP avait eu lieu le 16 mars 2015, \u00e0 Doha et avait \u00e9t\u00e9 couronn\u00e9 par un engagement de \u00ab <em>plafonnement<\/em> \u00bb. <\/span><\/p>\n<p><span style=\"font-size: small;\">C\u00f4t\u00e9 am\u00e9ricain, la nervosit\u00e9 et l&rsquo;attentisme demeurent \u00e9galement \u00e0 l&rsquo;ordre du jour. Les experts d&rsquo;Aurel BGC rapportent en effet que la d\u00e9cision de \u00ab<em> report d&rsquo;<a class=\"esk-seo-plu-link\" href=\"https:\/\/www.gold.fr\/news\/tags\/investissement\">investissements<\/a> du producteur am\u00e9ricain Continental Resources et de 5.000 nouvelles suppressions d&#8217;emplois chez le groupe parap\u00e9trolier Halliburton ont relanc\u00e9 les anticipations de r\u00e9duction rapide de l&rsquo;offre de p\u00e9trole<\/em> \u00bb (am\u00e9ricain).<\/span><\/p>\n<p><span style=\"font-size: small;\">Sur le front des statistiques macro\u00e9conomiques, la <a class=\"esk-seo-plu-link\" href=\"https:\/\/www.gold.fr\/news\/tags\/investissement\">tendance<\/a> reste assez partag\u00e9e, dans la mesure o\u00f9 les derni\u00e8res publications offrent peu d&rsquo;orientation concr\u00e8te ; r\u00e9vision \u00e0 la hausse relative de la croissance am\u00e9ricaine, croissance du PIB am\u00e9ricain r\u00e9vis\u00e9e \u00e0 <strong>1%<\/strong> au quatri\u00e8me trimestre <strong>2015<\/strong>, et inflation allemande jug\u00e9e nulle au mois de f\u00e9vrier.<\/span><\/p>\n<!-- AddThis Advanced Settings generic via filter on the_content --><!-- AddThis Share Buttons generic via filter on the_content -->","protected":false},"excerpt":{"rendered":"<p>A la fin de la semaine derni\u00e8re, le march\u00e9 p\u00e9trolier avait eu une s\u00e9ance (vendredi) euphorique, avec un \u00ab baril de Brent de mer du Nord livrable en avril 2016 \u00bb qui gagnait 1,8% \u00e0 35,9 [&hellip;]<\/p>\n","protected":false},"author":18,"featured_media":4338,"comment_status":"open","ping_status":"open","sticky":false,"template":"","format":"standard","meta":{"_mbp_gutenberg_autopost":false,"_pgmb_is_evergreen":false,"_pgmb_ap_template_id":0,"footnotes":""},"categories":[6],"tags":[105,2143,352],"ppma_author":[2565],"class_list":["post-18881","post","type-post","status-publish","format-standard","has-post-thumbnail","hentry","category-articles-de-presse","tag-marche","tag-opep","tag-petrole"],"yoast_head":"<!-- This site is optimized with the Yoast SEO plugin v27.5 - https:\/\/yoast.com\/product\/yoast-seo-wordpress\/ -->\n<title>March\u00e9 p\u00e9trolier : Entre espoirs et inqui\u00e9tudes - Gold.fr<\/title>\n<meta name=\"robots\" content=\"index, follow, max-snippet:-1, max-image-preview:large, max-video-preview:-1\" \/>\n<link rel=\"canonical\" href=\"https:\/\/www.gold.fr\/news\/2016\/02\/29\/marche-petrolier-entre-espoirs-et-inquietudes\/\" \/>\n<meta property=\"og:locale\" content=\"fr_FR\" \/>\n<meta property=\"og:type\" content=\"article\" \/>\n<meta property=\"og:title\" content=\"March\u00e9 p\u00e9trolier : Entre espoirs et inqui\u00e9tudes - Gold.fr\" \/>\n<meta property=\"og:description\" content=\"A la fin de la semaine derni\u00e8re, le march\u00e9 p\u00e9trolier avait eu une s\u00e9ance (vendredi) euphorique, avec un \u00ab baril de Brent de mer du Nord livrable en avril 2016 \u00bb qui gagnait 1,8% \u00e0 35,9 [&hellip;]\" \/>\n<meta property=\"og:url\" content=\"https:\/\/www.gold.fr\/news\/2016\/02\/29\/marche-petrolier-entre-espoirs-et-inquietudes\/\" \/>\n<meta property=\"og:site_name\" content=\"Gold.fr\" \/>\n<meta property=\"article:publisher\" content=\"https:\/\/www.facebook.com\/Goldfr\/\" \/>\n<meta property=\"article:published_time\" content=\"2016-02-29T16:00:35+00:00\" \/>\n<meta property=\"article:modified_time\" content=\"2018-03-16T12:39:53+00:00\" \/>\n<meta property=\"og:image\" content=\"https:\/\/www.gold.fr\/news\/wp-content\/uploads\/2011\/12\/cours-de-lor1.jpg\" \/>\n\t<meta property=\"og:image:width\" content=\"625\" \/>\n\t<meta property=\"og:image:height\" content=\"351\" \/>\n\t<meta property=\"og:image:type\" content=\"image\/jpeg\" \/>\n<meta name=\"author\" content=\"Comptoir National de l&#039;Or\" \/>\n<meta name=\"twitter:card\" content=\"summary_large_image\" \/>\n<meta name=\"twitter:label1\" content=\"\u00c9crit par\" \/>\n\t<meta name=\"twitter:data1\" content=\"Comptoir National de l&#039;Or\" \/>\n\t<meta name=\"twitter:label2\" content=\"Dur\u00e9e de lecture estim\u00e9e\" \/>\n\t<meta name=\"twitter:data2\" content=\"1 minute\" \/>\n<script type=\"application\/ld+json\" class=\"yoast-schema-graph\">{\"@context\":\"https:\\\/\\\/schema.org\",\"@graph\":[{\"@type\":\"Article\",\"@id\":\"https:\\\/\\\/www.gold.fr\\\/news\\\/2016\\\/02\\\/29\\\/marche-petrolier-entre-espoirs-et-inquietudes\\\/#article\",\"isPartOf\":{\"@id\":\"https:\\\/\\\/www.gold.fr\\\/news\\\/2016\\\/02\\\/29\\\/marche-petrolier-entre-espoirs-et-inquietudes\\\/\"},\"author\":{\"name\":\"Comptoir National de l'Or\",\"@id\":\"https:\\\/\\\/www.gold.fr\\\/news\\\/#\\\/schema\\\/person\\\/070491b4b4fb7671bf59b3be20302ce9\"},\"headline\":\"March\u00e9 p\u00e9trolier : Entre espoirs et inqui\u00e9tudes\",\"datePublished\":\"2016-02-29T16:00:35+00:00\",\"dateModified\":\"2018-03-16T12:39:53+00:00\",\"mainEntityOfPage\":{\"@id\":\"https:\\\/\\\/www.gold.fr\\\/news\\\/2016\\\/02\\\/29\\\/marche-petrolier-entre-espoirs-et-inquietudes\\\/\"},\"wordCount\":306,\"commentCount\":0,\"image\":{\"@id\":\"https:\\\/\\\/www.gold.fr\\\/news\\\/2016\\\/02\\\/29\\\/marche-petrolier-entre-espoirs-et-inquietudes\\\/#primaryimage\"},\"thumbnailUrl\":\"https:\\\/\\\/www.gold.fr\\\/news\\\/wp-content\\\/uploads\\\/2011\\\/12\\\/cours-de-lor1.jpg\",\"keywords\":[\"march\u00e9\",\"OPEP\",\"p\u00e9trole\"],\"articleSection\":[\"Articles de presse\"],\"inLanguage\":\"fr-FR\"},{\"@type\":\"WebPage\",\"@id\":\"https:\\\/\\\/www.gold.fr\\\/news\\\/2016\\\/02\\\/29\\\/marche-petrolier-entre-espoirs-et-inquietudes\\\/\",\"url\":\"https:\\\/\\\/www.gold.fr\\\/news\\\/2016\\\/02\\\/29\\\/marche-petrolier-entre-espoirs-et-inquietudes\\\/\",\"name\":\"March\u00e9 p\u00e9trolier : Entre espoirs et inqui\u00e9tudes - Gold.fr\",\"isPartOf\":{\"@id\":\"https:\\\/\\\/www.gold.fr\\\/news\\\/#website\"},\"primaryImageOfPage\":{\"@id\":\"https:\\\/\\\/www.gold.fr\\\/news\\\/2016\\\/02\\\/29\\\/marche-petrolier-entre-espoirs-et-inquietudes\\\/#primaryimage\"},\"image\":{\"@id\":\"https:\\\/\\\/www.gold.fr\\\/news\\\/2016\\\/02\\\/29\\\/marche-petrolier-entre-espoirs-et-inquietudes\\\/#primaryimage\"},\"thumbnailUrl\":\"https:\\\/\\\/www.gold.fr\\\/news\\\/wp-content\\\/uploads\\\/2011\\\/12\\\/cours-de-lor1.jpg\",\"datePublished\":\"2016-02-29T16:00:35+00:00\",\"dateModified\":\"2018-03-16T12:39:53+00:00\",\"author\":{\"@id\":\"https:\\\/\\\/www.gold.fr\\\/news\\\/#\\\/schema\\\/person\\\/070491b4b4fb7671bf59b3be20302ce9\"},\"breadcrumb\":{\"@id\":\"https:\\\/\\\/www.gold.fr\\\/news\\\/2016\\\/02\\\/29\\\/marche-petrolier-entre-espoirs-et-inquietudes\\\/#breadcrumb\"},\"inLanguage\":\"fr-FR\",\"potentialAction\":[{\"@type\":\"ReadAction\",\"target\":[\"https:\\\/\\\/www.gold.fr\\\/news\\\/2016\\\/02\\\/29\\\/marche-petrolier-entre-espoirs-et-inquietudes\\\/\"]}]},{\"@type\":\"ImageObject\",\"inLanguage\":\"fr-FR\",\"@id\":\"https:\\\/\\\/www.gold.fr\\\/news\\\/2016\\\/02\\\/29\\\/marche-petrolier-entre-espoirs-et-inquietudes\\\/#primaryimage\",\"url\":\"https:\\\/\\\/www.gold.fr\\\/news\\\/wp-content\\\/uploads\\\/2011\\\/12\\\/cours-de-lor1.jpg\",\"contentUrl\":\"https:\\\/\\\/www.gold.fr\\\/news\\\/wp-content\\\/uploads\\\/2011\\\/12\\\/cours-de-lor1.jpg\",\"width\":\"625\",\"height\":\"351\",\"caption\":\"Cours de l\u2019once : retour sur les performances des semaines pass\u00e9es\"},{\"@type\":\"BreadcrumbList\",\"@id\":\"https:\\\/\\\/www.gold.fr\\\/news\\\/2016\\\/02\\\/29\\\/marche-petrolier-entre-espoirs-et-inquietudes\\\/#breadcrumb\",\"itemListElement\":[{\"@type\":\"ListItem\",\"position\":1,\"name\":\"Accueil\",\"item\":\"https:\\\/\\\/www.gold.fr\\\/\"},{\"@type\":\"ListItem\",\"position\":2,\"name\":\"Actualit\u00e9s\",\"item\":\"https:\\\/\\\/www.gold.fr\\\/news\\\/\"},{\"@type\":\"ListItem\",\"position\":3,\"name\":\"March\u00e9 p\u00e9trolier : Entre espoirs et inqui\u00e9tudes\"}]},{\"@type\":\"WebSite\",\"@id\":\"https:\\\/\\\/www.gold.fr\\\/news\\\/#website\",\"url\":\"https:\\\/\\\/www.gold.fr\\\/news\\\/\",\"name\":\"Gold.fr\",\"description\":\"Actualit\u00e9s de l&#039;Or et des m\u00e9taux pr\u00e9cieux\",\"potentialAction\":[{\"@type\":\"SearchAction\",\"target\":{\"@type\":\"EntryPoint\",\"urlTemplate\":\"https:\\\/\\\/www.gold.fr\\\/news\\\/?s={search_term_string}\"},\"query-input\":{\"@type\":\"PropertyValueSpecification\",\"valueRequired\":true,\"valueName\":\"search_term_string\"}}],\"inLanguage\":\"fr-FR\"},{\"@type\":\"Person\",\"@id\":\"https:\\\/\\\/www.gold.fr\\\/news\\\/#\\\/schema\\\/person\\\/070491b4b4fb7671bf59b3be20302ce9\",\"name\":\"Comptoir National de l'Or\",\"image\":{\"@type\":\"ImageObject\",\"inLanguage\":\"fr-FR\",\"@id\":\"https:\\\/\\\/secure.gravatar.com\\\/avatar\\\/0a2867fd5abe37bed95d5a65e9d58f01756e11efc68af9888dfc50cfa7f65948?s=96&d=mm&r=gb490554db0a38188709de567aa58480d\",\"url\":\"https:\\\/\\\/secure.gravatar.com\\\/avatar\\\/0a2867fd5abe37bed95d5a65e9d58f01756e11efc68af9888dfc50cfa7f65948?s=96&d=mm&r=g\",\"contentUrl\":\"https:\\\/\\\/secure.gravatar.com\\\/avatar\\\/0a2867fd5abe37bed95d5a65e9d58f01756e11efc68af9888dfc50cfa7f65948?s=96&d=mm&r=g\",\"caption\":\"Comptoir National de l'Or\"},\"description\":\"Notre r\u00e9daction est constitu\u00e9e de membres experts dans les m\u00e9tiers de l'\u00e9conomie et la gestion, des Responsables d'agence Comptoir National de l'Or, des analystes financiers qui publient r\u00e9guli\u00e8rement des \u00e9tudes sur les politiques des banques centrales, le cours de l'or, prix de l'or, cours de l'argent, prix de l'argent, cours du platine, cours du palladium,... la situation en zone euro et l'impact de la strat\u00e9gie mon\u00e9taire de la FED. Notre \u00e9quipe scrute \u00e9galement une information plus g\u00e9n\u00e9raliste \u00e0 la recherche d'actualit\u00e9 \\\"p\u00e9pite\\\" \u00e0 vous partager. Depuis 5 ans, nous avons publi\u00e9 un peu plus de 4000 articles qui s'adressent \u00e0 un public large et vari\u00e9 ayant pour objectif de satisfaire votre curiosit\u00e9 et de partager avec vous une certaine fascination pour le m\u00e9tal jaune, le rachat d'or, et pour ceux qui veulent investir dans l'or, vendre leur or tout simplement en savoir plus... Pour tous vos achat or et argent, n'h\u00e9sitez pas \u00e0 prendre rendez-vous dans l'un de nos nombreux comptoirs.\",\"sameAs\":[\"https:\\\/\\\/www.gold.fr\"]}]}<\/script>\n<!-- \/ Yoast SEO plugin. -->","yoast_head_json":{"title":"March\u00e9 p\u00e9trolier : Entre espoirs et inqui\u00e9tudes - Gold.fr","robots":{"index":"index","follow":"follow","max-snippet":"max-snippet:-1","max-image-preview":"max-image-preview:large","max-video-preview":"max-video-preview:-1"},"canonical":"https:\/\/www.gold.fr\/news\/2016\/02\/29\/marche-petrolier-entre-espoirs-et-inquietudes\/","og_locale":"fr_FR","og_type":"article","og_title":"March\u00e9 p\u00e9trolier : Entre espoirs et inqui\u00e9tudes - Gold.fr","og_description":"A la fin de la semaine derni\u00e8re, le march\u00e9 p\u00e9trolier avait eu une s\u00e9ance (vendredi) euphorique, avec un \u00ab baril de Brent de mer du Nord livrable en avril 2016 \u00bb qui gagnait 1,8% \u00e0 35,9 [&hellip;]","og_url":"https:\/\/www.gold.fr\/news\/2016\/02\/29\/marche-petrolier-entre-espoirs-et-inquietudes\/","og_site_name":"Gold.fr","article_publisher":"https:\/\/www.facebook.com\/Goldfr\/","article_published_time":"2016-02-29T16:00:35+00:00","article_modified_time":"2018-03-16T12:39:53+00:00","og_image":[{"width":625,"height":351,"url":"https:\/\/www.gold.fr\/news\/wp-content\/uploads\/2011\/12\/cours-de-lor1.jpg","type":"image\/jpeg"}],"author":"Comptoir National de l'Or","twitter_card":"summary_large_image","twitter_misc":{"\u00c9crit par":"Comptoir National de l'Or","Dur\u00e9e de lecture estim\u00e9e":"1 minute"},"schema":{"@context":"https:\/\/schema.org","@graph":[{"@type":"Article","@id":"https:\/\/www.gold.fr\/news\/2016\/02\/29\/marche-petrolier-entre-espoirs-et-inquietudes\/#article","isPartOf":{"@id":"https:\/\/www.gold.fr\/news\/2016\/02\/29\/marche-petrolier-entre-espoirs-et-inquietudes\/"},"author":{"name":"Comptoir National de l'Or","@id":"https:\/\/www.gold.fr\/news\/#\/schema\/person\/070491b4b4fb7671bf59b3be20302ce9"},"headline":"March\u00e9 p\u00e9trolier : Entre espoirs et inqui\u00e9tudes","datePublished":"2016-02-29T16:00:35+00:00","dateModified":"2018-03-16T12:39:53+00:00","mainEntityOfPage":{"@id":"https:\/\/www.gold.fr\/news\/2016\/02\/29\/marche-petrolier-entre-espoirs-et-inquietudes\/"},"wordCount":306,"commentCount":0,"image":{"@id":"https:\/\/www.gold.fr\/news\/2016\/02\/29\/marche-petrolier-entre-espoirs-et-inquietudes\/#primaryimage"},"thumbnailUrl":"https:\/\/www.gold.fr\/news\/wp-content\/uploads\/2011\/12\/cours-de-lor1.jpg","keywords":["march\u00e9","OPEP","p\u00e9trole"],"articleSection":["Articles de presse"],"inLanguage":"fr-FR"},{"@type":"WebPage","@id":"https:\/\/www.gold.fr\/news\/2016\/02\/29\/marche-petrolier-entre-espoirs-et-inquietudes\/","url":"https:\/\/www.gold.fr\/news\/2016\/02\/29\/marche-petrolier-entre-espoirs-et-inquietudes\/","name":"March\u00e9 p\u00e9trolier : Entre espoirs et inqui\u00e9tudes - Gold.fr","isPartOf":{"@id":"https:\/\/www.gold.fr\/news\/#website"},"primaryImageOfPage":{"@id":"https:\/\/www.gold.fr\/news\/2016\/02\/29\/marche-petrolier-entre-espoirs-et-inquietudes\/#primaryimage"},"image":{"@id":"https:\/\/www.gold.fr\/news\/2016\/02\/29\/marche-petrolier-entre-espoirs-et-inquietudes\/#primaryimage"},"thumbnailUrl":"https:\/\/www.gold.fr\/news\/wp-content\/uploads\/2011\/12\/cours-de-lor1.jpg","datePublished":"2016-02-29T16:00:35+00:00","dateModified":"2018-03-16T12:39:53+00:00","author":{"@id":"https:\/\/www.gold.fr\/news\/#\/schema\/person\/070491b4b4fb7671bf59b3be20302ce9"},"breadcrumb":{"@id":"https:\/\/www.gold.fr\/news\/2016\/02\/29\/marche-petrolier-entre-espoirs-et-inquietudes\/#breadcrumb"},"inLanguage":"fr-FR","potentialAction":[{"@type":"ReadAction","target":["https:\/\/www.gold.fr\/news\/2016\/02\/29\/marche-petrolier-entre-espoirs-et-inquietudes\/"]}]},{"@type":"ImageObject","inLanguage":"fr-FR","@id":"https:\/\/www.gold.fr\/news\/2016\/02\/29\/marche-petrolier-entre-espoirs-et-inquietudes\/#primaryimage","url":"https:\/\/www.gold.fr\/news\/wp-content\/uploads\/2011\/12\/cours-de-lor1.jpg","contentUrl":"https:\/\/www.gold.fr\/news\/wp-content\/uploads\/2011\/12\/cours-de-lor1.jpg","width":"625","height":"351","caption":"Cours de l\u2019once : retour sur les performances des semaines pass\u00e9es"},{"@type":"BreadcrumbList","@id":"https:\/\/www.gold.fr\/news\/2016\/02\/29\/marche-petrolier-entre-espoirs-et-inquietudes\/#breadcrumb","itemListElement":[{"@type":"ListItem","position":1,"name":"Accueil","item":"https:\/\/www.gold.fr\/"},{"@type":"ListItem","position":2,"name":"Actualit\u00e9s","item":"https:\/\/www.gold.fr\/news\/"},{"@type":"ListItem","position":3,"name":"March\u00e9 p\u00e9trolier : Entre espoirs et inqui\u00e9tudes"}]},{"@type":"WebSite","@id":"https:\/\/www.gold.fr\/news\/#website","url":"https:\/\/www.gold.fr\/news\/","name":"Gold.fr","description":"Actualit\u00e9s de l&#039;Or et des m\u00e9taux pr\u00e9cieux","potentialAction":[{"@type":"SearchAction","target":{"@type":"EntryPoint","urlTemplate":"https:\/\/www.gold.fr\/news\/?s={search_term_string}"},"query-input":{"@type":"PropertyValueSpecification","valueRequired":true,"valueName":"search_term_string"}}],"inLanguage":"fr-FR"},{"@type":"Person","@id":"https:\/\/www.gold.fr\/news\/#\/schema\/person\/070491b4b4fb7671bf59b3be20302ce9","name":"Comptoir National de l'Or","image":{"@type":"ImageObject","inLanguage":"fr-FR","@id":"https:\/\/secure.gravatar.com\/avatar\/0a2867fd5abe37bed95d5a65e9d58f01756e11efc68af9888dfc50cfa7f65948?s=96&d=mm&r=gb490554db0a38188709de567aa58480d","url":"https:\/\/secure.gravatar.com\/avatar\/0a2867fd5abe37bed95d5a65e9d58f01756e11efc68af9888dfc50cfa7f65948?s=96&d=mm&r=g","contentUrl":"https:\/\/secure.gravatar.com\/avatar\/0a2867fd5abe37bed95d5a65e9d58f01756e11efc68af9888dfc50cfa7f65948?s=96&d=mm&r=g","caption":"Comptoir National de l'Or"},"description":"Notre r\u00e9daction est constitu\u00e9e de membres experts dans les m\u00e9tiers de l'\u00e9conomie et la gestion, des Responsables d'agence Comptoir National de l'Or, des analystes financiers qui publient r\u00e9guli\u00e8rement des \u00e9tudes sur les politiques des banques centrales, le cours de l'or, prix de l'or, cours de l'argent, prix de l'argent, cours du platine, cours du palladium,... la situation en zone euro et l'impact de la strat\u00e9gie mon\u00e9taire de la FED. Notre \u00e9quipe scrute \u00e9galement une information plus g\u00e9n\u00e9raliste \u00e0 la recherche d'actualit\u00e9 \"p\u00e9pite\" \u00e0 vous partager. Depuis 5 ans, nous avons publi\u00e9 un peu plus de 4000 articles qui s'adressent \u00e0 un public large et vari\u00e9 ayant pour objectif de satisfaire votre curiosit\u00e9 et de partager avec vous une certaine fascination pour le m\u00e9tal jaune, le rachat d'or, et pour ceux qui veulent investir dans l'or, vendre leur or tout simplement en savoir plus... Pour tous vos achat or et argent, n'h\u00e9sitez pas \u00e0 prendre rendez-vous dans l'un de nos nombreux comptoirs.","sameAs":["https:\/\/www.gold.fr"]}]}},"authors":[{"term_id":2565,"user_id":18,"is_guest":0,"slug":"julie","display_name":"Comptoir National de l'Or","avatar_url":"https:\/\/secure.gravatar.com\/avatar\/713f289e398d35ead876c4a4cc08607f0d6d266058cfc25683fffb6092d0e572?s=96&d=mm&r=g","0":null,"1":"","2":"","3":"","4":"","5":"","6":"","7":"","8":""}],"_links":{"self":[{"href":"https:\/\/www.gold.fr\/news\/wp-json\/wp\/v2\/posts\/18881","targetHints":{"allow":["GET"]}}],"collection":[{"href":"https:\/\/www.gold.fr\/news\/wp-json\/wp\/v2\/posts"}],"about":[{"href":"https:\/\/www.gold.fr\/news\/wp-json\/wp\/v2\/types\/post"}],"author":[{"embeddable":true,"href":"https:\/\/www.gold.fr\/news\/wp-json\/wp\/v2\/users\/18"}],"replies":[{"embeddable":true,"href":"https:\/\/www.gold.fr\/news\/wp-json\/wp\/v2\/comments?post=18881"}],"version-history":[{"count":0,"href":"https:\/\/www.gold.fr\/news\/wp-json\/wp\/v2\/posts\/18881\/revisions"}],"wp:featuredmedia":[{"embeddable":true,"href":"https:\/\/www.gold.fr\/news\/wp-json\/wp\/v2\/media\/4338"}],"wp:attachment":[{"href":"https:\/\/www.gold.fr\/news\/wp-json\/wp\/v2\/media?parent=18881"}],"wp:term":[{"taxonomy":"category","embeddable":true,"href":"https:\/\/www.gold.fr\/news\/wp-json\/wp\/v2\/categories?post=18881"},{"taxonomy":"post_tag","embeddable":true,"href":"https:\/\/www.gold.fr\/news\/wp-json\/wp\/v2\/tags?post=18881"},{"taxonomy":"author","embeddable":true,"href":"https:\/\/www.gold.fr\/news\/wp-json\/wp\/v2\/ppma_author?post=18881"}],"curies":[{"name":"wp","href":"https:\/\/api.w.org\/{rel}","templated":true}]}}