{"id":18862,"date":"2016-02-24T17:00:02","date_gmt":"2016-02-24T16:00:02","guid":{"rendered":"https:\/\/www.gold.fr\/news\/?p=18862"},"modified":"2018-06-25T14:33:21","modified_gmt":"2018-06-25T12:33:21","slug":"marches-une-macroeconomie-a-la-derive","status":"publish","type":"post","link":"https:\/\/www.gold.fr\/news\/2016\/02\/24\/marches-une-macroeconomie-a-la-derive\/","title":{"rendered":"March\u00e9s : Une macro\u00e9conomie \u00e0 la d\u00e9rive"},"content":{"rendered":"<p><span style=\"font-size: small;\"><img loading=\"lazy\" decoding=\"async\" class=\"alignleft wp-image-31716 size-thumbnail\" title=\"March\u00e9s : Une macro\u00e9conomie \u00e0 la d\u00e9rive\" src=\"https:\/\/www.gold.fr\/news\/wp-content\/uploads\/2016\/02\/demande-mondiale-5-150x150.jpg\" alt=\"March\u00e9s : Une macro\u00e9conomie \u00e0 la d\u00e9rive\" width=\"150\" height=\"150\" \/>\u00a0En d\u00e9pit d\u2019une reprise relative dans certains secteurs macro\u00e9conomiques am\u00e9ricains, le bilan global des deux premiers mois de la nouvelle ann\u00e9e <strong>2016<\/strong> demeure largement morose et n\u00e9gatif. Peu de statistiques europ\u00e9ennes ou am\u00e9ricaines ont \u00e9t\u00e9 encourageantes ou ont point\u00e9 dans la direction d\u2019une r\u00e9elle reprise de l\u2019\u00e9conomie des deux c\u00f4t\u00e9s de l\u2019Atlantique. <\/span>    <span style=\"font-size: small;\">Du coup, les banques centrales concern\u00e9es (r\u00e9serve f\u00e9d\u00e9rale am\u00e9ricaine et banque centrale europ\u00e9enne) se retrouvent \u00e0 nouveau dans le collimateur des march\u00e9s qui attendent de leur part une r\u00e9action accommodante qui se traduirait par de nouvelles injections mon\u00e9taires massives dans les veines \u00e9conomiques des deux rives.<\/span> <span style=\"font-size: small;\">Ce m\u00eame constat a encore \u00e9t\u00e9 fait cette semaine, suite \u00e0 la publication des PMI Markit et des derniers chiffres de l\u2019\u00e9volution de l&rsquo;activit\u00e9 allemande qui se trouve actuellement \u00e0 son plus bas rythme depuis sept mois, alors que \u00ab <em>dans le reste de la zone euro, elle (l\u2019activit\u00e9) enregistre sa plus faible expansion depuis f\u00e9vrier 2015<\/em> \u00bb. <\/span><span style=\"font-size: small;\">Natixis a donc comment\u00e9 ces r\u00e9sultats en soulignant que \u00ab <em>la faiblesse des indices PMI europ\u00e9ens publi\u00e9s (\u2026) augmente la pression pesant sur la BCE afin qu&rsquo;elle muscle ses mesures de soutien en mars<\/em> \u00bb.<\/span>    <span style=\"font-size: small;\">Par ailleurs, les mauvaises nouvelles macro\u00e9conomiques europ\u00e9ennes continuent \u00e0 affluer, avec des r\u00e9sultats chiffr\u00e9s d\u00e9cevants \u00e0 n\u00e9gatifs, notamment les ISM et PMI qui en sont \u00e0 leur pire niveau depuis 4 ans, voir m\u00eame pour certains, depuis 6 ans.<\/span><\/p>\n<!-- AddThis Advanced Settings generic via filter on the_content --><!-- AddThis Share Buttons generic via filter on the_content -->","protected":false},"excerpt":{"rendered":"<p>\u00a0En d\u00e9pit d\u2019une reprise relative dans certains secteurs macro\u00e9conomiques am\u00e9ricains, le bilan global des deux premiers mois de la nouvelle ann\u00e9e 2016 demeure largement morose et n\u00e9gatif. Peu de statistiques europ\u00e9ennes ou am\u00e9ricaines ont \u00e9t\u00e9 encourageantes [&hellip;]<\/p>\n","protected":false},"author":18,"featured_media":31716,"comment_status":"open","ping_status":"open","sticky":false,"template":"","format":"standard","meta":{"_mbp_gutenberg_autopost":false,"_pgmb_is_evergreen":false,"_pgmb_ap_template_id":0,"footnotes":""},"categories":[6],"tags":[1649,1689],"ppma_author":[2565],"class_list":["post-18862","post","type-post","status-publish","format-standard","has-post-thumbnail","hentry","category-articles-de-presse","tag-marches","tag-pmi"],"yoast_head":"<!-- This site is optimized with the Yoast SEO plugin v27.5 - https:\/\/yoast.com\/product\/yoast-seo-wordpress\/ -->\n<title>March\u00e9s : Une macro\u00e9conomie \u00e0 la d\u00e9rive - Gold.fr<\/title>\n<meta name=\"robots\" content=\"index, follow, max-snippet:-1, max-image-preview:large, max-video-preview:-1\" \/>\n<link rel=\"canonical\" href=\"https:\/\/www.gold.fr\/news\/2016\/02\/24\/marches-une-macroeconomie-a-la-derive\/\" \/>\n<meta property=\"og:locale\" content=\"fr_FR\" \/>\n<meta property=\"og:type\" content=\"article\" \/>\n<meta property=\"og:title\" content=\"March\u00e9s : Une macro\u00e9conomie \u00e0 la d\u00e9rive - Gold.fr\" \/>\n<meta property=\"og:description\" content=\"\u00a0En d\u00e9pit d\u2019une reprise relative dans certains secteurs macro\u00e9conomiques am\u00e9ricains, le bilan global des deux premiers mois de la nouvelle ann\u00e9e 2016 demeure largement morose et n\u00e9gatif. Peu de statistiques europ\u00e9ennes ou am\u00e9ricaines ont \u00e9t\u00e9 encourageantes [&hellip;]\" \/>\n<meta property=\"og:url\" content=\"https:\/\/www.gold.fr\/news\/2016\/02\/24\/marches-une-macroeconomie-a-la-derive\/\" \/>\n<meta property=\"og:site_name\" content=\"Gold.fr\" \/>\n<meta property=\"article:publisher\" content=\"https:\/\/www.facebook.com\/Goldfr\/\" \/>\n<meta property=\"article:published_time\" content=\"2016-02-24T16:00:02+00:00\" \/>\n<meta property=\"article:modified_time\" content=\"2018-06-25T12:33:21+00:00\" \/>\n<meta property=\"og:image\" content=\"https:\/\/www.gold.fr\/news\/wp-content\/uploads\/2016\/02\/demande-mondiale-5.jpg\" \/>\n\t<meta property=\"og:image:width\" content=\"600\" \/>\n\t<meta property=\"og:image:height\" content=\"400\" \/>\n\t<meta property=\"og:image:type\" content=\"image\/jpeg\" \/>\n<meta name=\"author\" content=\"Comptoir National de l&#039;Or\" \/>\n<meta name=\"twitter:card\" content=\"summary_large_image\" \/>\n<meta name=\"twitter:label1\" content=\"\u00c9crit par\" \/>\n\t<meta name=\"twitter:data1\" content=\"Comptoir National de l&#039;Or\" \/>\n\t<meta name=\"twitter:label2\" content=\"Dur\u00e9e de lecture estim\u00e9e\" \/>\n\t<meta name=\"twitter:data2\" content=\"1 minute\" \/>\n<script type=\"application\/ld+json\" class=\"yoast-schema-graph\">{\"@context\":\"https:\\\/\\\/schema.org\",\"@graph\":[{\"@type\":\"Article\",\"@id\":\"https:\\\/\\\/www.gold.fr\\\/news\\\/2016\\\/02\\\/24\\\/marches-une-macroeconomie-a-la-derive\\\/#article\",\"isPartOf\":{\"@id\":\"https:\\\/\\\/www.gold.fr\\\/news\\\/2016\\\/02\\\/24\\\/marches-une-macroeconomie-a-la-derive\\\/\"},\"author\":{\"name\":\"Comptoir National de l'Or\",\"@id\":\"https:\\\/\\\/www.gold.fr\\\/news\\\/#\\\/schema\\\/person\\\/070491b4b4fb7671bf59b3be20302ce9\"},\"headline\":\"March\u00e9s : Une macro\u00e9conomie \u00e0 la d\u00e9rive\",\"datePublished\":\"2016-02-24T16:00:02+00:00\",\"dateModified\":\"2018-06-25T12:33:21+00:00\",\"mainEntityOfPage\":{\"@id\":\"https:\\\/\\\/www.gold.fr\\\/news\\\/2016\\\/02\\\/24\\\/marches-une-macroeconomie-a-la-derive\\\/\"},\"wordCount\":262,\"commentCount\":0,\"image\":{\"@id\":\"https:\\\/\\\/www.gold.fr\\\/news\\\/2016\\\/02\\\/24\\\/marches-une-macroeconomie-a-la-derive\\\/#primaryimage\"},\"thumbnailUrl\":\"https:\\\/\\\/www.gold.fr\\\/news\\\/wp-content\\\/uploads\\\/2016\\\/02\\\/demande-mondiale-5.jpg\",\"keywords\":[\"march\u00e9s\",\"PMI\"],\"articleSection\":[\"Articles de presse\"],\"inLanguage\":\"fr-FR\"},{\"@type\":\"WebPage\",\"@id\":\"https:\\\/\\\/www.gold.fr\\\/news\\\/2016\\\/02\\\/24\\\/marches-une-macroeconomie-a-la-derive\\\/\",\"url\":\"https:\\\/\\\/www.gold.fr\\\/news\\\/2016\\\/02\\\/24\\\/marches-une-macroeconomie-a-la-derive\\\/\",\"name\":\"March\u00e9s : Une macro\u00e9conomie \u00e0 la d\u00e9rive - Gold.fr\",\"isPartOf\":{\"@id\":\"https:\\\/\\\/www.gold.fr\\\/news\\\/#website\"},\"primaryImageOfPage\":{\"@id\":\"https:\\\/\\\/www.gold.fr\\\/news\\\/2016\\\/02\\\/24\\\/marches-une-macroeconomie-a-la-derive\\\/#primaryimage\"},\"image\":{\"@id\":\"https:\\\/\\\/www.gold.fr\\\/news\\\/2016\\\/02\\\/24\\\/marches-une-macroeconomie-a-la-derive\\\/#primaryimage\"},\"thumbnailUrl\":\"https:\\\/\\\/www.gold.fr\\\/news\\\/wp-content\\\/uploads\\\/2016\\\/02\\\/demande-mondiale-5.jpg\",\"datePublished\":\"2016-02-24T16:00:02+00:00\",\"dateModified\":\"2018-06-25T12:33:21+00:00\",\"author\":{\"@id\":\"https:\\\/\\\/www.gold.fr\\\/news\\\/#\\\/schema\\\/person\\\/070491b4b4fb7671bf59b3be20302ce9\"},\"breadcrumb\":{\"@id\":\"https:\\\/\\\/www.gold.fr\\\/news\\\/2016\\\/02\\\/24\\\/marches-une-macroeconomie-a-la-derive\\\/#breadcrumb\"},\"inLanguage\":\"fr-FR\",\"potentialAction\":[{\"@type\":\"ReadAction\",\"target\":[\"https:\\\/\\\/www.gold.fr\\\/news\\\/2016\\\/02\\\/24\\\/marches-une-macroeconomie-a-la-derive\\\/\"]}]},{\"@type\":\"ImageObject\",\"inLanguage\":\"fr-FR\",\"@id\":\"https:\\\/\\\/www.gold.fr\\\/news\\\/2016\\\/02\\\/24\\\/marches-une-macroeconomie-a-la-derive\\\/#primaryimage\",\"url\":\"https:\\\/\\\/www.gold.fr\\\/news\\\/wp-content\\\/uploads\\\/2016\\\/02\\\/demande-mondiale-5.jpg\",\"contentUrl\":\"https:\\\/\\\/www.gold.fr\\\/news\\\/wp-content\\\/uploads\\\/2016\\\/02\\\/demande-mondiale-5.jpg\",\"width\":600,\"height\":400,\"caption\":\"March\u00e9s : Une macro\u00e9conomie \u00e0 la d\u00e9rive\"},{\"@type\":\"BreadcrumbList\",\"@id\":\"https:\\\/\\\/www.gold.fr\\\/news\\\/2016\\\/02\\\/24\\\/marches-une-macroeconomie-a-la-derive\\\/#breadcrumb\",\"itemListElement\":[{\"@type\":\"ListItem\",\"position\":1,\"name\":\"Accueil\",\"item\":\"https:\\\/\\\/www.gold.fr\\\/\"},{\"@type\":\"ListItem\",\"position\":2,\"name\":\"Actualit\u00e9s\",\"item\":\"https:\\\/\\\/www.gold.fr\\\/news\\\/\"},{\"@type\":\"ListItem\",\"position\":3,\"name\":\"March\u00e9s : Une macro\u00e9conomie \u00e0 la d\u00e9rive\"}]},{\"@type\":\"WebSite\",\"@id\":\"https:\\\/\\\/www.gold.fr\\\/news\\\/#website\",\"url\":\"https:\\\/\\\/www.gold.fr\\\/news\\\/\",\"name\":\"Gold.fr\",\"description\":\"Actualit\u00e9s de l&#039;Or et des m\u00e9taux pr\u00e9cieux\",\"potentialAction\":[{\"@type\":\"SearchAction\",\"target\":{\"@type\":\"EntryPoint\",\"urlTemplate\":\"https:\\\/\\\/www.gold.fr\\\/news\\\/?s={search_term_string}\"},\"query-input\":{\"@type\":\"PropertyValueSpecification\",\"valueRequired\":true,\"valueName\":\"search_term_string\"}}],\"inLanguage\":\"fr-FR\"},{\"@type\":\"Person\",\"@id\":\"https:\\\/\\\/www.gold.fr\\\/news\\\/#\\\/schema\\\/person\\\/070491b4b4fb7671bf59b3be20302ce9\",\"name\":\"Comptoir National de l'Or\",\"image\":{\"@type\":\"ImageObject\",\"inLanguage\":\"fr-FR\",\"@id\":\"https:\\\/\\\/secure.gravatar.com\\\/avatar\\\/0a2867fd5abe37bed95d5a65e9d58f01756e11efc68af9888dfc50cfa7f65948?s=96&d=mm&r=gb490554db0a38188709de567aa58480d\",\"url\":\"https:\\\/\\\/secure.gravatar.com\\\/avatar\\\/0a2867fd5abe37bed95d5a65e9d58f01756e11efc68af9888dfc50cfa7f65948?s=96&d=mm&r=g\",\"contentUrl\":\"https:\\\/\\\/secure.gravatar.com\\\/avatar\\\/0a2867fd5abe37bed95d5a65e9d58f01756e11efc68af9888dfc50cfa7f65948?s=96&d=mm&r=g\",\"caption\":\"Comptoir National de l'Or\"},\"description\":\"Notre r\u00e9daction est constitu\u00e9e de membres experts dans les m\u00e9tiers de l'\u00e9conomie et la gestion, des Responsables d'agence Comptoir National de l'Or, des analystes financiers qui publient r\u00e9guli\u00e8rement des \u00e9tudes sur les politiques des banques centrales, le cours de l'or, prix de l'or, cours de l'argent, prix de l'argent, cours du platine, cours du palladium,... la situation en zone euro et l'impact de la strat\u00e9gie mon\u00e9taire de la FED. Notre \u00e9quipe scrute \u00e9galement une information plus g\u00e9n\u00e9raliste \u00e0 la recherche d'actualit\u00e9 \\\"p\u00e9pite\\\" \u00e0 vous partager. Depuis 5 ans, nous avons publi\u00e9 un peu plus de 4000 articles qui s'adressent \u00e0 un public large et vari\u00e9 ayant pour objectif de satisfaire votre curiosit\u00e9 et de partager avec vous une certaine fascination pour le m\u00e9tal jaune, le rachat d'or, et pour ceux qui veulent investir dans l'or, vendre leur or tout simplement en savoir plus... Pour tous vos achat or et argent, n'h\u00e9sitez pas \u00e0 prendre rendez-vous dans l'un de nos nombreux comptoirs.\",\"sameAs\":[\"https:\\\/\\\/www.gold.fr\"]}]}<\/script>\n<!-- \/ Yoast SEO plugin. -->","yoast_head_json":{"title":"March\u00e9s : Une macro\u00e9conomie \u00e0 la d\u00e9rive - Gold.fr","robots":{"index":"index","follow":"follow","max-snippet":"max-snippet:-1","max-image-preview":"max-image-preview:large","max-video-preview":"max-video-preview:-1"},"canonical":"https:\/\/www.gold.fr\/news\/2016\/02\/24\/marches-une-macroeconomie-a-la-derive\/","og_locale":"fr_FR","og_type":"article","og_title":"March\u00e9s : Une macro\u00e9conomie \u00e0 la d\u00e9rive - Gold.fr","og_description":"\u00a0En d\u00e9pit d\u2019une reprise relative dans certains secteurs macro\u00e9conomiques am\u00e9ricains, le bilan global des deux premiers mois de la nouvelle ann\u00e9e 2016 demeure largement morose et n\u00e9gatif. Peu de statistiques europ\u00e9ennes ou am\u00e9ricaines ont \u00e9t\u00e9 encourageantes [&hellip;]","og_url":"https:\/\/www.gold.fr\/news\/2016\/02\/24\/marches-une-macroeconomie-a-la-derive\/","og_site_name":"Gold.fr","article_publisher":"https:\/\/www.facebook.com\/Goldfr\/","article_published_time":"2016-02-24T16:00:02+00:00","article_modified_time":"2018-06-25T12:33:21+00:00","og_image":[{"width":600,"height":400,"url":"https:\/\/www.gold.fr\/news\/wp-content\/uploads\/2016\/02\/demande-mondiale-5.jpg","type":"image\/jpeg"}],"author":"Comptoir National de l'Or","twitter_card":"summary_large_image","twitter_misc":{"\u00c9crit par":"Comptoir National de l'Or","Dur\u00e9e de lecture estim\u00e9e":"1 minute"},"schema":{"@context":"https:\/\/schema.org","@graph":[{"@type":"Article","@id":"https:\/\/www.gold.fr\/news\/2016\/02\/24\/marches-une-macroeconomie-a-la-derive\/#article","isPartOf":{"@id":"https:\/\/www.gold.fr\/news\/2016\/02\/24\/marches-une-macroeconomie-a-la-derive\/"},"author":{"name":"Comptoir National de l'Or","@id":"https:\/\/www.gold.fr\/news\/#\/schema\/person\/070491b4b4fb7671bf59b3be20302ce9"},"headline":"March\u00e9s : Une macro\u00e9conomie \u00e0 la d\u00e9rive","datePublished":"2016-02-24T16:00:02+00:00","dateModified":"2018-06-25T12:33:21+00:00","mainEntityOfPage":{"@id":"https:\/\/www.gold.fr\/news\/2016\/02\/24\/marches-une-macroeconomie-a-la-derive\/"},"wordCount":262,"commentCount":0,"image":{"@id":"https:\/\/www.gold.fr\/news\/2016\/02\/24\/marches-une-macroeconomie-a-la-derive\/#primaryimage"},"thumbnailUrl":"https:\/\/www.gold.fr\/news\/wp-content\/uploads\/2016\/02\/demande-mondiale-5.jpg","keywords":["march\u00e9s","PMI"],"articleSection":["Articles de presse"],"inLanguage":"fr-FR"},{"@type":"WebPage","@id":"https:\/\/www.gold.fr\/news\/2016\/02\/24\/marches-une-macroeconomie-a-la-derive\/","url":"https:\/\/www.gold.fr\/news\/2016\/02\/24\/marches-une-macroeconomie-a-la-derive\/","name":"March\u00e9s : Une macro\u00e9conomie \u00e0 la d\u00e9rive - Gold.fr","isPartOf":{"@id":"https:\/\/www.gold.fr\/news\/#website"},"primaryImageOfPage":{"@id":"https:\/\/www.gold.fr\/news\/2016\/02\/24\/marches-une-macroeconomie-a-la-derive\/#primaryimage"},"image":{"@id":"https:\/\/www.gold.fr\/news\/2016\/02\/24\/marches-une-macroeconomie-a-la-derive\/#primaryimage"},"thumbnailUrl":"https:\/\/www.gold.fr\/news\/wp-content\/uploads\/2016\/02\/demande-mondiale-5.jpg","datePublished":"2016-02-24T16:00:02+00:00","dateModified":"2018-06-25T12:33:21+00:00","author":{"@id":"https:\/\/www.gold.fr\/news\/#\/schema\/person\/070491b4b4fb7671bf59b3be20302ce9"},"breadcrumb":{"@id":"https:\/\/www.gold.fr\/news\/2016\/02\/24\/marches-une-macroeconomie-a-la-derive\/#breadcrumb"},"inLanguage":"fr-FR","potentialAction":[{"@type":"ReadAction","target":["https:\/\/www.gold.fr\/news\/2016\/02\/24\/marches-une-macroeconomie-a-la-derive\/"]}]},{"@type":"ImageObject","inLanguage":"fr-FR","@id":"https:\/\/www.gold.fr\/news\/2016\/02\/24\/marches-une-macroeconomie-a-la-derive\/#primaryimage","url":"https:\/\/www.gold.fr\/news\/wp-content\/uploads\/2016\/02\/demande-mondiale-5.jpg","contentUrl":"https:\/\/www.gold.fr\/news\/wp-content\/uploads\/2016\/02\/demande-mondiale-5.jpg","width":600,"height":400,"caption":"March\u00e9s : Une macro\u00e9conomie \u00e0 la d\u00e9rive"},{"@type":"BreadcrumbList","@id":"https:\/\/www.gold.fr\/news\/2016\/02\/24\/marches-une-macroeconomie-a-la-derive\/#breadcrumb","itemListElement":[{"@type":"ListItem","position":1,"name":"Accueil","item":"https:\/\/www.gold.fr\/"},{"@type":"ListItem","position":2,"name":"Actualit\u00e9s","item":"https:\/\/www.gold.fr\/news\/"},{"@type":"ListItem","position":3,"name":"March\u00e9s : Une macro\u00e9conomie \u00e0 la d\u00e9rive"}]},{"@type":"WebSite","@id":"https:\/\/www.gold.fr\/news\/#website","url":"https:\/\/www.gold.fr\/news\/","name":"Gold.fr","description":"Actualit\u00e9s de l&#039;Or et des m\u00e9taux pr\u00e9cieux","potentialAction":[{"@type":"SearchAction","target":{"@type":"EntryPoint","urlTemplate":"https:\/\/www.gold.fr\/news\/?s={search_term_string}"},"query-input":{"@type":"PropertyValueSpecification","valueRequired":true,"valueName":"search_term_string"}}],"inLanguage":"fr-FR"},{"@type":"Person","@id":"https:\/\/www.gold.fr\/news\/#\/schema\/person\/070491b4b4fb7671bf59b3be20302ce9","name":"Comptoir National de l'Or","image":{"@type":"ImageObject","inLanguage":"fr-FR","@id":"https:\/\/secure.gravatar.com\/avatar\/0a2867fd5abe37bed95d5a65e9d58f01756e11efc68af9888dfc50cfa7f65948?s=96&d=mm&r=gb490554db0a38188709de567aa58480d","url":"https:\/\/secure.gravatar.com\/avatar\/0a2867fd5abe37bed95d5a65e9d58f01756e11efc68af9888dfc50cfa7f65948?s=96&d=mm&r=g","contentUrl":"https:\/\/secure.gravatar.com\/avatar\/0a2867fd5abe37bed95d5a65e9d58f01756e11efc68af9888dfc50cfa7f65948?s=96&d=mm&r=g","caption":"Comptoir National de l'Or"},"description":"Notre r\u00e9daction est constitu\u00e9e de membres experts dans les m\u00e9tiers de l'\u00e9conomie et la gestion, des Responsables d'agence Comptoir National de l'Or, des analystes financiers qui publient r\u00e9guli\u00e8rement des \u00e9tudes sur les politiques des banques centrales, le cours de l'or, prix de l'or, cours de l'argent, prix de l'argent, cours du platine, cours du palladium,... la situation en zone euro et l'impact de la strat\u00e9gie mon\u00e9taire de la FED. Notre \u00e9quipe scrute \u00e9galement une information plus g\u00e9n\u00e9raliste \u00e0 la recherche d'actualit\u00e9 \"p\u00e9pite\" \u00e0 vous partager. Depuis 5 ans, nous avons publi\u00e9 un peu plus de 4000 articles qui s'adressent \u00e0 un public large et vari\u00e9 ayant pour objectif de satisfaire votre curiosit\u00e9 et de partager avec vous une certaine fascination pour le m\u00e9tal jaune, le rachat d'or, et pour ceux qui veulent investir dans l'or, vendre leur or tout simplement en savoir plus... Pour tous vos achat or et argent, n'h\u00e9sitez pas \u00e0 prendre rendez-vous dans l'un de nos nombreux comptoirs.","sameAs":["https:\/\/www.gold.fr"]}]}},"authors":[{"term_id":2565,"user_id":18,"is_guest":0,"slug":"julie","display_name":"Comptoir National de l'Or","avatar_url":"https:\/\/secure.gravatar.com\/avatar\/713f289e398d35ead876c4a4cc08607f0d6d266058cfc25683fffb6092d0e572?s=96&d=mm&r=g","0":null,"1":"","2":"","3":"","4":"","5":"","6":"","7":"","8":""}],"_links":{"self":[{"href":"https:\/\/www.gold.fr\/news\/wp-json\/wp\/v2\/posts\/18862","targetHints":{"allow":["GET"]}}],"collection":[{"href":"https:\/\/www.gold.fr\/news\/wp-json\/wp\/v2\/posts"}],"about":[{"href":"https:\/\/www.gold.fr\/news\/wp-json\/wp\/v2\/types\/post"}],"author":[{"embeddable":true,"href":"https:\/\/www.gold.fr\/news\/wp-json\/wp\/v2\/users\/18"}],"replies":[{"embeddable":true,"href":"https:\/\/www.gold.fr\/news\/wp-json\/wp\/v2\/comments?post=18862"}],"version-history":[{"count":0,"href":"https:\/\/www.gold.fr\/news\/wp-json\/wp\/v2\/posts\/18862\/revisions"}],"wp:featuredmedia":[{"embeddable":true,"href":"https:\/\/www.gold.fr\/news\/wp-json\/wp\/v2\/media\/31716"}],"wp:attachment":[{"href":"https:\/\/www.gold.fr\/news\/wp-json\/wp\/v2\/media?parent=18862"}],"wp:term":[{"taxonomy":"category","embeddable":true,"href":"https:\/\/www.gold.fr\/news\/wp-json\/wp\/v2\/categories?post=18862"},{"taxonomy":"post_tag","embeddable":true,"href":"https:\/\/www.gold.fr\/news\/wp-json\/wp\/v2\/tags?post=18862"},{"taxonomy":"author","embeddable":true,"href":"https:\/\/www.gold.fr\/news\/wp-json\/wp\/v2\/ppma_author?post=18862"}],"curies":[{"name":"wp","href":"https:\/\/api.w.org\/{rel}","templated":true}]}}