{"id":18856,"date":"2016-02-24T09:00:10","date_gmt":"2016-02-24T08:00:10","guid":{"rendered":"https:\/\/www.gold.fr\/news\/?p=18856"},"modified":"2018-03-16T13:17:11","modified_gmt":"2018-03-16T12:17:11","slug":"marches-entre-optimisme-et-inquietudes","status":"publish","type":"post","link":"https:\/\/www.gold.fr\/news\/2016\/02\/24\/marches-entre-optimisme-et-inquietudes\/","title":{"rendered":"March\u00e9s : Entre optimisme et inqui\u00e9tudes"},"content":{"rendered":"<p><span style=\"font-size: small;\"><img loading=\"lazy\" decoding=\"async\" class=\"alignleft wp-image-31711 size-thumbnail\" title=\"March\u00e9s : Entre optimisme et inqui\u00e9tudes\" src=\"https:\/\/www.gold.fr\/news\/wp-content\/uploads\/2016\/02\/flambe\u0301e-cours-de-lor-150x150.jpg\" alt=\"March\u00e9s : Entre optimisme et inqui\u00e9tudes\" width=\"150\" height=\"150\" \/>Et ce sont deux sentiments dominants qui, une fois n&rsquo;est pas coutume, s&rsquo;av\u00e8rent \u00eatre compl\u00e9mentaires, actuellement, sur les march\u00e9s d&rsquo;<a class=\"esk-seo-plu-link\" href=\"https:\/\/www.gold.fr\/news\/tags\/investissement\">investissement<\/a>. Les inqui\u00e9tudes des op\u00e9rateurs concernant un nouveau ralentissement (cette fois-ci permanent) de l&rsquo;\u00e9conomie mondiale les pousse automatiquement \u00e0 esp\u00e9rer une r\u00e9action cons\u00e9quente des principales banques centrales (notamment la <strong>FED<\/strong> et la <strong>BCE<\/strong>) dans un sens accommodant.<\/span><\/p>\n<p><span style=\"font-size: small;\">Pour l&rsquo;heure, c&rsquo;est le p\u00e9trole et l&rsquo;indice <strong>PMI<\/strong> europ\u00e9en qui d\u00e9partagent les march\u00e9s, entre optimistes et sceptiques. En effet, \u00e0 l&rsquo;heure m\u00eame o\u00f9 le cours du p\u00e9trole affiche une \u00e9ni\u00e8me reprise surprise (le prix du baril de brut l\u00e9ger US vient de d\u00e9passer les <strong>31 <a class=\"esk-seo-plu-link\" href=\"https:\/\/www.gold.fr\/news\/tags\/investissement\">dollars<\/a><\/strong>), l&rsquo;indice <strong>PMI flash Markit<\/strong> pour la zone euro enregistre une baisse tout aussi inattendue de l&rsquo;ordre de <strong>53,6<\/strong> en janvier \u00e0 <strong>52,7<\/strong> en f\u00e9vrier, confirmant ainsi la faiblesse de la croissance de l&rsquo;activit\u00e9 globale de la r\u00e9gion depuis le d\u00e9but de l&rsquo;ann\u00e9e derni\u00e8re. <\/span><\/p>\n<p><span style=\"font-size: small;\">Il est \u00e9galement \u00e0 noter que l&rsquo;indice <strong>PMI Markit<\/strong> pour le secteur manufacturier US a aussi enregistr\u00e9 un repli \u00e0 <strong>51<\/strong> en estimation \u00ab\u00a0flash\u00a0\u00bb pour le mois en cours, ce qui repr\u00e9sente la pire expansion de ce domaine depuis le mois d&rsquo;octobre <strong>2012<\/strong>.<\/span> <span style=\"font-size: small;\">Les strat\u00e8ges d&rsquo;IG soulignent pourtant \u00e0 ce sujet que \u00ab <em>bon nombre d&rsquo;investisseurs \u00e9voquent l&rsquo;apparition d&rsquo;articles optimistes concernant la croissance am\u00e9ricaine, laissant penser que le sc\u00e9nario d&rsquo;une r\u00e9cession est exag\u00e9r\u00e9<\/em> \u00bb. Ce constat rejoint l&rsquo;avis g\u00e9n\u00e9ral selon lequel les bonnes nouvelles am\u00e9ricaines auraient largement \u00e9clips\u00e9 les mauvaises nouvelles europ\u00e9ennes.<\/span><\/p>\n<!-- AddThis Advanced Settings generic via filter on the_content --><!-- AddThis Share Buttons generic via filter on the_content -->","protected":false},"excerpt":{"rendered":"<p>Et ce sont deux sentiments dominants qui, une fois n&rsquo;est pas coutume, s&rsquo;av\u00e8rent \u00eatre compl\u00e9mentaires, actuellement, sur les march\u00e9s d&rsquo;investissement. Les inqui\u00e9tudes des op\u00e9rateurs concernant un nouveau ralentissement (cette fois-ci permanent) de l&rsquo;\u00e9conomie mondiale les pousse [&hellip;]<\/p>\n","protected":false},"author":18,"featured_media":31711,"comment_status":"open","ping_status":"open","sticky":false,"template":"","format":"standard","meta":{"_mbp_gutenberg_autopost":false,"_pgmb_is_evergreen":false,"_pgmb_ap_template_id":0,"footnotes":""},"categories":[6],"tags":[143,144,1649,1689],"ppma_author":[2565],"class_list":["post-18856","post","type-post","status-publish","format-standard","has-post-thumbnail","hentry","category-articles-de-presse","tag-bce","tag-fed","tag-marches","tag-pmi"],"yoast_head":"<!-- This site is optimized with the Yoast SEO plugin v27.5 - https:\/\/yoast.com\/product\/yoast-seo-wordpress\/ -->\n<title>March\u00e9s : Entre optimisme et inqui\u00e9tudes - Gold.fr<\/title>\n<meta name=\"robots\" content=\"index, follow, max-snippet:-1, max-image-preview:large, max-video-preview:-1\" \/>\n<link rel=\"canonical\" href=\"https:\/\/www.gold.fr\/news\/2016\/02\/24\/marches-entre-optimisme-et-inquietudes\/\" \/>\n<meta property=\"og:locale\" content=\"fr_FR\" \/>\n<meta property=\"og:type\" content=\"article\" \/>\n<meta property=\"og:title\" content=\"March\u00e9s : Entre optimisme et inqui\u00e9tudes - Gold.fr\" \/>\n<meta property=\"og:description\" content=\"Et ce sont deux sentiments dominants qui, une fois n&rsquo;est pas coutume, s&rsquo;av\u00e8rent \u00eatre compl\u00e9mentaires, actuellement, sur les march\u00e9s d&rsquo;investissement. Les inqui\u00e9tudes des op\u00e9rateurs concernant un nouveau ralentissement (cette fois-ci permanent) de l&rsquo;\u00e9conomie mondiale les pousse [&hellip;]\" \/>\n<meta property=\"og:url\" content=\"https:\/\/www.gold.fr\/news\/2016\/02\/24\/marches-entre-optimisme-et-inquietudes\/\" \/>\n<meta property=\"og:site_name\" content=\"Gold.fr\" \/>\n<meta property=\"article:publisher\" content=\"https:\/\/www.facebook.com\/Goldfr\/\" \/>\n<meta property=\"article:published_time\" content=\"2016-02-24T08:00:10+00:00\" \/>\n<meta property=\"article:modified_time\" content=\"2018-03-16T12:17:11+00:00\" \/>\n<meta property=\"og:image\" content=\"https:\/\/www.gold.fr\/news\/wp-content\/uploads\/2016\/02\/flambe\u0301e-cours-de-lor.jpg\" \/>\n\t<meta property=\"og:image:width\" content=\"600\" \/>\n\t<meta property=\"og:image:height\" content=\"450\" \/>\n\t<meta property=\"og:image:type\" content=\"image\/jpeg\" \/>\n<meta name=\"author\" content=\"Comptoir National de l&#039;Or\" \/>\n<meta name=\"twitter:card\" content=\"summary_large_image\" \/>\n<meta name=\"twitter:label1\" content=\"\u00c9crit par\" \/>\n\t<meta name=\"twitter:data1\" content=\"Comptoir National de l&#039;Or\" \/>\n\t<meta name=\"twitter:label2\" content=\"Dur\u00e9e de lecture estim\u00e9e\" \/>\n\t<meta name=\"twitter:data2\" content=\"1 minute\" \/>\n<script type=\"application\/ld+json\" class=\"yoast-schema-graph\">{\"@context\":\"https:\\\/\\\/schema.org\",\"@graph\":[{\"@type\":\"Article\",\"@id\":\"https:\\\/\\\/www.gold.fr\\\/news\\\/2016\\\/02\\\/24\\\/marches-entre-optimisme-et-inquietudes\\\/#article\",\"isPartOf\":{\"@id\":\"https:\\\/\\\/www.gold.fr\\\/news\\\/2016\\\/02\\\/24\\\/marches-entre-optimisme-et-inquietudes\\\/\"},\"author\":{\"name\":\"Comptoir National de l'Or\",\"@id\":\"https:\\\/\\\/www.gold.fr\\\/news\\\/#\\\/schema\\\/person\\\/070491b4b4fb7671bf59b3be20302ce9\"},\"headline\":\"March\u00e9s : Entre optimisme et inqui\u00e9tudes\",\"datePublished\":\"2016-02-24T08:00:10+00:00\",\"dateModified\":\"2018-03-16T12:17:11+00:00\",\"mainEntityOfPage\":{\"@id\":\"https:\\\/\\\/www.gold.fr\\\/news\\\/2016\\\/02\\\/24\\\/marches-entre-optimisme-et-inquietudes\\\/\"},\"wordCount\":283,\"commentCount\":0,\"image\":{\"@id\":\"https:\\\/\\\/www.gold.fr\\\/news\\\/2016\\\/02\\\/24\\\/marches-entre-optimisme-et-inquietudes\\\/#primaryimage\"},\"thumbnailUrl\":\"https:\\\/\\\/www.gold.fr\\\/news\\\/wp-content\\\/uploads\\\/2016\\\/02\\\/flambe\u0301e-cours-de-lor.jpg\",\"keywords\":[\"bce\",\"fed\",\"march\u00e9s\",\"PMI\"],\"articleSection\":[\"Articles de presse\"],\"inLanguage\":\"fr-FR\"},{\"@type\":\"WebPage\",\"@id\":\"https:\\\/\\\/www.gold.fr\\\/news\\\/2016\\\/02\\\/24\\\/marches-entre-optimisme-et-inquietudes\\\/\",\"url\":\"https:\\\/\\\/www.gold.fr\\\/news\\\/2016\\\/02\\\/24\\\/marches-entre-optimisme-et-inquietudes\\\/\",\"name\":\"March\u00e9s : Entre optimisme et inqui\u00e9tudes - Gold.fr\",\"isPartOf\":{\"@id\":\"https:\\\/\\\/www.gold.fr\\\/news\\\/#website\"},\"primaryImageOfPage\":{\"@id\":\"https:\\\/\\\/www.gold.fr\\\/news\\\/2016\\\/02\\\/24\\\/marches-entre-optimisme-et-inquietudes\\\/#primaryimage\"},\"image\":{\"@id\":\"https:\\\/\\\/www.gold.fr\\\/news\\\/2016\\\/02\\\/24\\\/marches-entre-optimisme-et-inquietudes\\\/#primaryimage\"},\"thumbnailUrl\":\"https:\\\/\\\/www.gold.fr\\\/news\\\/wp-content\\\/uploads\\\/2016\\\/02\\\/flambe\u0301e-cours-de-lor.jpg\",\"datePublished\":\"2016-02-24T08:00:10+00:00\",\"dateModified\":\"2018-03-16T12:17:11+00:00\",\"author\":{\"@id\":\"https:\\\/\\\/www.gold.fr\\\/news\\\/#\\\/schema\\\/person\\\/070491b4b4fb7671bf59b3be20302ce9\"},\"breadcrumb\":{\"@id\":\"https:\\\/\\\/www.gold.fr\\\/news\\\/2016\\\/02\\\/24\\\/marches-entre-optimisme-et-inquietudes\\\/#breadcrumb\"},\"inLanguage\":\"fr-FR\",\"potentialAction\":[{\"@type\":\"ReadAction\",\"target\":[\"https:\\\/\\\/www.gold.fr\\\/news\\\/2016\\\/02\\\/24\\\/marches-entre-optimisme-et-inquietudes\\\/\"]}]},{\"@type\":\"ImageObject\",\"inLanguage\":\"fr-FR\",\"@id\":\"https:\\\/\\\/www.gold.fr\\\/news\\\/2016\\\/02\\\/24\\\/marches-entre-optimisme-et-inquietudes\\\/#primaryimage\",\"url\":\"https:\\\/\\\/www.gold.fr\\\/news\\\/wp-content\\\/uploads\\\/2016\\\/02\\\/flambe\u0301e-cours-de-lor.jpg\",\"contentUrl\":\"https:\\\/\\\/www.gold.fr\\\/news\\\/wp-content\\\/uploads\\\/2016\\\/02\\\/flambe\u0301e-cours-de-lor.jpg\",\"width\":600,\"height\":450,\"caption\":\"March\u00e9s : Entre optimisme et inqui\u00e9tudes\"},{\"@type\":\"BreadcrumbList\",\"@id\":\"https:\\\/\\\/www.gold.fr\\\/news\\\/2016\\\/02\\\/24\\\/marches-entre-optimisme-et-inquietudes\\\/#breadcrumb\",\"itemListElement\":[{\"@type\":\"ListItem\",\"position\":1,\"name\":\"Accueil\",\"item\":\"https:\\\/\\\/www.gold.fr\\\/\"},{\"@type\":\"ListItem\",\"position\":2,\"name\":\"Actualit\u00e9s\",\"item\":\"https:\\\/\\\/www.gold.fr\\\/news\\\/\"},{\"@type\":\"ListItem\",\"position\":3,\"name\":\"March\u00e9s : Entre optimisme et inqui\u00e9tudes\"}]},{\"@type\":\"WebSite\",\"@id\":\"https:\\\/\\\/www.gold.fr\\\/news\\\/#website\",\"url\":\"https:\\\/\\\/www.gold.fr\\\/news\\\/\",\"name\":\"Gold.fr\",\"description\":\"Actualit\u00e9s de l&#039;Or et des m\u00e9taux pr\u00e9cieux\",\"potentialAction\":[{\"@type\":\"SearchAction\",\"target\":{\"@type\":\"EntryPoint\",\"urlTemplate\":\"https:\\\/\\\/www.gold.fr\\\/news\\\/?s={search_term_string}\"},\"query-input\":{\"@type\":\"PropertyValueSpecification\",\"valueRequired\":true,\"valueName\":\"search_term_string\"}}],\"inLanguage\":\"fr-FR\"},{\"@type\":\"Person\",\"@id\":\"https:\\\/\\\/www.gold.fr\\\/news\\\/#\\\/schema\\\/person\\\/070491b4b4fb7671bf59b3be20302ce9\",\"name\":\"Comptoir National de l'Or\",\"image\":{\"@type\":\"ImageObject\",\"inLanguage\":\"fr-FR\",\"@id\":\"https:\\\/\\\/secure.gravatar.com\\\/avatar\\\/0a2867fd5abe37bed95d5a65e9d58f01756e11efc68af9888dfc50cfa7f65948?s=96&d=mm&r=gb490554db0a38188709de567aa58480d\",\"url\":\"https:\\\/\\\/secure.gravatar.com\\\/avatar\\\/0a2867fd5abe37bed95d5a65e9d58f01756e11efc68af9888dfc50cfa7f65948?s=96&d=mm&r=g\",\"contentUrl\":\"https:\\\/\\\/secure.gravatar.com\\\/avatar\\\/0a2867fd5abe37bed95d5a65e9d58f01756e11efc68af9888dfc50cfa7f65948?s=96&d=mm&r=g\",\"caption\":\"Comptoir National de l'Or\"},\"description\":\"Notre r\u00e9daction est constitu\u00e9e de membres experts dans les m\u00e9tiers de l'\u00e9conomie et la gestion, des Responsables d'agence Comptoir National de l'Or, des analystes financiers qui publient r\u00e9guli\u00e8rement des \u00e9tudes sur les politiques des banques centrales, le cours de l'or, prix de l'or, cours de l'argent, prix de l'argent, cours du platine, cours du palladium,... la situation en zone euro et l'impact de la strat\u00e9gie mon\u00e9taire de la FED. Notre \u00e9quipe scrute \u00e9galement une information plus g\u00e9n\u00e9raliste \u00e0 la recherche d'actualit\u00e9 \\\"p\u00e9pite\\\" \u00e0 vous partager. Depuis 5 ans, nous avons publi\u00e9 un peu plus de 4000 articles qui s'adressent \u00e0 un public large et vari\u00e9 ayant pour objectif de satisfaire votre curiosit\u00e9 et de partager avec vous une certaine fascination pour le m\u00e9tal jaune, le rachat d'or, et pour ceux qui veulent investir dans l'or, vendre leur or tout simplement en savoir plus... Pour tous vos achat or et argent, n'h\u00e9sitez pas \u00e0 prendre rendez-vous dans l'un de nos nombreux comptoirs.\",\"sameAs\":[\"https:\\\/\\\/www.gold.fr\"]}]}<\/script>\n<!-- \/ Yoast SEO plugin. -->","yoast_head_json":{"title":"March\u00e9s : Entre optimisme et inqui\u00e9tudes - Gold.fr","robots":{"index":"index","follow":"follow","max-snippet":"max-snippet:-1","max-image-preview":"max-image-preview:large","max-video-preview":"max-video-preview:-1"},"canonical":"https:\/\/www.gold.fr\/news\/2016\/02\/24\/marches-entre-optimisme-et-inquietudes\/","og_locale":"fr_FR","og_type":"article","og_title":"March\u00e9s : Entre optimisme et inqui\u00e9tudes - Gold.fr","og_description":"Et ce sont deux sentiments dominants qui, une fois n&rsquo;est pas coutume, s&rsquo;av\u00e8rent \u00eatre compl\u00e9mentaires, actuellement, sur les march\u00e9s d&rsquo;investissement. Les inqui\u00e9tudes des op\u00e9rateurs concernant un nouveau ralentissement (cette fois-ci permanent) de l&rsquo;\u00e9conomie mondiale les pousse [&hellip;]","og_url":"https:\/\/www.gold.fr\/news\/2016\/02\/24\/marches-entre-optimisme-et-inquietudes\/","og_site_name":"Gold.fr","article_publisher":"https:\/\/www.facebook.com\/Goldfr\/","article_published_time":"2016-02-24T08:00:10+00:00","article_modified_time":"2018-03-16T12:17:11+00:00","og_image":[{"width":600,"height":450,"url":"https:\/\/www.gold.fr\/news\/wp-content\/uploads\/2016\/02\/flambe\u0301e-cours-de-lor.jpg","type":"image\/jpeg"}],"author":"Comptoir National de l'Or","twitter_card":"summary_large_image","twitter_misc":{"\u00c9crit par":"Comptoir National de l'Or","Dur\u00e9e de lecture estim\u00e9e":"1 minute"},"schema":{"@context":"https:\/\/schema.org","@graph":[{"@type":"Article","@id":"https:\/\/www.gold.fr\/news\/2016\/02\/24\/marches-entre-optimisme-et-inquietudes\/#article","isPartOf":{"@id":"https:\/\/www.gold.fr\/news\/2016\/02\/24\/marches-entre-optimisme-et-inquietudes\/"},"author":{"name":"Comptoir National de l'Or","@id":"https:\/\/www.gold.fr\/news\/#\/schema\/person\/070491b4b4fb7671bf59b3be20302ce9"},"headline":"March\u00e9s : Entre optimisme et inqui\u00e9tudes","datePublished":"2016-02-24T08:00:10+00:00","dateModified":"2018-03-16T12:17:11+00:00","mainEntityOfPage":{"@id":"https:\/\/www.gold.fr\/news\/2016\/02\/24\/marches-entre-optimisme-et-inquietudes\/"},"wordCount":283,"commentCount":0,"image":{"@id":"https:\/\/www.gold.fr\/news\/2016\/02\/24\/marches-entre-optimisme-et-inquietudes\/#primaryimage"},"thumbnailUrl":"https:\/\/www.gold.fr\/news\/wp-content\/uploads\/2016\/02\/flambe\u0301e-cours-de-lor.jpg","keywords":["bce","fed","march\u00e9s","PMI"],"articleSection":["Articles de presse"],"inLanguage":"fr-FR"},{"@type":"WebPage","@id":"https:\/\/www.gold.fr\/news\/2016\/02\/24\/marches-entre-optimisme-et-inquietudes\/","url":"https:\/\/www.gold.fr\/news\/2016\/02\/24\/marches-entre-optimisme-et-inquietudes\/","name":"March\u00e9s : Entre optimisme et inqui\u00e9tudes - Gold.fr","isPartOf":{"@id":"https:\/\/www.gold.fr\/news\/#website"},"primaryImageOfPage":{"@id":"https:\/\/www.gold.fr\/news\/2016\/02\/24\/marches-entre-optimisme-et-inquietudes\/#primaryimage"},"image":{"@id":"https:\/\/www.gold.fr\/news\/2016\/02\/24\/marches-entre-optimisme-et-inquietudes\/#primaryimage"},"thumbnailUrl":"https:\/\/www.gold.fr\/news\/wp-content\/uploads\/2016\/02\/flambe\u0301e-cours-de-lor.jpg","datePublished":"2016-02-24T08:00:10+00:00","dateModified":"2018-03-16T12:17:11+00:00","author":{"@id":"https:\/\/www.gold.fr\/news\/#\/schema\/person\/070491b4b4fb7671bf59b3be20302ce9"},"breadcrumb":{"@id":"https:\/\/www.gold.fr\/news\/2016\/02\/24\/marches-entre-optimisme-et-inquietudes\/#breadcrumb"},"inLanguage":"fr-FR","potentialAction":[{"@type":"ReadAction","target":["https:\/\/www.gold.fr\/news\/2016\/02\/24\/marches-entre-optimisme-et-inquietudes\/"]}]},{"@type":"ImageObject","inLanguage":"fr-FR","@id":"https:\/\/www.gold.fr\/news\/2016\/02\/24\/marches-entre-optimisme-et-inquietudes\/#primaryimage","url":"https:\/\/www.gold.fr\/news\/wp-content\/uploads\/2016\/02\/flambe\u0301e-cours-de-lor.jpg","contentUrl":"https:\/\/www.gold.fr\/news\/wp-content\/uploads\/2016\/02\/flambe\u0301e-cours-de-lor.jpg","width":600,"height":450,"caption":"March\u00e9s : Entre optimisme et inqui\u00e9tudes"},{"@type":"BreadcrumbList","@id":"https:\/\/www.gold.fr\/news\/2016\/02\/24\/marches-entre-optimisme-et-inquietudes\/#breadcrumb","itemListElement":[{"@type":"ListItem","position":1,"name":"Accueil","item":"https:\/\/www.gold.fr\/"},{"@type":"ListItem","position":2,"name":"Actualit\u00e9s","item":"https:\/\/www.gold.fr\/news\/"},{"@type":"ListItem","position":3,"name":"March\u00e9s : Entre optimisme et inqui\u00e9tudes"}]},{"@type":"WebSite","@id":"https:\/\/www.gold.fr\/news\/#website","url":"https:\/\/www.gold.fr\/news\/","name":"Gold.fr","description":"Actualit\u00e9s de l&#039;Or et des m\u00e9taux pr\u00e9cieux","potentialAction":[{"@type":"SearchAction","target":{"@type":"EntryPoint","urlTemplate":"https:\/\/www.gold.fr\/news\/?s={search_term_string}"},"query-input":{"@type":"PropertyValueSpecification","valueRequired":true,"valueName":"search_term_string"}}],"inLanguage":"fr-FR"},{"@type":"Person","@id":"https:\/\/www.gold.fr\/news\/#\/schema\/person\/070491b4b4fb7671bf59b3be20302ce9","name":"Comptoir National de l'Or","image":{"@type":"ImageObject","inLanguage":"fr-FR","@id":"https:\/\/secure.gravatar.com\/avatar\/0a2867fd5abe37bed95d5a65e9d58f01756e11efc68af9888dfc50cfa7f65948?s=96&d=mm&r=gb490554db0a38188709de567aa58480d","url":"https:\/\/secure.gravatar.com\/avatar\/0a2867fd5abe37bed95d5a65e9d58f01756e11efc68af9888dfc50cfa7f65948?s=96&d=mm&r=g","contentUrl":"https:\/\/secure.gravatar.com\/avatar\/0a2867fd5abe37bed95d5a65e9d58f01756e11efc68af9888dfc50cfa7f65948?s=96&d=mm&r=g","caption":"Comptoir National de l'Or"},"description":"Notre r\u00e9daction est constitu\u00e9e de membres experts dans les m\u00e9tiers de l'\u00e9conomie et la gestion, des Responsables d'agence Comptoir National de l'Or, des analystes financiers qui publient r\u00e9guli\u00e8rement des \u00e9tudes sur les politiques des banques centrales, le cours de l'or, prix de l'or, cours de l'argent, prix de l'argent, cours du platine, cours du palladium,... la situation en zone euro et l'impact de la strat\u00e9gie mon\u00e9taire de la FED. Notre \u00e9quipe scrute \u00e9galement une information plus g\u00e9n\u00e9raliste \u00e0 la recherche d'actualit\u00e9 \"p\u00e9pite\" \u00e0 vous partager. Depuis 5 ans, nous avons publi\u00e9 un peu plus de 4000 articles qui s'adressent \u00e0 un public large et vari\u00e9 ayant pour objectif de satisfaire votre curiosit\u00e9 et de partager avec vous une certaine fascination pour le m\u00e9tal jaune, le rachat d'or, et pour ceux qui veulent investir dans l'or, vendre leur or tout simplement en savoir plus... Pour tous vos achat or et argent, n'h\u00e9sitez pas \u00e0 prendre rendez-vous dans l'un de nos nombreux comptoirs.","sameAs":["https:\/\/www.gold.fr"]}]}},"authors":[{"term_id":2565,"user_id":18,"is_guest":0,"slug":"julie","display_name":"Comptoir National de l'Or","avatar_url":"https:\/\/secure.gravatar.com\/avatar\/713f289e398d35ead876c4a4cc08607f0d6d266058cfc25683fffb6092d0e572?s=96&d=mm&r=g","0":null,"1":"","2":"","3":"","4":"","5":"","6":"","7":"","8":""}],"_links":{"self":[{"href":"https:\/\/www.gold.fr\/news\/wp-json\/wp\/v2\/posts\/18856","targetHints":{"allow":["GET"]}}],"collection":[{"href":"https:\/\/www.gold.fr\/news\/wp-json\/wp\/v2\/posts"}],"about":[{"href":"https:\/\/www.gold.fr\/news\/wp-json\/wp\/v2\/types\/post"}],"author":[{"embeddable":true,"href":"https:\/\/www.gold.fr\/news\/wp-json\/wp\/v2\/users\/18"}],"replies":[{"embeddable":true,"href":"https:\/\/www.gold.fr\/news\/wp-json\/wp\/v2\/comments?post=18856"}],"version-history":[{"count":0,"href":"https:\/\/www.gold.fr\/news\/wp-json\/wp\/v2\/posts\/18856\/revisions"}],"wp:featuredmedia":[{"embeddable":true,"href":"https:\/\/www.gold.fr\/news\/wp-json\/wp\/v2\/media\/31711"}],"wp:attachment":[{"href":"https:\/\/www.gold.fr\/news\/wp-json\/wp\/v2\/media?parent=18856"}],"wp:term":[{"taxonomy":"category","embeddable":true,"href":"https:\/\/www.gold.fr\/news\/wp-json\/wp\/v2\/categories?post=18856"},{"taxonomy":"post_tag","embeddable":true,"href":"https:\/\/www.gold.fr\/news\/wp-json\/wp\/v2\/tags?post=18856"},{"taxonomy":"author","embeddable":true,"href":"https:\/\/www.gold.fr\/news\/wp-json\/wp\/v2\/ppma_author?post=18856"}],"curies":[{"name":"wp","href":"https:\/\/api.w.org\/{rel}","templated":true}]}}