{"id":18854,"date":"2016-02-23T17:00:13","date_gmt":"2016-02-23T16:00:13","guid":{"rendered":"https:\/\/www.gold.fr\/news\/?p=18854"},"modified":"2018-03-16T13:15:07","modified_gmt":"2018-03-16T12:15:07","slug":"fed-bce-des-reactions-attendues-aux-pmi-decevants","status":"publish","type":"post","link":"https:\/\/www.gold.fr\/news\/2016\/02\/23\/fed-bce-des-reactions-attendues-aux-pmi-decevants\/","title":{"rendered":"FED-BCE : Des r\u00e9actions attendues aux PMI d\u00e9cevants"},"content":{"rendered":"<p><span style=\"font-size: small;\"><img loading=\"lazy\" decoding=\"async\" class=\"alignleft wp-image-8430 size-thumbnail\" title=\"FED-BCE : Des r\u00e9actions attendues aux PMI d\u00e9cevants\" src=\"https:\/\/www.gold.fr\/news\/wp-content\/uploads\/2012\/07\/europe-or-150x150.jpg\" alt=\"FED-BCE : Des r\u00e9actions attendues aux PMI d\u00e9cevants\" width=\"150\" height=\"150\" \/>Les deux rives boursi\u00e8res et \u00e9conomiques de l&rsquo;Atlantique sont rarement autant en harmonie, en m\u00eame temps. Les march\u00e9s am\u00e9ricains et europ\u00e9ens ont vu ressortir leurs indices <strong>PMI<\/strong> respectifs en baisse aussi surprenante qu&rsquo;alarmante. De quoi provoquer une nouvelle vague d&rsquo;attentisme de la r\u00e9action attendue de la r\u00e9serve f\u00e9d\u00e9rale am\u00e9ricaine et la banque centrale europ\u00e9enne, lors de leurs prochaines r\u00e9unions strat\u00e9giques.<\/span><\/p>\n<p><span style=\"font-size: small;\">Il est en effet \u00e0 rappeler que l&rsquo;indice <strong>PMI flash Markit<\/strong> pour la zone euro a marqu\u00e9 un recul de l&rsquo;ordre de <strong>53,6<\/strong> en janvier \u00e0 <strong>52,7<\/strong> en f\u00e9vrier, parall\u00e8lement \u00e0 indice PMI Markit pour le secteur manufacturier am\u00e9ricain en repli de <strong>52,4<\/strong> en <strong>janvier 2015<\/strong> \u00e0 <strong>51<\/strong> en estimation \u00ab\u00a0<em>flash<\/em>\u00a0\u00bb pour le mois de f\u00e9vrier. Et bien que les bonnes nouvelles en provenance du march\u00e9 p\u00e9trolier aient largement domin\u00e9 l&rsquo;actualit\u00e9, en ce d\u00e9but de semaine, et r\u00e9ussi m\u00eame \u00e0 orienter le sentiment g\u00e9n\u00e9ral vers un optimisme global, la tension demeure palpable au sein des march\u00e9s d&rsquo;<a class=\"esk-seo-plu-link\" href=\"https:\/\/www.gold.fr\/news\/tags\/investissement\">investissement<\/a>.<\/span><\/p>\n<p><span style=\"font-size: small;\">Les observateurs rapportent effectivement que, d&rsquo;apr\u00e8s l&rsquo;enqu\u00eate Markit, l&rsquo;indice a essentiellement la pression des taux de croissance pour la production ainsi que des nouvelles affaires et de l&#8217;emploi, avec des prix en sortie d&rsquo;usine marquant leur plus important taux de baisse depuis la fin du premier semestre 2012. <strong>Chris Williamson<\/strong>, chef \u00e9conomiste chez Markit, commente \u00e0 ce sujet que \u00ab <em>certaines parties des Etats-Unis ont souffert de conditions m\u00e9t\u00e9orologiques extr\u00eames, mais peu de fabricants interrog\u00e9s y ont vu un effet significatif, observant plut\u00f4t un ralentissement g\u00e9n\u00e9ral de l&rsquo;\u00e9conomie<\/em> \u00bb.<\/span><\/p>\n<!-- AddThis Advanced Settings generic via filter on the_content --><!-- AddThis Share Buttons generic via filter on the_content -->","protected":false},"excerpt":{"rendered":"<p>Les deux rives boursi\u00e8res et \u00e9conomiques de l&rsquo;Atlantique sont rarement autant en harmonie, en m\u00eame temps. Les march\u00e9s am\u00e9ricains et europ\u00e9ens ont vu ressortir leurs indices PMI respectifs en baisse aussi surprenante qu&rsquo;alarmante. De quoi provoquer [&hellip;]<\/p>\n","protected":false},"author":18,"featured_media":31708,"comment_status":"open","ping_status":"open","sticky":false,"template":"","format":"standard","meta":{"_mbp_gutenberg_autopost":false,"_pgmb_is_evergreen":false,"_pgmb_ap_template_id":0,"footnotes":""},"categories":[6],"tags":[143,144,1689],"ppma_author":[2565],"class_list":["post-18854","post","type-post","status-publish","format-standard","has-post-thumbnail","hentry","category-articles-de-presse","tag-bce","tag-fed","tag-pmi"],"yoast_head":"<!-- This site is optimized with the Yoast SEO plugin v27.5 - https:\/\/yoast.com\/product\/yoast-seo-wordpress\/ -->\n<title>FED-BCE : Des r\u00e9actions attendues aux PMI d\u00e9cevants - Gold.fr<\/title>\n<meta name=\"robots\" content=\"index, follow, max-snippet:-1, max-image-preview:large, max-video-preview:-1\" \/>\n<link rel=\"canonical\" href=\"https:\/\/www.gold.fr\/news\/2016\/02\/23\/fed-bce-des-reactions-attendues-aux-pmi-decevants\/\" \/>\n<meta property=\"og:locale\" content=\"fr_FR\" \/>\n<meta property=\"og:type\" content=\"article\" \/>\n<meta property=\"og:title\" content=\"FED-BCE : Des r\u00e9actions attendues aux PMI d\u00e9cevants - Gold.fr\" \/>\n<meta property=\"og:description\" content=\"Les deux rives boursi\u00e8res et \u00e9conomiques de l&rsquo;Atlantique sont rarement autant en harmonie, en m\u00eame temps. Les march\u00e9s am\u00e9ricains et europ\u00e9ens ont vu ressortir leurs indices PMI respectifs en baisse aussi surprenante qu&rsquo;alarmante. De quoi provoquer [&hellip;]\" \/>\n<meta property=\"og:url\" content=\"https:\/\/www.gold.fr\/news\/2016\/02\/23\/fed-bce-des-reactions-attendues-aux-pmi-decevants\/\" \/>\n<meta property=\"og:site_name\" content=\"Gold.fr\" \/>\n<meta property=\"article:publisher\" content=\"https:\/\/www.facebook.com\/Goldfr\/\" \/>\n<meta property=\"article:published_time\" content=\"2016-02-23T16:00:13+00:00\" \/>\n<meta property=\"article:modified_time\" content=\"2018-03-16T12:15:07+00:00\" \/>\n<meta property=\"og:image\" content=\"https:\/\/www.gold.fr\/news\/wp-content\/uploads\/2016\/02\/europe-or-1.jpg\" \/>\n\t<meta property=\"og:image:width\" content=\"600\" \/>\n\t<meta property=\"og:image:height\" content=\"468\" \/>\n\t<meta property=\"og:image:type\" content=\"image\/jpeg\" \/>\n<meta name=\"author\" content=\"Comptoir National de l&#039;Or\" \/>\n<meta name=\"twitter:card\" content=\"summary_large_image\" \/>\n<meta name=\"twitter:label1\" content=\"\u00c9crit par\" \/>\n\t<meta name=\"twitter:data1\" content=\"Comptoir National de l&#039;Or\" \/>\n\t<meta name=\"twitter:label2\" content=\"Dur\u00e9e de lecture estim\u00e9e\" \/>\n\t<meta name=\"twitter:data2\" content=\"1 minute\" \/>\n<script type=\"application\/ld+json\" class=\"yoast-schema-graph\">{\"@context\":\"https:\\\/\\\/schema.org\",\"@graph\":[{\"@type\":\"Article\",\"@id\":\"https:\\\/\\\/www.gold.fr\\\/news\\\/2016\\\/02\\\/23\\\/fed-bce-des-reactions-attendues-aux-pmi-decevants\\\/#article\",\"isPartOf\":{\"@id\":\"https:\\\/\\\/www.gold.fr\\\/news\\\/2016\\\/02\\\/23\\\/fed-bce-des-reactions-attendues-aux-pmi-decevants\\\/\"},\"author\":{\"name\":\"Comptoir National de l'Or\",\"@id\":\"https:\\\/\\\/www.gold.fr\\\/news\\\/#\\\/schema\\\/person\\\/070491b4b4fb7671bf59b3be20302ce9\"},\"headline\":\"FED-BCE : Des r\u00e9actions attendues aux PMI d\u00e9cevants\",\"datePublished\":\"2016-02-23T16:00:13+00:00\",\"dateModified\":\"2018-03-16T12:15:07+00:00\",\"mainEntityOfPage\":{\"@id\":\"https:\\\/\\\/www.gold.fr\\\/news\\\/2016\\\/02\\\/23\\\/fed-bce-des-reactions-attendues-aux-pmi-decevants\\\/\"},\"wordCount\":287,\"commentCount\":0,\"image\":{\"@id\":\"https:\\\/\\\/www.gold.fr\\\/news\\\/2016\\\/02\\\/23\\\/fed-bce-des-reactions-attendues-aux-pmi-decevants\\\/#primaryimage\"},\"thumbnailUrl\":\"https:\\\/\\\/www.gold.fr\\\/news\\\/wp-content\\\/uploads\\\/2016\\\/02\\\/europe-or-1.jpg\",\"keywords\":[\"bce\",\"fed\",\"PMI\"],\"articleSection\":[\"Articles de presse\"],\"inLanguage\":\"fr-FR\"},{\"@type\":\"WebPage\",\"@id\":\"https:\\\/\\\/www.gold.fr\\\/news\\\/2016\\\/02\\\/23\\\/fed-bce-des-reactions-attendues-aux-pmi-decevants\\\/\",\"url\":\"https:\\\/\\\/www.gold.fr\\\/news\\\/2016\\\/02\\\/23\\\/fed-bce-des-reactions-attendues-aux-pmi-decevants\\\/\",\"name\":\"FED-BCE : Des r\u00e9actions attendues aux PMI d\u00e9cevants - Gold.fr\",\"isPartOf\":{\"@id\":\"https:\\\/\\\/www.gold.fr\\\/news\\\/#website\"},\"primaryImageOfPage\":{\"@id\":\"https:\\\/\\\/www.gold.fr\\\/news\\\/2016\\\/02\\\/23\\\/fed-bce-des-reactions-attendues-aux-pmi-decevants\\\/#primaryimage\"},\"image\":{\"@id\":\"https:\\\/\\\/www.gold.fr\\\/news\\\/2016\\\/02\\\/23\\\/fed-bce-des-reactions-attendues-aux-pmi-decevants\\\/#primaryimage\"},\"thumbnailUrl\":\"https:\\\/\\\/www.gold.fr\\\/news\\\/wp-content\\\/uploads\\\/2016\\\/02\\\/europe-or-1.jpg\",\"datePublished\":\"2016-02-23T16:00:13+00:00\",\"dateModified\":\"2018-03-16T12:15:07+00:00\",\"author\":{\"@id\":\"https:\\\/\\\/www.gold.fr\\\/news\\\/#\\\/schema\\\/person\\\/070491b4b4fb7671bf59b3be20302ce9\"},\"breadcrumb\":{\"@id\":\"https:\\\/\\\/www.gold.fr\\\/news\\\/2016\\\/02\\\/23\\\/fed-bce-des-reactions-attendues-aux-pmi-decevants\\\/#breadcrumb\"},\"inLanguage\":\"fr-FR\",\"potentialAction\":[{\"@type\":\"ReadAction\",\"target\":[\"https:\\\/\\\/www.gold.fr\\\/news\\\/2016\\\/02\\\/23\\\/fed-bce-des-reactions-attendues-aux-pmi-decevants\\\/\"]}]},{\"@type\":\"ImageObject\",\"inLanguage\":\"fr-FR\",\"@id\":\"https:\\\/\\\/www.gold.fr\\\/news\\\/2016\\\/02\\\/23\\\/fed-bce-des-reactions-attendues-aux-pmi-decevants\\\/#primaryimage\",\"url\":\"https:\\\/\\\/www.gold.fr\\\/news\\\/wp-content\\\/uploads\\\/2016\\\/02\\\/europe-or-1.jpg\",\"contentUrl\":\"https:\\\/\\\/www.gold.fr\\\/news\\\/wp-content\\\/uploads\\\/2016\\\/02\\\/europe-or-1.jpg\",\"width\":600,\"height\":468,\"caption\":\"FED-BCE : Des r\u00e9actions attendues aux PMI d\u00e9cevants\"},{\"@type\":\"BreadcrumbList\",\"@id\":\"https:\\\/\\\/www.gold.fr\\\/news\\\/2016\\\/02\\\/23\\\/fed-bce-des-reactions-attendues-aux-pmi-decevants\\\/#breadcrumb\",\"itemListElement\":[{\"@type\":\"ListItem\",\"position\":1,\"name\":\"Accueil\",\"item\":\"https:\\\/\\\/www.gold.fr\\\/\"},{\"@type\":\"ListItem\",\"position\":2,\"name\":\"Actualit\u00e9s\",\"item\":\"https:\\\/\\\/www.gold.fr\\\/news\\\/\"},{\"@type\":\"ListItem\",\"position\":3,\"name\":\"FED-BCE : Des r\u00e9actions attendues aux PMI d\u00e9cevants\"}]},{\"@type\":\"WebSite\",\"@id\":\"https:\\\/\\\/www.gold.fr\\\/news\\\/#website\",\"url\":\"https:\\\/\\\/www.gold.fr\\\/news\\\/\",\"name\":\"Gold.fr\",\"description\":\"Actualit\u00e9s de l&#039;Or et des m\u00e9taux pr\u00e9cieux\",\"potentialAction\":[{\"@type\":\"SearchAction\",\"target\":{\"@type\":\"EntryPoint\",\"urlTemplate\":\"https:\\\/\\\/www.gold.fr\\\/news\\\/?s={search_term_string}\"},\"query-input\":{\"@type\":\"PropertyValueSpecification\",\"valueRequired\":true,\"valueName\":\"search_term_string\"}}],\"inLanguage\":\"fr-FR\"},{\"@type\":\"Person\",\"@id\":\"https:\\\/\\\/www.gold.fr\\\/news\\\/#\\\/schema\\\/person\\\/070491b4b4fb7671bf59b3be20302ce9\",\"name\":\"Comptoir National de l'Or\",\"image\":{\"@type\":\"ImageObject\",\"inLanguage\":\"fr-FR\",\"@id\":\"https:\\\/\\\/secure.gravatar.com\\\/avatar\\\/0a2867fd5abe37bed95d5a65e9d58f01756e11efc68af9888dfc50cfa7f65948?s=96&d=mm&r=gb490554db0a38188709de567aa58480d\",\"url\":\"https:\\\/\\\/secure.gravatar.com\\\/avatar\\\/0a2867fd5abe37bed95d5a65e9d58f01756e11efc68af9888dfc50cfa7f65948?s=96&d=mm&r=g\",\"contentUrl\":\"https:\\\/\\\/secure.gravatar.com\\\/avatar\\\/0a2867fd5abe37bed95d5a65e9d58f01756e11efc68af9888dfc50cfa7f65948?s=96&d=mm&r=g\",\"caption\":\"Comptoir National de l'Or\"},\"description\":\"Notre r\u00e9daction est constitu\u00e9e de membres experts dans les m\u00e9tiers de l'\u00e9conomie et la gestion, des Responsables d'agence Comptoir National de l'Or, des analystes financiers qui publient r\u00e9guli\u00e8rement des \u00e9tudes sur les politiques des banques centrales, le cours de l'or, prix de l'or, cours de l'argent, prix de l'argent, cours du platine, cours du palladium,... la situation en zone euro et l'impact de la strat\u00e9gie mon\u00e9taire de la FED. Notre \u00e9quipe scrute \u00e9galement une information plus g\u00e9n\u00e9raliste \u00e0 la recherche d'actualit\u00e9 \\\"p\u00e9pite\\\" \u00e0 vous partager. Depuis 5 ans, nous avons publi\u00e9 un peu plus de 4000 articles qui s'adressent \u00e0 un public large et vari\u00e9 ayant pour objectif de satisfaire votre curiosit\u00e9 et de partager avec vous une certaine fascination pour le m\u00e9tal jaune, le rachat d'or, et pour ceux qui veulent investir dans l'or, vendre leur or tout simplement en savoir plus... Pour tous vos achat or et argent, n'h\u00e9sitez pas \u00e0 prendre rendez-vous dans l'un de nos nombreux comptoirs.\",\"sameAs\":[\"https:\\\/\\\/www.gold.fr\"]}]}<\/script>\n<!-- \/ Yoast SEO plugin. -->","yoast_head_json":{"title":"FED-BCE : Des r\u00e9actions attendues aux PMI d\u00e9cevants - Gold.fr","robots":{"index":"index","follow":"follow","max-snippet":"max-snippet:-1","max-image-preview":"max-image-preview:large","max-video-preview":"max-video-preview:-1"},"canonical":"https:\/\/www.gold.fr\/news\/2016\/02\/23\/fed-bce-des-reactions-attendues-aux-pmi-decevants\/","og_locale":"fr_FR","og_type":"article","og_title":"FED-BCE : Des r\u00e9actions attendues aux PMI d\u00e9cevants - Gold.fr","og_description":"Les deux rives boursi\u00e8res et \u00e9conomiques de l&rsquo;Atlantique sont rarement autant en harmonie, en m\u00eame temps. Les march\u00e9s am\u00e9ricains et europ\u00e9ens ont vu ressortir leurs indices PMI respectifs en baisse aussi surprenante qu&rsquo;alarmante. De quoi provoquer [&hellip;]","og_url":"https:\/\/www.gold.fr\/news\/2016\/02\/23\/fed-bce-des-reactions-attendues-aux-pmi-decevants\/","og_site_name":"Gold.fr","article_publisher":"https:\/\/www.facebook.com\/Goldfr\/","article_published_time":"2016-02-23T16:00:13+00:00","article_modified_time":"2018-03-16T12:15:07+00:00","og_image":[{"width":600,"height":468,"url":"https:\/\/www.gold.fr\/news\/wp-content\/uploads\/2016\/02\/europe-or-1.jpg","type":"image\/jpeg"}],"author":"Comptoir National de l'Or","twitter_card":"summary_large_image","twitter_misc":{"\u00c9crit par":"Comptoir National de l'Or","Dur\u00e9e de lecture estim\u00e9e":"1 minute"},"schema":{"@context":"https:\/\/schema.org","@graph":[{"@type":"Article","@id":"https:\/\/www.gold.fr\/news\/2016\/02\/23\/fed-bce-des-reactions-attendues-aux-pmi-decevants\/#article","isPartOf":{"@id":"https:\/\/www.gold.fr\/news\/2016\/02\/23\/fed-bce-des-reactions-attendues-aux-pmi-decevants\/"},"author":{"name":"Comptoir National de l'Or","@id":"https:\/\/www.gold.fr\/news\/#\/schema\/person\/070491b4b4fb7671bf59b3be20302ce9"},"headline":"FED-BCE : Des r\u00e9actions attendues aux PMI d\u00e9cevants","datePublished":"2016-02-23T16:00:13+00:00","dateModified":"2018-03-16T12:15:07+00:00","mainEntityOfPage":{"@id":"https:\/\/www.gold.fr\/news\/2016\/02\/23\/fed-bce-des-reactions-attendues-aux-pmi-decevants\/"},"wordCount":287,"commentCount":0,"image":{"@id":"https:\/\/www.gold.fr\/news\/2016\/02\/23\/fed-bce-des-reactions-attendues-aux-pmi-decevants\/#primaryimage"},"thumbnailUrl":"https:\/\/www.gold.fr\/news\/wp-content\/uploads\/2016\/02\/europe-or-1.jpg","keywords":["bce","fed","PMI"],"articleSection":["Articles de presse"],"inLanguage":"fr-FR"},{"@type":"WebPage","@id":"https:\/\/www.gold.fr\/news\/2016\/02\/23\/fed-bce-des-reactions-attendues-aux-pmi-decevants\/","url":"https:\/\/www.gold.fr\/news\/2016\/02\/23\/fed-bce-des-reactions-attendues-aux-pmi-decevants\/","name":"FED-BCE : Des r\u00e9actions attendues aux PMI d\u00e9cevants - Gold.fr","isPartOf":{"@id":"https:\/\/www.gold.fr\/news\/#website"},"primaryImageOfPage":{"@id":"https:\/\/www.gold.fr\/news\/2016\/02\/23\/fed-bce-des-reactions-attendues-aux-pmi-decevants\/#primaryimage"},"image":{"@id":"https:\/\/www.gold.fr\/news\/2016\/02\/23\/fed-bce-des-reactions-attendues-aux-pmi-decevants\/#primaryimage"},"thumbnailUrl":"https:\/\/www.gold.fr\/news\/wp-content\/uploads\/2016\/02\/europe-or-1.jpg","datePublished":"2016-02-23T16:00:13+00:00","dateModified":"2018-03-16T12:15:07+00:00","author":{"@id":"https:\/\/www.gold.fr\/news\/#\/schema\/person\/070491b4b4fb7671bf59b3be20302ce9"},"breadcrumb":{"@id":"https:\/\/www.gold.fr\/news\/2016\/02\/23\/fed-bce-des-reactions-attendues-aux-pmi-decevants\/#breadcrumb"},"inLanguage":"fr-FR","potentialAction":[{"@type":"ReadAction","target":["https:\/\/www.gold.fr\/news\/2016\/02\/23\/fed-bce-des-reactions-attendues-aux-pmi-decevants\/"]}]},{"@type":"ImageObject","inLanguage":"fr-FR","@id":"https:\/\/www.gold.fr\/news\/2016\/02\/23\/fed-bce-des-reactions-attendues-aux-pmi-decevants\/#primaryimage","url":"https:\/\/www.gold.fr\/news\/wp-content\/uploads\/2016\/02\/europe-or-1.jpg","contentUrl":"https:\/\/www.gold.fr\/news\/wp-content\/uploads\/2016\/02\/europe-or-1.jpg","width":600,"height":468,"caption":"FED-BCE : Des r\u00e9actions attendues aux PMI d\u00e9cevants"},{"@type":"BreadcrumbList","@id":"https:\/\/www.gold.fr\/news\/2016\/02\/23\/fed-bce-des-reactions-attendues-aux-pmi-decevants\/#breadcrumb","itemListElement":[{"@type":"ListItem","position":1,"name":"Accueil","item":"https:\/\/www.gold.fr\/"},{"@type":"ListItem","position":2,"name":"Actualit\u00e9s","item":"https:\/\/www.gold.fr\/news\/"},{"@type":"ListItem","position":3,"name":"FED-BCE : Des r\u00e9actions attendues aux PMI d\u00e9cevants"}]},{"@type":"WebSite","@id":"https:\/\/www.gold.fr\/news\/#website","url":"https:\/\/www.gold.fr\/news\/","name":"Gold.fr","description":"Actualit\u00e9s de l&#039;Or et des m\u00e9taux pr\u00e9cieux","potentialAction":[{"@type":"SearchAction","target":{"@type":"EntryPoint","urlTemplate":"https:\/\/www.gold.fr\/news\/?s={search_term_string}"},"query-input":{"@type":"PropertyValueSpecification","valueRequired":true,"valueName":"search_term_string"}}],"inLanguage":"fr-FR"},{"@type":"Person","@id":"https:\/\/www.gold.fr\/news\/#\/schema\/person\/070491b4b4fb7671bf59b3be20302ce9","name":"Comptoir National de l'Or","image":{"@type":"ImageObject","inLanguage":"fr-FR","@id":"https:\/\/secure.gravatar.com\/avatar\/0a2867fd5abe37bed95d5a65e9d58f01756e11efc68af9888dfc50cfa7f65948?s=96&d=mm&r=gb490554db0a38188709de567aa58480d","url":"https:\/\/secure.gravatar.com\/avatar\/0a2867fd5abe37bed95d5a65e9d58f01756e11efc68af9888dfc50cfa7f65948?s=96&d=mm&r=g","contentUrl":"https:\/\/secure.gravatar.com\/avatar\/0a2867fd5abe37bed95d5a65e9d58f01756e11efc68af9888dfc50cfa7f65948?s=96&d=mm&r=g","caption":"Comptoir National de l'Or"},"description":"Notre r\u00e9daction est constitu\u00e9e de membres experts dans les m\u00e9tiers de l'\u00e9conomie et la gestion, des Responsables d'agence Comptoir National de l'Or, des analystes financiers qui publient r\u00e9guli\u00e8rement des \u00e9tudes sur les politiques des banques centrales, le cours de l'or, prix de l'or, cours de l'argent, prix de l'argent, cours du platine, cours du palladium,... la situation en zone euro et l'impact de la strat\u00e9gie mon\u00e9taire de la FED. Notre \u00e9quipe scrute \u00e9galement une information plus g\u00e9n\u00e9raliste \u00e0 la recherche d'actualit\u00e9 \"p\u00e9pite\" \u00e0 vous partager. Depuis 5 ans, nous avons publi\u00e9 un peu plus de 4000 articles qui s'adressent \u00e0 un public large et vari\u00e9 ayant pour objectif de satisfaire votre curiosit\u00e9 et de partager avec vous une certaine fascination pour le m\u00e9tal jaune, le rachat d'or, et pour ceux qui veulent investir dans l'or, vendre leur or tout simplement en savoir plus... Pour tous vos achat or et argent, n'h\u00e9sitez pas \u00e0 prendre rendez-vous dans l'un de nos nombreux comptoirs.","sameAs":["https:\/\/www.gold.fr"]}]}},"authors":[{"term_id":2565,"user_id":18,"is_guest":0,"slug":"julie","display_name":"Comptoir National de l'Or","avatar_url":"https:\/\/secure.gravatar.com\/avatar\/713f289e398d35ead876c4a4cc08607f0d6d266058cfc25683fffb6092d0e572?s=96&d=mm&r=g","0":null,"1":"","2":"","3":"","4":"","5":"","6":"","7":"","8":""}],"_links":{"self":[{"href":"https:\/\/www.gold.fr\/news\/wp-json\/wp\/v2\/posts\/18854","targetHints":{"allow":["GET"]}}],"collection":[{"href":"https:\/\/www.gold.fr\/news\/wp-json\/wp\/v2\/posts"}],"about":[{"href":"https:\/\/www.gold.fr\/news\/wp-json\/wp\/v2\/types\/post"}],"author":[{"embeddable":true,"href":"https:\/\/www.gold.fr\/news\/wp-json\/wp\/v2\/users\/18"}],"replies":[{"embeddable":true,"href":"https:\/\/www.gold.fr\/news\/wp-json\/wp\/v2\/comments?post=18854"}],"version-history":[{"count":0,"href":"https:\/\/www.gold.fr\/news\/wp-json\/wp\/v2\/posts\/18854\/revisions"}],"wp:featuredmedia":[{"embeddable":true,"href":"https:\/\/www.gold.fr\/news\/wp-json\/wp\/v2\/media\/31708"}],"wp:attachment":[{"href":"https:\/\/www.gold.fr\/news\/wp-json\/wp\/v2\/media?parent=18854"}],"wp:term":[{"taxonomy":"category","embeddable":true,"href":"https:\/\/www.gold.fr\/news\/wp-json\/wp\/v2\/categories?post=18854"},{"taxonomy":"post_tag","embeddable":true,"href":"https:\/\/www.gold.fr\/news\/wp-json\/wp\/v2\/tags?post=18854"},{"taxonomy":"author","embeddable":true,"href":"https:\/\/www.gold.fr\/news\/wp-json\/wp\/v2\/ppma_author?post=18854"}],"curies":[{"name":"wp","href":"https:\/\/api.w.org\/{rel}","templated":true}]}}