{"id":18831,"date":"2016-02-18T17:00:16","date_gmt":"2016-02-18T16:00:16","guid":{"rendered":"https:\/\/www.gold.fr\/news\/?p=18831"},"modified":"2018-06-25T14:33:17","modified_gmt":"2018-06-25T12:33:17","slug":"marches-les-minutes-fed-dans-le-collimateur","status":"publish","type":"post","link":"https:\/\/www.gold.fr\/news\/2016\/02\/18\/marches-les-minutes-fed-dans-le-collimateur\/","title":{"rendered":"March\u00e9s : Les \u2018minutes\u2019 FED dans le collimateur"},"content":{"rendered":"<p><span style=\"font-size: small;\"><img loading=\"lazy\" decoding=\"async\" class=\"alignleft wp-image-31687 size-thumbnail\" title=\"March\u00e9s : Les \u2018minutes\u2019 FED dans le collimateur\" src=\"https:\/\/www.gold.fr\/news\/wp-content\/uploads\/2016\/02\/monde-or-150x150.jpg\" alt=\"March\u00e9s : Les \u2018minutes\u2019 FED dans le collimateur\" width=\"150\" height=\"150\" \/>Jusqu\u2019ici, la semaine s\u2019est d\u00e9roul\u00e9e dans une ambiance plut\u00f4t favorable et accommodante pour les march\u00e9s, du coup, les regards des op\u00e9rateurs et observateurs se tournent unanimement vers les minutes de la derni\u00e8re r\u00e9union du comit\u00e9 de direction de la politique mon\u00e9taire de la r\u00e9serve f\u00e9d\u00e9rale am\u00e9ricaine. <\/span><span style=\"font-size: small;\">Les march\u00e9s esp\u00e8rent d\u00e9celer, dans ces premi\u00e8res \u2018<em>minutes<\/em>\u2019, la future strat\u00e9gie de l\u2019institution, dans un contexte domin\u00e9 par la nervosit\u00e9 et la crainte de voir la <strong>FED<\/strong> imposer un nouveau tour de vis \u00e0 la politique mon\u00e9taire du pays.<\/span>    <span style=\"font-size: small;\">Chez <strong>Barclays Bourse<\/strong>, on confirme d\u2019ailleurs cet attentisme, soulignant que \u00ab<em> les investisseurs scruteront (\u2026) le compte rendu de la derni\u00e8re r\u00e9union de politique mon\u00e9taire de la R\u00e9serve f\u00e9d\u00e9rale (\u2026) \u00e0 la recherche d&rsquo;indices sur le calendrier des hausses de taux aux Etats-Unis<\/em> \u00bb. <\/span>    <span style=\"font-size: small;\">De leur c\u00f4t\u00e9, les experts d\u2019ADS Securities tablent essentiellement sur l\u2019aptitude potentielle de ce facteur majeur \u2013entre autres, cette semaine- \u00e0 att\u00e9nuer la tension des op\u00e9rateurs. L\u2019\u00e9quipe d\u2019analystes estime en effet que \u00ab<em> la r\u00e9union sur le p\u00e9trole (mardi) et les minutes de la r\u00e9serve f\u00e9d\u00e9rale am\u00e9ricaine (mercredi soir) pourraient constituer des \u00e9v\u00e9nements significatifs et peut-\u00eatre aider \u00e0 stabiliser les march\u00e9s<\/em> \u00bb, rappelant \u00e9galement que \u00ab <em>l&rsquo;accord trouv\u00e9 par les membres de l&rsquo;OPEP sur le gel de la production est moins important que le fait que ces pays travaillent d\u00e9sormais ensemble pour soutenir les prix p\u00e9troliers<\/em> \u00bb.<\/span>    <span style=\"font-size: small;\">Dans l\u2019ensemble, la communaut\u00e9 experte pr\u00e9voit de voir la <strong>FED<\/strong> faire afficher, dans les mois \u00e0 venir, un discours et une attitude plus accommodants que ses d\u00e9cisions annonc\u00e9es en d\u00e9cembre dernier.<\/span><\/p>\n<!-- AddThis Advanced Settings generic via filter on the_content --><!-- AddThis Share Buttons generic via filter on the_content -->","protected":false},"excerpt":{"rendered":"<p>Jusqu\u2019ici, la semaine s\u2019est d\u00e9roul\u00e9e dans une ambiance plut\u00f4t favorable et accommodante pour les march\u00e9s, du coup, les regards des op\u00e9rateurs et observateurs se tournent unanimement vers les minutes de la derni\u00e8re r\u00e9union du comit\u00e9 de [&hellip;]<\/p>\n","protected":false},"author":18,"featured_media":31687,"comment_status":"open","ping_status":"open","sticky":false,"template":"","format":"standard","meta":{"_mbp_gutenberg_autopost":false,"_pgmb_is_evergreen":false,"_pgmb_ap_template_id":0,"footnotes":""},"categories":[6],"tags":[144,1649],"ppma_author":[2565],"class_list":["post-18831","post","type-post","status-publish","format-standard","has-post-thumbnail","hentry","category-articles-de-presse","tag-fed","tag-marches"],"yoast_head":"<!-- This site is optimized with the Yoast SEO plugin v27.5 - https:\/\/yoast.com\/product\/yoast-seo-wordpress\/ -->\n<title>March\u00e9s : Les \u2018minutes\u2019 FED dans le collimateur - Gold.fr<\/title>\n<meta name=\"robots\" content=\"index, follow, max-snippet:-1, max-image-preview:large, max-video-preview:-1\" \/>\n<link rel=\"canonical\" href=\"https:\/\/www.gold.fr\/news\/2016\/02\/18\/marches-les-minutes-fed-dans-le-collimateur\/\" \/>\n<meta property=\"og:locale\" content=\"fr_FR\" \/>\n<meta property=\"og:type\" content=\"article\" \/>\n<meta property=\"og:title\" content=\"March\u00e9s : Les \u2018minutes\u2019 FED dans le collimateur - Gold.fr\" \/>\n<meta property=\"og:description\" content=\"Jusqu\u2019ici, la semaine s\u2019est d\u00e9roul\u00e9e dans une ambiance plut\u00f4t favorable et accommodante pour les march\u00e9s, du coup, les regards des op\u00e9rateurs et observateurs se tournent unanimement vers les minutes de la derni\u00e8re r\u00e9union du comit\u00e9 de [&hellip;]\" \/>\n<meta property=\"og:url\" content=\"https:\/\/www.gold.fr\/news\/2016\/02\/18\/marches-les-minutes-fed-dans-le-collimateur\/\" \/>\n<meta property=\"og:site_name\" content=\"Gold.fr\" \/>\n<meta property=\"article:publisher\" content=\"https:\/\/www.facebook.com\/Goldfr\/\" \/>\n<meta property=\"article:published_time\" content=\"2016-02-18T16:00:16+00:00\" \/>\n<meta property=\"article:modified_time\" content=\"2018-06-25T12:33:17+00:00\" \/>\n<meta property=\"og:image\" content=\"https:\/\/www.gold.fr\/news\/wp-content\/uploads\/2016\/02\/monde-or.jpg\" \/>\n\t<meta property=\"og:image:width\" content=\"600\" \/>\n\t<meta property=\"og:image:height\" content=\"400\" \/>\n\t<meta property=\"og:image:type\" content=\"image\/jpeg\" \/>\n<meta name=\"author\" content=\"Comptoir National de l&#039;Or\" \/>\n<meta name=\"twitter:card\" content=\"summary_large_image\" \/>\n<meta name=\"twitter:label1\" content=\"\u00c9crit par\" \/>\n\t<meta name=\"twitter:data1\" content=\"Comptoir National de l&#039;Or\" \/>\n\t<meta name=\"twitter:label2\" content=\"Dur\u00e9e de lecture estim\u00e9e\" \/>\n\t<meta name=\"twitter:data2\" content=\"1 minute\" \/>\n<script type=\"application\/ld+json\" class=\"yoast-schema-graph\">{\"@context\":\"https:\\\/\\\/schema.org\",\"@graph\":[{\"@type\":\"Article\",\"@id\":\"https:\\\/\\\/www.gold.fr\\\/news\\\/2016\\\/02\\\/18\\\/marches-les-minutes-fed-dans-le-collimateur\\\/#article\",\"isPartOf\":{\"@id\":\"https:\\\/\\\/www.gold.fr\\\/news\\\/2016\\\/02\\\/18\\\/marches-les-minutes-fed-dans-le-collimateur\\\/\"},\"author\":{\"name\":\"Comptoir National de l'Or\",\"@id\":\"https:\\\/\\\/www.gold.fr\\\/news\\\/#\\\/schema\\\/person\\\/070491b4b4fb7671bf59b3be20302ce9\"},\"headline\":\"March\u00e9s : Les \u2018minutes\u2019 FED dans le collimateur\",\"datePublished\":\"2016-02-18T16:00:16+00:00\",\"dateModified\":\"2018-06-25T12:33:17+00:00\",\"mainEntityOfPage\":{\"@id\":\"https:\\\/\\\/www.gold.fr\\\/news\\\/2016\\\/02\\\/18\\\/marches-les-minutes-fed-dans-le-collimateur\\\/\"},\"wordCount\":306,\"commentCount\":0,\"image\":{\"@id\":\"https:\\\/\\\/www.gold.fr\\\/news\\\/2016\\\/02\\\/18\\\/marches-les-minutes-fed-dans-le-collimateur\\\/#primaryimage\"},\"thumbnailUrl\":\"https:\\\/\\\/www.gold.fr\\\/news\\\/wp-content\\\/uploads\\\/2016\\\/02\\\/monde-or.jpg\",\"keywords\":[\"fed\",\"march\u00e9s\"],\"articleSection\":[\"Articles de presse\"],\"inLanguage\":\"fr-FR\"},{\"@type\":\"WebPage\",\"@id\":\"https:\\\/\\\/www.gold.fr\\\/news\\\/2016\\\/02\\\/18\\\/marches-les-minutes-fed-dans-le-collimateur\\\/\",\"url\":\"https:\\\/\\\/www.gold.fr\\\/news\\\/2016\\\/02\\\/18\\\/marches-les-minutes-fed-dans-le-collimateur\\\/\",\"name\":\"March\u00e9s : Les \u2018minutes\u2019 FED dans le collimateur - Gold.fr\",\"isPartOf\":{\"@id\":\"https:\\\/\\\/www.gold.fr\\\/news\\\/#website\"},\"primaryImageOfPage\":{\"@id\":\"https:\\\/\\\/www.gold.fr\\\/news\\\/2016\\\/02\\\/18\\\/marches-les-minutes-fed-dans-le-collimateur\\\/#primaryimage\"},\"image\":{\"@id\":\"https:\\\/\\\/www.gold.fr\\\/news\\\/2016\\\/02\\\/18\\\/marches-les-minutes-fed-dans-le-collimateur\\\/#primaryimage\"},\"thumbnailUrl\":\"https:\\\/\\\/www.gold.fr\\\/news\\\/wp-content\\\/uploads\\\/2016\\\/02\\\/monde-or.jpg\",\"datePublished\":\"2016-02-18T16:00:16+00:00\",\"dateModified\":\"2018-06-25T12:33:17+00:00\",\"author\":{\"@id\":\"https:\\\/\\\/www.gold.fr\\\/news\\\/#\\\/schema\\\/person\\\/070491b4b4fb7671bf59b3be20302ce9\"},\"breadcrumb\":{\"@id\":\"https:\\\/\\\/www.gold.fr\\\/news\\\/2016\\\/02\\\/18\\\/marches-les-minutes-fed-dans-le-collimateur\\\/#breadcrumb\"},\"inLanguage\":\"fr-FR\",\"potentialAction\":[{\"@type\":\"ReadAction\",\"target\":[\"https:\\\/\\\/www.gold.fr\\\/news\\\/2016\\\/02\\\/18\\\/marches-les-minutes-fed-dans-le-collimateur\\\/\"]}]},{\"@type\":\"ImageObject\",\"inLanguage\":\"fr-FR\",\"@id\":\"https:\\\/\\\/www.gold.fr\\\/news\\\/2016\\\/02\\\/18\\\/marches-les-minutes-fed-dans-le-collimateur\\\/#primaryimage\",\"url\":\"https:\\\/\\\/www.gold.fr\\\/news\\\/wp-content\\\/uploads\\\/2016\\\/02\\\/monde-or.jpg\",\"contentUrl\":\"https:\\\/\\\/www.gold.fr\\\/news\\\/wp-content\\\/uploads\\\/2016\\\/02\\\/monde-or.jpg\",\"width\":600,\"height\":400,\"caption\":\"March\u00e9s : Une tentative de redressement\"},{\"@type\":\"BreadcrumbList\",\"@id\":\"https:\\\/\\\/www.gold.fr\\\/news\\\/2016\\\/02\\\/18\\\/marches-les-minutes-fed-dans-le-collimateur\\\/#breadcrumb\",\"itemListElement\":[{\"@type\":\"ListItem\",\"position\":1,\"name\":\"Accueil\",\"item\":\"https:\\\/\\\/www.gold.fr\\\/\"},{\"@type\":\"ListItem\",\"position\":2,\"name\":\"Actualit\u00e9s\",\"item\":\"https:\\\/\\\/www.gold.fr\\\/news\\\/\"},{\"@type\":\"ListItem\",\"position\":3,\"name\":\"March\u00e9s : Les \u2018minutes\u2019 FED dans le collimateur\"}]},{\"@type\":\"WebSite\",\"@id\":\"https:\\\/\\\/www.gold.fr\\\/news\\\/#website\",\"url\":\"https:\\\/\\\/www.gold.fr\\\/news\\\/\",\"name\":\"Gold.fr\",\"description\":\"Actualit\u00e9s de l&#039;Or et des m\u00e9taux pr\u00e9cieux\",\"potentialAction\":[{\"@type\":\"SearchAction\",\"target\":{\"@type\":\"EntryPoint\",\"urlTemplate\":\"https:\\\/\\\/www.gold.fr\\\/news\\\/?s={search_term_string}\"},\"query-input\":{\"@type\":\"PropertyValueSpecification\",\"valueRequired\":true,\"valueName\":\"search_term_string\"}}],\"inLanguage\":\"fr-FR\"},{\"@type\":\"Person\",\"@id\":\"https:\\\/\\\/www.gold.fr\\\/news\\\/#\\\/schema\\\/person\\\/070491b4b4fb7671bf59b3be20302ce9\",\"name\":\"Comptoir National de l'Or\",\"image\":{\"@type\":\"ImageObject\",\"inLanguage\":\"fr-FR\",\"@id\":\"https:\\\/\\\/secure.gravatar.com\\\/avatar\\\/0a2867fd5abe37bed95d5a65e9d58f01756e11efc68af9888dfc50cfa7f65948?s=96&d=mm&r=gb490554db0a38188709de567aa58480d\",\"url\":\"https:\\\/\\\/secure.gravatar.com\\\/avatar\\\/0a2867fd5abe37bed95d5a65e9d58f01756e11efc68af9888dfc50cfa7f65948?s=96&d=mm&r=g\",\"contentUrl\":\"https:\\\/\\\/secure.gravatar.com\\\/avatar\\\/0a2867fd5abe37bed95d5a65e9d58f01756e11efc68af9888dfc50cfa7f65948?s=96&d=mm&r=g\",\"caption\":\"Comptoir National de l'Or\"},\"description\":\"Notre r\u00e9daction est constitu\u00e9e de membres experts dans les m\u00e9tiers de l'\u00e9conomie et la gestion, des Responsables d'agence Comptoir National de l'Or, des analystes financiers qui publient r\u00e9guli\u00e8rement des \u00e9tudes sur les politiques des banques centrales, le cours de l'or, prix de l'or, cours de l'argent, prix de l'argent, cours du platine, cours du palladium,... la situation en zone euro et l'impact de la strat\u00e9gie mon\u00e9taire de la FED. Notre \u00e9quipe scrute \u00e9galement une information plus g\u00e9n\u00e9raliste \u00e0 la recherche d'actualit\u00e9 \\\"p\u00e9pite\\\" \u00e0 vous partager. Depuis 5 ans, nous avons publi\u00e9 un peu plus de 4000 articles qui s'adressent \u00e0 un public large et vari\u00e9 ayant pour objectif de satisfaire votre curiosit\u00e9 et de partager avec vous une certaine fascination pour le m\u00e9tal jaune, le rachat d'or, et pour ceux qui veulent investir dans l'or, vendre leur or tout simplement en savoir plus... Pour tous vos achat or et argent, n'h\u00e9sitez pas \u00e0 prendre rendez-vous dans l'un de nos nombreux comptoirs.\",\"sameAs\":[\"https:\\\/\\\/www.gold.fr\"]}]}<\/script>\n<!-- \/ Yoast SEO plugin. -->","yoast_head_json":{"title":"March\u00e9s : Les \u2018minutes\u2019 FED dans le collimateur - Gold.fr","robots":{"index":"index","follow":"follow","max-snippet":"max-snippet:-1","max-image-preview":"max-image-preview:large","max-video-preview":"max-video-preview:-1"},"canonical":"https:\/\/www.gold.fr\/news\/2016\/02\/18\/marches-les-minutes-fed-dans-le-collimateur\/","og_locale":"fr_FR","og_type":"article","og_title":"March\u00e9s : Les \u2018minutes\u2019 FED dans le collimateur - Gold.fr","og_description":"Jusqu\u2019ici, la semaine s\u2019est d\u00e9roul\u00e9e dans une ambiance plut\u00f4t favorable et accommodante pour les march\u00e9s, du coup, les regards des op\u00e9rateurs et observateurs se tournent unanimement vers les minutes de la derni\u00e8re r\u00e9union du comit\u00e9 de [&hellip;]","og_url":"https:\/\/www.gold.fr\/news\/2016\/02\/18\/marches-les-minutes-fed-dans-le-collimateur\/","og_site_name":"Gold.fr","article_publisher":"https:\/\/www.facebook.com\/Goldfr\/","article_published_time":"2016-02-18T16:00:16+00:00","article_modified_time":"2018-06-25T12:33:17+00:00","og_image":[{"width":600,"height":400,"url":"https:\/\/www.gold.fr\/news\/wp-content\/uploads\/2016\/02\/monde-or.jpg","type":"image\/jpeg"}],"author":"Comptoir National de l'Or","twitter_card":"summary_large_image","twitter_misc":{"\u00c9crit par":"Comptoir National de l'Or","Dur\u00e9e de lecture estim\u00e9e":"1 minute"},"schema":{"@context":"https:\/\/schema.org","@graph":[{"@type":"Article","@id":"https:\/\/www.gold.fr\/news\/2016\/02\/18\/marches-les-minutes-fed-dans-le-collimateur\/#article","isPartOf":{"@id":"https:\/\/www.gold.fr\/news\/2016\/02\/18\/marches-les-minutes-fed-dans-le-collimateur\/"},"author":{"name":"Comptoir National de l'Or","@id":"https:\/\/www.gold.fr\/news\/#\/schema\/person\/070491b4b4fb7671bf59b3be20302ce9"},"headline":"March\u00e9s : Les \u2018minutes\u2019 FED dans le collimateur","datePublished":"2016-02-18T16:00:16+00:00","dateModified":"2018-06-25T12:33:17+00:00","mainEntityOfPage":{"@id":"https:\/\/www.gold.fr\/news\/2016\/02\/18\/marches-les-minutes-fed-dans-le-collimateur\/"},"wordCount":306,"commentCount":0,"image":{"@id":"https:\/\/www.gold.fr\/news\/2016\/02\/18\/marches-les-minutes-fed-dans-le-collimateur\/#primaryimage"},"thumbnailUrl":"https:\/\/www.gold.fr\/news\/wp-content\/uploads\/2016\/02\/monde-or.jpg","keywords":["fed","march\u00e9s"],"articleSection":["Articles de presse"],"inLanguage":"fr-FR"},{"@type":"WebPage","@id":"https:\/\/www.gold.fr\/news\/2016\/02\/18\/marches-les-minutes-fed-dans-le-collimateur\/","url":"https:\/\/www.gold.fr\/news\/2016\/02\/18\/marches-les-minutes-fed-dans-le-collimateur\/","name":"March\u00e9s : Les \u2018minutes\u2019 FED dans le collimateur - Gold.fr","isPartOf":{"@id":"https:\/\/www.gold.fr\/news\/#website"},"primaryImageOfPage":{"@id":"https:\/\/www.gold.fr\/news\/2016\/02\/18\/marches-les-minutes-fed-dans-le-collimateur\/#primaryimage"},"image":{"@id":"https:\/\/www.gold.fr\/news\/2016\/02\/18\/marches-les-minutes-fed-dans-le-collimateur\/#primaryimage"},"thumbnailUrl":"https:\/\/www.gold.fr\/news\/wp-content\/uploads\/2016\/02\/monde-or.jpg","datePublished":"2016-02-18T16:00:16+00:00","dateModified":"2018-06-25T12:33:17+00:00","author":{"@id":"https:\/\/www.gold.fr\/news\/#\/schema\/person\/070491b4b4fb7671bf59b3be20302ce9"},"breadcrumb":{"@id":"https:\/\/www.gold.fr\/news\/2016\/02\/18\/marches-les-minutes-fed-dans-le-collimateur\/#breadcrumb"},"inLanguage":"fr-FR","potentialAction":[{"@type":"ReadAction","target":["https:\/\/www.gold.fr\/news\/2016\/02\/18\/marches-les-minutes-fed-dans-le-collimateur\/"]}]},{"@type":"ImageObject","inLanguage":"fr-FR","@id":"https:\/\/www.gold.fr\/news\/2016\/02\/18\/marches-les-minutes-fed-dans-le-collimateur\/#primaryimage","url":"https:\/\/www.gold.fr\/news\/wp-content\/uploads\/2016\/02\/monde-or.jpg","contentUrl":"https:\/\/www.gold.fr\/news\/wp-content\/uploads\/2016\/02\/monde-or.jpg","width":600,"height":400,"caption":"March\u00e9s : Une tentative de redressement"},{"@type":"BreadcrumbList","@id":"https:\/\/www.gold.fr\/news\/2016\/02\/18\/marches-les-minutes-fed-dans-le-collimateur\/#breadcrumb","itemListElement":[{"@type":"ListItem","position":1,"name":"Accueil","item":"https:\/\/www.gold.fr\/"},{"@type":"ListItem","position":2,"name":"Actualit\u00e9s","item":"https:\/\/www.gold.fr\/news\/"},{"@type":"ListItem","position":3,"name":"March\u00e9s : Les \u2018minutes\u2019 FED dans le collimateur"}]},{"@type":"WebSite","@id":"https:\/\/www.gold.fr\/news\/#website","url":"https:\/\/www.gold.fr\/news\/","name":"Gold.fr","description":"Actualit\u00e9s de l&#039;Or et des m\u00e9taux pr\u00e9cieux","potentialAction":[{"@type":"SearchAction","target":{"@type":"EntryPoint","urlTemplate":"https:\/\/www.gold.fr\/news\/?s={search_term_string}"},"query-input":{"@type":"PropertyValueSpecification","valueRequired":true,"valueName":"search_term_string"}}],"inLanguage":"fr-FR"},{"@type":"Person","@id":"https:\/\/www.gold.fr\/news\/#\/schema\/person\/070491b4b4fb7671bf59b3be20302ce9","name":"Comptoir National de l'Or","image":{"@type":"ImageObject","inLanguage":"fr-FR","@id":"https:\/\/secure.gravatar.com\/avatar\/0a2867fd5abe37bed95d5a65e9d58f01756e11efc68af9888dfc50cfa7f65948?s=96&d=mm&r=gb490554db0a38188709de567aa58480d","url":"https:\/\/secure.gravatar.com\/avatar\/0a2867fd5abe37bed95d5a65e9d58f01756e11efc68af9888dfc50cfa7f65948?s=96&d=mm&r=g","contentUrl":"https:\/\/secure.gravatar.com\/avatar\/0a2867fd5abe37bed95d5a65e9d58f01756e11efc68af9888dfc50cfa7f65948?s=96&d=mm&r=g","caption":"Comptoir National de l'Or"},"description":"Notre r\u00e9daction est constitu\u00e9e de membres experts dans les m\u00e9tiers de l'\u00e9conomie et la gestion, des Responsables d'agence Comptoir National de l'Or, des analystes financiers qui publient r\u00e9guli\u00e8rement des \u00e9tudes sur les politiques des banques centrales, le cours de l'or, prix de l'or, cours de l'argent, prix de l'argent, cours du platine, cours du palladium,... la situation en zone euro et l'impact de la strat\u00e9gie mon\u00e9taire de la FED. Notre \u00e9quipe scrute \u00e9galement une information plus g\u00e9n\u00e9raliste \u00e0 la recherche d'actualit\u00e9 \"p\u00e9pite\" \u00e0 vous partager. Depuis 5 ans, nous avons publi\u00e9 un peu plus de 4000 articles qui s'adressent \u00e0 un public large et vari\u00e9 ayant pour objectif de satisfaire votre curiosit\u00e9 et de partager avec vous une certaine fascination pour le m\u00e9tal jaune, le rachat d'or, et pour ceux qui veulent investir dans l'or, vendre leur or tout simplement en savoir plus... Pour tous vos achat or et argent, n'h\u00e9sitez pas \u00e0 prendre rendez-vous dans l'un de nos nombreux comptoirs.","sameAs":["https:\/\/www.gold.fr"]}]}},"authors":[{"term_id":2565,"user_id":18,"is_guest":0,"slug":"julie","display_name":"Comptoir National de l'Or","avatar_url":"https:\/\/secure.gravatar.com\/avatar\/713f289e398d35ead876c4a4cc08607f0d6d266058cfc25683fffb6092d0e572?s=96&d=mm&r=g","0":null,"1":"","2":"","3":"","4":"","5":"","6":"","7":"","8":""}],"_links":{"self":[{"href":"https:\/\/www.gold.fr\/news\/wp-json\/wp\/v2\/posts\/18831","targetHints":{"allow":["GET"]}}],"collection":[{"href":"https:\/\/www.gold.fr\/news\/wp-json\/wp\/v2\/posts"}],"about":[{"href":"https:\/\/www.gold.fr\/news\/wp-json\/wp\/v2\/types\/post"}],"author":[{"embeddable":true,"href":"https:\/\/www.gold.fr\/news\/wp-json\/wp\/v2\/users\/18"}],"replies":[{"embeddable":true,"href":"https:\/\/www.gold.fr\/news\/wp-json\/wp\/v2\/comments?post=18831"}],"version-history":[{"count":0,"href":"https:\/\/www.gold.fr\/news\/wp-json\/wp\/v2\/posts\/18831\/revisions"}],"wp:featuredmedia":[{"embeddable":true,"href":"https:\/\/www.gold.fr\/news\/wp-json\/wp\/v2\/media\/31687"}],"wp:attachment":[{"href":"https:\/\/www.gold.fr\/news\/wp-json\/wp\/v2\/media?parent=18831"}],"wp:term":[{"taxonomy":"category","embeddable":true,"href":"https:\/\/www.gold.fr\/news\/wp-json\/wp\/v2\/categories?post=18831"},{"taxonomy":"post_tag","embeddable":true,"href":"https:\/\/www.gold.fr\/news\/wp-json\/wp\/v2\/tags?post=18831"},{"taxonomy":"author","embeddable":true,"href":"https:\/\/www.gold.fr\/news\/wp-json\/wp\/v2\/ppma_author?post=18831"}],"curies":[{"name":"wp","href":"https:\/\/api.w.org\/{rel}","templated":true}]}}