{"id":18815,"date":"2016-02-16T17:00:48","date_gmt":"2016-02-16T16:00:48","guid":{"rendered":"https:\/\/www.gold.fr\/news\/?p=18815"},"modified":"2018-06-25T14:33:20","modified_gmt":"2018-06-25T12:33:20","slug":"marches-draghi-encore-a-la-rescousse","status":"publish","type":"post","link":"https:\/\/www.gold.fr\/news\/2016\/02\/16\/marches-draghi-encore-a-la-rescousse\/","title":{"rendered":"March\u00e9s : Draghi encore \u00e0 la rescousse"},"content":{"rendered":"<p><span style=\"font-size: small;\"><img loading=\"lazy\" decoding=\"async\" class=\"alignleft wp-image-8085 size-thumbnail\" title=\"March\u00e9s : Draghi encore \u00e0 la rescousse\" src=\"https:\/\/www.gold.fr\/news\/wp-content\/uploads\/2012\/06\/demande-mondiale-150x150.jpg\" alt=\"March\u00e9s : Draghi encore \u00e0 la rescousse\" width=\"150\" height=\"150\" \/>La semaine avait pourtant commenc\u00e9 du mauvais pied pour les march\u00e9s financiers, grandement plomb\u00e9s non seulement par la derni\u00e8re s\u00e9rie noire de statistiques macro\u00e9conomiques am\u00e9ricaines, mais \u00e9galement par les mauvaises nouvelles en provenance de la rive asiatique (chute de <strong>-11,2%<\/strong> des exportations japonaises et de <strong>-18%<\/strong> des importations). <\/span>    <span style=\"font-size: small;\">Toutefois, il \u00e9tait naturel du coup de voir les principales banques centrales r\u00e9agir \u00e0 une situation financi\u00e8re et boursi\u00e8re globale \u00e0 la d\u00e9rive. Et la BCE semble \u00eatre la premi\u00e8re \u00e0 prendre l\u2019initiative de rassurer les march\u00e9s.<\/span> <span style=\"font-size: small;\">Le pr\u00e9sident de la banque centrale europ\u00e9enne a en effet profit\u00e9 de son passage devant la commission des Affaires \u00e9conomiques et mon\u00e9taires de Bruxelles pour r\u00e9affirmer la position ultra-accommodante de son institution, assurant qu\u2019elle \u00ab <em>assouplira autant que n\u00e9cessaire sa politique mon\u00e9taire d\u00e9but mars et lors de prochaines r\u00e9unions<\/em> \u00bb.<\/span>    <span style=\"font-size: small;\"><strong>Draghi<\/strong> a \u00e9galement \u00e9voqu\u00e9 la vague de pessimisme qui traverse les march\u00e9s, depuis la fin de l\u2019ann\u00e9e derni\u00e8re, notant particuli\u00e8rement une \u00ab <em>d\u00e9gradation g\u00e9n\u00e9rale du sentiment du march\u00e9<\/em> \u00bb qui a pour effet de secouer le secteur du cr\u00e9dit dans la <strong>zone euro<\/strong>.<\/span> <span style=\"font-size: small;\">Bien que ce discours accommodant ait r\u00e9ussi, pour l\u2019heure, \u00e0 rassurer les march\u00e9s et att\u00e9nuer la tension persistante des derni\u00e8res semaines, il est attendu que la pression baissi\u00e8re s\u2019impose \u00e0 nouveau au sein des march\u00e9s, dans la mesure o\u00f9 les mesures r\u00e9guli\u00e8rement annonc\u00e9es par les banques centrales peinent de plus en plus \u00e0 r\u00e9soudre les crises \u00e9conomiques r\u00e9p\u00e9titives, depuis deux ann\u00e9es.<\/span><\/p>\n<!-- AddThis Advanced Settings generic via filter on the_content --><!-- AddThis Share Buttons generic via filter on the_content -->","protected":false},"excerpt":{"rendered":"<p>La semaine avait pourtant commenc\u00e9 du mauvais pied pour les march\u00e9s financiers, grandement plomb\u00e9s non seulement par la derni\u00e8re s\u00e9rie noire de statistiques macro\u00e9conomiques am\u00e9ricaines, mais \u00e9galement par les mauvaises nouvelles en provenance de la rive [&hellip;]<\/p>\n","protected":false},"author":18,"featured_media":31680,"comment_status":"open","ping_status":"open","sticky":false,"template":"","format":"standard","meta":{"_mbp_gutenberg_autopost":false,"_pgmb_is_evergreen":false,"_pgmb_ap_template_id":0,"footnotes":""},"categories":[6],"tags":[1897,1649,126],"ppma_author":[2565],"class_list":["post-18815","post","type-post","status-publish","format-standard","has-post-thumbnail","hentry","category-articles-de-presse","tag-draghi","tag-marches","tag-zone-euro"],"yoast_head":"<!-- This site is optimized with the Yoast SEO plugin v27.5 - https:\/\/yoast.com\/product\/yoast-seo-wordpress\/ -->\n<title>March\u00e9s : Draghi encore \u00e0 la rescousse - Gold.fr<\/title>\n<meta name=\"robots\" content=\"index, follow, max-snippet:-1, max-image-preview:large, max-video-preview:-1\" \/>\n<link rel=\"canonical\" href=\"https:\/\/www.gold.fr\/news\/2016\/02\/16\/marches-draghi-encore-a-la-rescousse\/\" \/>\n<meta property=\"og:locale\" content=\"fr_FR\" \/>\n<meta property=\"og:type\" content=\"article\" \/>\n<meta property=\"og:title\" content=\"March\u00e9s : Draghi encore \u00e0 la rescousse - Gold.fr\" \/>\n<meta property=\"og:description\" content=\"La semaine avait pourtant commenc\u00e9 du mauvais pied pour les march\u00e9s financiers, grandement plomb\u00e9s non seulement par la derni\u00e8re s\u00e9rie noire de statistiques macro\u00e9conomiques am\u00e9ricaines, mais \u00e9galement par les mauvaises nouvelles en provenance de la rive [&hellip;]\" \/>\n<meta property=\"og:url\" content=\"https:\/\/www.gold.fr\/news\/2016\/02\/16\/marches-draghi-encore-a-la-rescousse\/\" \/>\n<meta property=\"og:site_name\" content=\"Gold.fr\" \/>\n<meta property=\"article:publisher\" content=\"https:\/\/www.facebook.com\/Goldfr\/\" \/>\n<meta property=\"article:published_time\" content=\"2016-02-16T16:00:48+00:00\" \/>\n<meta property=\"article:modified_time\" content=\"2018-06-25T12:33:20+00:00\" \/>\n<meta property=\"og:image\" content=\"https:\/\/www.gold.fr\/news\/wp-content\/uploads\/2016\/02\/demande-mondiale-2.jpg\" \/>\n\t<meta property=\"og:image:width\" content=\"600\" \/>\n\t<meta property=\"og:image:height\" content=\"400\" \/>\n\t<meta property=\"og:image:type\" content=\"image\/jpeg\" \/>\n<meta name=\"author\" content=\"Comptoir National de l&#039;Or\" \/>\n<meta name=\"twitter:card\" content=\"summary_large_image\" \/>\n<meta name=\"twitter:label1\" content=\"\u00c9crit par\" \/>\n\t<meta name=\"twitter:data1\" content=\"Comptoir National de l&#039;Or\" \/>\n\t<meta name=\"twitter:label2\" content=\"Dur\u00e9e de lecture estim\u00e9e\" \/>\n\t<meta name=\"twitter:data2\" content=\"1 minute\" \/>\n<script type=\"application\/ld+json\" class=\"yoast-schema-graph\">{\"@context\":\"https:\\\/\\\/schema.org\",\"@graph\":[{\"@type\":\"Article\",\"@id\":\"https:\\\/\\\/www.gold.fr\\\/news\\\/2016\\\/02\\\/16\\\/marches-draghi-encore-a-la-rescousse\\\/#article\",\"isPartOf\":{\"@id\":\"https:\\\/\\\/www.gold.fr\\\/news\\\/2016\\\/02\\\/16\\\/marches-draghi-encore-a-la-rescousse\\\/\"},\"author\":{\"name\":\"Comptoir National de l'Or\",\"@id\":\"https:\\\/\\\/www.gold.fr\\\/news\\\/#\\\/schema\\\/person\\\/070491b4b4fb7671bf59b3be20302ce9\"},\"headline\":\"March\u00e9s : Draghi encore \u00e0 la rescousse\",\"datePublished\":\"2016-02-16T16:00:48+00:00\",\"dateModified\":\"2018-06-25T12:33:20+00:00\",\"mainEntityOfPage\":{\"@id\":\"https:\\\/\\\/www.gold.fr\\\/news\\\/2016\\\/02\\\/16\\\/marches-draghi-encore-a-la-rescousse\\\/\"},\"wordCount\":281,\"commentCount\":0,\"image\":{\"@id\":\"https:\\\/\\\/www.gold.fr\\\/news\\\/2016\\\/02\\\/16\\\/marches-draghi-encore-a-la-rescousse\\\/#primaryimage\"},\"thumbnailUrl\":\"https:\\\/\\\/www.gold.fr\\\/news\\\/wp-content\\\/uploads\\\/2016\\\/02\\\/demande-mondiale-2.jpg\",\"keywords\":[\"Draghi\",\"march\u00e9s\",\"zone euro\"],\"articleSection\":[\"Articles de presse\"],\"inLanguage\":\"fr-FR\"},{\"@type\":\"WebPage\",\"@id\":\"https:\\\/\\\/www.gold.fr\\\/news\\\/2016\\\/02\\\/16\\\/marches-draghi-encore-a-la-rescousse\\\/\",\"url\":\"https:\\\/\\\/www.gold.fr\\\/news\\\/2016\\\/02\\\/16\\\/marches-draghi-encore-a-la-rescousse\\\/\",\"name\":\"March\u00e9s : Draghi encore \u00e0 la rescousse - Gold.fr\",\"isPartOf\":{\"@id\":\"https:\\\/\\\/www.gold.fr\\\/news\\\/#website\"},\"primaryImageOfPage\":{\"@id\":\"https:\\\/\\\/www.gold.fr\\\/news\\\/2016\\\/02\\\/16\\\/marches-draghi-encore-a-la-rescousse\\\/#primaryimage\"},\"image\":{\"@id\":\"https:\\\/\\\/www.gold.fr\\\/news\\\/2016\\\/02\\\/16\\\/marches-draghi-encore-a-la-rescousse\\\/#primaryimage\"},\"thumbnailUrl\":\"https:\\\/\\\/www.gold.fr\\\/news\\\/wp-content\\\/uploads\\\/2016\\\/02\\\/demande-mondiale-2.jpg\",\"datePublished\":\"2016-02-16T16:00:48+00:00\",\"dateModified\":\"2018-06-25T12:33:20+00:00\",\"author\":{\"@id\":\"https:\\\/\\\/www.gold.fr\\\/news\\\/#\\\/schema\\\/person\\\/070491b4b4fb7671bf59b3be20302ce9\"},\"breadcrumb\":{\"@id\":\"https:\\\/\\\/www.gold.fr\\\/news\\\/2016\\\/02\\\/16\\\/marches-draghi-encore-a-la-rescousse\\\/#breadcrumb\"},\"inLanguage\":\"fr-FR\",\"potentialAction\":[{\"@type\":\"ReadAction\",\"target\":[\"https:\\\/\\\/www.gold.fr\\\/news\\\/2016\\\/02\\\/16\\\/marches-draghi-encore-a-la-rescousse\\\/\"]}]},{\"@type\":\"ImageObject\",\"inLanguage\":\"fr-FR\",\"@id\":\"https:\\\/\\\/www.gold.fr\\\/news\\\/2016\\\/02\\\/16\\\/marches-draghi-encore-a-la-rescousse\\\/#primaryimage\",\"url\":\"https:\\\/\\\/www.gold.fr\\\/news\\\/wp-content\\\/uploads\\\/2016\\\/02\\\/demande-mondiale-2.jpg\",\"contentUrl\":\"https:\\\/\\\/www.gold.fr\\\/news\\\/wp-content\\\/uploads\\\/2016\\\/02\\\/demande-mondiale-2.jpg\",\"width\":600,\"height\":400,\"caption\":\"March\u00e9s : Draghi encore \u00e0 la rescousse\"},{\"@type\":\"BreadcrumbList\",\"@id\":\"https:\\\/\\\/www.gold.fr\\\/news\\\/2016\\\/02\\\/16\\\/marches-draghi-encore-a-la-rescousse\\\/#breadcrumb\",\"itemListElement\":[{\"@type\":\"ListItem\",\"position\":1,\"name\":\"Accueil\",\"item\":\"https:\\\/\\\/www.gold.fr\\\/\"},{\"@type\":\"ListItem\",\"position\":2,\"name\":\"Actualit\u00e9s\",\"item\":\"https:\\\/\\\/www.gold.fr\\\/news\\\/\"},{\"@type\":\"ListItem\",\"position\":3,\"name\":\"March\u00e9s : Draghi encore \u00e0 la rescousse\"}]},{\"@type\":\"WebSite\",\"@id\":\"https:\\\/\\\/www.gold.fr\\\/news\\\/#website\",\"url\":\"https:\\\/\\\/www.gold.fr\\\/news\\\/\",\"name\":\"Gold.fr\",\"description\":\"Actualit\u00e9s de l&#039;Or et des m\u00e9taux pr\u00e9cieux\",\"potentialAction\":[{\"@type\":\"SearchAction\",\"target\":{\"@type\":\"EntryPoint\",\"urlTemplate\":\"https:\\\/\\\/www.gold.fr\\\/news\\\/?s={search_term_string}\"},\"query-input\":{\"@type\":\"PropertyValueSpecification\",\"valueRequired\":true,\"valueName\":\"search_term_string\"}}],\"inLanguage\":\"fr-FR\"},{\"@type\":\"Person\",\"@id\":\"https:\\\/\\\/www.gold.fr\\\/news\\\/#\\\/schema\\\/person\\\/070491b4b4fb7671bf59b3be20302ce9\",\"name\":\"Comptoir National de l'Or\",\"image\":{\"@type\":\"ImageObject\",\"inLanguage\":\"fr-FR\",\"@id\":\"https:\\\/\\\/secure.gravatar.com\\\/avatar\\\/0a2867fd5abe37bed95d5a65e9d58f01756e11efc68af9888dfc50cfa7f65948?s=96&d=mm&r=gb490554db0a38188709de567aa58480d\",\"url\":\"https:\\\/\\\/secure.gravatar.com\\\/avatar\\\/0a2867fd5abe37bed95d5a65e9d58f01756e11efc68af9888dfc50cfa7f65948?s=96&d=mm&r=g\",\"contentUrl\":\"https:\\\/\\\/secure.gravatar.com\\\/avatar\\\/0a2867fd5abe37bed95d5a65e9d58f01756e11efc68af9888dfc50cfa7f65948?s=96&d=mm&r=g\",\"caption\":\"Comptoir National de l'Or\"},\"description\":\"Notre r\u00e9daction est constitu\u00e9e de membres experts dans les m\u00e9tiers de l'\u00e9conomie et la gestion, des Responsables d'agence Comptoir National de l'Or, des analystes financiers qui publient r\u00e9guli\u00e8rement des \u00e9tudes sur les politiques des banques centrales, le cours de l'or, prix de l'or, cours de l'argent, prix de l'argent, cours du platine, cours du palladium,... la situation en zone euro et l'impact de la strat\u00e9gie mon\u00e9taire de la FED. Notre \u00e9quipe scrute \u00e9galement une information plus g\u00e9n\u00e9raliste \u00e0 la recherche d'actualit\u00e9 \\\"p\u00e9pite\\\" \u00e0 vous partager. Depuis 5 ans, nous avons publi\u00e9 un peu plus de 4000 articles qui s'adressent \u00e0 un public large et vari\u00e9 ayant pour objectif de satisfaire votre curiosit\u00e9 et de partager avec vous une certaine fascination pour le m\u00e9tal jaune, le rachat d'or, et pour ceux qui veulent investir dans l'or, vendre leur or tout simplement en savoir plus... Pour tous vos achat or et argent, n'h\u00e9sitez pas \u00e0 prendre rendez-vous dans l'un de nos nombreux comptoirs.\",\"sameAs\":[\"https:\\\/\\\/www.gold.fr\"]}]}<\/script>\n<!-- \/ Yoast SEO plugin. -->","yoast_head_json":{"title":"March\u00e9s : Draghi encore \u00e0 la rescousse - Gold.fr","robots":{"index":"index","follow":"follow","max-snippet":"max-snippet:-1","max-image-preview":"max-image-preview:large","max-video-preview":"max-video-preview:-1"},"canonical":"https:\/\/www.gold.fr\/news\/2016\/02\/16\/marches-draghi-encore-a-la-rescousse\/","og_locale":"fr_FR","og_type":"article","og_title":"March\u00e9s : Draghi encore \u00e0 la rescousse - Gold.fr","og_description":"La semaine avait pourtant commenc\u00e9 du mauvais pied pour les march\u00e9s financiers, grandement plomb\u00e9s non seulement par la derni\u00e8re s\u00e9rie noire de statistiques macro\u00e9conomiques am\u00e9ricaines, mais \u00e9galement par les mauvaises nouvelles en provenance de la rive [&hellip;]","og_url":"https:\/\/www.gold.fr\/news\/2016\/02\/16\/marches-draghi-encore-a-la-rescousse\/","og_site_name":"Gold.fr","article_publisher":"https:\/\/www.facebook.com\/Goldfr\/","article_published_time":"2016-02-16T16:00:48+00:00","article_modified_time":"2018-06-25T12:33:20+00:00","og_image":[{"width":600,"height":400,"url":"https:\/\/www.gold.fr\/news\/wp-content\/uploads\/2016\/02\/demande-mondiale-2.jpg","type":"image\/jpeg"}],"author":"Comptoir National de l'Or","twitter_card":"summary_large_image","twitter_misc":{"\u00c9crit par":"Comptoir National de l'Or","Dur\u00e9e de lecture estim\u00e9e":"1 minute"},"schema":{"@context":"https:\/\/schema.org","@graph":[{"@type":"Article","@id":"https:\/\/www.gold.fr\/news\/2016\/02\/16\/marches-draghi-encore-a-la-rescousse\/#article","isPartOf":{"@id":"https:\/\/www.gold.fr\/news\/2016\/02\/16\/marches-draghi-encore-a-la-rescousse\/"},"author":{"name":"Comptoir National de l'Or","@id":"https:\/\/www.gold.fr\/news\/#\/schema\/person\/070491b4b4fb7671bf59b3be20302ce9"},"headline":"March\u00e9s : Draghi encore \u00e0 la rescousse","datePublished":"2016-02-16T16:00:48+00:00","dateModified":"2018-06-25T12:33:20+00:00","mainEntityOfPage":{"@id":"https:\/\/www.gold.fr\/news\/2016\/02\/16\/marches-draghi-encore-a-la-rescousse\/"},"wordCount":281,"commentCount":0,"image":{"@id":"https:\/\/www.gold.fr\/news\/2016\/02\/16\/marches-draghi-encore-a-la-rescousse\/#primaryimage"},"thumbnailUrl":"https:\/\/www.gold.fr\/news\/wp-content\/uploads\/2016\/02\/demande-mondiale-2.jpg","keywords":["Draghi","march\u00e9s","zone euro"],"articleSection":["Articles de presse"],"inLanguage":"fr-FR"},{"@type":"WebPage","@id":"https:\/\/www.gold.fr\/news\/2016\/02\/16\/marches-draghi-encore-a-la-rescousse\/","url":"https:\/\/www.gold.fr\/news\/2016\/02\/16\/marches-draghi-encore-a-la-rescousse\/","name":"March\u00e9s : Draghi encore \u00e0 la rescousse - Gold.fr","isPartOf":{"@id":"https:\/\/www.gold.fr\/news\/#website"},"primaryImageOfPage":{"@id":"https:\/\/www.gold.fr\/news\/2016\/02\/16\/marches-draghi-encore-a-la-rescousse\/#primaryimage"},"image":{"@id":"https:\/\/www.gold.fr\/news\/2016\/02\/16\/marches-draghi-encore-a-la-rescousse\/#primaryimage"},"thumbnailUrl":"https:\/\/www.gold.fr\/news\/wp-content\/uploads\/2016\/02\/demande-mondiale-2.jpg","datePublished":"2016-02-16T16:00:48+00:00","dateModified":"2018-06-25T12:33:20+00:00","author":{"@id":"https:\/\/www.gold.fr\/news\/#\/schema\/person\/070491b4b4fb7671bf59b3be20302ce9"},"breadcrumb":{"@id":"https:\/\/www.gold.fr\/news\/2016\/02\/16\/marches-draghi-encore-a-la-rescousse\/#breadcrumb"},"inLanguage":"fr-FR","potentialAction":[{"@type":"ReadAction","target":["https:\/\/www.gold.fr\/news\/2016\/02\/16\/marches-draghi-encore-a-la-rescousse\/"]}]},{"@type":"ImageObject","inLanguage":"fr-FR","@id":"https:\/\/www.gold.fr\/news\/2016\/02\/16\/marches-draghi-encore-a-la-rescousse\/#primaryimage","url":"https:\/\/www.gold.fr\/news\/wp-content\/uploads\/2016\/02\/demande-mondiale-2.jpg","contentUrl":"https:\/\/www.gold.fr\/news\/wp-content\/uploads\/2016\/02\/demande-mondiale-2.jpg","width":600,"height":400,"caption":"March\u00e9s : Draghi encore \u00e0 la rescousse"},{"@type":"BreadcrumbList","@id":"https:\/\/www.gold.fr\/news\/2016\/02\/16\/marches-draghi-encore-a-la-rescousse\/#breadcrumb","itemListElement":[{"@type":"ListItem","position":1,"name":"Accueil","item":"https:\/\/www.gold.fr\/"},{"@type":"ListItem","position":2,"name":"Actualit\u00e9s","item":"https:\/\/www.gold.fr\/news\/"},{"@type":"ListItem","position":3,"name":"March\u00e9s : Draghi encore \u00e0 la rescousse"}]},{"@type":"WebSite","@id":"https:\/\/www.gold.fr\/news\/#website","url":"https:\/\/www.gold.fr\/news\/","name":"Gold.fr","description":"Actualit\u00e9s de l&#039;Or et des m\u00e9taux pr\u00e9cieux","potentialAction":[{"@type":"SearchAction","target":{"@type":"EntryPoint","urlTemplate":"https:\/\/www.gold.fr\/news\/?s={search_term_string}"},"query-input":{"@type":"PropertyValueSpecification","valueRequired":true,"valueName":"search_term_string"}}],"inLanguage":"fr-FR"},{"@type":"Person","@id":"https:\/\/www.gold.fr\/news\/#\/schema\/person\/070491b4b4fb7671bf59b3be20302ce9","name":"Comptoir National de l'Or","image":{"@type":"ImageObject","inLanguage":"fr-FR","@id":"https:\/\/secure.gravatar.com\/avatar\/0a2867fd5abe37bed95d5a65e9d58f01756e11efc68af9888dfc50cfa7f65948?s=96&d=mm&r=gb490554db0a38188709de567aa58480d","url":"https:\/\/secure.gravatar.com\/avatar\/0a2867fd5abe37bed95d5a65e9d58f01756e11efc68af9888dfc50cfa7f65948?s=96&d=mm&r=g","contentUrl":"https:\/\/secure.gravatar.com\/avatar\/0a2867fd5abe37bed95d5a65e9d58f01756e11efc68af9888dfc50cfa7f65948?s=96&d=mm&r=g","caption":"Comptoir National de l'Or"},"description":"Notre r\u00e9daction est constitu\u00e9e de membres experts dans les m\u00e9tiers de l'\u00e9conomie et la gestion, des Responsables d'agence Comptoir National de l'Or, des analystes financiers qui publient r\u00e9guli\u00e8rement des \u00e9tudes sur les politiques des banques centrales, le cours de l'or, prix de l'or, cours de l'argent, prix de l'argent, cours du platine, cours du palladium,... la situation en zone euro et l'impact de la strat\u00e9gie mon\u00e9taire de la FED. Notre \u00e9quipe scrute \u00e9galement une information plus g\u00e9n\u00e9raliste \u00e0 la recherche d'actualit\u00e9 \"p\u00e9pite\" \u00e0 vous partager. Depuis 5 ans, nous avons publi\u00e9 un peu plus de 4000 articles qui s'adressent \u00e0 un public large et vari\u00e9 ayant pour objectif de satisfaire votre curiosit\u00e9 et de partager avec vous une certaine fascination pour le m\u00e9tal jaune, le rachat d'or, et pour ceux qui veulent investir dans l'or, vendre leur or tout simplement en savoir plus... Pour tous vos achat or et argent, n'h\u00e9sitez pas \u00e0 prendre rendez-vous dans l'un de nos nombreux comptoirs.","sameAs":["https:\/\/www.gold.fr"]}]}},"authors":[{"term_id":2565,"user_id":18,"is_guest":0,"slug":"julie","display_name":"Comptoir National de l'Or","avatar_url":"https:\/\/secure.gravatar.com\/avatar\/713f289e398d35ead876c4a4cc08607f0d6d266058cfc25683fffb6092d0e572?s=96&d=mm&r=g","0":null,"1":"","2":"","3":"","4":"","5":"","6":"","7":"","8":""}],"_links":{"self":[{"href":"https:\/\/www.gold.fr\/news\/wp-json\/wp\/v2\/posts\/18815","targetHints":{"allow":["GET"]}}],"collection":[{"href":"https:\/\/www.gold.fr\/news\/wp-json\/wp\/v2\/posts"}],"about":[{"href":"https:\/\/www.gold.fr\/news\/wp-json\/wp\/v2\/types\/post"}],"author":[{"embeddable":true,"href":"https:\/\/www.gold.fr\/news\/wp-json\/wp\/v2\/users\/18"}],"replies":[{"embeddable":true,"href":"https:\/\/www.gold.fr\/news\/wp-json\/wp\/v2\/comments?post=18815"}],"version-history":[{"count":0,"href":"https:\/\/www.gold.fr\/news\/wp-json\/wp\/v2\/posts\/18815\/revisions"}],"wp:featuredmedia":[{"embeddable":true,"href":"https:\/\/www.gold.fr\/news\/wp-json\/wp\/v2\/media\/31680"}],"wp:attachment":[{"href":"https:\/\/www.gold.fr\/news\/wp-json\/wp\/v2\/media?parent=18815"}],"wp:term":[{"taxonomy":"category","embeddable":true,"href":"https:\/\/www.gold.fr\/news\/wp-json\/wp\/v2\/categories?post=18815"},{"taxonomy":"post_tag","embeddable":true,"href":"https:\/\/www.gold.fr\/news\/wp-json\/wp\/v2\/tags?post=18815"},{"taxonomy":"author","embeddable":true,"href":"https:\/\/www.gold.fr\/news\/wp-json\/wp\/v2\/ppma_author?post=18815"}],"curies":[{"name":"wp","href":"https:\/\/api.w.org\/{rel}","templated":true}]}}