{"id":18775,"date":"2016-02-09T17:00:27","date_gmt":"2016-02-09T16:00:27","guid":{"rendered":"https:\/\/www.gold.fr\/news\/?p=18775"},"modified":"2018-03-16T12:25:59","modified_gmt":"2018-03-16T11:25:59","slug":"fed-toujours-aussi-data-dependent","status":"publish","type":"post","link":"https:\/\/www.gold.fr\/news\/2016\/02\/09\/fed-toujours-aussi-data-dependent\/","title":{"rendered":"FED : Toujours aussi \u2018data dependent\u2019 ?"},"content":{"rendered":"<p><span style=\"font-size: small;\"><img loading=\"lazy\" decoding=\"async\" class=\"alignleft wp-image-14237 size-thumbnail\" title=\"FED : Toujours aussi \u2018data dependent\u2019 ?\" src=\"https:\/\/www.gold.fr\/news\/wp-content\/uploads\/2014\/03\/image21-150x150.jpg\" alt=\"FED : Toujours aussi \u2018data dependent\u2019 ?\" width=\"150\" height=\"150\" \/>La semaine aura d\u00e9but\u00e9 sur la m\u00eame note qui a marqu\u00e9 la cl\u00f4ture de celle qui l&rsquo;a pr\u00e9c\u00e9d\u00e9, sur les march\u00e9s boursiers ; morosit\u00e9 et m\u00e9fiance. Une performance g\u00e9n\u00e9ralis\u00e9e dans un rouge persistant largement justifi\u00e9 par la s\u00e9rie noire d&rsquo;indicateurs macro\u00e9conomiques US globalement d\u00e9cevants et parfois m\u00eame alarmants. <\/span><\/p>\n<p><span style=\"font-size: small;\">Du coup, la question qui s&rsquo;impose en ce moment dans les couloirs \u00e9conomistes et experts tourne essentiellement autour de la future politique de la r\u00e9serve f\u00e9d\u00e9rale am\u00e9ricaine et du degr\u00e9 de son engagement envers sa strat\u00e9gie affich\u00e9e de &lsquo;<em>data dependance<\/em>&lsquo;.<\/span> <span style=\"font-size: small;\">Les analystes de <strong>Wells Fargo Advisors<\/strong> rappellent \u00e0 ce sujet que \u00ab <em>les grands indices am\u00e9ricains s&rsquo;inscrivent fermement en terrain n\u00e9gatif (\u2026), les inqui\u00e9tudes sur la croissance mondiale et la chute des cours du p\u00e9trole continuant de peser sur le sentiment des investisseurs<\/em> \u00bb. <\/span><\/p>\n<p><span style=\"font-size: small;\">Une <a class=\"esk-seo-plu-link\" href=\"https:\/\/www.gold.fr\/news\/tags\/investissement\">tendance<\/a> morose qui ne s&rsquo;alt\u00e8re pas, en d\u00e9pit du changement des facteurs \u2013souvent conjoncturels- qui la causent, d&rsquo;autant plus que ces facteurs continuent \u00e9galement de semer la confusion parmi des investisseurs pris au c\u0153ur m\u00eame d&rsquo;une foule d&rsquo;indicateurs hebdomadaires parfois contradictoires.<\/span> <span style=\"font-size: small;\">C&rsquo;est notamment le cas du rapport de l&#8217;emploi am\u00e9ricain qui a, certes, r\u00e9v\u00e9l\u00e9 un recul du taux de ch\u00f4mage am\u00e9ricain de<strong> 0,1 point<\/strong> et une hausse du co\u00fbt horaire moyen du travail de <strong>0,5%<\/strong>, mais qui a \u00e9galement annonc\u00e9 la cr\u00e9ation (d\u00e9cevante) de seulement <strong>151.000 postes<\/strong> non agricoles le mois dernier (contre les <strong>190.000 pr\u00e9vus<\/strong>).<\/span><\/p>\n<!-- AddThis Advanced Settings generic via filter on the_content --><!-- AddThis Share Buttons generic via filter on the_content -->","protected":false},"excerpt":{"rendered":"<p>La semaine aura d\u00e9but\u00e9 sur la m\u00eame note qui a marqu\u00e9 la cl\u00f4ture de celle qui l&rsquo;a pr\u00e9c\u00e9d\u00e9, sur les march\u00e9s boursiers ; morosit\u00e9 et m\u00e9fiance. Une performance g\u00e9n\u00e9ralis\u00e9e dans un rouge persistant largement justifi\u00e9 par [&hellip;]<\/p>\n","protected":false},"author":18,"featured_media":31648,"comment_status":"open","ping_status":"open","sticky":false,"template":"","format":"standard","meta":{"_mbp_gutenberg_autopost":false,"_pgmb_is_evergreen":false,"_pgmb_ap_template_id":0,"footnotes":""},"categories":[6],"tags":[1188,1265,144,1649],"ppma_author":[2565],"class_list":["post-18775","post","type-post","status-publish","format-standard","has-post-thumbnail","hentry","category-articles-de-presse","tag-bourse","tag-chomage","tag-fed","tag-marches"],"yoast_head":"<!-- This site is optimized with the Yoast SEO plugin v27.5 - https:\/\/yoast.com\/product\/yoast-seo-wordpress\/ -->\n<title>FED : Toujours aussi \u2018data dependent\u2019 ? - Gold.fr<\/title>\n<meta name=\"robots\" content=\"index, follow, max-snippet:-1, max-image-preview:large, max-video-preview:-1\" \/>\n<link rel=\"canonical\" href=\"https:\/\/www.gold.fr\/news\/2016\/02\/09\/fed-toujours-aussi-data-dependent\/\" \/>\n<meta property=\"og:locale\" content=\"fr_FR\" \/>\n<meta property=\"og:type\" content=\"article\" \/>\n<meta property=\"og:title\" content=\"FED : Toujours aussi \u2018data dependent\u2019 ? - Gold.fr\" \/>\n<meta property=\"og:description\" content=\"La semaine aura d\u00e9but\u00e9 sur la m\u00eame note qui a marqu\u00e9 la cl\u00f4ture de celle qui l&rsquo;a pr\u00e9c\u00e9d\u00e9, sur les march\u00e9s boursiers ; morosit\u00e9 et m\u00e9fiance. Une performance g\u00e9n\u00e9ralis\u00e9e dans un rouge persistant largement justifi\u00e9 par [&hellip;]\" \/>\n<meta property=\"og:url\" content=\"https:\/\/www.gold.fr\/news\/2016\/02\/09\/fed-toujours-aussi-data-dependent\/\" \/>\n<meta property=\"og:site_name\" content=\"Gold.fr\" \/>\n<meta property=\"article:publisher\" content=\"https:\/\/www.facebook.com\/Goldfr\/\" \/>\n<meta property=\"article:published_time\" content=\"2016-02-09T16:00:27+00:00\" \/>\n<meta property=\"article:modified_time\" content=\"2018-03-16T11:25:59+00:00\" \/>\n<meta property=\"og:image\" content=\"https:\/\/www.gold.fr\/news\/wp-content\/uploads\/2016\/02\/image21.jpeg\" \/>\n\t<meta property=\"og:image:width\" content=\"614\" \/>\n\t<meta property=\"og:image:height\" content=\"669\" \/>\n\t<meta property=\"og:image:type\" content=\"image\/jpeg\" \/>\n<meta name=\"author\" content=\"Comptoir National de l&#039;Or\" \/>\n<meta name=\"twitter:card\" content=\"summary_large_image\" \/>\n<meta name=\"twitter:label1\" content=\"\u00c9crit par\" \/>\n\t<meta name=\"twitter:data1\" content=\"Comptoir National de l&#039;Or\" \/>\n\t<meta name=\"twitter:label2\" content=\"Dur\u00e9e de lecture estim\u00e9e\" \/>\n\t<meta name=\"twitter:data2\" content=\"1 minute\" \/>\n<script type=\"application\/ld+json\" class=\"yoast-schema-graph\">{\"@context\":\"https:\\\/\\\/schema.org\",\"@graph\":[{\"@type\":\"Article\",\"@id\":\"https:\\\/\\\/www.gold.fr\\\/news\\\/2016\\\/02\\\/09\\\/fed-toujours-aussi-data-dependent\\\/#article\",\"isPartOf\":{\"@id\":\"https:\\\/\\\/www.gold.fr\\\/news\\\/2016\\\/02\\\/09\\\/fed-toujours-aussi-data-dependent\\\/\"},\"author\":{\"name\":\"Comptoir National de l'Or\",\"@id\":\"https:\\\/\\\/www.gold.fr\\\/news\\\/#\\\/schema\\\/person\\\/070491b4b4fb7671bf59b3be20302ce9\"},\"headline\":\"FED : Toujours aussi \u2018data dependent\u2019 ?\",\"datePublished\":\"2016-02-09T16:00:27+00:00\",\"dateModified\":\"2018-03-16T11:25:59+00:00\",\"mainEntityOfPage\":{\"@id\":\"https:\\\/\\\/www.gold.fr\\\/news\\\/2016\\\/02\\\/09\\\/fed-toujours-aussi-data-dependent\\\/\"},\"wordCount\":272,\"commentCount\":0,\"image\":{\"@id\":\"https:\\\/\\\/www.gold.fr\\\/news\\\/2016\\\/02\\\/09\\\/fed-toujours-aussi-data-dependent\\\/#primaryimage\"},\"thumbnailUrl\":\"https:\\\/\\\/www.gold.fr\\\/news\\\/wp-content\\\/uploads\\\/2016\\\/02\\\/image21.jpeg\",\"keywords\":[\"bourse\",\"chomage\",\"fed\",\"march\u00e9s\"],\"articleSection\":[\"Articles de presse\"],\"inLanguage\":\"fr-FR\"},{\"@type\":\"WebPage\",\"@id\":\"https:\\\/\\\/www.gold.fr\\\/news\\\/2016\\\/02\\\/09\\\/fed-toujours-aussi-data-dependent\\\/\",\"url\":\"https:\\\/\\\/www.gold.fr\\\/news\\\/2016\\\/02\\\/09\\\/fed-toujours-aussi-data-dependent\\\/\",\"name\":\"FED : Toujours aussi \u2018data dependent\u2019 ? - Gold.fr\",\"isPartOf\":{\"@id\":\"https:\\\/\\\/www.gold.fr\\\/news\\\/#website\"},\"primaryImageOfPage\":{\"@id\":\"https:\\\/\\\/www.gold.fr\\\/news\\\/2016\\\/02\\\/09\\\/fed-toujours-aussi-data-dependent\\\/#primaryimage\"},\"image\":{\"@id\":\"https:\\\/\\\/www.gold.fr\\\/news\\\/2016\\\/02\\\/09\\\/fed-toujours-aussi-data-dependent\\\/#primaryimage\"},\"thumbnailUrl\":\"https:\\\/\\\/www.gold.fr\\\/news\\\/wp-content\\\/uploads\\\/2016\\\/02\\\/image21.jpeg\",\"datePublished\":\"2016-02-09T16:00:27+00:00\",\"dateModified\":\"2018-03-16T11:25:59+00:00\",\"author\":{\"@id\":\"https:\\\/\\\/www.gold.fr\\\/news\\\/#\\\/schema\\\/person\\\/070491b4b4fb7671bf59b3be20302ce9\"},\"breadcrumb\":{\"@id\":\"https:\\\/\\\/www.gold.fr\\\/news\\\/2016\\\/02\\\/09\\\/fed-toujours-aussi-data-dependent\\\/#breadcrumb\"},\"inLanguage\":\"fr-FR\",\"potentialAction\":[{\"@type\":\"ReadAction\",\"target\":[\"https:\\\/\\\/www.gold.fr\\\/news\\\/2016\\\/02\\\/09\\\/fed-toujours-aussi-data-dependent\\\/\"]}]},{\"@type\":\"ImageObject\",\"inLanguage\":\"fr-FR\",\"@id\":\"https:\\\/\\\/www.gold.fr\\\/news\\\/2016\\\/02\\\/09\\\/fed-toujours-aussi-data-dependent\\\/#primaryimage\",\"url\":\"https:\\\/\\\/www.gold.fr\\\/news\\\/wp-content\\\/uploads\\\/2016\\\/02\\\/image21.jpeg\",\"contentUrl\":\"https:\\\/\\\/www.gold.fr\\\/news\\\/wp-content\\\/uploads\\\/2016\\\/02\\\/image21.jpeg\",\"width\":614,\"height\":669,\"caption\":\"FED : Toujours aussi \u2018data dependent\u2019 ?\"},{\"@type\":\"BreadcrumbList\",\"@id\":\"https:\\\/\\\/www.gold.fr\\\/news\\\/2016\\\/02\\\/09\\\/fed-toujours-aussi-data-dependent\\\/#breadcrumb\",\"itemListElement\":[{\"@type\":\"ListItem\",\"position\":1,\"name\":\"Accueil\",\"item\":\"https:\\\/\\\/www.gold.fr\\\/\"},{\"@type\":\"ListItem\",\"position\":2,\"name\":\"Actualit\u00e9s\",\"item\":\"https:\\\/\\\/www.gold.fr\\\/news\\\/\"},{\"@type\":\"ListItem\",\"position\":3,\"name\":\"FED : Toujours aussi \u2018data dependent\u2019 ?\"}]},{\"@type\":\"WebSite\",\"@id\":\"https:\\\/\\\/www.gold.fr\\\/news\\\/#website\",\"url\":\"https:\\\/\\\/www.gold.fr\\\/news\\\/\",\"name\":\"Gold.fr\",\"description\":\"Actualit\u00e9s de l&#039;Or et des m\u00e9taux pr\u00e9cieux\",\"potentialAction\":[{\"@type\":\"SearchAction\",\"target\":{\"@type\":\"EntryPoint\",\"urlTemplate\":\"https:\\\/\\\/www.gold.fr\\\/news\\\/?s={search_term_string}\"},\"query-input\":{\"@type\":\"PropertyValueSpecification\",\"valueRequired\":true,\"valueName\":\"search_term_string\"}}],\"inLanguage\":\"fr-FR\"},{\"@type\":\"Person\",\"@id\":\"https:\\\/\\\/www.gold.fr\\\/news\\\/#\\\/schema\\\/person\\\/070491b4b4fb7671bf59b3be20302ce9\",\"name\":\"Comptoir National de l'Or\",\"image\":{\"@type\":\"ImageObject\",\"inLanguage\":\"fr-FR\",\"@id\":\"https:\\\/\\\/secure.gravatar.com\\\/avatar\\\/0a2867fd5abe37bed95d5a65e9d58f01756e11efc68af9888dfc50cfa7f65948?s=96&d=mm&r=gb490554db0a38188709de567aa58480d\",\"url\":\"https:\\\/\\\/secure.gravatar.com\\\/avatar\\\/0a2867fd5abe37bed95d5a65e9d58f01756e11efc68af9888dfc50cfa7f65948?s=96&d=mm&r=g\",\"contentUrl\":\"https:\\\/\\\/secure.gravatar.com\\\/avatar\\\/0a2867fd5abe37bed95d5a65e9d58f01756e11efc68af9888dfc50cfa7f65948?s=96&d=mm&r=g\",\"caption\":\"Comptoir National de l'Or\"},\"description\":\"Notre r\u00e9daction est constitu\u00e9e de membres experts dans les m\u00e9tiers de l'\u00e9conomie et la gestion, des Responsables d'agence Comptoir National de l'Or, des analystes financiers qui publient r\u00e9guli\u00e8rement des \u00e9tudes sur les politiques des banques centrales, le cours de l'or, prix de l'or, cours de l'argent, prix de l'argent, cours du platine, cours du palladium,... la situation en zone euro et l'impact de la strat\u00e9gie mon\u00e9taire de la FED. Notre \u00e9quipe scrute \u00e9galement une information plus g\u00e9n\u00e9raliste \u00e0 la recherche d'actualit\u00e9 \\\"p\u00e9pite\\\" \u00e0 vous partager. Depuis 5 ans, nous avons publi\u00e9 un peu plus de 4000 articles qui s'adressent \u00e0 un public large et vari\u00e9 ayant pour objectif de satisfaire votre curiosit\u00e9 et de partager avec vous une certaine fascination pour le m\u00e9tal jaune, le rachat d'or, et pour ceux qui veulent investir dans l'or, vendre leur or tout simplement en savoir plus... Pour tous vos achat or et argent, n'h\u00e9sitez pas \u00e0 prendre rendez-vous dans l'un de nos nombreux comptoirs.\",\"sameAs\":[\"https:\\\/\\\/www.gold.fr\"]}]}<\/script>\n<!-- \/ Yoast SEO plugin. -->","yoast_head_json":{"title":"FED : Toujours aussi \u2018data dependent\u2019 ? - Gold.fr","robots":{"index":"index","follow":"follow","max-snippet":"max-snippet:-1","max-image-preview":"max-image-preview:large","max-video-preview":"max-video-preview:-1"},"canonical":"https:\/\/www.gold.fr\/news\/2016\/02\/09\/fed-toujours-aussi-data-dependent\/","og_locale":"fr_FR","og_type":"article","og_title":"FED : Toujours aussi \u2018data dependent\u2019 ? - Gold.fr","og_description":"La semaine aura d\u00e9but\u00e9 sur la m\u00eame note qui a marqu\u00e9 la cl\u00f4ture de celle qui l&rsquo;a pr\u00e9c\u00e9d\u00e9, sur les march\u00e9s boursiers ; morosit\u00e9 et m\u00e9fiance. Une performance g\u00e9n\u00e9ralis\u00e9e dans un rouge persistant largement justifi\u00e9 par [&hellip;]","og_url":"https:\/\/www.gold.fr\/news\/2016\/02\/09\/fed-toujours-aussi-data-dependent\/","og_site_name":"Gold.fr","article_publisher":"https:\/\/www.facebook.com\/Goldfr\/","article_published_time":"2016-02-09T16:00:27+00:00","article_modified_time":"2018-03-16T11:25:59+00:00","og_image":[{"width":614,"height":669,"url":"https:\/\/www.gold.fr\/news\/wp-content\/uploads\/2016\/02\/image21.jpeg","type":"image\/jpeg"}],"author":"Comptoir National de l'Or","twitter_card":"summary_large_image","twitter_misc":{"\u00c9crit par":"Comptoir National de l'Or","Dur\u00e9e de lecture estim\u00e9e":"1 minute"},"schema":{"@context":"https:\/\/schema.org","@graph":[{"@type":"Article","@id":"https:\/\/www.gold.fr\/news\/2016\/02\/09\/fed-toujours-aussi-data-dependent\/#article","isPartOf":{"@id":"https:\/\/www.gold.fr\/news\/2016\/02\/09\/fed-toujours-aussi-data-dependent\/"},"author":{"name":"Comptoir National de l'Or","@id":"https:\/\/www.gold.fr\/news\/#\/schema\/person\/070491b4b4fb7671bf59b3be20302ce9"},"headline":"FED : Toujours aussi \u2018data dependent\u2019 ?","datePublished":"2016-02-09T16:00:27+00:00","dateModified":"2018-03-16T11:25:59+00:00","mainEntityOfPage":{"@id":"https:\/\/www.gold.fr\/news\/2016\/02\/09\/fed-toujours-aussi-data-dependent\/"},"wordCount":272,"commentCount":0,"image":{"@id":"https:\/\/www.gold.fr\/news\/2016\/02\/09\/fed-toujours-aussi-data-dependent\/#primaryimage"},"thumbnailUrl":"https:\/\/www.gold.fr\/news\/wp-content\/uploads\/2016\/02\/image21.jpeg","keywords":["bourse","chomage","fed","march\u00e9s"],"articleSection":["Articles de presse"],"inLanguage":"fr-FR"},{"@type":"WebPage","@id":"https:\/\/www.gold.fr\/news\/2016\/02\/09\/fed-toujours-aussi-data-dependent\/","url":"https:\/\/www.gold.fr\/news\/2016\/02\/09\/fed-toujours-aussi-data-dependent\/","name":"FED : Toujours aussi \u2018data dependent\u2019 ? - Gold.fr","isPartOf":{"@id":"https:\/\/www.gold.fr\/news\/#website"},"primaryImageOfPage":{"@id":"https:\/\/www.gold.fr\/news\/2016\/02\/09\/fed-toujours-aussi-data-dependent\/#primaryimage"},"image":{"@id":"https:\/\/www.gold.fr\/news\/2016\/02\/09\/fed-toujours-aussi-data-dependent\/#primaryimage"},"thumbnailUrl":"https:\/\/www.gold.fr\/news\/wp-content\/uploads\/2016\/02\/image21.jpeg","datePublished":"2016-02-09T16:00:27+00:00","dateModified":"2018-03-16T11:25:59+00:00","author":{"@id":"https:\/\/www.gold.fr\/news\/#\/schema\/person\/070491b4b4fb7671bf59b3be20302ce9"},"breadcrumb":{"@id":"https:\/\/www.gold.fr\/news\/2016\/02\/09\/fed-toujours-aussi-data-dependent\/#breadcrumb"},"inLanguage":"fr-FR","potentialAction":[{"@type":"ReadAction","target":["https:\/\/www.gold.fr\/news\/2016\/02\/09\/fed-toujours-aussi-data-dependent\/"]}]},{"@type":"ImageObject","inLanguage":"fr-FR","@id":"https:\/\/www.gold.fr\/news\/2016\/02\/09\/fed-toujours-aussi-data-dependent\/#primaryimage","url":"https:\/\/www.gold.fr\/news\/wp-content\/uploads\/2016\/02\/image21.jpeg","contentUrl":"https:\/\/www.gold.fr\/news\/wp-content\/uploads\/2016\/02\/image21.jpeg","width":614,"height":669,"caption":"FED : Toujours aussi \u2018data dependent\u2019 ?"},{"@type":"BreadcrumbList","@id":"https:\/\/www.gold.fr\/news\/2016\/02\/09\/fed-toujours-aussi-data-dependent\/#breadcrumb","itemListElement":[{"@type":"ListItem","position":1,"name":"Accueil","item":"https:\/\/www.gold.fr\/"},{"@type":"ListItem","position":2,"name":"Actualit\u00e9s","item":"https:\/\/www.gold.fr\/news\/"},{"@type":"ListItem","position":3,"name":"FED : Toujours aussi \u2018data dependent\u2019 ?"}]},{"@type":"WebSite","@id":"https:\/\/www.gold.fr\/news\/#website","url":"https:\/\/www.gold.fr\/news\/","name":"Gold.fr","description":"Actualit\u00e9s de l&#039;Or et des m\u00e9taux pr\u00e9cieux","potentialAction":[{"@type":"SearchAction","target":{"@type":"EntryPoint","urlTemplate":"https:\/\/www.gold.fr\/news\/?s={search_term_string}"},"query-input":{"@type":"PropertyValueSpecification","valueRequired":true,"valueName":"search_term_string"}}],"inLanguage":"fr-FR"},{"@type":"Person","@id":"https:\/\/www.gold.fr\/news\/#\/schema\/person\/070491b4b4fb7671bf59b3be20302ce9","name":"Comptoir National de l'Or","image":{"@type":"ImageObject","inLanguage":"fr-FR","@id":"https:\/\/secure.gravatar.com\/avatar\/0a2867fd5abe37bed95d5a65e9d58f01756e11efc68af9888dfc50cfa7f65948?s=96&d=mm&r=gb490554db0a38188709de567aa58480d","url":"https:\/\/secure.gravatar.com\/avatar\/0a2867fd5abe37bed95d5a65e9d58f01756e11efc68af9888dfc50cfa7f65948?s=96&d=mm&r=g","contentUrl":"https:\/\/secure.gravatar.com\/avatar\/0a2867fd5abe37bed95d5a65e9d58f01756e11efc68af9888dfc50cfa7f65948?s=96&d=mm&r=g","caption":"Comptoir National de l'Or"},"description":"Notre r\u00e9daction est constitu\u00e9e de membres experts dans les m\u00e9tiers de l'\u00e9conomie et la gestion, des Responsables d'agence Comptoir National de l'Or, des analystes financiers qui publient r\u00e9guli\u00e8rement des \u00e9tudes sur les politiques des banques centrales, le cours de l'or, prix de l'or, cours de l'argent, prix de l'argent, cours du platine, cours du palladium,... la situation en zone euro et l'impact de la strat\u00e9gie mon\u00e9taire de la FED. Notre \u00e9quipe scrute \u00e9galement une information plus g\u00e9n\u00e9raliste \u00e0 la recherche d'actualit\u00e9 \"p\u00e9pite\" \u00e0 vous partager. Depuis 5 ans, nous avons publi\u00e9 un peu plus de 4000 articles qui s'adressent \u00e0 un public large et vari\u00e9 ayant pour objectif de satisfaire votre curiosit\u00e9 et de partager avec vous une certaine fascination pour le m\u00e9tal jaune, le rachat d'or, et pour ceux qui veulent investir dans l'or, vendre leur or tout simplement en savoir plus... Pour tous vos achat or et argent, n'h\u00e9sitez pas \u00e0 prendre rendez-vous dans l'un de nos nombreux comptoirs.","sameAs":["https:\/\/www.gold.fr"]}]}},"authors":[{"term_id":2565,"user_id":18,"is_guest":0,"slug":"julie","display_name":"Comptoir National de l'Or","avatar_url":"https:\/\/secure.gravatar.com\/avatar\/713f289e398d35ead876c4a4cc08607f0d6d266058cfc25683fffb6092d0e572?s=96&d=mm&r=g","0":null,"1":"","2":"","3":"","4":"","5":"","6":"","7":"","8":""}],"_links":{"self":[{"href":"https:\/\/www.gold.fr\/news\/wp-json\/wp\/v2\/posts\/18775","targetHints":{"allow":["GET"]}}],"collection":[{"href":"https:\/\/www.gold.fr\/news\/wp-json\/wp\/v2\/posts"}],"about":[{"href":"https:\/\/www.gold.fr\/news\/wp-json\/wp\/v2\/types\/post"}],"author":[{"embeddable":true,"href":"https:\/\/www.gold.fr\/news\/wp-json\/wp\/v2\/users\/18"}],"replies":[{"embeddable":true,"href":"https:\/\/www.gold.fr\/news\/wp-json\/wp\/v2\/comments?post=18775"}],"version-history":[{"count":0,"href":"https:\/\/www.gold.fr\/news\/wp-json\/wp\/v2\/posts\/18775\/revisions"}],"wp:featuredmedia":[{"embeddable":true,"href":"https:\/\/www.gold.fr\/news\/wp-json\/wp\/v2\/media\/31648"}],"wp:attachment":[{"href":"https:\/\/www.gold.fr\/news\/wp-json\/wp\/v2\/media?parent=18775"}],"wp:term":[{"taxonomy":"category","embeddable":true,"href":"https:\/\/www.gold.fr\/news\/wp-json\/wp\/v2\/categories?post=18775"},{"taxonomy":"post_tag","embeddable":true,"href":"https:\/\/www.gold.fr\/news\/wp-json\/wp\/v2\/tags?post=18775"},{"taxonomy":"author","embeddable":true,"href":"https:\/\/www.gold.fr\/news\/wp-json\/wp\/v2\/ppma_author?post=18775"}],"curies":[{"name":"wp","href":"https:\/\/api.w.org\/{rel}","templated":true}]}}