{"id":1877,"date":"2011-06-03T08:07:03","date_gmt":"2011-06-03T06:07:03","guid":{"rendered":"https:\/\/www.gold.fr\/informations-sur-l-or\/flash-infos\/le-comptoir-de-toulouse-fete-ses-1-an"},"modified":"2021-01-14T14:44:05","modified_gmt":"2021-01-14T13:44:05","slug":"le-comptoir-de-toulouse-fete-ses-1-an","status":"publish","type":"post","link":"https:\/\/www.gold.fr\/news\/2011\/06\/03\/le-comptoir-de-toulouse-fete-ses-1-an\/","title":{"rendered":"Le Comptoir de Toulouse f\u00eate ses 1 an"},"content":{"rendered":"<p style=\"text-align: justify;\"><a href=\"http:\/\/news.gold.fr\/wp-content\/uploads\/2012\/03\/le-comptoir-national-de-l-o1.jpg\"><img class=\"alignleft size-full wp-image-6248\" title=\"le-comptoir-national-de-l-o\" src=\"http:\/\/news.gold.fr\/wp-content\/uploads\/2012\/03\/le-comptoir-national-de-l-o1.jpg\" alt=\"\" width=\"150\" height=\"97\" align=\"left\" border=\"1\" hspace=\"5\" vspace=\"5\" \/><\/a><span style=\"font-family: Verdana;\">Le <\/span><strong><a href=\"http:\/\/maps.google.fr\/maps\/place?cid=14184263242966550140&amp;q=achat+or+toulouse&amp;hl=fr&amp;sll=43.53427,1.388632&amp;sspn=0.178079,0.152629&amp;ie=UTF8&amp;ll=43.657937,1.049881&amp;spn=0,0&amp;z=11\"><span style=\"font-family: Verdana;\">Comptoir d'achat d'<\/span><\/a><a class=\"esk-seo-plu-link\" href=\"https:\/\/www.gold.fr\/news\/tags\/or\">or<\/a> de Toulouse<\/strong><span style=\"font-family: Verdana;\"> f\u00eate ses 1 an !<\/span><\/p>\r\n<p style=\"text-align: justify;\"><span style=\"font-family: Verdana;\">Situ\u00e9 au 40 rue de r\u00e9musat, l'agence de Toulouse \u00e0 su construire sa notorit\u00e9 \u00e0 travers tout le Sud Ouest, et offre un service de qualit\u00e9 au travers de deux principaux p\u00f4les d'activit\u00e9 :<\/span><\/p>\r\n<p style=\"text-align: justify;\"><\/p>\r\n<p style=\"text-align: justify;\"><span style=\"font-family: Verdana;\">\r\n<\/span><span style=\"font-family: Verdana;\">\r\n<\/span><\/p>\r\n\r\n<ol>\r\n \t<li><span style=\"font-family: Verdana;\"><strong>L'<a class=\"esk-seo-plu-link\" href=\"https:\/\/www.gold.fr\/news\/tags\/or\">or<\/a> investissement<\/strong>, sp\u00e9cialit\u00e9 du Comptoir National de l'<a class=\"esk-seo-plu-link\" href=\"https:\/\/www.gold.fr\/news\/tags\/or\">Or<\/a> depuis 1976, permet aux particuliers comme aux professionnels d'acc\u00e9der au march\u00e9 de l'<a class=\"esk-seo-plu-link\" href=\"https:\/\/www.gold.fr\/news\/tags\/or\">or<\/a> physique. Sous forme de pi\u00e8ces d'<a class=\"esk-seo-plu-link\" href=\"https:\/\/www.gold.fr\/news\/tags\/or\">or<\/a> (essentiellement des napol\u00e9ons <a class=\"esk-seo-plu-link\" href=\"https:\/\/www.gold.fr\/news\/tags\/or\">or<\/a> ou des croix suisses) ou des <a class=\"esk-seo-plu-link\" href=\"https:\/\/www.gold.fr\/news\/tags\/lingot-dor\">lingots d'or<\/a> allant de 1 kilo \u00e0 de plus petites tailles pour les <a class=\"esk-seo-plu-link\" href=\"https:\/\/www.gold.fr\/news\/tags\/lingot-dor\">lingotins<\/a> (de 50g \u00e0 500g), l'<a class=\"esk-seo-plu-link\" href=\"https:\/\/www.gold.fr\/news\/tags\/or\">or<\/a> est facilement accessible pour qui veut investir dans le m\u00e9tal jaune.<\/span><\/li>\r\n \t<li><span style=\"font-family: Verdana;\"><strong>Le rachat d'<a class=\"esk-seo-plu-link\" href=\"https:\/\/www.gold.fr\/news\/tags\/or\">or<\/a> <\/strong>se fait \u00e9galement pour le compte des particuliers qui peuvent vendre leur <a class=\"esk-seo-plu-link\" href=\"https:\/\/www.gold.fr\/news\/tags\/or\">or<\/a> apr\u00e8s expertise gratuite. Nous valorisons les objets en m\u00e9tal pr\u00e9cieux et faisons une offre de rachat qui, apr\u00e8s acceptation, se finalise par un paiement imm\u00e9diat. Nous rachetons tous types d'objets (<a class=\"esk-seo-plu-link\" href=\"https:\/\/www.gold.fr\/news\/tags\/bijoux-or\">bijoux or<\/a>, <a class=\"esk-seo-plu-link\" href=\"https:\/\/www.gold.fr\/news\/tags\/or\">or<\/a> dentaire, pi\u00e8ces d'<a class=\"esk-seo-plu-link\" href=\"https:\/\/www.gold.fr\/news\/tags\/or\">or<\/a>, <a class=\"esk-seo-plu-link\" href=\"https:\/\/www.gold.fr\/news\/tags\/bijoux-or\">bagues<\/a>, colliers, bracelets, et tous types de d\u00e9chets).<\/span><\/li>\r\n<\/ol>\r\n<p style=\"text-align: justify;\"><span style=\"font-family: Verdana;\">L'anniversaire du <strong>comptoir d'achat de Toulouse<\/strong> est symbolique et intervient dans un contexte de d\u00e9veloppement acc\u00e9l\u00e9r\u00e9 du r\u00e9seau National qui compte aujourd'hui 14 agences en France.<\/span><\/p>\r\n<p style=\"text-align: justify;\"><span style=\"font-family: Verdana;\">Enfin, le r\u00e9cent d\u00e9m\u00e9nagement dans de nouveaux locaux au 40 rue de r\u00e9musat satisfont d\u00e9sormais le plus grand nombre.<\/span><\/p>","protected":false},"excerpt":{"rendered":"<p>Le Comptoir d&rsquo;achat d&rsquo;or de Toulouse f\u00eate ses 1 an !<br \/>\nSitu\u00e9 au 40 rue de r\u00e9musat, l&rsquo;agence de Toulouse \u00e0 su construire sa notorit\u00e9 \u00e0 travers tout le Sud Ouest, et offre un service de qualit\u00e9 au travers de deux principaux p\u00f4les d&rsquo;activit\u00e9 :<\/p>\n<p> &#8230;<\/p>\n","protected":false},"author":6,"featured_media":6251,"comment_status":"closed","ping_status":"closed","sticky":false,"template":"","format":"standard","meta":{"_mbp_gutenberg_autopost":false,"_pgmb_is_evergreen":false,"_pgmb_ap_template_id":0,"footnotes":""},"categories":[5],"tags":[115,377,76,266,174],"ppma_author":[2567],"class_list":["post-1877","post","type-post","status-publish","format-standard","has-post-thumbnail","hentry","category-flash-infos","tag-comptoir-national-de-lor","tag-comptoir-national-de-lor-toulouse","tag-or","tag-toulouse","tag-_toulouse_footer_"],"yoast_head":"<!-- This site is optimized with the Yoast SEO plugin v27.5 - https:\/\/yoast.com\/product\/yoast-seo-wordpress\/ -->\n<title>Le Comptoir de Toulouse f\u00eate ses 1 an - Gold.fr<\/title>\n<meta name=\"description\" content=\"Situ\u00e9 au 40 rue de r\u00e9musat, l&#039;agence de Toulouse \u00e0 su construire sa notorit\u00e9 \u00e0 travers tout le Sud Ouest L&#039;or investissement, rachat d&#039;or\" \/>\n<meta name=\"robots\" content=\"index, follow, max-snippet:-1, max-image-preview:large, max-video-preview:-1\" \/>\n<link rel=\"canonical\" href=\"https:\/\/www.gold.fr\/news\/2011\/06\/03\/le-comptoir-de-toulouse-fete-ses-1-an\/\" \/>\n<meta property=\"og:locale\" content=\"fr_FR\" \/>\n<meta property=\"og:type\" content=\"article\" \/>\n<meta property=\"og:title\" content=\"Le Comptoir de Toulouse f\u00eate ses 1 an - Gold.fr\" \/>\n<meta property=\"og:description\" content=\"Situ\u00e9 au 40 rue de r\u00e9musat, l&#039;agence de Toulouse \u00e0 su construire sa notorit\u00e9 \u00e0 travers tout le Sud Ouest L&#039;or investissement, rachat d&#039;or\" \/>\n<meta property=\"og:url\" content=\"https:\/\/www.gold.fr\/news\/2011\/06\/03\/le-comptoir-de-toulouse-fete-ses-1-an\/\" \/>\n<meta property=\"og:site_name\" content=\"Gold.fr\" \/>\n<meta property=\"article:publisher\" content=\"https:\/\/www.facebook.com\/Goldfr\/\" \/>\n<meta property=\"article:published_time\" content=\"2011-06-03T06:07:03+00:00\" \/>\n<meta property=\"article:modified_time\" content=\"2021-01-14T13:44:05+00:00\" \/>\n<meta property=\"og:image\" content=\"https:\/\/www.gold.fr\/news\/wp-content\/uploads\/2012\/03\/le-comptoir-national-de-l-o2.jpg\" \/>\n\t<meta property=\"og:image:width\" content=\"600\" \/>\n\t<meta property=\"og:image:height\" content=\"400\" \/>\n\t<meta property=\"og:image:type\" content=\"image\/jpeg\" \/>\n<meta name=\"author\" content=\"Laurent Schwartz\" \/>\n<meta name=\"twitter:card\" content=\"summary_large_image\" \/>\n<meta name=\"twitter:label1\" content=\"\u00c9crit par\" \/>\n\t<meta name=\"twitter:data1\" content=\"Laurent Schwartz\" \/>\n\t<meta name=\"twitter:label2\" content=\"Dur\u00e9e de lecture estim\u00e9e\" \/>\n\t<meta name=\"twitter:data2\" content=\"1 minute\" \/>\n<script type=\"application\/ld+json\" class=\"yoast-schema-graph\">{\"@context\":\"https:\\\/\\\/schema.org\",\"@graph\":[{\"@type\":\"Article\",\"@id\":\"https:\\\/\\\/www.gold.fr\\\/news\\\/2011\\\/06\\\/03\\\/le-comptoir-de-toulouse-fete-ses-1-an\\\/#article\",\"isPartOf\":{\"@id\":\"https:\\\/\\\/www.gold.fr\\\/news\\\/2011\\\/06\\\/03\\\/le-comptoir-de-toulouse-fete-ses-1-an\\\/\"},\"author\":{\"name\":\"Laurent Schwartz\",\"@id\":\"https:\\\/\\\/www.gold.fr\\\/news\\\/#\\\/schema\\\/person\\\/4ed91d9a70d8f3a313c26e8308214fc2\"},\"headline\":\"Le Comptoir de Toulouse f\u00eate ses 1 an\",\"datePublished\":\"2011-06-03T06:07:03+00:00\",\"dateModified\":\"2021-01-14T13:44:05+00:00\",\"mainEntityOfPage\":{\"@id\":\"https:\\\/\\\/www.gold.fr\\\/news\\\/2011\\\/06\\\/03\\\/le-comptoir-de-toulouse-fete-ses-1-an\\\/\"},\"wordCount\":254,\"image\":{\"@id\":\"https:\\\/\\\/www.gold.fr\\\/news\\\/2011\\\/06\\\/03\\\/le-comptoir-de-toulouse-fete-ses-1-an\\\/#primaryimage\"},\"thumbnailUrl\":\"https:\\\/\\\/www.gold.fr\\\/news\\\/wp-content\\\/uploads\\\/2012\\\/03\\\/le-comptoir-national-de-l-o2.jpg\",\"keywords\":[\"Comptoir National de l'Or\",\"Comptoir National de l'Or Toulouse\",\"Or\",\"toulouse\",\"_Toulouse_Footer_\"],\"articleSection\":[\"Flash infos\"],\"inLanguage\":\"fr-FR\"},{\"@type\":\"WebPage\",\"@id\":\"https:\\\/\\\/www.gold.fr\\\/news\\\/2011\\\/06\\\/03\\\/le-comptoir-de-toulouse-fete-ses-1-an\\\/\",\"url\":\"https:\\\/\\\/www.gold.fr\\\/news\\\/2011\\\/06\\\/03\\\/le-comptoir-de-toulouse-fete-ses-1-an\\\/\",\"name\":\"Le Comptoir de Toulouse f\u00eate ses 1 an - Gold.fr\",\"isPartOf\":{\"@id\":\"https:\\\/\\\/www.gold.fr\\\/news\\\/#website\"},\"primaryImageOfPage\":{\"@id\":\"https:\\\/\\\/www.gold.fr\\\/news\\\/2011\\\/06\\\/03\\\/le-comptoir-de-toulouse-fete-ses-1-an\\\/#primaryimage\"},\"image\":{\"@id\":\"https:\\\/\\\/www.gold.fr\\\/news\\\/2011\\\/06\\\/03\\\/le-comptoir-de-toulouse-fete-ses-1-an\\\/#primaryimage\"},\"thumbnailUrl\":\"https:\\\/\\\/www.gold.fr\\\/news\\\/wp-content\\\/uploads\\\/2012\\\/03\\\/le-comptoir-national-de-l-o2.jpg\",\"datePublished\":\"2011-06-03T06:07:03+00:00\",\"dateModified\":\"2021-01-14T13:44:05+00:00\",\"author\":{\"@id\":\"https:\\\/\\\/www.gold.fr\\\/news\\\/#\\\/schema\\\/person\\\/4ed91d9a70d8f3a313c26e8308214fc2\"},\"description\":\"Situ\u00e9 au 40 rue de r\u00e9musat, l'agence de Toulouse \u00e0 su construire sa notorit\u00e9 \u00e0 travers tout le Sud Ouest L'or investissement, rachat d'or\",\"breadcrumb\":{\"@id\":\"https:\\\/\\\/www.gold.fr\\\/news\\\/2011\\\/06\\\/03\\\/le-comptoir-de-toulouse-fete-ses-1-an\\\/#breadcrumb\"},\"inLanguage\":\"fr-FR\",\"potentialAction\":[{\"@type\":\"ReadAction\",\"target\":[\"https:\\\/\\\/www.gold.fr\\\/news\\\/2011\\\/06\\\/03\\\/le-comptoir-de-toulouse-fete-ses-1-an\\\/\"]}]},{\"@type\":\"ImageObject\",\"inLanguage\":\"fr-FR\",\"@id\":\"https:\\\/\\\/www.gold.fr\\\/news\\\/2011\\\/06\\\/03\\\/le-comptoir-de-toulouse-fete-ses-1-an\\\/#primaryimage\",\"url\":\"https:\\\/\\\/www.gold.fr\\\/news\\\/wp-content\\\/uploads\\\/2012\\\/03\\\/le-comptoir-national-de-l-o2.jpg\",\"contentUrl\":\"https:\\\/\\\/www.gold.fr\\\/news\\\/wp-content\\\/uploads\\\/2012\\\/03\\\/le-comptoir-national-de-l-o2.jpg\",\"width\":\"600\",\"height\":\"400\",\"caption\":\"le-comptoir-national-de-l-o\"},{\"@type\":\"BreadcrumbList\",\"@id\":\"https:\\\/\\\/www.gold.fr\\\/news\\\/2011\\\/06\\\/03\\\/le-comptoir-de-toulouse-fete-ses-1-an\\\/#breadcrumb\",\"itemListElement\":[{\"@type\":\"ListItem\",\"position\":1,\"name\":\"Accueil\",\"item\":\"https:\\\/\\\/www.gold.fr\\\/\"},{\"@type\":\"ListItem\",\"position\":2,\"name\":\"Actualit\u00e9s\",\"item\":\"https:\\\/\\\/www.gold.fr\\\/news\\\/\"},{\"@type\":\"ListItem\",\"position\":3,\"name\":\"Le Comptoir de Toulouse f\u00eate ses 1 an\"}]},{\"@type\":\"WebSite\",\"@id\":\"https:\\\/\\\/www.gold.fr\\\/news\\\/#website\",\"url\":\"https:\\\/\\\/www.gold.fr\\\/news\\\/\",\"name\":\"Gold.fr\",\"description\":\"Actualit\u00e9s de l&#039;Or et des m\u00e9taux pr\u00e9cieux\",\"potentialAction\":[{\"@type\":\"SearchAction\",\"target\":{\"@type\":\"EntryPoint\",\"urlTemplate\":\"https:\\\/\\\/www.gold.fr\\\/news\\\/?s={search_term_string}\"},\"query-input\":{\"@type\":\"PropertyValueSpecification\",\"valueRequired\":true,\"valueName\":\"search_term_string\"}}],\"inLanguage\":\"fr-FR\"},{\"@type\":\"Person\",\"@id\":\"https:\\\/\\\/www.gold.fr\\\/news\\\/#\\\/schema\\\/person\\\/4ed91d9a70d8f3a313c26e8308214fc2\",\"name\":\"Laurent Schwartz\",\"image\":{\"@type\":\"ImageObject\",\"inLanguage\":\"fr-FR\",\"@id\":\"https:\\\/\\\/secure.gravatar.com\\\/avatar\\\/1496f846049365121827f5470219486f1a95f83957cc8ca0a9595e40c185f5ee?s=96&d=mm&r=g76f0e87c9ba82a161860a0fc16990d85\",\"url\":\"https:\\\/\\\/secure.gravatar.com\\\/avatar\\\/1496f846049365121827f5470219486f1a95f83957cc8ca0a9595e40c185f5ee?s=96&d=mm&r=g\",\"contentUrl\":\"https:\\\/\\\/secure.gravatar.com\\\/avatar\\\/1496f846049365121827f5470219486f1a95f83957cc8ca0a9595e40c185f5ee?s=96&d=mm&r=g\",\"caption\":\"Laurent Schwartz\"},\"description\":\"Dipl\u00f4m\u00e9 de l\u2019EDHEC Business School en 2005, Laurent SCHWARTZ int\u00e8gre le cabinet d\u2019audit ERNST &amp; YOUNG en 2005 o\u00f9 il travaille pendant 4 ans. Parall\u00e8lement, il travaille au sein de l\u2019entreprise familiale cr\u00e9\u00e9e en 1976 \u00e0 Strasbourg. Fort de cette exp\u00e9rience et du savoir-faire d\u00e9velopp\u00e9 durant ces 40 derni\u00e8res ann\u00e9es, Laurent proc\u00e8de \u00e0 la refonte du site Internet Gold.fr d\u00e9di\u00e9 \u00e0 l\u2019achat d'or, vente d\u2019or (pi\u00e8ces, lingots, ...), achat or et argent,... qui conna\u00eetra un franc succ\u00e8s d\u00e8s son d\u00e9marrage en 2008. Il d\u00e9cide alors de d\u00e9velopper un r\u00e9seau de concessions exclusives: Le Comptoir National de l\u2019Or. Il assure d\u00e9sormais le pilotage strat\u00e9gique du 1er r\u00e9seau de France qui compte aujourd\u2019hui pas loin de 60 agences r\u00e9parties dans toute la France et depuis peu en Allemagne (Breisach). Le Comptoir National de l\u2019Or se positionne aujourd\u2019hui comme le leader incontournable sur le march\u00e9 de l\u2019Or et des m\u00e9taux pr\u00e9cieux en France.\",\"sameAs\":[\"https:\\\/\\\/www.gold.fr\",\"https:\\\/\\\/www.linkedin.com\\\/in\\\/acheteror\\\/\"]}]}<\/script>\n<!-- \/ Yoast SEO plugin. -->","yoast_head_json":{"title":"Le Comptoir de Toulouse f\u00eate ses 1 an - Gold.fr","description":"Situ\u00e9 au 40 rue de r\u00e9musat, l'agence de Toulouse \u00e0 su construire sa notorit\u00e9 \u00e0 travers tout le Sud Ouest L'or investissement, rachat d'or","robots":{"index":"index","follow":"follow","max-snippet":"max-snippet:-1","max-image-preview":"max-image-preview:large","max-video-preview":"max-video-preview:-1"},"canonical":"https:\/\/www.gold.fr\/news\/2011\/06\/03\/le-comptoir-de-toulouse-fete-ses-1-an\/","og_locale":"fr_FR","og_type":"article","og_title":"Le Comptoir de Toulouse f\u00eate ses 1 an - Gold.fr","og_description":"Situ\u00e9 au 40 rue de r\u00e9musat, l'agence de Toulouse \u00e0 su construire sa notorit\u00e9 \u00e0 travers tout le Sud Ouest L'or investissement, rachat d'or","og_url":"https:\/\/www.gold.fr\/news\/2011\/06\/03\/le-comptoir-de-toulouse-fete-ses-1-an\/","og_site_name":"Gold.fr","article_publisher":"https:\/\/www.facebook.com\/Goldfr\/","article_published_time":"2011-06-03T06:07:03+00:00","article_modified_time":"2021-01-14T13:44:05+00:00","og_image":[{"width":600,"height":400,"url":"https:\/\/www.gold.fr\/news\/wp-content\/uploads\/2012\/03\/le-comptoir-national-de-l-o2.jpg","type":"image\/jpeg"}],"author":"Laurent Schwartz","twitter_card":"summary_large_image","twitter_misc":{"\u00c9crit par":"Laurent Schwartz","Dur\u00e9e de lecture estim\u00e9e":"1 minute"},"schema":{"@context":"https:\/\/schema.org","@graph":[{"@type":"Article","@id":"https:\/\/www.gold.fr\/news\/2011\/06\/03\/le-comptoir-de-toulouse-fete-ses-1-an\/#article","isPartOf":{"@id":"https:\/\/www.gold.fr\/news\/2011\/06\/03\/le-comptoir-de-toulouse-fete-ses-1-an\/"},"author":{"name":"Laurent Schwartz","@id":"https:\/\/www.gold.fr\/news\/#\/schema\/person\/4ed91d9a70d8f3a313c26e8308214fc2"},"headline":"Le Comptoir de Toulouse f\u00eate ses 1 an","datePublished":"2011-06-03T06:07:03+00:00","dateModified":"2021-01-14T13:44:05+00:00","mainEntityOfPage":{"@id":"https:\/\/www.gold.fr\/news\/2011\/06\/03\/le-comptoir-de-toulouse-fete-ses-1-an\/"},"wordCount":254,"image":{"@id":"https:\/\/www.gold.fr\/news\/2011\/06\/03\/le-comptoir-de-toulouse-fete-ses-1-an\/#primaryimage"},"thumbnailUrl":"https:\/\/www.gold.fr\/news\/wp-content\/uploads\/2012\/03\/le-comptoir-national-de-l-o2.jpg","keywords":["Comptoir National de l'Or","Comptoir National de l'Or Toulouse","Or","toulouse","_Toulouse_Footer_"],"articleSection":["Flash infos"],"inLanguage":"fr-FR"},{"@type":"WebPage","@id":"https:\/\/www.gold.fr\/news\/2011\/06\/03\/le-comptoir-de-toulouse-fete-ses-1-an\/","url":"https:\/\/www.gold.fr\/news\/2011\/06\/03\/le-comptoir-de-toulouse-fete-ses-1-an\/","name":"Le Comptoir de Toulouse f\u00eate ses 1 an - Gold.fr","isPartOf":{"@id":"https:\/\/www.gold.fr\/news\/#website"},"primaryImageOfPage":{"@id":"https:\/\/www.gold.fr\/news\/2011\/06\/03\/le-comptoir-de-toulouse-fete-ses-1-an\/#primaryimage"},"image":{"@id":"https:\/\/www.gold.fr\/news\/2011\/06\/03\/le-comptoir-de-toulouse-fete-ses-1-an\/#primaryimage"},"thumbnailUrl":"https:\/\/www.gold.fr\/news\/wp-content\/uploads\/2012\/03\/le-comptoir-national-de-l-o2.jpg","datePublished":"2011-06-03T06:07:03+00:00","dateModified":"2021-01-14T13:44:05+00:00","author":{"@id":"https:\/\/www.gold.fr\/news\/#\/schema\/person\/4ed91d9a70d8f3a313c26e8308214fc2"},"description":"Situ\u00e9 au 40 rue de r\u00e9musat, l'agence de Toulouse \u00e0 su construire sa notorit\u00e9 \u00e0 travers tout le Sud Ouest L'or investissement, rachat d'or","breadcrumb":{"@id":"https:\/\/www.gold.fr\/news\/2011\/06\/03\/le-comptoir-de-toulouse-fete-ses-1-an\/#breadcrumb"},"inLanguage":"fr-FR","potentialAction":[{"@type":"ReadAction","target":["https:\/\/www.gold.fr\/news\/2011\/06\/03\/le-comptoir-de-toulouse-fete-ses-1-an\/"]}]},{"@type":"ImageObject","inLanguage":"fr-FR","@id":"https:\/\/www.gold.fr\/news\/2011\/06\/03\/le-comptoir-de-toulouse-fete-ses-1-an\/#primaryimage","url":"https:\/\/www.gold.fr\/news\/wp-content\/uploads\/2012\/03\/le-comptoir-national-de-l-o2.jpg","contentUrl":"https:\/\/www.gold.fr\/news\/wp-content\/uploads\/2012\/03\/le-comptoir-national-de-l-o2.jpg","width":"600","height":"400","caption":"le-comptoir-national-de-l-o"},{"@type":"BreadcrumbList","@id":"https:\/\/www.gold.fr\/news\/2011\/06\/03\/le-comptoir-de-toulouse-fete-ses-1-an\/#breadcrumb","itemListElement":[{"@type":"ListItem","position":1,"name":"Accueil","item":"https:\/\/www.gold.fr\/"},{"@type":"ListItem","position":2,"name":"Actualit\u00e9s","item":"https:\/\/www.gold.fr\/news\/"},{"@type":"ListItem","position":3,"name":"Le Comptoir de Toulouse f\u00eate ses 1 an"}]},{"@type":"WebSite","@id":"https:\/\/www.gold.fr\/news\/#website","url":"https:\/\/www.gold.fr\/news\/","name":"Gold.fr","description":"Actualit\u00e9s de l&#039;Or et des m\u00e9taux pr\u00e9cieux","potentialAction":[{"@type":"SearchAction","target":{"@type":"EntryPoint","urlTemplate":"https:\/\/www.gold.fr\/news\/?s={search_term_string}"},"query-input":{"@type":"PropertyValueSpecification","valueRequired":true,"valueName":"search_term_string"}}],"inLanguage":"fr-FR"},{"@type":"Person","@id":"https:\/\/www.gold.fr\/news\/#\/schema\/person\/4ed91d9a70d8f3a313c26e8308214fc2","name":"Laurent Schwartz","image":{"@type":"ImageObject","inLanguage":"fr-FR","@id":"https:\/\/secure.gravatar.com\/avatar\/1496f846049365121827f5470219486f1a95f83957cc8ca0a9595e40c185f5ee?s=96&d=mm&r=g76f0e87c9ba82a161860a0fc16990d85","url":"https:\/\/secure.gravatar.com\/avatar\/1496f846049365121827f5470219486f1a95f83957cc8ca0a9595e40c185f5ee?s=96&d=mm&r=g","contentUrl":"https:\/\/secure.gravatar.com\/avatar\/1496f846049365121827f5470219486f1a95f83957cc8ca0a9595e40c185f5ee?s=96&d=mm&r=g","caption":"Laurent Schwartz"},"description":"Dipl\u00f4m\u00e9 de l\u2019EDHEC Business School en 2005, Laurent SCHWARTZ int\u00e8gre le cabinet d\u2019audit ERNST &amp; YOUNG en 2005 o\u00f9 il travaille pendant 4 ans. Parall\u00e8lement, il travaille au sein de l\u2019entreprise familiale cr\u00e9\u00e9e en 1976 \u00e0 Strasbourg. Fort de cette exp\u00e9rience et du savoir-faire d\u00e9velopp\u00e9 durant ces 40 derni\u00e8res ann\u00e9es, Laurent proc\u00e8de \u00e0 la refonte du site Internet Gold.fr d\u00e9di\u00e9 \u00e0 l\u2019achat d'or, vente d\u2019or (pi\u00e8ces, lingots, ...), achat or et argent,... qui conna\u00eetra un franc succ\u00e8s d\u00e8s son d\u00e9marrage en 2008. Il d\u00e9cide alors de d\u00e9velopper un r\u00e9seau de concessions exclusives: Le Comptoir National de l\u2019Or. Il assure d\u00e9sormais le pilotage strat\u00e9gique du 1er r\u00e9seau de France qui compte aujourd\u2019hui pas loin de 60 agences r\u00e9parties dans toute la France et depuis peu en Allemagne (Breisach). Le Comptoir National de l\u2019Or se positionne aujourd\u2019hui comme le leader incontournable sur le march\u00e9 de l\u2019Or et des m\u00e9taux pr\u00e9cieux en France.","sameAs":["https:\/\/www.gold.fr","https:\/\/www.linkedin.com\/in\/acheteror\/"]}]}},"authors":[{"term_id":2567,"user_id":6,"is_guest":0,"slug":"laurent","display_name":"Laurent Schwartz","avatar_url":"https:\/\/secure.gravatar.com\/avatar\/1496f846049365121827f5470219486f1a95f83957cc8ca0a9595e40c185f5ee?s=96&d=mm&r=g","0":null,"1":"","2":"","3":"","4":"","5":"","6":"","7":"","8":""}],"_links":{"self":[{"href":"https:\/\/www.gold.fr\/news\/wp-json\/wp\/v2\/posts\/1877","targetHints":{"allow":["GET"]}}],"collection":[{"href":"https:\/\/www.gold.fr\/news\/wp-json\/wp\/v2\/posts"}],"about":[{"href":"https:\/\/www.gold.fr\/news\/wp-json\/wp\/v2\/types\/post"}],"author":[{"embeddable":true,"href":"https:\/\/www.gold.fr\/news\/wp-json\/wp\/v2\/users\/6"}],"replies":[{"embeddable":true,"href":"https:\/\/www.gold.fr\/news\/wp-json\/wp\/v2\/comments?post=1877"}],"version-history":[{"count":0,"href":"https:\/\/www.gold.fr\/news\/wp-json\/wp\/v2\/posts\/1877\/revisions"}],"wp:featuredmedia":[{"embeddable":true,"href":"https:\/\/www.gold.fr\/news\/wp-json\/wp\/v2\/media\/6251"}],"wp:attachment":[{"href":"https:\/\/www.gold.fr\/news\/wp-json\/wp\/v2\/media?parent=1877"}],"wp:term":[{"taxonomy":"category","embeddable":true,"href":"https:\/\/www.gold.fr\/news\/wp-json\/wp\/v2\/categories?post=1877"},{"taxonomy":"post_tag","embeddable":true,"href":"https:\/\/www.gold.fr\/news\/wp-json\/wp\/v2\/tags?post=1877"},{"taxonomy":"author","embeddable":true,"href":"https:\/\/www.gold.fr\/news\/wp-json\/wp\/v2\/ppma_author?post=1877"}],"curies":[{"name":"wp","href":"https:\/\/api.w.org\/{rel}","templated":true}]}}