{"id":18755,"date":"2016-02-04T17:00:09","date_gmt":"2016-02-04T16:00:09","guid":{"rendered":"https:\/\/www.gold.fr\/news\/?p=18755"},"modified":"2018-03-16T11:51:32","modified_gmt":"2018-03-16T10:51:32","slug":"lonce-a-son-sommet-trimestriel","status":"publish","type":"post","link":"https:\/\/www.gold.fr\/news\/2016\/02\/04\/lonce-a-son-sommet-trimestriel\/","title":{"rendered":"L\u2019once \u00e0 son sommet trimestriel"},"content":{"rendered":"<p><span style=\"font-size: small;\"><img loading=\"lazy\" decoding=\"async\" class=\"alignleft wp-image-31634 size-thumbnail\" title=\"L\u2019once \u00e0 son sommet trimestriel\" src=\"https:\/\/www.gold.fr\/news\/wp-content\/uploads\/2016\/02\/cours-de-lor4-e1356784796440-150x150.jpg\" alt=\"L\u2019once \u00e0 son sommet trimestriel\" width=\"150\" height=\"150\" \/>Entre des r\u00e9sultats macro\u00e9conomiques am\u00e9ricains tr\u00e8s mitig\u00e9s, des bourses europ\u00e9ennes \u00e0 la d\u00e9rive, un p\u00e9trole en \u00e9volution yo-yo et les banques centrales sous les feux des projecteurs, le <a class=\"esk-seo-plu-link\" href=\"https:\/\/www.gold.fr\/news\/tags\/or\">m\u00e9tal jaune<\/a> r\u00e9ussit enfin \u00e0 explorer le potentiel haussier qui peinait, depuis des mois, \u00e0 s&rsquo;imposer.<\/span><\/p>\n<p><span style=\"font-size: small;\"> Outre tous les facteurs favorables d\u00e9j\u00e0 cit\u00e9s, la r\u00e9cente envol\u00e9e de l&rsquo;encours de lingots adoss\u00e9 au <strong>SPDR Gold Shares<\/strong> am\u00e9ricain a aussi largement contribu\u00e9 \u00e0 ce solide rebond du <a class=\"esk-seo-plu-link\" href=\"https:\/\/www.gold.fr\/news\/tags\/or\">m\u00e9tal jaune<\/a>. Les investisseurs ont en effet recours \u00e0 ces ETF (Exchange <strong>Traded Fund<\/strong>, traduits par \u2018fonds n\u00e9goci\u00e9 en Bourse&rsquo;) afin de \u00ab <em>s&rsquo;exposer aux variations du cours du <a class=\"esk-seo-plu-link\" href=\"https:\/\/www.gold.fr\/news\/tags\/or\">m\u00e9tal jaune<\/a> sans avoir \u00e0 prendre physiquement livraison du m\u00e9tal<\/em> \u00bb.<\/span><\/p>\n<p><span style=\"font-size: small;\">Par ailleurs, il faut \u00e9galement rappeler que les r\u00e9percussions de la d\u00e9cision <strong>FOMC<\/strong> de d\u00e9cembre dernier ne cessent de renforcer les positions haussi\u00e8res de l&rsquo;<a class=\"esk-seo-plu-link\" href=\"https:\/\/www.gold.fr\/news\/tags\/or\">or<\/a>. La r\u00e9serve f\u00e9d\u00e9rale am\u00e9ricaine avait en effet annonc\u00e9 son intention de relever ses taux courts, une grande premi\u00e8re, depuis 2006. Du coup, les observateurs notent que \u00ab<em> apr\u00e8s avoir culmin\u00e9 vers 2,30% fin d\u00e9cembre dernier, (\u2026) le voil\u00e0 revenu \u00e0 1,88%<\/em> \u00bb, profitant ainsi au <a class=\"esk-seo-plu-link\" href=\"https:\/\/www.gold.fr\/news\/tags\/or\">m\u00e9tal jaune<\/a> qui demeure particuli\u00e8rement \u00ab <em>sensible \u00e0 l&rsquo;\u00e9volution de l&rsquo;\u00e9cart s\u00e9parant sa r\u00e9mun\u00e9ration (0% donc) de celle des produits de taux<\/em> \u00bb.<\/span><\/p>\n<p><span style=\"font-size: small;\">Sur le plan technique, les experts estiment que le march\u00e9 aurif\u00e8re boursier est sur le point de n\u00e9gocier un tournant majeur, soulignant que \u00ab<em> la moyenne mobile \u00e0 200 jours, important indicateur technique pour d\u00e9partager les tendances de long terme<\/em> \u00bb, se trouve autour des <strong>1 130 dollars<\/strong>.<\/span><\/p>\n<!-- AddThis Advanced Settings generic via filter on the_content --><!-- AddThis Share Buttons generic via filter on the_content -->","protected":false},"excerpt":{"rendered":"<p>Entre des r\u00e9sultats macro\u00e9conomiques am\u00e9ricains tr\u00e8s mitig\u00e9s, des bourses europ\u00e9ennes \u00e0 la d\u00e9rive, un p\u00e9trole en \u00e9volution yo-yo et les banques centrales sous les feux des projecteurs, le m\u00e9tal jaune r\u00e9ussit enfin \u00e0 explorer le potentiel [&hellip;]<\/p>\n","protected":false},"author":18,"featured_media":31634,"comment_status":"open","ping_status":"open","sticky":false,"template":"","format":"standard","meta":{"_mbp_gutenberg_autopost":false,"_pgmb_is_evergreen":false,"_pgmb_ap_template_id":0,"footnotes":""},"categories":[6],"tags":[1188,1034,684],"ppma_author":[2565],"class_list":["post-18755","post","type-post","status-publish","format-standard","has-post-thumbnail","hentry","category-articles-de-presse","tag-bourse","tag-fomc","tag-lingots"],"yoast_head":"<!-- This site is optimized with the Yoast SEO plugin v27.5 - https:\/\/yoast.com\/product\/yoast-seo-wordpress\/ -->\n<title>L\u2019once \u00e0 son sommet trimestriel - Gold.fr<\/title>\n<meta name=\"robots\" content=\"index, follow, max-snippet:-1, max-image-preview:large, max-video-preview:-1\" \/>\n<link rel=\"canonical\" href=\"https:\/\/www.gold.fr\/news\/2016\/02\/04\/lonce-a-son-sommet-trimestriel\/\" \/>\n<meta property=\"og:locale\" content=\"fr_FR\" \/>\n<meta property=\"og:type\" content=\"article\" \/>\n<meta property=\"og:title\" content=\"L\u2019once \u00e0 son sommet trimestriel - Gold.fr\" \/>\n<meta property=\"og:description\" content=\"Entre des r\u00e9sultats macro\u00e9conomiques am\u00e9ricains tr\u00e8s mitig\u00e9s, des bourses europ\u00e9ennes \u00e0 la d\u00e9rive, un p\u00e9trole en \u00e9volution yo-yo et les banques centrales sous les feux des projecteurs, le m\u00e9tal jaune r\u00e9ussit enfin \u00e0 explorer le potentiel [&hellip;]\" \/>\n<meta property=\"og:url\" content=\"https:\/\/www.gold.fr\/news\/2016\/02\/04\/lonce-a-son-sommet-trimestriel\/\" \/>\n<meta property=\"og:site_name\" content=\"Gold.fr\" \/>\n<meta property=\"article:publisher\" content=\"https:\/\/www.facebook.com\/Goldfr\/\" \/>\n<meta property=\"article:published_time\" content=\"2016-02-04T16:00:09+00:00\" \/>\n<meta property=\"article:modified_time\" content=\"2018-03-16T10:51:32+00:00\" \/>\n<meta property=\"og:image\" content=\"https:\/\/www.gold.fr\/news\/wp-content\/uploads\/2016\/02\/cours-de-lor4-e1356784796440.jpg\" \/>\n\t<meta property=\"og:image:width\" content=\"600\" \/>\n\t<meta property=\"og:image:height\" content=\"405\" \/>\n\t<meta property=\"og:image:type\" content=\"image\/jpeg\" \/>\n<meta name=\"author\" content=\"Comptoir National de l&#039;Or\" \/>\n<meta name=\"twitter:card\" content=\"summary_large_image\" \/>\n<meta name=\"twitter:label1\" content=\"\u00c9crit par\" \/>\n\t<meta name=\"twitter:data1\" content=\"Comptoir National de l&#039;Or\" \/>\n\t<meta name=\"twitter:label2\" content=\"Dur\u00e9e de lecture estim\u00e9e\" \/>\n\t<meta name=\"twitter:data2\" content=\"1 minute\" \/>\n<script type=\"application\/ld+json\" class=\"yoast-schema-graph\">{\"@context\":\"https:\\\/\\\/schema.org\",\"@graph\":[{\"@type\":\"Article\",\"@id\":\"https:\\\/\\\/www.gold.fr\\\/news\\\/2016\\\/02\\\/04\\\/lonce-a-son-sommet-trimestriel\\\/#article\",\"isPartOf\":{\"@id\":\"https:\\\/\\\/www.gold.fr\\\/news\\\/2016\\\/02\\\/04\\\/lonce-a-son-sommet-trimestriel\\\/\"},\"author\":{\"name\":\"Comptoir National de l'Or\",\"@id\":\"https:\\\/\\\/www.gold.fr\\\/news\\\/#\\\/schema\\\/person\\\/070491b4b4fb7671bf59b3be20302ce9\"},\"headline\":\"L\u2019once \u00e0 son sommet trimestriel\",\"datePublished\":\"2016-02-04T16:00:09+00:00\",\"dateModified\":\"2018-03-16T10:51:32+00:00\",\"mainEntityOfPage\":{\"@id\":\"https:\\\/\\\/www.gold.fr\\\/news\\\/2016\\\/02\\\/04\\\/lonce-a-son-sommet-trimestriel\\\/\"},\"wordCount\":278,\"commentCount\":0,\"image\":{\"@id\":\"https:\\\/\\\/www.gold.fr\\\/news\\\/2016\\\/02\\\/04\\\/lonce-a-son-sommet-trimestriel\\\/#primaryimage\"},\"thumbnailUrl\":\"https:\\\/\\\/www.gold.fr\\\/news\\\/wp-content\\\/uploads\\\/2016\\\/02\\\/cours-de-lor4-e1356784796440.jpg\",\"keywords\":[\"bourse\",\"FOMC\",\"lingots\"],\"articleSection\":[\"Articles de presse\"],\"inLanguage\":\"fr-FR\"},{\"@type\":\"WebPage\",\"@id\":\"https:\\\/\\\/www.gold.fr\\\/news\\\/2016\\\/02\\\/04\\\/lonce-a-son-sommet-trimestriel\\\/\",\"url\":\"https:\\\/\\\/www.gold.fr\\\/news\\\/2016\\\/02\\\/04\\\/lonce-a-son-sommet-trimestriel\\\/\",\"name\":\"L\u2019once \u00e0 son sommet trimestriel - Gold.fr\",\"isPartOf\":{\"@id\":\"https:\\\/\\\/www.gold.fr\\\/news\\\/#website\"},\"primaryImageOfPage\":{\"@id\":\"https:\\\/\\\/www.gold.fr\\\/news\\\/2016\\\/02\\\/04\\\/lonce-a-son-sommet-trimestriel\\\/#primaryimage\"},\"image\":{\"@id\":\"https:\\\/\\\/www.gold.fr\\\/news\\\/2016\\\/02\\\/04\\\/lonce-a-son-sommet-trimestriel\\\/#primaryimage\"},\"thumbnailUrl\":\"https:\\\/\\\/www.gold.fr\\\/news\\\/wp-content\\\/uploads\\\/2016\\\/02\\\/cours-de-lor4-e1356784796440.jpg\",\"datePublished\":\"2016-02-04T16:00:09+00:00\",\"dateModified\":\"2018-03-16T10:51:32+00:00\",\"author\":{\"@id\":\"https:\\\/\\\/www.gold.fr\\\/news\\\/#\\\/schema\\\/person\\\/070491b4b4fb7671bf59b3be20302ce9\"},\"breadcrumb\":{\"@id\":\"https:\\\/\\\/www.gold.fr\\\/news\\\/2016\\\/02\\\/04\\\/lonce-a-son-sommet-trimestriel\\\/#breadcrumb\"},\"inLanguage\":\"fr-FR\",\"potentialAction\":[{\"@type\":\"ReadAction\",\"target\":[\"https:\\\/\\\/www.gold.fr\\\/news\\\/2016\\\/02\\\/04\\\/lonce-a-son-sommet-trimestriel\\\/\"]}]},{\"@type\":\"ImageObject\",\"inLanguage\":\"fr-FR\",\"@id\":\"https:\\\/\\\/www.gold.fr\\\/news\\\/2016\\\/02\\\/04\\\/lonce-a-son-sommet-trimestriel\\\/#primaryimage\",\"url\":\"https:\\\/\\\/www.gold.fr\\\/news\\\/wp-content\\\/uploads\\\/2016\\\/02\\\/cours-de-lor4-e1356784796440.jpg\",\"contentUrl\":\"https:\\\/\\\/www.gold.fr\\\/news\\\/wp-content\\\/uploads\\\/2016\\\/02\\\/cours-de-lor4-e1356784796440.jpg\",\"width\":600,\"height\":405,\"caption\":\"L\u2019once \u00e0 son sommet trimestriel\"},{\"@type\":\"BreadcrumbList\",\"@id\":\"https:\\\/\\\/www.gold.fr\\\/news\\\/2016\\\/02\\\/04\\\/lonce-a-son-sommet-trimestriel\\\/#breadcrumb\",\"itemListElement\":[{\"@type\":\"ListItem\",\"position\":1,\"name\":\"Accueil\",\"item\":\"https:\\\/\\\/www.gold.fr\\\/\"},{\"@type\":\"ListItem\",\"position\":2,\"name\":\"Actualit\u00e9s\",\"item\":\"https:\\\/\\\/www.gold.fr\\\/news\\\/\"},{\"@type\":\"ListItem\",\"position\":3,\"name\":\"L\u2019once \u00e0 son sommet trimestriel\"}]},{\"@type\":\"WebSite\",\"@id\":\"https:\\\/\\\/www.gold.fr\\\/news\\\/#website\",\"url\":\"https:\\\/\\\/www.gold.fr\\\/news\\\/\",\"name\":\"Gold.fr\",\"description\":\"Actualit\u00e9s de l&#039;Or et des m\u00e9taux pr\u00e9cieux\",\"potentialAction\":[{\"@type\":\"SearchAction\",\"target\":{\"@type\":\"EntryPoint\",\"urlTemplate\":\"https:\\\/\\\/www.gold.fr\\\/news\\\/?s={search_term_string}\"},\"query-input\":{\"@type\":\"PropertyValueSpecification\",\"valueRequired\":true,\"valueName\":\"search_term_string\"}}],\"inLanguage\":\"fr-FR\"},{\"@type\":\"Person\",\"@id\":\"https:\\\/\\\/www.gold.fr\\\/news\\\/#\\\/schema\\\/person\\\/070491b4b4fb7671bf59b3be20302ce9\",\"name\":\"Comptoir National de l'Or\",\"image\":{\"@type\":\"ImageObject\",\"inLanguage\":\"fr-FR\",\"@id\":\"https:\\\/\\\/secure.gravatar.com\\\/avatar\\\/0a2867fd5abe37bed95d5a65e9d58f01756e11efc68af9888dfc50cfa7f65948?s=96&d=mm&r=gb490554db0a38188709de567aa58480d\",\"url\":\"https:\\\/\\\/secure.gravatar.com\\\/avatar\\\/0a2867fd5abe37bed95d5a65e9d58f01756e11efc68af9888dfc50cfa7f65948?s=96&d=mm&r=g\",\"contentUrl\":\"https:\\\/\\\/secure.gravatar.com\\\/avatar\\\/0a2867fd5abe37bed95d5a65e9d58f01756e11efc68af9888dfc50cfa7f65948?s=96&d=mm&r=g\",\"caption\":\"Comptoir National de l'Or\"},\"description\":\"Notre r\u00e9daction est constitu\u00e9e de membres experts dans les m\u00e9tiers de l'\u00e9conomie et la gestion, des Responsables d'agence Comptoir National de l'Or, des analystes financiers qui publient r\u00e9guli\u00e8rement des \u00e9tudes sur les politiques des banques centrales, le cours de l'or, prix de l'or, cours de l'argent, prix de l'argent, cours du platine, cours du palladium,... la situation en zone euro et l'impact de la strat\u00e9gie mon\u00e9taire de la FED. Notre \u00e9quipe scrute \u00e9galement une information plus g\u00e9n\u00e9raliste \u00e0 la recherche d'actualit\u00e9 \\\"p\u00e9pite\\\" \u00e0 vous partager. Depuis 5 ans, nous avons publi\u00e9 un peu plus de 4000 articles qui s'adressent \u00e0 un public large et vari\u00e9 ayant pour objectif de satisfaire votre curiosit\u00e9 et de partager avec vous une certaine fascination pour le m\u00e9tal jaune, le rachat d'or, et pour ceux qui veulent investir dans l'or, vendre leur or tout simplement en savoir plus... Pour tous vos achat or et argent, n'h\u00e9sitez pas \u00e0 prendre rendez-vous dans l'un de nos nombreux comptoirs.\",\"sameAs\":[\"https:\\\/\\\/www.gold.fr\"]}]}<\/script>\n<!-- \/ Yoast SEO plugin. -->","yoast_head_json":{"title":"L\u2019once \u00e0 son sommet trimestriel - Gold.fr","robots":{"index":"index","follow":"follow","max-snippet":"max-snippet:-1","max-image-preview":"max-image-preview:large","max-video-preview":"max-video-preview:-1"},"canonical":"https:\/\/www.gold.fr\/news\/2016\/02\/04\/lonce-a-son-sommet-trimestriel\/","og_locale":"fr_FR","og_type":"article","og_title":"L\u2019once \u00e0 son sommet trimestriel - Gold.fr","og_description":"Entre des r\u00e9sultats macro\u00e9conomiques am\u00e9ricains tr\u00e8s mitig\u00e9s, des bourses europ\u00e9ennes \u00e0 la d\u00e9rive, un p\u00e9trole en \u00e9volution yo-yo et les banques centrales sous les feux des projecteurs, le m\u00e9tal jaune r\u00e9ussit enfin \u00e0 explorer le potentiel [&hellip;]","og_url":"https:\/\/www.gold.fr\/news\/2016\/02\/04\/lonce-a-son-sommet-trimestriel\/","og_site_name":"Gold.fr","article_publisher":"https:\/\/www.facebook.com\/Goldfr\/","article_published_time":"2016-02-04T16:00:09+00:00","article_modified_time":"2018-03-16T10:51:32+00:00","og_image":[{"width":600,"height":405,"url":"https:\/\/www.gold.fr\/news\/wp-content\/uploads\/2016\/02\/cours-de-lor4-e1356784796440.jpg","type":"image\/jpeg"}],"author":"Comptoir National de l'Or","twitter_card":"summary_large_image","twitter_misc":{"\u00c9crit par":"Comptoir National de l'Or","Dur\u00e9e de lecture estim\u00e9e":"1 minute"},"schema":{"@context":"https:\/\/schema.org","@graph":[{"@type":"Article","@id":"https:\/\/www.gold.fr\/news\/2016\/02\/04\/lonce-a-son-sommet-trimestriel\/#article","isPartOf":{"@id":"https:\/\/www.gold.fr\/news\/2016\/02\/04\/lonce-a-son-sommet-trimestriel\/"},"author":{"name":"Comptoir National de l'Or","@id":"https:\/\/www.gold.fr\/news\/#\/schema\/person\/070491b4b4fb7671bf59b3be20302ce9"},"headline":"L\u2019once \u00e0 son sommet trimestriel","datePublished":"2016-02-04T16:00:09+00:00","dateModified":"2018-03-16T10:51:32+00:00","mainEntityOfPage":{"@id":"https:\/\/www.gold.fr\/news\/2016\/02\/04\/lonce-a-son-sommet-trimestriel\/"},"wordCount":278,"commentCount":0,"image":{"@id":"https:\/\/www.gold.fr\/news\/2016\/02\/04\/lonce-a-son-sommet-trimestriel\/#primaryimage"},"thumbnailUrl":"https:\/\/www.gold.fr\/news\/wp-content\/uploads\/2016\/02\/cours-de-lor4-e1356784796440.jpg","keywords":["bourse","FOMC","lingots"],"articleSection":["Articles de presse"],"inLanguage":"fr-FR"},{"@type":"WebPage","@id":"https:\/\/www.gold.fr\/news\/2016\/02\/04\/lonce-a-son-sommet-trimestriel\/","url":"https:\/\/www.gold.fr\/news\/2016\/02\/04\/lonce-a-son-sommet-trimestriel\/","name":"L\u2019once \u00e0 son sommet trimestriel - Gold.fr","isPartOf":{"@id":"https:\/\/www.gold.fr\/news\/#website"},"primaryImageOfPage":{"@id":"https:\/\/www.gold.fr\/news\/2016\/02\/04\/lonce-a-son-sommet-trimestriel\/#primaryimage"},"image":{"@id":"https:\/\/www.gold.fr\/news\/2016\/02\/04\/lonce-a-son-sommet-trimestriel\/#primaryimage"},"thumbnailUrl":"https:\/\/www.gold.fr\/news\/wp-content\/uploads\/2016\/02\/cours-de-lor4-e1356784796440.jpg","datePublished":"2016-02-04T16:00:09+00:00","dateModified":"2018-03-16T10:51:32+00:00","author":{"@id":"https:\/\/www.gold.fr\/news\/#\/schema\/person\/070491b4b4fb7671bf59b3be20302ce9"},"breadcrumb":{"@id":"https:\/\/www.gold.fr\/news\/2016\/02\/04\/lonce-a-son-sommet-trimestriel\/#breadcrumb"},"inLanguage":"fr-FR","potentialAction":[{"@type":"ReadAction","target":["https:\/\/www.gold.fr\/news\/2016\/02\/04\/lonce-a-son-sommet-trimestriel\/"]}]},{"@type":"ImageObject","inLanguage":"fr-FR","@id":"https:\/\/www.gold.fr\/news\/2016\/02\/04\/lonce-a-son-sommet-trimestriel\/#primaryimage","url":"https:\/\/www.gold.fr\/news\/wp-content\/uploads\/2016\/02\/cours-de-lor4-e1356784796440.jpg","contentUrl":"https:\/\/www.gold.fr\/news\/wp-content\/uploads\/2016\/02\/cours-de-lor4-e1356784796440.jpg","width":600,"height":405,"caption":"L\u2019once \u00e0 son sommet trimestriel"},{"@type":"BreadcrumbList","@id":"https:\/\/www.gold.fr\/news\/2016\/02\/04\/lonce-a-son-sommet-trimestriel\/#breadcrumb","itemListElement":[{"@type":"ListItem","position":1,"name":"Accueil","item":"https:\/\/www.gold.fr\/"},{"@type":"ListItem","position":2,"name":"Actualit\u00e9s","item":"https:\/\/www.gold.fr\/news\/"},{"@type":"ListItem","position":3,"name":"L\u2019once \u00e0 son sommet trimestriel"}]},{"@type":"WebSite","@id":"https:\/\/www.gold.fr\/news\/#website","url":"https:\/\/www.gold.fr\/news\/","name":"Gold.fr","description":"Actualit\u00e9s de l&#039;Or et des m\u00e9taux pr\u00e9cieux","potentialAction":[{"@type":"SearchAction","target":{"@type":"EntryPoint","urlTemplate":"https:\/\/www.gold.fr\/news\/?s={search_term_string}"},"query-input":{"@type":"PropertyValueSpecification","valueRequired":true,"valueName":"search_term_string"}}],"inLanguage":"fr-FR"},{"@type":"Person","@id":"https:\/\/www.gold.fr\/news\/#\/schema\/person\/070491b4b4fb7671bf59b3be20302ce9","name":"Comptoir National de l'Or","image":{"@type":"ImageObject","inLanguage":"fr-FR","@id":"https:\/\/secure.gravatar.com\/avatar\/0a2867fd5abe37bed95d5a65e9d58f01756e11efc68af9888dfc50cfa7f65948?s=96&d=mm&r=gb490554db0a38188709de567aa58480d","url":"https:\/\/secure.gravatar.com\/avatar\/0a2867fd5abe37bed95d5a65e9d58f01756e11efc68af9888dfc50cfa7f65948?s=96&d=mm&r=g","contentUrl":"https:\/\/secure.gravatar.com\/avatar\/0a2867fd5abe37bed95d5a65e9d58f01756e11efc68af9888dfc50cfa7f65948?s=96&d=mm&r=g","caption":"Comptoir National de l'Or"},"description":"Notre r\u00e9daction est constitu\u00e9e de membres experts dans les m\u00e9tiers de l'\u00e9conomie et la gestion, des Responsables d'agence Comptoir National de l'Or, des analystes financiers qui publient r\u00e9guli\u00e8rement des \u00e9tudes sur les politiques des banques centrales, le cours de l'or, prix de l'or, cours de l'argent, prix de l'argent, cours du platine, cours du palladium,... la situation en zone euro et l'impact de la strat\u00e9gie mon\u00e9taire de la FED. Notre \u00e9quipe scrute \u00e9galement une information plus g\u00e9n\u00e9raliste \u00e0 la recherche d'actualit\u00e9 \"p\u00e9pite\" \u00e0 vous partager. Depuis 5 ans, nous avons publi\u00e9 un peu plus de 4000 articles qui s'adressent \u00e0 un public large et vari\u00e9 ayant pour objectif de satisfaire votre curiosit\u00e9 et de partager avec vous une certaine fascination pour le m\u00e9tal jaune, le rachat d'or, et pour ceux qui veulent investir dans l'or, vendre leur or tout simplement en savoir plus... Pour tous vos achat or et argent, n'h\u00e9sitez pas \u00e0 prendre rendez-vous dans l'un de nos nombreux comptoirs.","sameAs":["https:\/\/www.gold.fr"]}]}},"authors":[{"term_id":2565,"user_id":18,"is_guest":0,"slug":"julie","display_name":"Comptoir National de l'Or","avatar_url":"https:\/\/secure.gravatar.com\/avatar\/713f289e398d35ead876c4a4cc08607f0d6d266058cfc25683fffb6092d0e572?s=96&d=mm&r=g","0":null,"1":"","2":"","3":"","4":"","5":"","6":"","7":"","8":""}],"_links":{"self":[{"href":"https:\/\/www.gold.fr\/news\/wp-json\/wp\/v2\/posts\/18755","targetHints":{"allow":["GET"]}}],"collection":[{"href":"https:\/\/www.gold.fr\/news\/wp-json\/wp\/v2\/posts"}],"about":[{"href":"https:\/\/www.gold.fr\/news\/wp-json\/wp\/v2\/types\/post"}],"author":[{"embeddable":true,"href":"https:\/\/www.gold.fr\/news\/wp-json\/wp\/v2\/users\/18"}],"replies":[{"embeddable":true,"href":"https:\/\/www.gold.fr\/news\/wp-json\/wp\/v2\/comments?post=18755"}],"version-history":[{"count":0,"href":"https:\/\/www.gold.fr\/news\/wp-json\/wp\/v2\/posts\/18755\/revisions"}],"wp:featuredmedia":[{"embeddable":true,"href":"https:\/\/www.gold.fr\/news\/wp-json\/wp\/v2\/media\/31634"}],"wp:attachment":[{"href":"https:\/\/www.gold.fr\/news\/wp-json\/wp\/v2\/media?parent=18755"}],"wp:term":[{"taxonomy":"category","embeddable":true,"href":"https:\/\/www.gold.fr\/news\/wp-json\/wp\/v2\/categories?post=18755"},{"taxonomy":"post_tag","embeddable":true,"href":"https:\/\/www.gold.fr\/news\/wp-json\/wp\/v2\/tags?post=18755"},{"taxonomy":"author","embeddable":true,"href":"https:\/\/www.gold.fr\/news\/wp-json\/wp\/v2\/ppma_author?post=18755"}],"curies":[{"name":"wp","href":"https:\/\/api.w.org\/{rel}","templated":true}]}}