{"id":18749,"date":"2016-02-03T17:00:18","date_gmt":"2016-02-03T16:00:18","guid":{"rendered":"https:\/\/www.gold.fr\/news\/?p=18749"},"modified":"2018-03-16T11:44:34","modified_gmt":"2018-03-16T10:44:34","slug":"lonce-propulsee-par-les-etf-et-les-devises","status":"publish","type":"post","link":"https:\/\/www.gold.fr\/news\/2016\/02\/03\/lonce-propulsee-par-les-etf-et-les-devises\/","title":{"rendered":"L\u2019once propuls\u00e9e par les ETF et les devises"},"content":{"rendered":"<p><span style=\"font-size: small;\"><a title=\"Prix de l'Once d'Or\" href=\"https:\/\/www.gold.fr\/once-or-nyc\/\" target=\"_blank\" rel=\"noopener\"><img loading=\"lazy\" decoding=\"async\" class=\"alignleft wp-image-31156 size-thumbnail\" title=\"L\u2019once propuls\u00e9e par les ETF et les devises\" src=\"https:\/\/www.gold.fr\/news\/wp-content\/uploads\/2017\/09\/Capture-d\u2019e\u0301cran-2017-01-11-a\u0300-11.06.17-150x150.png\" alt=\"L\u2019once propuls\u00e9e par les ETF et les devises\" width=\"150\" height=\"150\" \/>Le prix de l\u2019once<\/a> \u00e9tait d\u00e9j\u00e0 en plein rebond, depuis le d\u00e9but de la semaine, mais la hausse consid\u00e9rable des <strong>ETF<\/strong> lui offre aujourd&rsquo;hui davantage d&rsquo;\u00e9lan, r\u00e9ussissant m\u00eame \u00e0 le propulser au-del\u00e0 du palier technique des<strong> 1 130 dollars<\/strong>. Avec son inestimable aspect intrins\u00e8que et son glorieux historique d&rsquo;\u00e9talon mon\u00e9taire mondial, le <a class=\"esk-seo-plu-link\" href=\"https:\/\/www.gold.fr\/news\/tags\/or\">m\u00e9tal jaune<\/a> profite pleinement de la sempiternelle comp\u00e9tition entre les principales devises internationales (surtout durant les phases o\u00f9 le dollar est plomb\u00e9), ainsi que du soutien occasionnel des acquisitions d&rsquo;<a class=\"esk-seo-plu-link\" href=\"https:\/\/www.gold.fr\/news\/tags\/or\">or<\/a> par les fameux <strong>ETF<\/strong>. <\/span><\/p>\n<p><span style=\"font-size: small;\">Ainsi, lorsque ces facteurs se voient doubl\u00e9s par un climat \u00e9conomique incertain et h\u00e9sitant, l&rsquo;<a class=\"esk-seo-plu-link\" href=\"https:\/\/www.gold.fr\/news\/tags\/or\">or<\/a> se retrouve aussit\u00f4t propuls\u00e9 au meilleur de sa performance. Les experts de Natixis notaient en effet, au d\u00e9but de la semaine, que \u00ab<em> l&rsquo;h\u00e9sitation de la Fed face \u00e0 la volatilit\u00e9 financi\u00e8re a raviv\u00e9 la guerre des monnaies<\/em> \u00bb, rappelant \u00e9galement que \u00ab<em> une semaine apr\u00e8s la communication de Draghi, la d\u00e9cision de la Banque du Japon de cr\u00e9er un taux de d\u00e9p\u00f4t n\u00e9gatif a d\u00e9clench\u00e9 des mouvements violents sur les march\u00e9s internationaux<\/em> \u00bb. <\/span><\/p>\n<p><span style=\"font-size: small;\">Et entre le pr\u00e9sident de la banque centrale europ\u00e9enne qui promet implicitement de nouvelles mesures lors de la r\u00e9union de son conseil des gouverneurs en mars, et la BPoC (la banque populaire de <strong>Chine<\/strong>) qui devrait continuer \u00e0 maintenir sa politique mon\u00e9taire ultra accommodante, les devises n&rsquo;ont manifestement pas fini de chuter, hissant ainsi davantage la valeur de l&rsquo;<a class=\"esk-seo-plu-link\" href=\"https:\/\/www.gold.fr\/news\/tags\/or\">or<\/a> vers de nouveaux pics.<\/span><\/p>\n<!-- AddThis Advanced Settings generic via filter on the_content --><!-- AddThis Share Buttons generic via filter on the_content -->","protected":false},"excerpt":{"rendered":"<p>Le prix de l\u2019once \u00e9tait d\u00e9j\u00e0 en plein rebond, depuis le d\u00e9but de la semaine, mais la hausse consid\u00e9rable des ETF lui offre aujourd&rsquo;hui davantage d&rsquo;\u00e9lan, r\u00e9ussissant m\u00eame \u00e0 le propulser au-del\u00e0 du palier technique des [&hellip;]<\/p>\n","protected":false},"author":18,"featured_media":31156,"comment_status":"open","ping_status":"open","sticky":false,"template":"","format":"standard","meta":{"_mbp_gutenberg_autopost":false,"_pgmb_is_evergreen":false,"_pgmb_ap_template_id":0,"footnotes":""},"categories":[6],"tags":[918,317,962],"ppma_author":[2565],"class_list":["post-18749","post","type-post","status-publish","format-standard","has-post-thumbnail","hentry","category-articles-de-presse","tag-etf","tag-once","tag-prix-or"],"yoast_head":"<!-- This site is optimized with the Yoast SEO plugin v27.5 - https:\/\/yoast.com\/product\/yoast-seo-wordpress\/ -->\n<title>L\u2019once propuls\u00e9e par les ETF et les devises - Gold.fr<\/title>\n<meta name=\"robots\" content=\"index, follow, max-snippet:-1, max-image-preview:large, max-video-preview:-1\" \/>\n<link rel=\"canonical\" href=\"https:\/\/www.gold.fr\/news\/2016\/02\/03\/lonce-propulsee-par-les-etf-et-les-devises\/\" \/>\n<meta property=\"og:locale\" content=\"fr_FR\" \/>\n<meta property=\"og:type\" content=\"article\" \/>\n<meta property=\"og:title\" content=\"L\u2019once propuls\u00e9e par les ETF et les devises - Gold.fr\" \/>\n<meta property=\"og:description\" content=\"Le prix de l\u2019once \u00e9tait d\u00e9j\u00e0 en plein rebond, depuis le d\u00e9but de la semaine, mais la hausse consid\u00e9rable des ETF lui offre aujourd&rsquo;hui davantage d&rsquo;\u00e9lan, r\u00e9ussissant m\u00eame \u00e0 le propulser au-del\u00e0 du palier technique des [&hellip;]\" \/>\n<meta property=\"og:url\" content=\"https:\/\/www.gold.fr\/news\/2016\/02\/03\/lonce-propulsee-par-les-etf-et-les-devises\/\" \/>\n<meta property=\"og:site_name\" content=\"Gold.fr\" \/>\n<meta property=\"article:publisher\" content=\"https:\/\/www.facebook.com\/Goldfr\/\" \/>\n<meta property=\"article:published_time\" content=\"2016-02-03T16:00:18+00:00\" \/>\n<meta property=\"article:modified_time\" content=\"2018-03-16T10:44:34+00:00\" \/>\n<meta property=\"og:image\" content=\"https:\/\/www.gold.fr\/news\/wp-content\/uploads\/2017\/09\/Capture-d\u2019e\u0301cran-2017-01-11-a\u0300-11.06.17.png\" \/>\n\t<meta property=\"og:image:width\" content=\"701\" \/>\n\t<meta property=\"og:image:height\" content=\"517\" \/>\n\t<meta property=\"og:image:type\" content=\"image\/png\" \/>\n<meta name=\"author\" content=\"Comptoir National de l&#039;Or\" \/>\n<meta name=\"twitter:card\" content=\"summary_large_image\" \/>\n<meta name=\"twitter:label1\" content=\"\u00c9crit par\" \/>\n\t<meta name=\"twitter:data1\" content=\"Comptoir National de l&#039;Or\" \/>\n\t<meta name=\"twitter:label2\" content=\"Dur\u00e9e de lecture estim\u00e9e\" \/>\n\t<meta name=\"twitter:data2\" content=\"1 minute\" \/>\n<script type=\"application\/ld+json\" class=\"yoast-schema-graph\">{\"@context\":\"https:\\\/\\\/schema.org\",\"@graph\":[{\"@type\":\"Article\",\"@id\":\"https:\\\/\\\/www.gold.fr\\\/news\\\/2016\\\/02\\\/03\\\/lonce-propulsee-par-les-etf-et-les-devises\\\/#article\",\"isPartOf\":{\"@id\":\"https:\\\/\\\/www.gold.fr\\\/news\\\/2016\\\/02\\\/03\\\/lonce-propulsee-par-les-etf-et-les-devises\\\/\"},\"author\":{\"name\":\"Comptoir National de l'Or\",\"@id\":\"https:\\\/\\\/www.gold.fr\\\/news\\\/#\\\/schema\\\/person\\\/070491b4b4fb7671bf59b3be20302ce9\"},\"headline\":\"L\u2019once propuls\u00e9e par les ETF et les devises\",\"datePublished\":\"2016-02-03T16:00:18+00:00\",\"dateModified\":\"2018-03-16T10:44:34+00:00\",\"mainEntityOfPage\":{\"@id\":\"https:\\\/\\\/www.gold.fr\\\/news\\\/2016\\\/02\\\/03\\\/lonce-propulsee-par-les-etf-et-les-devises\\\/\"},\"wordCount\":275,\"commentCount\":0,\"image\":{\"@id\":\"https:\\\/\\\/www.gold.fr\\\/news\\\/2016\\\/02\\\/03\\\/lonce-propulsee-par-les-etf-et-les-devises\\\/#primaryimage\"},\"thumbnailUrl\":\"https:\\\/\\\/www.gold.fr\\\/news\\\/wp-content\\\/uploads\\\/2017\\\/09\\\/Capture-d\u2019e\u0301cran-2017-01-11-a\u0300-11.06.17.png\",\"keywords\":[\"ETF\",\"once\",\"prix or\"],\"articleSection\":[\"Articles de presse\"],\"inLanguage\":\"fr-FR\"},{\"@type\":\"WebPage\",\"@id\":\"https:\\\/\\\/www.gold.fr\\\/news\\\/2016\\\/02\\\/03\\\/lonce-propulsee-par-les-etf-et-les-devises\\\/\",\"url\":\"https:\\\/\\\/www.gold.fr\\\/news\\\/2016\\\/02\\\/03\\\/lonce-propulsee-par-les-etf-et-les-devises\\\/\",\"name\":\"L\u2019once propuls\u00e9e par les ETF et les devises - Gold.fr\",\"isPartOf\":{\"@id\":\"https:\\\/\\\/www.gold.fr\\\/news\\\/#website\"},\"primaryImageOfPage\":{\"@id\":\"https:\\\/\\\/www.gold.fr\\\/news\\\/2016\\\/02\\\/03\\\/lonce-propulsee-par-les-etf-et-les-devises\\\/#primaryimage\"},\"image\":{\"@id\":\"https:\\\/\\\/www.gold.fr\\\/news\\\/2016\\\/02\\\/03\\\/lonce-propulsee-par-les-etf-et-les-devises\\\/#primaryimage\"},\"thumbnailUrl\":\"https:\\\/\\\/www.gold.fr\\\/news\\\/wp-content\\\/uploads\\\/2017\\\/09\\\/Capture-d\u2019e\u0301cran-2017-01-11-a\u0300-11.06.17.png\",\"datePublished\":\"2016-02-03T16:00:18+00:00\",\"dateModified\":\"2018-03-16T10:44:34+00:00\",\"author\":{\"@id\":\"https:\\\/\\\/www.gold.fr\\\/news\\\/#\\\/schema\\\/person\\\/070491b4b4fb7671bf59b3be20302ce9\"},\"breadcrumb\":{\"@id\":\"https:\\\/\\\/www.gold.fr\\\/news\\\/2016\\\/02\\\/03\\\/lonce-propulsee-par-les-etf-et-les-devises\\\/#breadcrumb\"},\"inLanguage\":\"fr-FR\",\"potentialAction\":[{\"@type\":\"ReadAction\",\"target\":[\"https:\\\/\\\/www.gold.fr\\\/news\\\/2016\\\/02\\\/03\\\/lonce-propulsee-par-les-etf-et-les-devises\\\/\"]}]},{\"@type\":\"ImageObject\",\"inLanguage\":\"fr-FR\",\"@id\":\"https:\\\/\\\/www.gold.fr\\\/news\\\/2016\\\/02\\\/03\\\/lonce-propulsee-par-les-etf-et-les-devises\\\/#primaryimage\",\"url\":\"https:\\\/\\\/www.gold.fr\\\/news\\\/wp-content\\\/uploads\\\/2017\\\/09\\\/Capture-d\u2019e\u0301cran-2017-01-11-a\u0300-11.06.17.png\",\"contentUrl\":\"https:\\\/\\\/www.gold.fr\\\/news\\\/wp-content\\\/uploads\\\/2017\\\/09\\\/Capture-d\u2019e\u0301cran-2017-01-11-a\u0300-11.06.17.png\",\"width\":701,\"height\":517,\"caption\":\"Cours de l\u2019or\"},{\"@type\":\"BreadcrumbList\",\"@id\":\"https:\\\/\\\/www.gold.fr\\\/news\\\/2016\\\/02\\\/03\\\/lonce-propulsee-par-les-etf-et-les-devises\\\/#breadcrumb\",\"itemListElement\":[{\"@type\":\"ListItem\",\"position\":1,\"name\":\"Accueil\",\"item\":\"https:\\\/\\\/www.gold.fr\\\/\"},{\"@type\":\"ListItem\",\"position\":2,\"name\":\"Actualit\u00e9s\",\"item\":\"https:\\\/\\\/www.gold.fr\\\/news\\\/\"},{\"@type\":\"ListItem\",\"position\":3,\"name\":\"L\u2019once propuls\u00e9e par les ETF et les devises\"}]},{\"@type\":\"WebSite\",\"@id\":\"https:\\\/\\\/www.gold.fr\\\/news\\\/#website\",\"url\":\"https:\\\/\\\/www.gold.fr\\\/news\\\/\",\"name\":\"Gold.fr\",\"description\":\"Actualit\u00e9s de l&#039;Or et des m\u00e9taux pr\u00e9cieux\",\"potentialAction\":[{\"@type\":\"SearchAction\",\"target\":{\"@type\":\"EntryPoint\",\"urlTemplate\":\"https:\\\/\\\/www.gold.fr\\\/news\\\/?s={search_term_string}\"},\"query-input\":{\"@type\":\"PropertyValueSpecification\",\"valueRequired\":true,\"valueName\":\"search_term_string\"}}],\"inLanguage\":\"fr-FR\"},{\"@type\":\"Person\",\"@id\":\"https:\\\/\\\/www.gold.fr\\\/news\\\/#\\\/schema\\\/person\\\/070491b4b4fb7671bf59b3be20302ce9\",\"name\":\"Comptoir National de l'Or\",\"image\":{\"@type\":\"ImageObject\",\"inLanguage\":\"fr-FR\",\"@id\":\"https:\\\/\\\/secure.gravatar.com\\\/avatar\\\/0a2867fd5abe37bed95d5a65e9d58f01756e11efc68af9888dfc50cfa7f65948?s=96&d=mm&r=gb490554db0a38188709de567aa58480d\",\"url\":\"https:\\\/\\\/secure.gravatar.com\\\/avatar\\\/0a2867fd5abe37bed95d5a65e9d58f01756e11efc68af9888dfc50cfa7f65948?s=96&d=mm&r=g\",\"contentUrl\":\"https:\\\/\\\/secure.gravatar.com\\\/avatar\\\/0a2867fd5abe37bed95d5a65e9d58f01756e11efc68af9888dfc50cfa7f65948?s=96&d=mm&r=g\",\"caption\":\"Comptoir National de l'Or\"},\"description\":\"Notre r\u00e9daction est constitu\u00e9e de membres experts dans les m\u00e9tiers de l'\u00e9conomie et la gestion, des Responsables d'agence Comptoir National de l'Or, des analystes financiers qui publient r\u00e9guli\u00e8rement des \u00e9tudes sur les politiques des banques centrales, le cours de l'or, prix de l'or, cours de l'argent, prix de l'argent, cours du platine, cours du palladium,... la situation en zone euro et l'impact de la strat\u00e9gie mon\u00e9taire de la FED. Notre \u00e9quipe scrute \u00e9galement une information plus g\u00e9n\u00e9raliste \u00e0 la recherche d'actualit\u00e9 \\\"p\u00e9pite\\\" \u00e0 vous partager. Depuis 5 ans, nous avons publi\u00e9 un peu plus de 4000 articles qui s'adressent \u00e0 un public large et vari\u00e9 ayant pour objectif de satisfaire votre curiosit\u00e9 et de partager avec vous une certaine fascination pour le m\u00e9tal jaune, le rachat d'or, et pour ceux qui veulent investir dans l'or, vendre leur or tout simplement en savoir plus... Pour tous vos achat or et argent, n'h\u00e9sitez pas \u00e0 prendre rendez-vous dans l'un de nos nombreux comptoirs.\",\"sameAs\":[\"https:\\\/\\\/www.gold.fr\"]}]}<\/script>\n<!-- \/ Yoast SEO plugin. -->","yoast_head_json":{"title":"L\u2019once propuls\u00e9e par les ETF et les devises - Gold.fr","robots":{"index":"index","follow":"follow","max-snippet":"max-snippet:-1","max-image-preview":"max-image-preview:large","max-video-preview":"max-video-preview:-1"},"canonical":"https:\/\/www.gold.fr\/news\/2016\/02\/03\/lonce-propulsee-par-les-etf-et-les-devises\/","og_locale":"fr_FR","og_type":"article","og_title":"L\u2019once propuls\u00e9e par les ETF et les devises - Gold.fr","og_description":"Le prix de l\u2019once \u00e9tait d\u00e9j\u00e0 en plein rebond, depuis le d\u00e9but de la semaine, mais la hausse consid\u00e9rable des ETF lui offre aujourd&rsquo;hui davantage d&rsquo;\u00e9lan, r\u00e9ussissant m\u00eame \u00e0 le propulser au-del\u00e0 du palier technique des [&hellip;]","og_url":"https:\/\/www.gold.fr\/news\/2016\/02\/03\/lonce-propulsee-par-les-etf-et-les-devises\/","og_site_name":"Gold.fr","article_publisher":"https:\/\/www.facebook.com\/Goldfr\/","article_published_time":"2016-02-03T16:00:18+00:00","article_modified_time":"2018-03-16T10:44:34+00:00","og_image":[{"width":701,"height":517,"url":"https:\/\/www.gold.fr\/news\/wp-content\/uploads\/2017\/09\/Capture-d\u2019e\u0301cran-2017-01-11-a\u0300-11.06.17.png","type":"image\/png"}],"author":"Comptoir National de l'Or","twitter_card":"summary_large_image","twitter_misc":{"\u00c9crit par":"Comptoir National de l'Or","Dur\u00e9e de lecture estim\u00e9e":"1 minute"},"schema":{"@context":"https:\/\/schema.org","@graph":[{"@type":"Article","@id":"https:\/\/www.gold.fr\/news\/2016\/02\/03\/lonce-propulsee-par-les-etf-et-les-devises\/#article","isPartOf":{"@id":"https:\/\/www.gold.fr\/news\/2016\/02\/03\/lonce-propulsee-par-les-etf-et-les-devises\/"},"author":{"name":"Comptoir National de l'Or","@id":"https:\/\/www.gold.fr\/news\/#\/schema\/person\/070491b4b4fb7671bf59b3be20302ce9"},"headline":"L\u2019once propuls\u00e9e par les ETF et les devises","datePublished":"2016-02-03T16:00:18+00:00","dateModified":"2018-03-16T10:44:34+00:00","mainEntityOfPage":{"@id":"https:\/\/www.gold.fr\/news\/2016\/02\/03\/lonce-propulsee-par-les-etf-et-les-devises\/"},"wordCount":275,"commentCount":0,"image":{"@id":"https:\/\/www.gold.fr\/news\/2016\/02\/03\/lonce-propulsee-par-les-etf-et-les-devises\/#primaryimage"},"thumbnailUrl":"https:\/\/www.gold.fr\/news\/wp-content\/uploads\/2017\/09\/Capture-d\u2019e\u0301cran-2017-01-11-a\u0300-11.06.17.png","keywords":["ETF","once","prix or"],"articleSection":["Articles de presse"],"inLanguage":"fr-FR"},{"@type":"WebPage","@id":"https:\/\/www.gold.fr\/news\/2016\/02\/03\/lonce-propulsee-par-les-etf-et-les-devises\/","url":"https:\/\/www.gold.fr\/news\/2016\/02\/03\/lonce-propulsee-par-les-etf-et-les-devises\/","name":"L\u2019once propuls\u00e9e par les ETF et les devises - Gold.fr","isPartOf":{"@id":"https:\/\/www.gold.fr\/news\/#website"},"primaryImageOfPage":{"@id":"https:\/\/www.gold.fr\/news\/2016\/02\/03\/lonce-propulsee-par-les-etf-et-les-devises\/#primaryimage"},"image":{"@id":"https:\/\/www.gold.fr\/news\/2016\/02\/03\/lonce-propulsee-par-les-etf-et-les-devises\/#primaryimage"},"thumbnailUrl":"https:\/\/www.gold.fr\/news\/wp-content\/uploads\/2017\/09\/Capture-d\u2019e\u0301cran-2017-01-11-a\u0300-11.06.17.png","datePublished":"2016-02-03T16:00:18+00:00","dateModified":"2018-03-16T10:44:34+00:00","author":{"@id":"https:\/\/www.gold.fr\/news\/#\/schema\/person\/070491b4b4fb7671bf59b3be20302ce9"},"breadcrumb":{"@id":"https:\/\/www.gold.fr\/news\/2016\/02\/03\/lonce-propulsee-par-les-etf-et-les-devises\/#breadcrumb"},"inLanguage":"fr-FR","potentialAction":[{"@type":"ReadAction","target":["https:\/\/www.gold.fr\/news\/2016\/02\/03\/lonce-propulsee-par-les-etf-et-les-devises\/"]}]},{"@type":"ImageObject","inLanguage":"fr-FR","@id":"https:\/\/www.gold.fr\/news\/2016\/02\/03\/lonce-propulsee-par-les-etf-et-les-devises\/#primaryimage","url":"https:\/\/www.gold.fr\/news\/wp-content\/uploads\/2017\/09\/Capture-d\u2019e\u0301cran-2017-01-11-a\u0300-11.06.17.png","contentUrl":"https:\/\/www.gold.fr\/news\/wp-content\/uploads\/2017\/09\/Capture-d\u2019e\u0301cran-2017-01-11-a\u0300-11.06.17.png","width":701,"height":517,"caption":"Cours de l\u2019or"},{"@type":"BreadcrumbList","@id":"https:\/\/www.gold.fr\/news\/2016\/02\/03\/lonce-propulsee-par-les-etf-et-les-devises\/#breadcrumb","itemListElement":[{"@type":"ListItem","position":1,"name":"Accueil","item":"https:\/\/www.gold.fr\/"},{"@type":"ListItem","position":2,"name":"Actualit\u00e9s","item":"https:\/\/www.gold.fr\/news\/"},{"@type":"ListItem","position":3,"name":"L\u2019once propuls\u00e9e par les ETF et les devises"}]},{"@type":"WebSite","@id":"https:\/\/www.gold.fr\/news\/#website","url":"https:\/\/www.gold.fr\/news\/","name":"Gold.fr","description":"Actualit\u00e9s de l&#039;Or et des m\u00e9taux pr\u00e9cieux","potentialAction":[{"@type":"SearchAction","target":{"@type":"EntryPoint","urlTemplate":"https:\/\/www.gold.fr\/news\/?s={search_term_string}"},"query-input":{"@type":"PropertyValueSpecification","valueRequired":true,"valueName":"search_term_string"}}],"inLanguage":"fr-FR"},{"@type":"Person","@id":"https:\/\/www.gold.fr\/news\/#\/schema\/person\/070491b4b4fb7671bf59b3be20302ce9","name":"Comptoir National de l'Or","image":{"@type":"ImageObject","inLanguage":"fr-FR","@id":"https:\/\/secure.gravatar.com\/avatar\/0a2867fd5abe37bed95d5a65e9d58f01756e11efc68af9888dfc50cfa7f65948?s=96&d=mm&r=gb490554db0a38188709de567aa58480d","url":"https:\/\/secure.gravatar.com\/avatar\/0a2867fd5abe37bed95d5a65e9d58f01756e11efc68af9888dfc50cfa7f65948?s=96&d=mm&r=g","contentUrl":"https:\/\/secure.gravatar.com\/avatar\/0a2867fd5abe37bed95d5a65e9d58f01756e11efc68af9888dfc50cfa7f65948?s=96&d=mm&r=g","caption":"Comptoir National de l'Or"},"description":"Notre r\u00e9daction est constitu\u00e9e de membres experts dans les m\u00e9tiers de l'\u00e9conomie et la gestion, des Responsables d'agence Comptoir National de l'Or, des analystes financiers qui publient r\u00e9guli\u00e8rement des \u00e9tudes sur les politiques des banques centrales, le cours de l'or, prix de l'or, cours de l'argent, prix de l'argent, cours du platine, cours du palladium,... la situation en zone euro et l'impact de la strat\u00e9gie mon\u00e9taire de la FED. Notre \u00e9quipe scrute \u00e9galement une information plus g\u00e9n\u00e9raliste \u00e0 la recherche d'actualit\u00e9 \"p\u00e9pite\" \u00e0 vous partager. Depuis 5 ans, nous avons publi\u00e9 un peu plus de 4000 articles qui s'adressent \u00e0 un public large et vari\u00e9 ayant pour objectif de satisfaire votre curiosit\u00e9 et de partager avec vous une certaine fascination pour le m\u00e9tal jaune, le rachat d'or, et pour ceux qui veulent investir dans l'or, vendre leur or tout simplement en savoir plus... Pour tous vos achat or et argent, n'h\u00e9sitez pas \u00e0 prendre rendez-vous dans l'un de nos nombreux comptoirs.","sameAs":["https:\/\/www.gold.fr"]}]}},"authors":[{"term_id":2565,"user_id":18,"is_guest":0,"slug":"julie","display_name":"Comptoir National de l'Or","avatar_url":"https:\/\/secure.gravatar.com\/avatar\/713f289e398d35ead876c4a4cc08607f0d6d266058cfc25683fffb6092d0e572?s=96&d=mm&r=g","0":null,"1":"","2":"","3":"","4":"","5":"","6":"","7":"","8":""}],"_links":{"self":[{"href":"https:\/\/www.gold.fr\/news\/wp-json\/wp\/v2\/posts\/18749","targetHints":{"allow":["GET"]}}],"collection":[{"href":"https:\/\/www.gold.fr\/news\/wp-json\/wp\/v2\/posts"}],"about":[{"href":"https:\/\/www.gold.fr\/news\/wp-json\/wp\/v2\/types\/post"}],"author":[{"embeddable":true,"href":"https:\/\/www.gold.fr\/news\/wp-json\/wp\/v2\/users\/18"}],"replies":[{"embeddable":true,"href":"https:\/\/www.gold.fr\/news\/wp-json\/wp\/v2\/comments?post=18749"}],"version-history":[{"count":0,"href":"https:\/\/www.gold.fr\/news\/wp-json\/wp\/v2\/posts\/18749\/revisions"}],"wp:featuredmedia":[{"embeddable":true,"href":"https:\/\/www.gold.fr\/news\/wp-json\/wp\/v2\/media\/31156"}],"wp:attachment":[{"href":"https:\/\/www.gold.fr\/news\/wp-json\/wp\/v2\/media?parent=18749"}],"wp:term":[{"taxonomy":"category","embeddable":true,"href":"https:\/\/www.gold.fr\/news\/wp-json\/wp\/v2\/categories?post=18749"},{"taxonomy":"post_tag","embeddable":true,"href":"https:\/\/www.gold.fr\/news\/wp-json\/wp\/v2\/tags?post=18749"},{"taxonomy":"author","embeddable":true,"href":"https:\/\/www.gold.fr\/news\/wp-json\/wp\/v2\/ppma_author?post=18749"}],"curies":[{"name":"wp","href":"https:\/\/api.w.org\/{rel}","templated":true}]}}