{"id":18729,"date":"2016-01-29T17:00:40","date_gmt":"2016-01-29T16:00:40","guid":{"rendered":"https:\/\/www.gold.fr\/news\/?p=18729"},"modified":"2018-02-07T10:42:45","modified_gmt":"2018-02-07T09:42:45","slug":"fomc-les-marches-se-remettent-lentement","status":"publish","type":"post","link":"https:\/\/www.gold.fr\/news\/2016\/01\/29\/fomc-les-marches-se-remettent-lentement\/","title":{"rendered":"FOMC : Les march\u00e9s se remettent lentement"},"content":{"rendered":"<p><span style=\"font-size: small;\"><img loading=\"lazy\" decoding=\"async\" class=\"alignleft wp-image-7980 size-thumbnail\" title=\"FOMC : Les march\u00e9s se remettent lentement\" src=\"https:\/\/www.gold.fr\/news\/wp-content\/uploads\/2012\/06\/lingotins-or-pieces-or-150x150.jpg\" alt=\"FOMC : Les march\u00e9s se remettent lentement\" width=\"150\" height=\"150\" \/>Pour l&rsquo;heure, les avis et <a href=\"https:\/\/www.gold.fr\/news\/tags\/investissement\">r\u00e9actions<\/a> sont encore beaucoup trop partag\u00e9s. Les march\u00e9s semblent avoir du mal \u00e0 d\u00e9chiffrer le message du communiqu\u00e9 du comit\u00e9 de direction mon\u00e9taire de la <strong>FED<\/strong> ou \u00e0 y d\u00e9celer l&rsquo;optimisme qu&rsquo;ils esp\u00e9raient y trouver. <\/span><\/p>\n<p><span style=\"font-size: small;\">Entre inqui\u00e9tude autour d&rsquo;un nouveau coup de rel\u00e8vement des taux en mars et confiance en l&rsquo;aptitude de l&rsquo;institution \u00e0 se plier aux besoins des march\u00e9s, les op\u00e9rateurs se retrouvent \u00e0 nouveau dans une position d&rsquo;incertitude et de doute.<\/span> <span style=\"font-size: small;\">Les experts s&rsquo;attendaient majoritairement \u00e0 ce que le communiqu\u00e9 du <strong>FOMC<\/strong> diffuse l&rsquo;incertitude, dans la mesure o\u00f9 il est lui-m\u00eame issu d&rsquo;un dilemme particuli\u00e8rement pesant. La veille de la r\u00e9union, les observateurs soulignaient en effet que \u00ab la banque centrale se retrouve face \u00e0 une situation de march\u00e9 (volatilit\u00e9 et craintes) proche de celle du mois de septembre \u00bb, mettant \u00e9galement l&rsquo;accent sur les difficult\u00e9s de communication que la <strong>FED<\/strong> allait rencontrer, durant cette p\u00e9riode de grande volatilit\u00e9. Toutefois, certains analystes, dont ceux d&rsquo;Aurel BGC, rappelaient aussi que \u00ab <em>par quelques mots bien choisis ins\u00e9r\u00e9s dans leur communiqu\u00e9, les banquiers centraux pourraient faire passer un message plus prudent, en soulignant les incertitudes sur la demande ext\u00e9rieure et la r\u00e9cente volatilit\u00e9 des march\u00e9s<\/em> \u00bb.<\/span><\/p>\n<p><span style=\"font-size: small;\">A l&rsquo;\u00e9vidence, et bien qu&rsquo;elle se soit bravement essay\u00e9 \u00e0 cet exercice de communication p\u00e9rilleux, l&rsquo;institution a \u00e9chou\u00e9 ; les march\u00e9s sont d\u00e9\u00e7us, nerveux et d\u00e9stabilis\u00e9s.<\/span><\/p>\n<!-- AddThis Advanced Settings generic via filter on the_content --><!-- AddThis Share Buttons generic via filter on the_content -->","protected":false},"excerpt":{"rendered":"<p>Pour l&rsquo;heure, les avis et r\u00e9actions sont encore beaucoup trop partag\u00e9s. Les march\u00e9s semblent avoir du mal \u00e0 d\u00e9chiffrer le message du communiqu\u00e9 du comit\u00e9 de direction mon\u00e9taire de la FED ou \u00e0 y d\u00e9celer l&rsquo;optimisme [&hellip;]<\/p>\n","protected":false},"author":18,"featured_media":7980,"comment_status":"open","ping_status":"open","sticky":false,"template":"","format":"standard","meta":{"_mbp_gutenberg_autopost":false,"_pgmb_is_evergreen":false,"_pgmb_ap_template_id":0,"footnotes":""},"categories":[6],"tags":[144,1034,1649],"ppma_author":[2565],"class_list":["post-18729","post","type-post","status-publish","format-standard","has-post-thumbnail","hentry","category-articles-de-presse","tag-fed","tag-fomc","tag-marches"],"yoast_head":"<!-- This site is optimized with the Yoast SEO plugin v27.5 - https:\/\/yoast.com\/product\/yoast-seo-wordpress\/ -->\n<title>FOMC : Les march\u00e9s se remettent lentement - Gold.fr<\/title>\n<meta name=\"robots\" content=\"index, follow, max-snippet:-1, max-image-preview:large, max-video-preview:-1\" \/>\n<link rel=\"canonical\" href=\"https:\/\/www.gold.fr\/news\/2016\/01\/29\/fomc-les-marches-se-remettent-lentement\/\" \/>\n<meta property=\"og:locale\" content=\"fr_FR\" \/>\n<meta property=\"og:type\" content=\"article\" \/>\n<meta property=\"og:title\" content=\"FOMC : Les march\u00e9s se remettent lentement - Gold.fr\" \/>\n<meta property=\"og:description\" content=\"Pour l&rsquo;heure, les avis et r\u00e9actions sont encore beaucoup trop partag\u00e9s. Les march\u00e9s semblent avoir du mal \u00e0 d\u00e9chiffrer le message du communiqu\u00e9 du comit\u00e9 de direction mon\u00e9taire de la FED ou \u00e0 y d\u00e9celer l&rsquo;optimisme [&hellip;]\" \/>\n<meta property=\"og:url\" content=\"https:\/\/www.gold.fr\/news\/2016\/01\/29\/fomc-les-marches-se-remettent-lentement\/\" \/>\n<meta property=\"og:site_name\" content=\"Gold.fr\" \/>\n<meta property=\"article:publisher\" content=\"https:\/\/www.facebook.com\/Goldfr\/\" \/>\n<meta property=\"article:published_time\" content=\"2016-01-29T16:00:40+00:00\" \/>\n<meta property=\"article:modified_time\" content=\"2018-02-07T09:42:45+00:00\" \/>\n<meta property=\"og:image\" content=\"https:\/\/www.gold.fr\/news\/wp-content\/uploads\/2012\/06\/lingotins-or-pieces-or.jpg\" \/>\n\t<meta property=\"og:image:width\" content=\"600\" \/>\n\t<meta property=\"og:image:height\" content=\"401\" \/>\n\t<meta property=\"og:image:type\" content=\"image\/jpeg\" \/>\n<meta name=\"author\" content=\"Comptoir National de l&#039;Or\" \/>\n<meta name=\"twitter:card\" content=\"summary_large_image\" \/>\n<meta name=\"twitter:label1\" content=\"\u00c9crit par\" \/>\n\t<meta name=\"twitter:data1\" content=\"Comptoir National de l&#039;Or\" \/>\n\t<meta name=\"twitter:label2\" content=\"Dur\u00e9e de lecture estim\u00e9e\" \/>\n\t<meta name=\"twitter:data2\" content=\"1 minute\" \/>\n<script type=\"application\/ld+json\" class=\"yoast-schema-graph\">{\"@context\":\"https:\\\/\\\/schema.org\",\"@graph\":[{\"@type\":\"Article\",\"@id\":\"https:\\\/\\\/www.gold.fr\\\/news\\\/2016\\\/01\\\/29\\\/fomc-les-marches-se-remettent-lentement\\\/#article\",\"isPartOf\":{\"@id\":\"https:\\\/\\\/www.gold.fr\\\/news\\\/2016\\\/01\\\/29\\\/fomc-les-marches-se-remettent-lentement\\\/\"},\"author\":{\"name\":\"Comptoir National de l'Or\",\"@id\":\"https:\\\/\\\/www.gold.fr\\\/news\\\/#\\\/schema\\\/person\\\/070491b4b4fb7671bf59b3be20302ce9\"},\"headline\":\"FOMC : Les march\u00e9s se remettent lentement\",\"datePublished\":\"2016-01-29T16:00:40+00:00\",\"dateModified\":\"2018-02-07T09:42:45+00:00\",\"mainEntityOfPage\":{\"@id\":\"https:\\\/\\\/www.gold.fr\\\/news\\\/2016\\\/01\\\/29\\\/fomc-les-marches-se-remettent-lentement\\\/\"},\"wordCount\":263,\"commentCount\":0,\"image\":{\"@id\":\"https:\\\/\\\/www.gold.fr\\\/news\\\/2016\\\/01\\\/29\\\/fomc-les-marches-se-remettent-lentement\\\/#primaryimage\"},\"thumbnailUrl\":\"https:\\\/\\\/www.gold.fr\\\/news\\\/wp-content\\\/uploads\\\/2012\\\/06\\\/lingotins-or-pieces-or.jpg\",\"keywords\":[\"fed\",\"FOMC\",\"march\u00e9s\"],\"articleSection\":[\"Articles de presse\"],\"inLanguage\":\"fr-FR\"},{\"@type\":\"WebPage\",\"@id\":\"https:\\\/\\\/www.gold.fr\\\/news\\\/2016\\\/01\\\/29\\\/fomc-les-marches-se-remettent-lentement\\\/\",\"url\":\"https:\\\/\\\/www.gold.fr\\\/news\\\/2016\\\/01\\\/29\\\/fomc-les-marches-se-remettent-lentement\\\/\",\"name\":\"FOMC : Les march\u00e9s se remettent lentement - Gold.fr\",\"isPartOf\":{\"@id\":\"https:\\\/\\\/www.gold.fr\\\/news\\\/#website\"},\"primaryImageOfPage\":{\"@id\":\"https:\\\/\\\/www.gold.fr\\\/news\\\/2016\\\/01\\\/29\\\/fomc-les-marches-se-remettent-lentement\\\/#primaryimage\"},\"image\":{\"@id\":\"https:\\\/\\\/www.gold.fr\\\/news\\\/2016\\\/01\\\/29\\\/fomc-les-marches-se-remettent-lentement\\\/#primaryimage\"},\"thumbnailUrl\":\"https:\\\/\\\/www.gold.fr\\\/news\\\/wp-content\\\/uploads\\\/2012\\\/06\\\/lingotins-or-pieces-or.jpg\",\"datePublished\":\"2016-01-29T16:00:40+00:00\",\"dateModified\":\"2018-02-07T09:42:45+00:00\",\"author\":{\"@id\":\"https:\\\/\\\/www.gold.fr\\\/news\\\/#\\\/schema\\\/person\\\/070491b4b4fb7671bf59b3be20302ce9\"},\"breadcrumb\":{\"@id\":\"https:\\\/\\\/www.gold.fr\\\/news\\\/2016\\\/01\\\/29\\\/fomc-les-marches-se-remettent-lentement\\\/#breadcrumb\"},\"inLanguage\":\"fr-FR\",\"potentialAction\":[{\"@type\":\"ReadAction\",\"target\":[\"https:\\\/\\\/www.gold.fr\\\/news\\\/2016\\\/01\\\/29\\\/fomc-les-marches-se-remettent-lentement\\\/\"]}]},{\"@type\":\"ImageObject\",\"inLanguage\":\"fr-FR\",\"@id\":\"https:\\\/\\\/www.gold.fr\\\/news\\\/2016\\\/01\\\/29\\\/fomc-les-marches-se-remettent-lentement\\\/#primaryimage\",\"url\":\"https:\\\/\\\/www.gold.fr\\\/news\\\/wp-content\\\/uploads\\\/2012\\\/06\\\/lingotins-or-pieces-or.jpg\",\"contentUrl\":\"https:\\\/\\\/www.gold.fr\\\/news\\\/wp-content\\\/uploads\\\/2012\\\/06\\\/lingotins-or-pieces-or.jpg\",\"width\":\"600\",\"height\":\"401\",\"caption\":\"FOMC : Les march\u00e9s se remettent lentement\"},{\"@type\":\"BreadcrumbList\",\"@id\":\"https:\\\/\\\/www.gold.fr\\\/news\\\/2016\\\/01\\\/29\\\/fomc-les-marches-se-remettent-lentement\\\/#breadcrumb\",\"itemListElement\":[{\"@type\":\"ListItem\",\"position\":1,\"name\":\"Accueil\",\"item\":\"https:\\\/\\\/www.gold.fr\\\/\"},{\"@type\":\"ListItem\",\"position\":2,\"name\":\"Actualit\u00e9s\",\"item\":\"https:\\\/\\\/www.gold.fr\\\/news\\\/\"},{\"@type\":\"ListItem\",\"position\":3,\"name\":\"FOMC : Les march\u00e9s se remettent lentement\"}]},{\"@type\":\"WebSite\",\"@id\":\"https:\\\/\\\/www.gold.fr\\\/news\\\/#website\",\"url\":\"https:\\\/\\\/www.gold.fr\\\/news\\\/\",\"name\":\"Gold.fr\",\"description\":\"Actualit\u00e9s de l&#039;Or et des m\u00e9taux pr\u00e9cieux\",\"potentialAction\":[{\"@type\":\"SearchAction\",\"target\":{\"@type\":\"EntryPoint\",\"urlTemplate\":\"https:\\\/\\\/www.gold.fr\\\/news\\\/?s={search_term_string}\"},\"query-input\":{\"@type\":\"PropertyValueSpecification\",\"valueRequired\":true,\"valueName\":\"search_term_string\"}}],\"inLanguage\":\"fr-FR\"},{\"@type\":\"Person\",\"@id\":\"https:\\\/\\\/www.gold.fr\\\/news\\\/#\\\/schema\\\/person\\\/070491b4b4fb7671bf59b3be20302ce9\",\"name\":\"Comptoir National de l'Or\",\"image\":{\"@type\":\"ImageObject\",\"inLanguage\":\"fr-FR\",\"@id\":\"https:\\\/\\\/secure.gravatar.com\\\/avatar\\\/0a2867fd5abe37bed95d5a65e9d58f01756e11efc68af9888dfc50cfa7f65948?s=96&d=mm&r=gb490554db0a38188709de567aa58480d\",\"url\":\"https:\\\/\\\/secure.gravatar.com\\\/avatar\\\/0a2867fd5abe37bed95d5a65e9d58f01756e11efc68af9888dfc50cfa7f65948?s=96&d=mm&r=g\",\"contentUrl\":\"https:\\\/\\\/secure.gravatar.com\\\/avatar\\\/0a2867fd5abe37bed95d5a65e9d58f01756e11efc68af9888dfc50cfa7f65948?s=96&d=mm&r=g\",\"caption\":\"Comptoir National de l'Or\"},\"description\":\"Notre r\u00e9daction est constitu\u00e9e de membres experts dans les m\u00e9tiers de l'\u00e9conomie et la gestion, des Responsables d'agence Comptoir National de l'Or, des analystes financiers qui publient r\u00e9guli\u00e8rement des \u00e9tudes sur les politiques des banques centrales, le cours de l'or, prix de l'or, cours de l'argent, prix de l'argent, cours du platine, cours du palladium,... la situation en zone euro et l'impact de la strat\u00e9gie mon\u00e9taire de la FED. Notre \u00e9quipe scrute \u00e9galement une information plus g\u00e9n\u00e9raliste \u00e0 la recherche d'actualit\u00e9 \\\"p\u00e9pite\\\" \u00e0 vous partager. Depuis 5 ans, nous avons publi\u00e9 un peu plus de 4000 articles qui s'adressent \u00e0 un public large et vari\u00e9 ayant pour objectif de satisfaire votre curiosit\u00e9 et de partager avec vous une certaine fascination pour le m\u00e9tal jaune, le rachat d'or, et pour ceux qui veulent investir dans l'or, vendre leur or tout simplement en savoir plus... Pour tous vos achat or et argent, n'h\u00e9sitez pas \u00e0 prendre rendez-vous dans l'un de nos nombreux comptoirs.\",\"sameAs\":[\"https:\\\/\\\/www.gold.fr\"]}]}<\/script>\n<!-- \/ Yoast SEO plugin. -->","yoast_head_json":{"title":"FOMC : Les march\u00e9s se remettent lentement - Gold.fr","robots":{"index":"index","follow":"follow","max-snippet":"max-snippet:-1","max-image-preview":"max-image-preview:large","max-video-preview":"max-video-preview:-1"},"canonical":"https:\/\/www.gold.fr\/news\/2016\/01\/29\/fomc-les-marches-se-remettent-lentement\/","og_locale":"fr_FR","og_type":"article","og_title":"FOMC : Les march\u00e9s se remettent lentement - Gold.fr","og_description":"Pour l&rsquo;heure, les avis et r\u00e9actions sont encore beaucoup trop partag\u00e9s. Les march\u00e9s semblent avoir du mal \u00e0 d\u00e9chiffrer le message du communiqu\u00e9 du comit\u00e9 de direction mon\u00e9taire de la FED ou \u00e0 y d\u00e9celer l&rsquo;optimisme [&hellip;]","og_url":"https:\/\/www.gold.fr\/news\/2016\/01\/29\/fomc-les-marches-se-remettent-lentement\/","og_site_name":"Gold.fr","article_publisher":"https:\/\/www.facebook.com\/Goldfr\/","article_published_time":"2016-01-29T16:00:40+00:00","article_modified_time":"2018-02-07T09:42:45+00:00","og_image":[{"width":600,"height":401,"url":"https:\/\/www.gold.fr\/news\/wp-content\/uploads\/2012\/06\/lingotins-or-pieces-or.jpg","type":"image\/jpeg"}],"author":"Comptoir National de l'Or","twitter_card":"summary_large_image","twitter_misc":{"\u00c9crit par":"Comptoir National de l'Or","Dur\u00e9e de lecture estim\u00e9e":"1 minute"},"schema":{"@context":"https:\/\/schema.org","@graph":[{"@type":"Article","@id":"https:\/\/www.gold.fr\/news\/2016\/01\/29\/fomc-les-marches-se-remettent-lentement\/#article","isPartOf":{"@id":"https:\/\/www.gold.fr\/news\/2016\/01\/29\/fomc-les-marches-se-remettent-lentement\/"},"author":{"name":"Comptoir National de l'Or","@id":"https:\/\/www.gold.fr\/news\/#\/schema\/person\/070491b4b4fb7671bf59b3be20302ce9"},"headline":"FOMC : Les march\u00e9s se remettent lentement","datePublished":"2016-01-29T16:00:40+00:00","dateModified":"2018-02-07T09:42:45+00:00","mainEntityOfPage":{"@id":"https:\/\/www.gold.fr\/news\/2016\/01\/29\/fomc-les-marches-se-remettent-lentement\/"},"wordCount":263,"commentCount":0,"image":{"@id":"https:\/\/www.gold.fr\/news\/2016\/01\/29\/fomc-les-marches-se-remettent-lentement\/#primaryimage"},"thumbnailUrl":"https:\/\/www.gold.fr\/news\/wp-content\/uploads\/2012\/06\/lingotins-or-pieces-or.jpg","keywords":["fed","FOMC","march\u00e9s"],"articleSection":["Articles de presse"],"inLanguage":"fr-FR"},{"@type":"WebPage","@id":"https:\/\/www.gold.fr\/news\/2016\/01\/29\/fomc-les-marches-se-remettent-lentement\/","url":"https:\/\/www.gold.fr\/news\/2016\/01\/29\/fomc-les-marches-se-remettent-lentement\/","name":"FOMC : Les march\u00e9s se remettent lentement - Gold.fr","isPartOf":{"@id":"https:\/\/www.gold.fr\/news\/#website"},"primaryImageOfPage":{"@id":"https:\/\/www.gold.fr\/news\/2016\/01\/29\/fomc-les-marches-se-remettent-lentement\/#primaryimage"},"image":{"@id":"https:\/\/www.gold.fr\/news\/2016\/01\/29\/fomc-les-marches-se-remettent-lentement\/#primaryimage"},"thumbnailUrl":"https:\/\/www.gold.fr\/news\/wp-content\/uploads\/2012\/06\/lingotins-or-pieces-or.jpg","datePublished":"2016-01-29T16:00:40+00:00","dateModified":"2018-02-07T09:42:45+00:00","author":{"@id":"https:\/\/www.gold.fr\/news\/#\/schema\/person\/070491b4b4fb7671bf59b3be20302ce9"},"breadcrumb":{"@id":"https:\/\/www.gold.fr\/news\/2016\/01\/29\/fomc-les-marches-se-remettent-lentement\/#breadcrumb"},"inLanguage":"fr-FR","potentialAction":[{"@type":"ReadAction","target":["https:\/\/www.gold.fr\/news\/2016\/01\/29\/fomc-les-marches-se-remettent-lentement\/"]}]},{"@type":"ImageObject","inLanguage":"fr-FR","@id":"https:\/\/www.gold.fr\/news\/2016\/01\/29\/fomc-les-marches-se-remettent-lentement\/#primaryimage","url":"https:\/\/www.gold.fr\/news\/wp-content\/uploads\/2012\/06\/lingotins-or-pieces-or.jpg","contentUrl":"https:\/\/www.gold.fr\/news\/wp-content\/uploads\/2012\/06\/lingotins-or-pieces-or.jpg","width":"600","height":"401","caption":"FOMC : Les march\u00e9s se remettent lentement"},{"@type":"BreadcrumbList","@id":"https:\/\/www.gold.fr\/news\/2016\/01\/29\/fomc-les-marches-se-remettent-lentement\/#breadcrumb","itemListElement":[{"@type":"ListItem","position":1,"name":"Accueil","item":"https:\/\/www.gold.fr\/"},{"@type":"ListItem","position":2,"name":"Actualit\u00e9s","item":"https:\/\/www.gold.fr\/news\/"},{"@type":"ListItem","position":3,"name":"FOMC : Les march\u00e9s se remettent lentement"}]},{"@type":"WebSite","@id":"https:\/\/www.gold.fr\/news\/#website","url":"https:\/\/www.gold.fr\/news\/","name":"Gold.fr","description":"Actualit\u00e9s de l&#039;Or et des m\u00e9taux pr\u00e9cieux","potentialAction":[{"@type":"SearchAction","target":{"@type":"EntryPoint","urlTemplate":"https:\/\/www.gold.fr\/news\/?s={search_term_string}"},"query-input":{"@type":"PropertyValueSpecification","valueRequired":true,"valueName":"search_term_string"}}],"inLanguage":"fr-FR"},{"@type":"Person","@id":"https:\/\/www.gold.fr\/news\/#\/schema\/person\/070491b4b4fb7671bf59b3be20302ce9","name":"Comptoir National de l'Or","image":{"@type":"ImageObject","inLanguage":"fr-FR","@id":"https:\/\/secure.gravatar.com\/avatar\/0a2867fd5abe37bed95d5a65e9d58f01756e11efc68af9888dfc50cfa7f65948?s=96&d=mm&r=gb490554db0a38188709de567aa58480d","url":"https:\/\/secure.gravatar.com\/avatar\/0a2867fd5abe37bed95d5a65e9d58f01756e11efc68af9888dfc50cfa7f65948?s=96&d=mm&r=g","contentUrl":"https:\/\/secure.gravatar.com\/avatar\/0a2867fd5abe37bed95d5a65e9d58f01756e11efc68af9888dfc50cfa7f65948?s=96&d=mm&r=g","caption":"Comptoir National de l'Or"},"description":"Notre r\u00e9daction est constitu\u00e9e de membres experts dans les m\u00e9tiers de l'\u00e9conomie et la gestion, des Responsables d'agence Comptoir National de l'Or, des analystes financiers qui publient r\u00e9guli\u00e8rement des \u00e9tudes sur les politiques des banques centrales, le cours de l'or, prix de l'or, cours de l'argent, prix de l'argent, cours du platine, cours du palladium,... la situation en zone euro et l'impact de la strat\u00e9gie mon\u00e9taire de la FED. Notre \u00e9quipe scrute \u00e9galement une information plus g\u00e9n\u00e9raliste \u00e0 la recherche d'actualit\u00e9 \"p\u00e9pite\" \u00e0 vous partager. Depuis 5 ans, nous avons publi\u00e9 un peu plus de 4000 articles qui s'adressent \u00e0 un public large et vari\u00e9 ayant pour objectif de satisfaire votre curiosit\u00e9 et de partager avec vous une certaine fascination pour le m\u00e9tal jaune, le rachat d'or, et pour ceux qui veulent investir dans l'or, vendre leur or tout simplement en savoir plus... Pour tous vos achat or et argent, n'h\u00e9sitez pas \u00e0 prendre rendez-vous dans l'un de nos nombreux comptoirs.","sameAs":["https:\/\/www.gold.fr"]}]}},"authors":[{"term_id":2565,"user_id":18,"is_guest":0,"slug":"julie","display_name":"Comptoir National de l'Or","avatar_url":"https:\/\/secure.gravatar.com\/avatar\/713f289e398d35ead876c4a4cc08607f0d6d266058cfc25683fffb6092d0e572?s=96&d=mm&r=g","0":null,"1":"","2":"","3":"","4":"","5":"","6":"","7":"","8":""}],"_links":{"self":[{"href":"https:\/\/www.gold.fr\/news\/wp-json\/wp\/v2\/posts\/18729","targetHints":{"allow":["GET"]}}],"collection":[{"href":"https:\/\/www.gold.fr\/news\/wp-json\/wp\/v2\/posts"}],"about":[{"href":"https:\/\/www.gold.fr\/news\/wp-json\/wp\/v2\/types\/post"}],"author":[{"embeddable":true,"href":"https:\/\/www.gold.fr\/news\/wp-json\/wp\/v2\/users\/18"}],"replies":[{"embeddable":true,"href":"https:\/\/www.gold.fr\/news\/wp-json\/wp\/v2\/comments?post=18729"}],"version-history":[{"count":0,"href":"https:\/\/www.gold.fr\/news\/wp-json\/wp\/v2\/posts\/18729\/revisions"}],"wp:featuredmedia":[{"embeddable":true,"href":"https:\/\/www.gold.fr\/news\/wp-json\/wp\/v2\/media\/7980"}],"wp:attachment":[{"href":"https:\/\/www.gold.fr\/news\/wp-json\/wp\/v2\/media?parent=18729"}],"wp:term":[{"taxonomy":"category","embeddable":true,"href":"https:\/\/www.gold.fr\/news\/wp-json\/wp\/v2\/categories?post=18729"},{"taxonomy":"post_tag","embeddable":true,"href":"https:\/\/www.gold.fr\/news\/wp-json\/wp\/v2\/tags?post=18729"},{"taxonomy":"author","embeddable":true,"href":"https:\/\/www.gold.fr\/news\/wp-json\/wp\/v2\/ppma_author?post=18729"}],"curies":[{"name":"wp","href":"https:\/\/api.w.org\/{rel}","templated":true}]}}