{"id":18720,"date":"2016-01-28T17:00:35","date_gmt":"2016-01-28T16:00:35","guid":{"rendered":"https:\/\/www.gold.fr\/news\/?p=18720"},"modified":"2018-06-25T14:33:22","modified_gmt":"2018-06-25T12:33:22","slug":"marches-deception-relative-apres-le-fomc","status":"publish","type":"post","link":"https:\/\/www.gold.fr\/news\/2016\/01\/28\/marches-deception-relative-apres-le-fomc\/","title":{"rendered":"March\u00e9s : D\u00e9ception relative, apr\u00e8s le FOMC"},"content":{"rendered":"<p><span style=\"font-size: small;\"><img loading=\"lazy\" decoding=\"async\" class=\"alignleft wp-image-29273 size-thumbnail\" title=\"March\u00e9s : D\u00e9ception relative, apr\u00e8s le FOMC\" src=\"https:\/\/www.gold.fr\/news\/wp-content\/uploads\/2016\/01\/or-monnaie-3-150x150.jpg\" alt=\"March\u00e9s : D\u00e9ception relative, apr\u00e8s le FOMC\" width=\"150\" height=\"150\" \/>Et cette d\u00e9ception est relative en raison, notamment, de sa pr\u00e9visibilit\u00e9 aupr\u00e8s des observateurs et experts des march\u00e9s. Si les op\u00e9rateurs voient leurs attentes d\u00e9\u00e7ues par un discours <strong>FED<\/strong> tr\u00e8s mesur\u00e9, les analystes, eux, avaient d\u00e9j\u00e0 pr\u00e9vu cette issue.<\/span> <span style=\"font-size: small;\">La veille, mercredi, une certaine m\u00e9fiance r\u00e9gnait d\u00e9j\u00e0 sur les march\u00e9s (am\u00e9ricains, essentiellement), avec l\u2019annonce de la derni\u00e8re performance de l&rsquo;indice de confiance ICI de State Street Global Exchange (<strong>SSGE<\/strong>) qui a enregistr\u00e9 un repli de <strong>1,7 point<\/strong> ce mois-ci.\u00a0<\/span><span style=\"font-size: small;\">L\u2019organisme a justifi\u00e9 cette \u00e9rosion de la confiance des investisseurs par \u00ab <em>la chute des cours du p\u00e9trole, la r\u00e9action au ralentissement de la demande face \u00e0 la menace de surproduction et le ralentissement de la croissance chinoise<\/em> \u00bb.<\/span>    <span style=\"font-size: small;\">Du coup, les experts des march\u00e9s ont confirm\u00e9 le manque total de suspense autour de l\u2019issue de cette r\u00e9union, rappelant justement que \u00ab <em>la communication sur une hausse \u00ab\u00a0graduelle\u00a0\u00bb des taux directeurs ne milite pas pour un second rel\u00e8vement cons\u00e9cutif des taux directeurs, apr\u00e8s celui de d\u00e9cembre<\/em> \u00bb. En d\u2019autres termes, aucun observateur ne pr\u00e9voyait vraiment l\u2019annonce d\u2019un nouveau rel\u00e8vement des taux directeurs de la r\u00e9serve f\u00e9d\u00e9rale am\u00e9ricaine, \u00e9tant donn\u00e9 la conjoncture US et mondiale particuli\u00e8rement volatile et instable, et dans la mesure o\u00f9 l\u2019institution elle-m\u00eame \u2018<em>data dependant<\/em>\u2019.<\/span>    <span style=\"font-size: small;\">Il faut en effet rappeler que les r\u00e9centes crises \u00e9conomiques mondiales (Chine, p\u00e9trole\u2026) ont impos\u00e9 \u00e0 la r\u00e9serve f\u00e9d\u00e9rale am\u00e9ricaine des pertes consid\u00e9rables que l\u2019institution \u00ab <em>ne peut se permettre de les \u00e9luder, d&rsquo;autant que les investisseurs comptent sur son soutien<\/em> \u00bb.<\/span><\/p>\n<!-- AddThis Advanced Settings generic via filter on the_content --><!-- AddThis Share Buttons generic via filter on the_content -->","protected":false},"excerpt":{"rendered":"<p>Et cette d\u00e9ception est relative en raison, notamment, de sa pr\u00e9visibilit\u00e9 aupr\u00e8s des observateurs et experts des march\u00e9s. Si les op\u00e9rateurs voient leurs attentes d\u00e9\u00e7ues par un discours FED tr\u00e8s mesur\u00e9, les analystes, eux, avaient d\u00e9j\u00e0 [&hellip;]<\/p>\n","protected":false},"author":18,"featured_media":29273,"comment_status":"open","ping_status":"open","sticky":false,"template":"","format":"standard","meta":{"_mbp_gutenberg_autopost":false,"_pgmb_is_evergreen":false,"_pgmb_ap_template_id":0,"footnotes":""},"categories":[6],"tags":[144,1034,105],"ppma_author":[2565],"class_list":["post-18720","post","type-post","status-publish","format-standard","has-post-thumbnail","hentry","category-articles-de-presse","tag-fed","tag-fomc","tag-marche"],"yoast_head":"<!-- This site is optimized with the Yoast SEO plugin v27.5 - https:\/\/yoast.com\/product\/yoast-seo-wordpress\/ -->\n<title>March\u00e9s : D\u00e9ception relative, apr\u00e8s le FOMC - Gold.fr<\/title>\n<meta name=\"robots\" content=\"index, follow, max-snippet:-1, max-image-preview:large, max-video-preview:-1\" \/>\n<link rel=\"canonical\" href=\"https:\/\/www.gold.fr\/news\/2016\/01\/28\/marches-deception-relative-apres-le-fomc\/\" \/>\n<meta property=\"og:locale\" content=\"fr_FR\" \/>\n<meta property=\"og:type\" content=\"article\" \/>\n<meta property=\"og:title\" content=\"March\u00e9s : D\u00e9ception relative, apr\u00e8s le FOMC - Gold.fr\" \/>\n<meta property=\"og:description\" content=\"Et cette d\u00e9ception est relative en raison, notamment, de sa pr\u00e9visibilit\u00e9 aupr\u00e8s des observateurs et experts des march\u00e9s. Si les op\u00e9rateurs voient leurs attentes d\u00e9\u00e7ues par un discours FED tr\u00e8s mesur\u00e9, les analystes, eux, avaient d\u00e9j\u00e0 [&hellip;]\" \/>\n<meta property=\"og:url\" content=\"https:\/\/www.gold.fr\/news\/2016\/01\/28\/marches-deception-relative-apres-le-fomc\/\" \/>\n<meta property=\"og:site_name\" content=\"Gold.fr\" \/>\n<meta property=\"article:publisher\" content=\"https:\/\/www.facebook.com\/Goldfr\/\" \/>\n<meta property=\"article:published_time\" content=\"2016-01-28T16:00:35+00:00\" \/>\n<meta property=\"article:modified_time\" content=\"2018-06-25T12:33:22+00:00\" \/>\n<meta property=\"og:image\" content=\"https:\/\/www.gold.fr\/news\/wp-content\/uploads\/2016\/01\/or-monnaie-3.jpg\" \/>\n\t<meta property=\"og:image:width\" content=\"733\" \/>\n\t<meta property=\"og:image:height\" content=\"400\" \/>\n\t<meta property=\"og:image:type\" content=\"image\/jpeg\" \/>\n<meta name=\"author\" content=\"Comptoir National de l&#039;Or\" \/>\n<meta name=\"twitter:card\" content=\"summary_large_image\" \/>\n<meta name=\"twitter:label1\" content=\"\u00c9crit par\" \/>\n\t<meta name=\"twitter:data1\" content=\"Comptoir National de l&#039;Or\" \/>\n\t<meta name=\"twitter:label2\" content=\"Dur\u00e9e de lecture estim\u00e9e\" \/>\n\t<meta name=\"twitter:data2\" content=\"1 minute\" \/>\n<script type=\"application\/ld+json\" class=\"yoast-schema-graph\">{\"@context\":\"https:\\\/\\\/schema.org\",\"@graph\":[{\"@type\":\"Article\",\"@id\":\"https:\\\/\\\/www.gold.fr\\\/news\\\/2016\\\/01\\\/28\\\/marches-deception-relative-apres-le-fomc\\\/#article\",\"isPartOf\":{\"@id\":\"https:\\\/\\\/www.gold.fr\\\/news\\\/2016\\\/01\\\/28\\\/marches-deception-relative-apres-le-fomc\\\/\"},\"author\":{\"name\":\"Comptoir National de l'Or\",\"@id\":\"https:\\\/\\\/www.gold.fr\\\/news\\\/#\\\/schema\\\/person\\\/070491b4b4fb7671bf59b3be20302ce9\"},\"headline\":\"March\u00e9s : D\u00e9ception relative, apr\u00e8s le FOMC\",\"datePublished\":\"2016-01-28T16:00:35+00:00\",\"dateModified\":\"2018-06-25T12:33:22+00:00\",\"mainEntityOfPage\":{\"@id\":\"https:\\\/\\\/www.gold.fr\\\/news\\\/2016\\\/01\\\/28\\\/marches-deception-relative-apres-le-fomc\\\/\"},\"wordCount\":296,\"commentCount\":0,\"image\":{\"@id\":\"https:\\\/\\\/www.gold.fr\\\/news\\\/2016\\\/01\\\/28\\\/marches-deception-relative-apres-le-fomc\\\/#primaryimage\"},\"thumbnailUrl\":\"https:\\\/\\\/www.gold.fr\\\/news\\\/wp-content\\\/uploads\\\/2016\\\/01\\\/or-monnaie-3.jpg\",\"keywords\":[\"fed\",\"FOMC\",\"march\u00e9\"],\"articleSection\":[\"Articles de presse\"],\"inLanguage\":\"fr-FR\"},{\"@type\":\"WebPage\",\"@id\":\"https:\\\/\\\/www.gold.fr\\\/news\\\/2016\\\/01\\\/28\\\/marches-deception-relative-apres-le-fomc\\\/\",\"url\":\"https:\\\/\\\/www.gold.fr\\\/news\\\/2016\\\/01\\\/28\\\/marches-deception-relative-apres-le-fomc\\\/\",\"name\":\"March\u00e9s : D\u00e9ception relative, apr\u00e8s le FOMC - Gold.fr\",\"isPartOf\":{\"@id\":\"https:\\\/\\\/www.gold.fr\\\/news\\\/#website\"},\"primaryImageOfPage\":{\"@id\":\"https:\\\/\\\/www.gold.fr\\\/news\\\/2016\\\/01\\\/28\\\/marches-deception-relative-apres-le-fomc\\\/#primaryimage\"},\"image\":{\"@id\":\"https:\\\/\\\/www.gold.fr\\\/news\\\/2016\\\/01\\\/28\\\/marches-deception-relative-apres-le-fomc\\\/#primaryimage\"},\"thumbnailUrl\":\"https:\\\/\\\/www.gold.fr\\\/news\\\/wp-content\\\/uploads\\\/2016\\\/01\\\/or-monnaie-3.jpg\",\"datePublished\":\"2016-01-28T16:00:35+00:00\",\"dateModified\":\"2018-06-25T12:33:22+00:00\",\"author\":{\"@id\":\"https:\\\/\\\/www.gold.fr\\\/news\\\/#\\\/schema\\\/person\\\/070491b4b4fb7671bf59b3be20302ce9\"},\"breadcrumb\":{\"@id\":\"https:\\\/\\\/www.gold.fr\\\/news\\\/2016\\\/01\\\/28\\\/marches-deception-relative-apres-le-fomc\\\/#breadcrumb\"},\"inLanguage\":\"fr-FR\",\"potentialAction\":[{\"@type\":\"ReadAction\",\"target\":[\"https:\\\/\\\/www.gold.fr\\\/news\\\/2016\\\/01\\\/28\\\/marches-deception-relative-apres-le-fomc\\\/\"]}]},{\"@type\":\"ImageObject\",\"inLanguage\":\"fr-FR\",\"@id\":\"https:\\\/\\\/www.gold.fr\\\/news\\\/2016\\\/01\\\/28\\\/marches-deception-relative-apres-le-fomc\\\/#primaryimage\",\"url\":\"https:\\\/\\\/www.gold.fr\\\/news\\\/wp-content\\\/uploads\\\/2016\\\/01\\\/or-monnaie-3.jpg\",\"contentUrl\":\"https:\\\/\\\/www.gold.fr\\\/news\\\/wp-content\\\/uploads\\\/2016\\\/01\\\/or-monnaie-3.jpg\",\"width\":733,\"height\":400,\"caption\":\"March\u00e9s : D\u00e9ception relative, apr\u00e8s le FOMC\"},{\"@type\":\"BreadcrumbList\",\"@id\":\"https:\\\/\\\/www.gold.fr\\\/news\\\/2016\\\/01\\\/28\\\/marches-deception-relative-apres-le-fomc\\\/#breadcrumb\",\"itemListElement\":[{\"@type\":\"ListItem\",\"position\":1,\"name\":\"Accueil\",\"item\":\"https:\\\/\\\/www.gold.fr\\\/\"},{\"@type\":\"ListItem\",\"position\":2,\"name\":\"Actualit\u00e9s\",\"item\":\"https:\\\/\\\/www.gold.fr\\\/news\\\/\"},{\"@type\":\"ListItem\",\"position\":3,\"name\":\"March\u00e9s : D\u00e9ception relative, apr\u00e8s le FOMC\"}]},{\"@type\":\"WebSite\",\"@id\":\"https:\\\/\\\/www.gold.fr\\\/news\\\/#website\",\"url\":\"https:\\\/\\\/www.gold.fr\\\/news\\\/\",\"name\":\"Gold.fr\",\"description\":\"Actualit\u00e9s de l&#039;Or et des m\u00e9taux pr\u00e9cieux\",\"potentialAction\":[{\"@type\":\"SearchAction\",\"target\":{\"@type\":\"EntryPoint\",\"urlTemplate\":\"https:\\\/\\\/www.gold.fr\\\/news\\\/?s={search_term_string}\"},\"query-input\":{\"@type\":\"PropertyValueSpecification\",\"valueRequired\":true,\"valueName\":\"search_term_string\"}}],\"inLanguage\":\"fr-FR\"},{\"@type\":\"Person\",\"@id\":\"https:\\\/\\\/www.gold.fr\\\/news\\\/#\\\/schema\\\/person\\\/070491b4b4fb7671bf59b3be20302ce9\",\"name\":\"Comptoir National de l'Or\",\"image\":{\"@type\":\"ImageObject\",\"inLanguage\":\"fr-FR\",\"@id\":\"https:\\\/\\\/secure.gravatar.com\\\/avatar\\\/0a2867fd5abe37bed95d5a65e9d58f01756e11efc68af9888dfc50cfa7f65948?s=96&d=mm&r=gb490554db0a38188709de567aa58480d\",\"url\":\"https:\\\/\\\/secure.gravatar.com\\\/avatar\\\/0a2867fd5abe37bed95d5a65e9d58f01756e11efc68af9888dfc50cfa7f65948?s=96&d=mm&r=g\",\"contentUrl\":\"https:\\\/\\\/secure.gravatar.com\\\/avatar\\\/0a2867fd5abe37bed95d5a65e9d58f01756e11efc68af9888dfc50cfa7f65948?s=96&d=mm&r=g\",\"caption\":\"Comptoir National de l'Or\"},\"description\":\"Notre r\u00e9daction est constitu\u00e9e de membres experts dans les m\u00e9tiers de l'\u00e9conomie et la gestion, des Responsables d'agence Comptoir National de l'Or, des analystes financiers qui publient r\u00e9guli\u00e8rement des \u00e9tudes sur les politiques des banques centrales, le cours de l'or, prix de l'or, cours de l'argent, prix de l'argent, cours du platine, cours du palladium,... la situation en zone euro et l'impact de la strat\u00e9gie mon\u00e9taire de la FED. Notre \u00e9quipe scrute \u00e9galement une information plus g\u00e9n\u00e9raliste \u00e0 la recherche d'actualit\u00e9 \\\"p\u00e9pite\\\" \u00e0 vous partager. Depuis 5 ans, nous avons publi\u00e9 un peu plus de 4000 articles qui s'adressent \u00e0 un public large et vari\u00e9 ayant pour objectif de satisfaire votre curiosit\u00e9 et de partager avec vous une certaine fascination pour le m\u00e9tal jaune, le rachat d'or, et pour ceux qui veulent investir dans l'or, vendre leur or tout simplement en savoir plus... Pour tous vos achat or et argent, n'h\u00e9sitez pas \u00e0 prendre rendez-vous dans l'un de nos nombreux comptoirs.\",\"sameAs\":[\"https:\\\/\\\/www.gold.fr\"]}]}<\/script>\n<!-- \/ Yoast SEO plugin. -->","yoast_head_json":{"title":"March\u00e9s : D\u00e9ception relative, apr\u00e8s le FOMC - Gold.fr","robots":{"index":"index","follow":"follow","max-snippet":"max-snippet:-1","max-image-preview":"max-image-preview:large","max-video-preview":"max-video-preview:-1"},"canonical":"https:\/\/www.gold.fr\/news\/2016\/01\/28\/marches-deception-relative-apres-le-fomc\/","og_locale":"fr_FR","og_type":"article","og_title":"March\u00e9s : D\u00e9ception relative, apr\u00e8s le FOMC - Gold.fr","og_description":"Et cette d\u00e9ception est relative en raison, notamment, de sa pr\u00e9visibilit\u00e9 aupr\u00e8s des observateurs et experts des march\u00e9s. Si les op\u00e9rateurs voient leurs attentes d\u00e9\u00e7ues par un discours FED tr\u00e8s mesur\u00e9, les analystes, eux, avaient d\u00e9j\u00e0 [&hellip;]","og_url":"https:\/\/www.gold.fr\/news\/2016\/01\/28\/marches-deception-relative-apres-le-fomc\/","og_site_name":"Gold.fr","article_publisher":"https:\/\/www.facebook.com\/Goldfr\/","article_published_time":"2016-01-28T16:00:35+00:00","article_modified_time":"2018-06-25T12:33:22+00:00","og_image":[{"width":733,"height":400,"url":"https:\/\/www.gold.fr\/news\/wp-content\/uploads\/2016\/01\/or-monnaie-3.jpg","type":"image\/jpeg"}],"author":"Comptoir National de l'Or","twitter_card":"summary_large_image","twitter_misc":{"\u00c9crit par":"Comptoir National de l'Or","Dur\u00e9e de lecture estim\u00e9e":"1 minute"},"schema":{"@context":"https:\/\/schema.org","@graph":[{"@type":"Article","@id":"https:\/\/www.gold.fr\/news\/2016\/01\/28\/marches-deception-relative-apres-le-fomc\/#article","isPartOf":{"@id":"https:\/\/www.gold.fr\/news\/2016\/01\/28\/marches-deception-relative-apres-le-fomc\/"},"author":{"name":"Comptoir National de l'Or","@id":"https:\/\/www.gold.fr\/news\/#\/schema\/person\/070491b4b4fb7671bf59b3be20302ce9"},"headline":"March\u00e9s : D\u00e9ception relative, apr\u00e8s le FOMC","datePublished":"2016-01-28T16:00:35+00:00","dateModified":"2018-06-25T12:33:22+00:00","mainEntityOfPage":{"@id":"https:\/\/www.gold.fr\/news\/2016\/01\/28\/marches-deception-relative-apres-le-fomc\/"},"wordCount":296,"commentCount":0,"image":{"@id":"https:\/\/www.gold.fr\/news\/2016\/01\/28\/marches-deception-relative-apres-le-fomc\/#primaryimage"},"thumbnailUrl":"https:\/\/www.gold.fr\/news\/wp-content\/uploads\/2016\/01\/or-monnaie-3.jpg","keywords":["fed","FOMC","march\u00e9"],"articleSection":["Articles de presse"],"inLanguage":"fr-FR"},{"@type":"WebPage","@id":"https:\/\/www.gold.fr\/news\/2016\/01\/28\/marches-deception-relative-apres-le-fomc\/","url":"https:\/\/www.gold.fr\/news\/2016\/01\/28\/marches-deception-relative-apres-le-fomc\/","name":"March\u00e9s : D\u00e9ception relative, apr\u00e8s le FOMC - Gold.fr","isPartOf":{"@id":"https:\/\/www.gold.fr\/news\/#website"},"primaryImageOfPage":{"@id":"https:\/\/www.gold.fr\/news\/2016\/01\/28\/marches-deception-relative-apres-le-fomc\/#primaryimage"},"image":{"@id":"https:\/\/www.gold.fr\/news\/2016\/01\/28\/marches-deception-relative-apres-le-fomc\/#primaryimage"},"thumbnailUrl":"https:\/\/www.gold.fr\/news\/wp-content\/uploads\/2016\/01\/or-monnaie-3.jpg","datePublished":"2016-01-28T16:00:35+00:00","dateModified":"2018-06-25T12:33:22+00:00","author":{"@id":"https:\/\/www.gold.fr\/news\/#\/schema\/person\/070491b4b4fb7671bf59b3be20302ce9"},"breadcrumb":{"@id":"https:\/\/www.gold.fr\/news\/2016\/01\/28\/marches-deception-relative-apres-le-fomc\/#breadcrumb"},"inLanguage":"fr-FR","potentialAction":[{"@type":"ReadAction","target":["https:\/\/www.gold.fr\/news\/2016\/01\/28\/marches-deception-relative-apres-le-fomc\/"]}]},{"@type":"ImageObject","inLanguage":"fr-FR","@id":"https:\/\/www.gold.fr\/news\/2016\/01\/28\/marches-deception-relative-apres-le-fomc\/#primaryimage","url":"https:\/\/www.gold.fr\/news\/wp-content\/uploads\/2016\/01\/or-monnaie-3.jpg","contentUrl":"https:\/\/www.gold.fr\/news\/wp-content\/uploads\/2016\/01\/or-monnaie-3.jpg","width":733,"height":400,"caption":"March\u00e9s : D\u00e9ception relative, apr\u00e8s le FOMC"},{"@type":"BreadcrumbList","@id":"https:\/\/www.gold.fr\/news\/2016\/01\/28\/marches-deception-relative-apres-le-fomc\/#breadcrumb","itemListElement":[{"@type":"ListItem","position":1,"name":"Accueil","item":"https:\/\/www.gold.fr\/"},{"@type":"ListItem","position":2,"name":"Actualit\u00e9s","item":"https:\/\/www.gold.fr\/news\/"},{"@type":"ListItem","position":3,"name":"March\u00e9s : D\u00e9ception relative, apr\u00e8s le FOMC"}]},{"@type":"WebSite","@id":"https:\/\/www.gold.fr\/news\/#website","url":"https:\/\/www.gold.fr\/news\/","name":"Gold.fr","description":"Actualit\u00e9s de l&#039;Or et des m\u00e9taux pr\u00e9cieux","potentialAction":[{"@type":"SearchAction","target":{"@type":"EntryPoint","urlTemplate":"https:\/\/www.gold.fr\/news\/?s={search_term_string}"},"query-input":{"@type":"PropertyValueSpecification","valueRequired":true,"valueName":"search_term_string"}}],"inLanguage":"fr-FR"},{"@type":"Person","@id":"https:\/\/www.gold.fr\/news\/#\/schema\/person\/070491b4b4fb7671bf59b3be20302ce9","name":"Comptoir National de l'Or","image":{"@type":"ImageObject","inLanguage":"fr-FR","@id":"https:\/\/secure.gravatar.com\/avatar\/0a2867fd5abe37bed95d5a65e9d58f01756e11efc68af9888dfc50cfa7f65948?s=96&d=mm&r=gb490554db0a38188709de567aa58480d","url":"https:\/\/secure.gravatar.com\/avatar\/0a2867fd5abe37bed95d5a65e9d58f01756e11efc68af9888dfc50cfa7f65948?s=96&d=mm&r=g","contentUrl":"https:\/\/secure.gravatar.com\/avatar\/0a2867fd5abe37bed95d5a65e9d58f01756e11efc68af9888dfc50cfa7f65948?s=96&d=mm&r=g","caption":"Comptoir National de l'Or"},"description":"Notre r\u00e9daction est constitu\u00e9e de membres experts dans les m\u00e9tiers de l'\u00e9conomie et la gestion, des Responsables d'agence Comptoir National de l'Or, des analystes financiers qui publient r\u00e9guli\u00e8rement des \u00e9tudes sur les politiques des banques centrales, le cours de l'or, prix de l'or, cours de l'argent, prix de l'argent, cours du platine, cours du palladium,... la situation en zone euro et l'impact de la strat\u00e9gie mon\u00e9taire de la FED. Notre \u00e9quipe scrute \u00e9galement une information plus g\u00e9n\u00e9raliste \u00e0 la recherche d'actualit\u00e9 \"p\u00e9pite\" \u00e0 vous partager. Depuis 5 ans, nous avons publi\u00e9 un peu plus de 4000 articles qui s'adressent \u00e0 un public large et vari\u00e9 ayant pour objectif de satisfaire votre curiosit\u00e9 et de partager avec vous une certaine fascination pour le m\u00e9tal jaune, le rachat d'or, et pour ceux qui veulent investir dans l'or, vendre leur or tout simplement en savoir plus... Pour tous vos achat or et argent, n'h\u00e9sitez pas \u00e0 prendre rendez-vous dans l'un de nos nombreux comptoirs.","sameAs":["https:\/\/www.gold.fr"]}]}},"authors":[{"term_id":2565,"user_id":18,"is_guest":0,"slug":"julie","display_name":"Comptoir National de l'Or","avatar_url":"https:\/\/secure.gravatar.com\/avatar\/713f289e398d35ead876c4a4cc08607f0d6d266058cfc25683fffb6092d0e572?s=96&d=mm&r=g","0":null,"1":"","2":"","3":"","4":"","5":"","6":"","7":"","8":""}],"_links":{"self":[{"href":"https:\/\/www.gold.fr\/news\/wp-json\/wp\/v2\/posts\/18720","targetHints":{"allow":["GET"]}}],"collection":[{"href":"https:\/\/www.gold.fr\/news\/wp-json\/wp\/v2\/posts"}],"about":[{"href":"https:\/\/www.gold.fr\/news\/wp-json\/wp\/v2\/types\/post"}],"author":[{"embeddable":true,"href":"https:\/\/www.gold.fr\/news\/wp-json\/wp\/v2\/users\/18"}],"replies":[{"embeddable":true,"href":"https:\/\/www.gold.fr\/news\/wp-json\/wp\/v2\/comments?post=18720"}],"version-history":[{"count":0,"href":"https:\/\/www.gold.fr\/news\/wp-json\/wp\/v2\/posts\/18720\/revisions"}],"wp:featuredmedia":[{"embeddable":true,"href":"https:\/\/www.gold.fr\/news\/wp-json\/wp\/v2\/media\/29273"}],"wp:attachment":[{"href":"https:\/\/www.gold.fr\/news\/wp-json\/wp\/v2\/media?parent=18720"}],"wp:term":[{"taxonomy":"category","embeddable":true,"href":"https:\/\/www.gold.fr\/news\/wp-json\/wp\/v2\/categories?post=18720"},{"taxonomy":"post_tag","embeddable":true,"href":"https:\/\/www.gold.fr\/news\/wp-json\/wp\/v2\/tags?post=18720"},{"taxonomy":"author","embeddable":true,"href":"https:\/\/www.gold.fr\/news\/wp-json\/wp\/v2\/ppma_author?post=18720"}],"curies":[{"name":"wp","href":"https:\/\/api.w.org\/{rel}","templated":true}]}}