{"id":18685,"date":"2016-01-22T09:00:21","date_gmt":"2016-01-22T08:00:21","guid":{"rendered":"https:\/\/www.gold.fr\/news\/?p=18685"},"modified":"2021-09-30T16:27:23","modified_gmt":"2021-09-30T14:27:23","slug":"marches-une-macroeconomie-aux-abois","status":"publish","type":"post","link":"https:\/\/www.gold.fr\/news\/2016\/01\/22\/marches-une-macroeconomie-aux-abois\/","title":{"rendered":"March\u00e9s : Une macro\u00e9conomie aux abois"},"content":{"rendered":"<p><span style=\"font-size: small;\"><img loading=\"lazy\" decoding=\"async\" class=\"alignleft wp-image-7585 size-thumbnail\" title=\"March\u00e9s : Une macro\u00e9conomie aux abois \" src=\"https:\/\/www.gold.fr\/news\/wp-content\/uploads\/2012\/05\/or-monnaie-150x150.jpg\" alt=\"March\u00e9s : Une macro\u00e9conomie aux abois\" width=\"150\" height=\"150\" \/>Certains experts estiment que la r\u00e9elle crise majeure du moment demeure celle du secteur p\u00e9trolier et parap\u00e9trolier, une crise qui non seulement n&rsquo;en finit pas (elle se prolonge depuis le dernier trimestre <strong>2015<\/strong>), mais qui en plus, ne cesse d&#8217;empirer. <\/span><\/p>\n<h2>Une macro\u00e9conomie \u00e0 la d\u00e9rive<\/h2>\n<p><span style=\"font-size: small;\">Bon nombre d&rsquo;observateurs braquent aujourd&rsquo;hui les projecteurs de leurs inqui\u00e9tudes sur une macro\u00e9conomie US et euro \u00e0 la d\u00e9rive.<\/span> <span style=\"font-size: small;\">Certes, les pertes du march\u00e9 p\u00e9trolier ont r\u00e9cemment pris des proportions qualifi\u00e9es par les analystes de \u00ab <em>dantesques<\/em> \u00bb, atteignant, durant la s\u00e9ance du mardi seule, <strong>-6%<\/strong> \u00e0 New York \u00e0 <strong>26,75$<\/strong>. Sans compter dans le bilan les \u00ab <em>-25% depuis le 1er janvier, et les -73% sur les sommets de mi-2014<\/em> \u00bb. Des chiffres qui remettent en question les standards m\u00eames du march\u00e9 dans sa globalit\u00e9, et justifient du coup la <a class=\"esk-seo-plu-link\" href=\"https:\/\/www.gold.fr\/news\/tags\/investissement\">tendance<\/a> des \u00e9conomistes \u00e0 y focaliser leurs commentaires alarm\u00e9s.<\/span> <span style=\"font-size: small;\">Toutefois, le volet macro\u00e9conomique pr\u00e9sente \u00e9galement plusieurs signaux tout aussi alarmants, dont notamment la d\u00e9flation persistante, la baisse des prix \u00e0 la production en Allemagne (-2,3%), repli de l&rsquo;indice des prix \u00e0 la consommation am\u00e9ricains (<strong>CPI<\/strong>) de <strong>0,1%<\/strong> en d\u00e9cembre, ou encore le recul des mises en chantier US de <strong>2,5%<\/strong> \u00e0 <strong>1.149.000<\/strong>. Rappelons aussi que le Fonds Mon\u00e9taire International serait, selon les experts, sur le point de revoir encore \u00e0 la baisse ses pr\u00e9visions pour la croissance aux Etats Unis et en Europe.<\/span> <span style=\"font-size: small;\">Par ailleurs, le spectre des crises d&rsquo;endettement italienne et grecque refait \u00e9galement surface, mena\u00e7ant du coup, par contagion, l&rsquo;ensemble des \u00e9conomies de la zone euro.<\/span><\/p>\n<!-- AddThis Advanced Settings generic via filter on the_content --><!-- AddThis Share Buttons generic via filter on the_content -->","protected":false},"excerpt":{"rendered":"<p>Certains experts estiment que la r\u00e9elle crise majeure du moment demeure celle du secteur p\u00e9trolier et parap\u00e9trolier, une crise qui non seulement n&rsquo;en finit pas (elle se prolonge depuis le dernier trimestre 2015), mais qui en [&hellip;]<\/p>\n","protected":false},"author":18,"featured_media":29227,"comment_status":"closed","ping_status":"closed","sticky":false,"template":"","format":"standard","meta":{"_mbp_gutenberg_autopost":false,"_pgmb_is_evergreen":false,"_pgmb_ap_template_id":0,"footnotes":""},"categories":[6],"tags":[923,1000,105,126],"ppma_author":[2565],"class_list":["post-18685","post","type-post","status-publish","format-standard","has-post-thumbnail","hentry","category-articles-de-presse","tag-crise","tag-economie","tag-marche","tag-zone-euro"],"yoast_head":"<!-- This site is optimized with the Yoast SEO plugin v27.5 - https:\/\/yoast.com\/product\/yoast-seo-wordpress\/ -->\n<title>March\u00e9s Une macro\u00e9conomie aux abois, pertes du march\u00e9 p\u00e9trolier<\/title>\n<meta name=\"description\" content=\"March\u00e9s Une macro\u00e9conomie aux abois, Une macro\u00e9conomie \u00e0 la d\u00e9rive, pertes du march\u00e9 p\u00e9trolier, recul des mises en chantier US\" \/>\n<meta name=\"robots\" content=\"index, follow, max-snippet:-1, max-image-preview:large, max-video-preview:-1\" \/>\n<link rel=\"canonical\" href=\"https:\/\/www.gold.fr\/news\/2016\/01\/22\/marches-une-macroeconomie-aux-abois\/\" \/>\n<meta property=\"og:locale\" content=\"fr_FR\" \/>\n<meta property=\"og:type\" content=\"article\" \/>\n<meta property=\"og:title\" content=\"March\u00e9s Une macro\u00e9conomie aux abois, pertes du march\u00e9 p\u00e9trolier\" \/>\n<meta property=\"og:description\" content=\"March\u00e9s Une macro\u00e9conomie aux abois, Une macro\u00e9conomie \u00e0 la d\u00e9rive, pertes du march\u00e9 p\u00e9trolier, recul des mises en chantier US\" \/>\n<meta property=\"og:url\" content=\"https:\/\/www.gold.fr\/news\/2016\/01\/22\/marches-une-macroeconomie-aux-abois\/\" \/>\n<meta property=\"og:site_name\" content=\"Gold.fr\" \/>\n<meta property=\"article:publisher\" content=\"https:\/\/www.facebook.com\/Goldfr\/\" \/>\n<meta property=\"article:published_time\" content=\"2016-01-22T08:00:21+00:00\" \/>\n<meta property=\"article:modified_time\" content=\"2021-09-30T14:27:23+00:00\" \/>\n<meta property=\"og:image\" content=\"https:\/\/www.gold.fr\/news\/wp-content\/uploads\/2016\/01\/or-monnaie-1.jpg\" \/>\n\t<meta property=\"og:image:width\" content=\"733\" \/>\n\t<meta property=\"og:image:height\" content=\"400\" \/>\n\t<meta property=\"og:image:type\" content=\"image\/jpeg\" \/>\n<meta name=\"author\" content=\"Comptoir National de l&#039;Or\" \/>\n<meta name=\"twitter:card\" content=\"summary_large_image\" \/>\n<meta name=\"twitter:label1\" content=\"\u00c9crit par\" \/>\n\t<meta name=\"twitter:data1\" content=\"Comptoir National de l&#039;Or\" \/>\n\t<meta name=\"twitter:label2\" content=\"Dur\u00e9e de lecture estim\u00e9e\" \/>\n\t<meta name=\"twitter:data2\" content=\"1 minute\" \/>\n<script type=\"application\/ld+json\" class=\"yoast-schema-graph\">{\"@context\":\"https:\\\/\\\/schema.org\",\"@graph\":[{\"@type\":\"Article\",\"@id\":\"https:\\\/\\\/www.gold.fr\\\/news\\\/2016\\\/01\\\/22\\\/marches-une-macroeconomie-aux-abois\\\/#article\",\"isPartOf\":{\"@id\":\"https:\\\/\\\/www.gold.fr\\\/news\\\/2016\\\/01\\\/22\\\/marches-une-macroeconomie-aux-abois\\\/\"},\"author\":{\"name\":\"Comptoir National de l'Or\",\"@id\":\"https:\\\/\\\/www.gold.fr\\\/news\\\/#\\\/schema\\\/person\\\/070491b4b4fb7671bf59b3be20302ce9\"},\"headline\":\"March\u00e9s : Une macro\u00e9conomie aux abois\",\"datePublished\":\"2016-01-22T08:00:21+00:00\",\"dateModified\":\"2021-09-30T14:27:23+00:00\",\"mainEntityOfPage\":{\"@id\":\"https:\\\/\\\/www.gold.fr\\\/news\\\/2016\\\/01\\\/22\\\/marches-une-macroeconomie-aux-abois\\\/\"},\"wordCount\":272,\"image\":{\"@id\":\"https:\\\/\\\/www.gold.fr\\\/news\\\/2016\\\/01\\\/22\\\/marches-une-macroeconomie-aux-abois\\\/#primaryimage\"},\"thumbnailUrl\":\"https:\\\/\\\/www.gold.fr\\\/news\\\/wp-content\\\/uploads\\\/2016\\\/01\\\/or-monnaie-1.jpg\",\"keywords\":[\"crise\",\"\u00e9conomie\",\"march\u00e9\",\"zone euro\"],\"articleSection\":[\"Articles de presse\"],\"inLanguage\":\"fr-FR\"},{\"@type\":\"WebPage\",\"@id\":\"https:\\\/\\\/www.gold.fr\\\/news\\\/2016\\\/01\\\/22\\\/marches-une-macroeconomie-aux-abois\\\/\",\"url\":\"https:\\\/\\\/www.gold.fr\\\/news\\\/2016\\\/01\\\/22\\\/marches-une-macroeconomie-aux-abois\\\/\",\"name\":\"March\u00e9s Une macro\u00e9conomie aux abois, pertes du march\u00e9 p\u00e9trolier\",\"isPartOf\":{\"@id\":\"https:\\\/\\\/www.gold.fr\\\/news\\\/#website\"},\"primaryImageOfPage\":{\"@id\":\"https:\\\/\\\/www.gold.fr\\\/news\\\/2016\\\/01\\\/22\\\/marches-une-macroeconomie-aux-abois\\\/#primaryimage\"},\"image\":{\"@id\":\"https:\\\/\\\/www.gold.fr\\\/news\\\/2016\\\/01\\\/22\\\/marches-une-macroeconomie-aux-abois\\\/#primaryimage\"},\"thumbnailUrl\":\"https:\\\/\\\/www.gold.fr\\\/news\\\/wp-content\\\/uploads\\\/2016\\\/01\\\/or-monnaie-1.jpg\",\"datePublished\":\"2016-01-22T08:00:21+00:00\",\"dateModified\":\"2021-09-30T14:27:23+00:00\",\"author\":{\"@id\":\"https:\\\/\\\/www.gold.fr\\\/news\\\/#\\\/schema\\\/person\\\/070491b4b4fb7671bf59b3be20302ce9\"},\"description\":\"March\u00e9s Une macro\u00e9conomie aux abois, Une macro\u00e9conomie \u00e0 la d\u00e9rive, pertes du march\u00e9 p\u00e9trolier, recul des mises en chantier US\",\"breadcrumb\":{\"@id\":\"https:\\\/\\\/www.gold.fr\\\/news\\\/2016\\\/01\\\/22\\\/marches-une-macroeconomie-aux-abois\\\/#breadcrumb\"},\"inLanguage\":\"fr-FR\",\"potentialAction\":[{\"@type\":\"ReadAction\",\"target\":[\"https:\\\/\\\/www.gold.fr\\\/news\\\/2016\\\/01\\\/22\\\/marches-une-macroeconomie-aux-abois\\\/\"]}]},{\"@type\":\"ImageObject\",\"inLanguage\":\"fr-FR\",\"@id\":\"https:\\\/\\\/www.gold.fr\\\/news\\\/2016\\\/01\\\/22\\\/marches-une-macroeconomie-aux-abois\\\/#primaryimage\",\"url\":\"https:\\\/\\\/www.gold.fr\\\/news\\\/wp-content\\\/uploads\\\/2016\\\/01\\\/or-monnaie-1.jpg\",\"contentUrl\":\"https:\\\/\\\/www.gold.fr\\\/news\\\/wp-content\\\/uploads\\\/2016\\\/01\\\/or-monnaie-1.jpg\",\"width\":733,\"height\":400,\"caption\":\"March\u00e9s : Une macro\u00e9conomie aux abois\"},{\"@type\":\"BreadcrumbList\",\"@id\":\"https:\\\/\\\/www.gold.fr\\\/news\\\/2016\\\/01\\\/22\\\/marches-une-macroeconomie-aux-abois\\\/#breadcrumb\",\"itemListElement\":[{\"@type\":\"ListItem\",\"position\":1,\"name\":\"Accueil\",\"item\":\"https:\\\/\\\/www.gold.fr\\\/\"},{\"@type\":\"ListItem\",\"position\":2,\"name\":\"Actualit\u00e9s\",\"item\":\"https:\\\/\\\/www.gold.fr\\\/news\\\/\"},{\"@type\":\"ListItem\",\"position\":3,\"name\":\"March\u00e9s : Une macro\u00e9conomie aux abois\"}]},{\"@type\":\"WebSite\",\"@id\":\"https:\\\/\\\/www.gold.fr\\\/news\\\/#website\",\"url\":\"https:\\\/\\\/www.gold.fr\\\/news\\\/\",\"name\":\"Gold.fr\",\"description\":\"Actualit\u00e9s de l&#039;Or et des m\u00e9taux pr\u00e9cieux\",\"potentialAction\":[{\"@type\":\"SearchAction\",\"target\":{\"@type\":\"EntryPoint\",\"urlTemplate\":\"https:\\\/\\\/www.gold.fr\\\/news\\\/?s={search_term_string}\"},\"query-input\":{\"@type\":\"PropertyValueSpecification\",\"valueRequired\":true,\"valueName\":\"search_term_string\"}}],\"inLanguage\":\"fr-FR\"},{\"@type\":\"Person\",\"@id\":\"https:\\\/\\\/www.gold.fr\\\/news\\\/#\\\/schema\\\/person\\\/070491b4b4fb7671bf59b3be20302ce9\",\"name\":\"Comptoir National de l'Or\",\"image\":{\"@type\":\"ImageObject\",\"inLanguage\":\"fr-FR\",\"@id\":\"https:\\\/\\\/secure.gravatar.com\\\/avatar\\\/0a2867fd5abe37bed95d5a65e9d58f01756e11efc68af9888dfc50cfa7f65948?s=96&d=mm&r=gb490554db0a38188709de567aa58480d\",\"url\":\"https:\\\/\\\/secure.gravatar.com\\\/avatar\\\/0a2867fd5abe37bed95d5a65e9d58f01756e11efc68af9888dfc50cfa7f65948?s=96&d=mm&r=g\",\"contentUrl\":\"https:\\\/\\\/secure.gravatar.com\\\/avatar\\\/0a2867fd5abe37bed95d5a65e9d58f01756e11efc68af9888dfc50cfa7f65948?s=96&d=mm&r=g\",\"caption\":\"Comptoir National de l'Or\"},\"description\":\"Notre r\u00e9daction est constitu\u00e9e de membres experts dans les m\u00e9tiers de l'\u00e9conomie et la gestion, des Responsables d'agence Comptoir National de l'Or, des analystes financiers qui publient r\u00e9guli\u00e8rement des \u00e9tudes sur les politiques des banques centrales, le cours de l'or, prix de l'or, cours de l'argent, prix de l'argent, cours du platine, cours du palladium,... la situation en zone euro et l'impact de la strat\u00e9gie mon\u00e9taire de la FED. Notre \u00e9quipe scrute \u00e9galement une information plus g\u00e9n\u00e9raliste \u00e0 la recherche d'actualit\u00e9 \\\"p\u00e9pite\\\" \u00e0 vous partager. Depuis 5 ans, nous avons publi\u00e9 un peu plus de 4000 articles qui s'adressent \u00e0 un public large et vari\u00e9 ayant pour objectif de satisfaire votre curiosit\u00e9 et de partager avec vous une certaine fascination pour le m\u00e9tal jaune, le rachat d'or, et pour ceux qui veulent investir dans l'or, vendre leur or tout simplement en savoir plus... Pour tous vos achat or et argent, n'h\u00e9sitez pas \u00e0 prendre rendez-vous dans l'un de nos nombreux comptoirs.\",\"sameAs\":[\"https:\\\/\\\/www.gold.fr\"]}]}<\/script>\n<!-- \/ Yoast SEO plugin. -->","yoast_head_json":{"title":"March\u00e9s Une macro\u00e9conomie aux abois, pertes du march\u00e9 p\u00e9trolier","description":"March\u00e9s Une macro\u00e9conomie aux abois, Une macro\u00e9conomie \u00e0 la d\u00e9rive, pertes du march\u00e9 p\u00e9trolier, recul des mises en chantier US","robots":{"index":"index","follow":"follow","max-snippet":"max-snippet:-1","max-image-preview":"max-image-preview:large","max-video-preview":"max-video-preview:-1"},"canonical":"https:\/\/www.gold.fr\/news\/2016\/01\/22\/marches-une-macroeconomie-aux-abois\/","og_locale":"fr_FR","og_type":"article","og_title":"March\u00e9s Une macro\u00e9conomie aux abois, pertes du march\u00e9 p\u00e9trolier","og_description":"March\u00e9s Une macro\u00e9conomie aux abois, Une macro\u00e9conomie \u00e0 la d\u00e9rive, pertes du march\u00e9 p\u00e9trolier, recul des mises en chantier US","og_url":"https:\/\/www.gold.fr\/news\/2016\/01\/22\/marches-une-macroeconomie-aux-abois\/","og_site_name":"Gold.fr","article_publisher":"https:\/\/www.facebook.com\/Goldfr\/","article_published_time":"2016-01-22T08:00:21+00:00","article_modified_time":"2021-09-30T14:27:23+00:00","og_image":[{"width":733,"height":400,"url":"https:\/\/www.gold.fr\/news\/wp-content\/uploads\/2016\/01\/or-monnaie-1.jpg","type":"image\/jpeg"}],"author":"Comptoir National de l'Or","twitter_card":"summary_large_image","twitter_misc":{"\u00c9crit par":"Comptoir National de l'Or","Dur\u00e9e de lecture estim\u00e9e":"1 minute"},"schema":{"@context":"https:\/\/schema.org","@graph":[{"@type":"Article","@id":"https:\/\/www.gold.fr\/news\/2016\/01\/22\/marches-une-macroeconomie-aux-abois\/#article","isPartOf":{"@id":"https:\/\/www.gold.fr\/news\/2016\/01\/22\/marches-une-macroeconomie-aux-abois\/"},"author":{"name":"Comptoir National de l'Or","@id":"https:\/\/www.gold.fr\/news\/#\/schema\/person\/070491b4b4fb7671bf59b3be20302ce9"},"headline":"March\u00e9s : Une macro\u00e9conomie aux abois","datePublished":"2016-01-22T08:00:21+00:00","dateModified":"2021-09-30T14:27:23+00:00","mainEntityOfPage":{"@id":"https:\/\/www.gold.fr\/news\/2016\/01\/22\/marches-une-macroeconomie-aux-abois\/"},"wordCount":272,"image":{"@id":"https:\/\/www.gold.fr\/news\/2016\/01\/22\/marches-une-macroeconomie-aux-abois\/#primaryimage"},"thumbnailUrl":"https:\/\/www.gold.fr\/news\/wp-content\/uploads\/2016\/01\/or-monnaie-1.jpg","keywords":["crise","\u00e9conomie","march\u00e9","zone euro"],"articleSection":["Articles de presse"],"inLanguage":"fr-FR"},{"@type":"WebPage","@id":"https:\/\/www.gold.fr\/news\/2016\/01\/22\/marches-une-macroeconomie-aux-abois\/","url":"https:\/\/www.gold.fr\/news\/2016\/01\/22\/marches-une-macroeconomie-aux-abois\/","name":"March\u00e9s Une macro\u00e9conomie aux abois, pertes du march\u00e9 p\u00e9trolier","isPartOf":{"@id":"https:\/\/www.gold.fr\/news\/#website"},"primaryImageOfPage":{"@id":"https:\/\/www.gold.fr\/news\/2016\/01\/22\/marches-une-macroeconomie-aux-abois\/#primaryimage"},"image":{"@id":"https:\/\/www.gold.fr\/news\/2016\/01\/22\/marches-une-macroeconomie-aux-abois\/#primaryimage"},"thumbnailUrl":"https:\/\/www.gold.fr\/news\/wp-content\/uploads\/2016\/01\/or-monnaie-1.jpg","datePublished":"2016-01-22T08:00:21+00:00","dateModified":"2021-09-30T14:27:23+00:00","author":{"@id":"https:\/\/www.gold.fr\/news\/#\/schema\/person\/070491b4b4fb7671bf59b3be20302ce9"},"description":"March\u00e9s Une macro\u00e9conomie aux abois, Une macro\u00e9conomie \u00e0 la d\u00e9rive, pertes du march\u00e9 p\u00e9trolier, recul des mises en chantier US","breadcrumb":{"@id":"https:\/\/www.gold.fr\/news\/2016\/01\/22\/marches-une-macroeconomie-aux-abois\/#breadcrumb"},"inLanguage":"fr-FR","potentialAction":[{"@type":"ReadAction","target":["https:\/\/www.gold.fr\/news\/2016\/01\/22\/marches-une-macroeconomie-aux-abois\/"]}]},{"@type":"ImageObject","inLanguage":"fr-FR","@id":"https:\/\/www.gold.fr\/news\/2016\/01\/22\/marches-une-macroeconomie-aux-abois\/#primaryimage","url":"https:\/\/www.gold.fr\/news\/wp-content\/uploads\/2016\/01\/or-monnaie-1.jpg","contentUrl":"https:\/\/www.gold.fr\/news\/wp-content\/uploads\/2016\/01\/or-monnaie-1.jpg","width":733,"height":400,"caption":"March\u00e9s : Une macro\u00e9conomie aux abois"},{"@type":"BreadcrumbList","@id":"https:\/\/www.gold.fr\/news\/2016\/01\/22\/marches-une-macroeconomie-aux-abois\/#breadcrumb","itemListElement":[{"@type":"ListItem","position":1,"name":"Accueil","item":"https:\/\/www.gold.fr\/"},{"@type":"ListItem","position":2,"name":"Actualit\u00e9s","item":"https:\/\/www.gold.fr\/news\/"},{"@type":"ListItem","position":3,"name":"March\u00e9s : Une macro\u00e9conomie aux abois"}]},{"@type":"WebSite","@id":"https:\/\/www.gold.fr\/news\/#website","url":"https:\/\/www.gold.fr\/news\/","name":"Gold.fr","description":"Actualit\u00e9s de l&#039;Or et des m\u00e9taux pr\u00e9cieux","potentialAction":[{"@type":"SearchAction","target":{"@type":"EntryPoint","urlTemplate":"https:\/\/www.gold.fr\/news\/?s={search_term_string}"},"query-input":{"@type":"PropertyValueSpecification","valueRequired":true,"valueName":"search_term_string"}}],"inLanguage":"fr-FR"},{"@type":"Person","@id":"https:\/\/www.gold.fr\/news\/#\/schema\/person\/070491b4b4fb7671bf59b3be20302ce9","name":"Comptoir National de l'Or","image":{"@type":"ImageObject","inLanguage":"fr-FR","@id":"https:\/\/secure.gravatar.com\/avatar\/0a2867fd5abe37bed95d5a65e9d58f01756e11efc68af9888dfc50cfa7f65948?s=96&d=mm&r=gb490554db0a38188709de567aa58480d","url":"https:\/\/secure.gravatar.com\/avatar\/0a2867fd5abe37bed95d5a65e9d58f01756e11efc68af9888dfc50cfa7f65948?s=96&d=mm&r=g","contentUrl":"https:\/\/secure.gravatar.com\/avatar\/0a2867fd5abe37bed95d5a65e9d58f01756e11efc68af9888dfc50cfa7f65948?s=96&d=mm&r=g","caption":"Comptoir National de l'Or"},"description":"Notre r\u00e9daction est constitu\u00e9e de membres experts dans les m\u00e9tiers de l'\u00e9conomie et la gestion, des Responsables d'agence Comptoir National de l'Or, des analystes financiers qui publient r\u00e9guli\u00e8rement des \u00e9tudes sur les politiques des banques centrales, le cours de l'or, prix de l'or, cours de l'argent, prix de l'argent, cours du platine, cours du palladium,... la situation en zone euro et l'impact de la strat\u00e9gie mon\u00e9taire de la FED. Notre \u00e9quipe scrute \u00e9galement une information plus g\u00e9n\u00e9raliste \u00e0 la recherche d'actualit\u00e9 \"p\u00e9pite\" \u00e0 vous partager. Depuis 5 ans, nous avons publi\u00e9 un peu plus de 4000 articles qui s'adressent \u00e0 un public large et vari\u00e9 ayant pour objectif de satisfaire votre curiosit\u00e9 et de partager avec vous une certaine fascination pour le m\u00e9tal jaune, le rachat d'or, et pour ceux qui veulent investir dans l'or, vendre leur or tout simplement en savoir plus... Pour tous vos achat or et argent, n'h\u00e9sitez pas \u00e0 prendre rendez-vous dans l'un de nos nombreux comptoirs.","sameAs":["https:\/\/www.gold.fr"]}]}},"authors":[{"term_id":2565,"user_id":18,"is_guest":0,"slug":"julie","display_name":"Comptoir National de l'Or","avatar_url":"https:\/\/secure.gravatar.com\/avatar\/713f289e398d35ead876c4a4cc08607f0d6d266058cfc25683fffb6092d0e572?s=96&d=mm&r=g","0":null,"1":"","2":"","3":"","4":"","5":"","6":"","7":"","8":""}],"_links":{"self":[{"href":"https:\/\/www.gold.fr\/news\/wp-json\/wp\/v2\/posts\/18685","targetHints":{"allow":["GET"]}}],"collection":[{"href":"https:\/\/www.gold.fr\/news\/wp-json\/wp\/v2\/posts"}],"about":[{"href":"https:\/\/www.gold.fr\/news\/wp-json\/wp\/v2\/types\/post"}],"author":[{"embeddable":true,"href":"https:\/\/www.gold.fr\/news\/wp-json\/wp\/v2\/users\/18"}],"replies":[{"embeddable":true,"href":"https:\/\/www.gold.fr\/news\/wp-json\/wp\/v2\/comments?post=18685"}],"version-history":[{"count":0,"href":"https:\/\/www.gold.fr\/news\/wp-json\/wp\/v2\/posts\/18685\/revisions"}],"wp:featuredmedia":[{"embeddable":true,"href":"https:\/\/www.gold.fr\/news\/wp-json\/wp\/v2\/media\/29227"}],"wp:attachment":[{"href":"https:\/\/www.gold.fr\/news\/wp-json\/wp\/v2\/media?parent=18685"}],"wp:term":[{"taxonomy":"category","embeddable":true,"href":"https:\/\/www.gold.fr\/news\/wp-json\/wp\/v2\/categories?post=18685"},{"taxonomy":"post_tag","embeddable":true,"href":"https:\/\/www.gold.fr\/news\/wp-json\/wp\/v2\/tags?post=18685"},{"taxonomy":"author","embeddable":true,"href":"https:\/\/www.gold.fr\/news\/wp-json\/wp\/v2\/ppma_author?post=18685"}],"curies":[{"name":"wp","href":"https:\/\/api.w.org\/{rel}","templated":true}]}}