{"id":18677,"date":"2016-01-21T09:00:43","date_gmt":"2016-01-21T08:00:43","guid":{"rendered":"https:\/\/www.gold.fr\/news\/?p=18677"},"modified":"2018-02-05T16:35:10","modified_gmt":"2018-02-05T15:35:10","slug":"marches-la-chine-eclipse-les-donnees-macroeconomiques","status":"publish","type":"post","link":"https:\/\/www.gold.fr\/news\/2016\/01\/21\/marches-la-chine-eclipse-les-donnees-macroeconomiques\/","title":{"rendered":"March\u00e9s : La Chine \u00e9clipse les donn\u00e9es macro\u00e9conomiques"},"content":{"rendered":"<p><span style=\"font-size: small;\"><img loading=\"lazy\" decoding=\"async\" class=\"alignleft wp-image-7585 size-thumbnail\" title=\"March\u00e9s : La Chine \u00e9clipse les donn\u00e9es macro\u00e9conomiques\" src=\"https:\/\/www.gold.fr\/news\/wp-content\/uploads\/2012\/05\/or-monnaie-150x150.jpg\" alt=\"March\u00e9s : La Chine \u00e9clipse les donn\u00e9es macro\u00e9conomiques\" width=\"150\" height=\"150\" \/>Les march\u00e9s am\u00e9ricains ont beau avoir repris leur activit\u00e9 en force et en dynamisme, apr\u00e8s la pause du d\u00e9but de la semaine, les op\u00e9rateurs n&rsquo;ont d&rsquo;yeux que pour la rive chinoise de la plan\u00e8te financi\u00e8re et \u00e9conomique.<\/span> <span style=\"font-size: small;\"><strong>Wall Street<\/strong> avait pourtant repris en hausse relative, mardi matin, avec un bilan final de s\u00e9ance globalement dans le vert. Mais les yeux des op\u00e9rateurs demeurent obstin\u00e9ment braqu\u00e9s sur l&rsquo;\u00e9volution de la situation chinoise, et notamment, en guise de r\u00e9cents r\u00e9sultats, le <strong>PIB<\/strong> du pays qui a \u00e9volu\u00e9 de<strong> 6,8%<\/strong> au quatri\u00e8me trimestre <strong>2015<\/strong>, contre un consensus qui pr\u00e9voyait <strong>6,9%<\/strong>. Cette d\u00e9ception aura \u00e9t\u00e9 toutefois mod\u00e9r\u00e9e par l&rsquo;indice SSE Composite de Shanghai qui s&rsquo;est redress\u00e9 de <strong>3,2%<\/strong>, mercredi matin.<\/span> <span style=\"font-size: small;\">En tout cas, il est clair que les march\u00e9s d&rsquo;<a class=\"esk-seo-plu-link\" href=\"https:\/\/www.gold.fr\/news\/tags\/investissement\">investissement<\/a> US et euro sont actuellement moins affect\u00e9s par ce qui se passe des deux c\u00f4t\u00e9s de l&rsquo;Atlantique que par ce qui adviendra de la zone asiatique. Une conclusion partag\u00e9e par Angus Nicholson, analyste de march\u00e9 chez IG, qui estime que \u00ab <em>les grands march\u00e9s mondiaux accordent beaucoup plus d&rsquo;importance aux mouvements sur les march\u00e9s <a class=\"esk-seo-plu-link\" href=\"https:\/\/www.gold.fr\/news\/tags\/investissement\">actions<\/a> chinois qu&rsquo;aux donn\u00e9es \u00e9conomiques r\u00e9elles<\/em> \u00bb. D&rsquo;apr\u00e8s l&rsquo;expert, ce ph\u00e9nom\u00e8ne est d\u00fb au fait que les op\u00e9rateurs sont aujourd&rsquo;hui \u00ab<em> peu concern\u00e9s par les donn\u00e9es \u00e9conomiques pass\u00e9es, pas toujours tr\u00e8s fiables, et pr\u00e9f\u00e8rent les indicateurs en temps r\u00e9el comme l&rsquo;\u00e9volution des changes ou les indices boursiers pour bien cerner la sant\u00e9 de l&rsquo;\u00e9conomie chinoise<\/em> \u00bb.<\/span><\/p>\n<!-- AddThis Advanced Settings generic via filter on the_content --><!-- AddThis Share Buttons generic via filter on the_content -->","protected":false},"excerpt":{"rendered":"<p>Les march\u00e9s am\u00e9ricains ont beau avoir repris leur activit\u00e9 en force et en dynamisme, apr\u00e8s la pause du d\u00e9but de la semaine, les op\u00e9rateurs n&rsquo;ont d&rsquo;yeux que pour la rive chinoise de la plan\u00e8te financi\u00e8re et [&hellip;]<\/p>\n","protected":false},"author":18,"featured_media":29217,"comment_status":"open","ping_status":"open","sticky":false,"template":"","format":"standard","meta":{"_mbp_gutenberg_autopost":false,"_pgmb_is_evergreen":false,"_pgmb_ap_template_id":0,"footnotes":""},"categories":[6],"tags":[103,1649,1204,534],"ppma_author":[2565],"class_list":["post-18677","post","type-post","status-publish","format-standard","has-post-thumbnail","hentry","category-articles-de-presse","tag-euro","tag-marches","tag-us","tag-wall-street"],"yoast_head":"<!-- This site is optimized with the Yoast SEO plugin v27.5 - https:\/\/yoast.com\/product\/yoast-seo-wordpress\/ -->\n<title>March\u00e9s : La Chine \u00e9clipse les donn\u00e9es macro\u00e9conomiques - Gold.fr<\/title>\n<meta name=\"robots\" content=\"index, follow, max-snippet:-1, max-image-preview:large, max-video-preview:-1\" \/>\n<link rel=\"canonical\" href=\"https:\/\/www.gold.fr\/news\/2016\/01\/21\/marches-la-chine-eclipse-les-donnees-macroeconomiques\/\" \/>\n<meta property=\"og:locale\" content=\"fr_FR\" \/>\n<meta property=\"og:type\" content=\"article\" \/>\n<meta property=\"og:title\" content=\"March\u00e9s : La Chine \u00e9clipse les donn\u00e9es macro\u00e9conomiques - Gold.fr\" \/>\n<meta property=\"og:description\" content=\"Les march\u00e9s am\u00e9ricains ont beau avoir repris leur activit\u00e9 en force et en dynamisme, apr\u00e8s la pause du d\u00e9but de la semaine, les op\u00e9rateurs n&rsquo;ont d&rsquo;yeux que pour la rive chinoise de la plan\u00e8te financi\u00e8re et [&hellip;]\" \/>\n<meta property=\"og:url\" content=\"https:\/\/www.gold.fr\/news\/2016\/01\/21\/marches-la-chine-eclipse-les-donnees-macroeconomiques\/\" \/>\n<meta property=\"og:site_name\" content=\"Gold.fr\" \/>\n<meta property=\"article:publisher\" content=\"https:\/\/www.facebook.com\/Goldfr\/\" \/>\n<meta property=\"article:published_time\" content=\"2016-01-21T08:00:43+00:00\" \/>\n<meta property=\"article:modified_time\" content=\"2018-02-05T15:35:10+00:00\" \/>\n<meta property=\"og:image\" content=\"https:\/\/www.gold.fr\/news\/wp-content\/uploads\/2016\/01\/or-monnaie-150x150-1-1.jpg\" \/>\n\t<meta property=\"og:image:width\" content=\"150\" \/>\n\t<meta property=\"og:image:height\" content=\"150\" \/>\n\t<meta property=\"og:image:type\" content=\"image\/jpeg\" \/>\n<meta name=\"author\" content=\"Comptoir National de l&#039;Or\" \/>\n<meta name=\"twitter:card\" content=\"summary_large_image\" \/>\n<meta name=\"twitter:label1\" content=\"\u00c9crit par\" \/>\n\t<meta name=\"twitter:data1\" content=\"Comptoir National de l&#039;Or\" \/>\n\t<meta name=\"twitter:label2\" content=\"Dur\u00e9e de lecture estim\u00e9e\" \/>\n\t<meta name=\"twitter:data2\" content=\"1 minute\" \/>\n<script type=\"application\/ld+json\" class=\"yoast-schema-graph\">{\"@context\":\"https:\\\/\\\/schema.org\",\"@graph\":[{\"@type\":\"Article\",\"@id\":\"https:\\\/\\\/www.gold.fr\\\/news\\\/2016\\\/01\\\/21\\\/marches-la-chine-eclipse-les-donnees-macroeconomiques\\\/#article\",\"isPartOf\":{\"@id\":\"https:\\\/\\\/www.gold.fr\\\/news\\\/2016\\\/01\\\/21\\\/marches-la-chine-eclipse-les-donnees-macroeconomiques\\\/\"},\"author\":{\"name\":\"Comptoir National de l'Or\",\"@id\":\"https:\\\/\\\/www.gold.fr\\\/news\\\/#\\\/schema\\\/person\\\/070491b4b4fb7671bf59b3be20302ce9\"},\"headline\":\"March\u00e9s : La Chine \u00e9clipse les donn\u00e9es macro\u00e9conomiques\",\"datePublished\":\"2016-01-21T08:00:43+00:00\",\"dateModified\":\"2018-02-05T15:35:10+00:00\",\"mainEntityOfPage\":{\"@id\":\"https:\\\/\\\/www.gold.fr\\\/news\\\/2016\\\/01\\\/21\\\/marches-la-chine-eclipse-les-donnees-macroeconomiques\\\/\"},\"wordCount\":290,\"commentCount\":0,\"image\":{\"@id\":\"https:\\\/\\\/www.gold.fr\\\/news\\\/2016\\\/01\\\/21\\\/marches-la-chine-eclipse-les-donnees-macroeconomiques\\\/#primaryimage\"},\"thumbnailUrl\":\"https:\\\/\\\/www.gold.fr\\\/news\\\/wp-content\\\/uploads\\\/2016\\\/01\\\/or-monnaie-150x150-1-1.jpg\",\"keywords\":[\"euro\",\"march\u00e9s\",\"US\",\"wall street\"],\"articleSection\":[\"Articles de presse\"],\"inLanguage\":\"fr-FR\"},{\"@type\":\"WebPage\",\"@id\":\"https:\\\/\\\/www.gold.fr\\\/news\\\/2016\\\/01\\\/21\\\/marches-la-chine-eclipse-les-donnees-macroeconomiques\\\/\",\"url\":\"https:\\\/\\\/www.gold.fr\\\/news\\\/2016\\\/01\\\/21\\\/marches-la-chine-eclipse-les-donnees-macroeconomiques\\\/\",\"name\":\"March\u00e9s : La Chine \u00e9clipse les donn\u00e9es macro\u00e9conomiques - Gold.fr\",\"isPartOf\":{\"@id\":\"https:\\\/\\\/www.gold.fr\\\/news\\\/#website\"},\"primaryImageOfPage\":{\"@id\":\"https:\\\/\\\/www.gold.fr\\\/news\\\/2016\\\/01\\\/21\\\/marches-la-chine-eclipse-les-donnees-macroeconomiques\\\/#primaryimage\"},\"image\":{\"@id\":\"https:\\\/\\\/www.gold.fr\\\/news\\\/2016\\\/01\\\/21\\\/marches-la-chine-eclipse-les-donnees-macroeconomiques\\\/#primaryimage\"},\"thumbnailUrl\":\"https:\\\/\\\/www.gold.fr\\\/news\\\/wp-content\\\/uploads\\\/2016\\\/01\\\/or-monnaie-150x150-1-1.jpg\",\"datePublished\":\"2016-01-21T08:00:43+00:00\",\"dateModified\":\"2018-02-05T15:35:10+00:00\",\"author\":{\"@id\":\"https:\\\/\\\/www.gold.fr\\\/news\\\/#\\\/schema\\\/person\\\/070491b4b4fb7671bf59b3be20302ce9\"},\"breadcrumb\":{\"@id\":\"https:\\\/\\\/www.gold.fr\\\/news\\\/2016\\\/01\\\/21\\\/marches-la-chine-eclipse-les-donnees-macroeconomiques\\\/#breadcrumb\"},\"inLanguage\":\"fr-FR\",\"potentialAction\":[{\"@type\":\"ReadAction\",\"target\":[\"https:\\\/\\\/www.gold.fr\\\/news\\\/2016\\\/01\\\/21\\\/marches-la-chine-eclipse-les-donnees-macroeconomiques\\\/\"]}]},{\"@type\":\"ImageObject\",\"inLanguage\":\"fr-FR\",\"@id\":\"https:\\\/\\\/www.gold.fr\\\/news\\\/2016\\\/01\\\/21\\\/marches-la-chine-eclipse-les-donnees-macroeconomiques\\\/#primaryimage\",\"url\":\"https:\\\/\\\/www.gold.fr\\\/news\\\/wp-content\\\/uploads\\\/2016\\\/01\\\/or-monnaie-150x150-1-1.jpg\",\"contentUrl\":\"https:\\\/\\\/www.gold.fr\\\/news\\\/wp-content\\\/uploads\\\/2016\\\/01\\\/or-monnaie-150x150-1-1.jpg\",\"width\":150,\"height\":150,\"caption\":\"March\u00e9s : La Chine \u00e9clipse les donn\u00e9es macro\u00e9conomiques\"},{\"@type\":\"BreadcrumbList\",\"@id\":\"https:\\\/\\\/www.gold.fr\\\/news\\\/2016\\\/01\\\/21\\\/marches-la-chine-eclipse-les-donnees-macroeconomiques\\\/#breadcrumb\",\"itemListElement\":[{\"@type\":\"ListItem\",\"position\":1,\"name\":\"Accueil\",\"item\":\"https:\\\/\\\/www.gold.fr\\\/\"},{\"@type\":\"ListItem\",\"position\":2,\"name\":\"Actualit\u00e9s\",\"item\":\"https:\\\/\\\/www.gold.fr\\\/news\\\/\"},{\"@type\":\"ListItem\",\"position\":3,\"name\":\"March\u00e9s : La Chine \u00e9clipse les donn\u00e9es macro\u00e9conomiques\"}]},{\"@type\":\"WebSite\",\"@id\":\"https:\\\/\\\/www.gold.fr\\\/news\\\/#website\",\"url\":\"https:\\\/\\\/www.gold.fr\\\/news\\\/\",\"name\":\"Gold.fr\",\"description\":\"Actualit\u00e9s de l&#039;Or et des m\u00e9taux pr\u00e9cieux\",\"potentialAction\":[{\"@type\":\"SearchAction\",\"target\":{\"@type\":\"EntryPoint\",\"urlTemplate\":\"https:\\\/\\\/www.gold.fr\\\/news\\\/?s={search_term_string}\"},\"query-input\":{\"@type\":\"PropertyValueSpecification\",\"valueRequired\":true,\"valueName\":\"search_term_string\"}}],\"inLanguage\":\"fr-FR\"},{\"@type\":\"Person\",\"@id\":\"https:\\\/\\\/www.gold.fr\\\/news\\\/#\\\/schema\\\/person\\\/070491b4b4fb7671bf59b3be20302ce9\",\"name\":\"Comptoir National de l'Or\",\"image\":{\"@type\":\"ImageObject\",\"inLanguage\":\"fr-FR\",\"@id\":\"https:\\\/\\\/secure.gravatar.com\\\/avatar\\\/0a2867fd5abe37bed95d5a65e9d58f01756e11efc68af9888dfc50cfa7f65948?s=96&d=mm&r=gb490554db0a38188709de567aa58480d\",\"url\":\"https:\\\/\\\/secure.gravatar.com\\\/avatar\\\/0a2867fd5abe37bed95d5a65e9d58f01756e11efc68af9888dfc50cfa7f65948?s=96&d=mm&r=g\",\"contentUrl\":\"https:\\\/\\\/secure.gravatar.com\\\/avatar\\\/0a2867fd5abe37bed95d5a65e9d58f01756e11efc68af9888dfc50cfa7f65948?s=96&d=mm&r=g\",\"caption\":\"Comptoir National de l'Or\"},\"description\":\"Notre r\u00e9daction est constitu\u00e9e de membres experts dans les m\u00e9tiers de l'\u00e9conomie et la gestion, des Responsables d'agence Comptoir National de l'Or, des analystes financiers qui publient r\u00e9guli\u00e8rement des \u00e9tudes sur les politiques des banques centrales, le cours de l'or, prix de l'or, cours de l'argent, prix de l'argent, cours du platine, cours du palladium,... la situation en zone euro et l'impact de la strat\u00e9gie mon\u00e9taire de la FED. Notre \u00e9quipe scrute \u00e9galement une information plus g\u00e9n\u00e9raliste \u00e0 la recherche d'actualit\u00e9 \\\"p\u00e9pite\\\" \u00e0 vous partager. Depuis 5 ans, nous avons publi\u00e9 un peu plus de 4000 articles qui s'adressent \u00e0 un public large et vari\u00e9 ayant pour objectif de satisfaire votre curiosit\u00e9 et de partager avec vous une certaine fascination pour le m\u00e9tal jaune, le rachat d'or, et pour ceux qui veulent investir dans l'or, vendre leur or tout simplement en savoir plus... Pour tous vos achat or et argent, n'h\u00e9sitez pas \u00e0 prendre rendez-vous dans l'un de nos nombreux comptoirs.\",\"sameAs\":[\"https:\\\/\\\/www.gold.fr\"]}]}<\/script>\n<!-- \/ Yoast SEO plugin. -->","yoast_head_json":{"title":"March\u00e9s : La Chine \u00e9clipse les donn\u00e9es macro\u00e9conomiques - Gold.fr","robots":{"index":"index","follow":"follow","max-snippet":"max-snippet:-1","max-image-preview":"max-image-preview:large","max-video-preview":"max-video-preview:-1"},"canonical":"https:\/\/www.gold.fr\/news\/2016\/01\/21\/marches-la-chine-eclipse-les-donnees-macroeconomiques\/","og_locale":"fr_FR","og_type":"article","og_title":"March\u00e9s : La Chine \u00e9clipse les donn\u00e9es macro\u00e9conomiques - Gold.fr","og_description":"Les march\u00e9s am\u00e9ricains ont beau avoir repris leur activit\u00e9 en force et en dynamisme, apr\u00e8s la pause du d\u00e9but de la semaine, les op\u00e9rateurs n&rsquo;ont d&rsquo;yeux que pour la rive chinoise de la plan\u00e8te financi\u00e8re et [&hellip;]","og_url":"https:\/\/www.gold.fr\/news\/2016\/01\/21\/marches-la-chine-eclipse-les-donnees-macroeconomiques\/","og_site_name":"Gold.fr","article_publisher":"https:\/\/www.facebook.com\/Goldfr\/","article_published_time":"2016-01-21T08:00:43+00:00","article_modified_time":"2018-02-05T15:35:10+00:00","og_image":[{"width":150,"height":150,"url":"https:\/\/www.gold.fr\/news\/wp-content\/uploads\/2016\/01\/or-monnaie-150x150-1-1.jpg","type":"image\/jpeg"}],"author":"Comptoir National de l'Or","twitter_card":"summary_large_image","twitter_misc":{"\u00c9crit par":"Comptoir National de l'Or","Dur\u00e9e de lecture estim\u00e9e":"1 minute"},"schema":{"@context":"https:\/\/schema.org","@graph":[{"@type":"Article","@id":"https:\/\/www.gold.fr\/news\/2016\/01\/21\/marches-la-chine-eclipse-les-donnees-macroeconomiques\/#article","isPartOf":{"@id":"https:\/\/www.gold.fr\/news\/2016\/01\/21\/marches-la-chine-eclipse-les-donnees-macroeconomiques\/"},"author":{"name":"Comptoir National de l'Or","@id":"https:\/\/www.gold.fr\/news\/#\/schema\/person\/070491b4b4fb7671bf59b3be20302ce9"},"headline":"March\u00e9s : La Chine \u00e9clipse les donn\u00e9es macro\u00e9conomiques","datePublished":"2016-01-21T08:00:43+00:00","dateModified":"2018-02-05T15:35:10+00:00","mainEntityOfPage":{"@id":"https:\/\/www.gold.fr\/news\/2016\/01\/21\/marches-la-chine-eclipse-les-donnees-macroeconomiques\/"},"wordCount":290,"commentCount":0,"image":{"@id":"https:\/\/www.gold.fr\/news\/2016\/01\/21\/marches-la-chine-eclipse-les-donnees-macroeconomiques\/#primaryimage"},"thumbnailUrl":"https:\/\/www.gold.fr\/news\/wp-content\/uploads\/2016\/01\/or-monnaie-150x150-1-1.jpg","keywords":["euro","march\u00e9s","US","wall street"],"articleSection":["Articles de presse"],"inLanguage":"fr-FR"},{"@type":"WebPage","@id":"https:\/\/www.gold.fr\/news\/2016\/01\/21\/marches-la-chine-eclipse-les-donnees-macroeconomiques\/","url":"https:\/\/www.gold.fr\/news\/2016\/01\/21\/marches-la-chine-eclipse-les-donnees-macroeconomiques\/","name":"March\u00e9s : La Chine \u00e9clipse les donn\u00e9es macro\u00e9conomiques - Gold.fr","isPartOf":{"@id":"https:\/\/www.gold.fr\/news\/#website"},"primaryImageOfPage":{"@id":"https:\/\/www.gold.fr\/news\/2016\/01\/21\/marches-la-chine-eclipse-les-donnees-macroeconomiques\/#primaryimage"},"image":{"@id":"https:\/\/www.gold.fr\/news\/2016\/01\/21\/marches-la-chine-eclipse-les-donnees-macroeconomiques\/#primaryimage"},"thumbnailUrl":"https:\/\/www.gold.fr\/news\/wp-content\/uploads\/2016\/01\/or-monnaie-150x150-1-1.jpg","datePublished":"2016-01-21T08:00:43+00:00","dateModified":"2018-02-05T15:35:10+00:00","author":{"@id":"https:\/\/www.gold.fr\/news\/#\/schema\/person\/070491b4b4fb7671bf59b3be20302ce9"},"breadcrumb":{"@id":"https:\/\/www.gold.fr\/news\/2016\/01\/21\/marches-la-chine-eclipse-les-donnees-macroeconomiques\/#breadcrumb"},"inLanguage":"fr-FR","potentialAction":[{"@type":"ReadAction","target":["https:\/\/www.gold.fr\/news\/2016\/01\/21\/marches-la-chine-eclipse-les-donnees-macroeconomiques\/"]}]},{"@type":"ImageObject","inLanguage":"fr-FR","@id":"https:\/\/www.gold.fr\/news\/2016\/01\/21\/marches-la-chine-eclipse-les-donnees-macroeconomiques\/#primaryimage","url":"https:\/\/www.gold.fr\/news\/wp-content\/uploads\/2016\/01\/or-monnaie-150x150-1-1.jpg","contentUrl":"https:\/\/www.gold.fr\/news\/wp-content\/uploads\/2016\/01\/or-monnaie-150x150-1-1.jpg","width":150,"height":150,"caption":"March\u00e9s : La Chine \u00e9clipse les donn\u00e9es macro\u00e9conomiques"},{"@type":"BreadcrumbList","@id":"https:\/\/www.gold.fr\/news\/2016\/01\/21\/marches-la-chine-eclipse-les-donnees-macroeconomiques\/#breadcrumb","itemListElement":[{"@type":"ListItem","position":1,"name":"Accueil","item":"https:\/\/www.gold.fr\/"},{"@type":"ListItem","position":2,"name":"Actualit\u00e9s","item":"https:\/\/www.gold.fr\/news\/"},{"@type":"ListItem","position":3,"name":"March\u00e9s : La Chine \u00e9clipse les donn\u00e9es macro\u00e9conomiques"}]},{"@type":"WebSite","@id":"https:\/\/www.gold.fr\/news\/#website","url":"https:\/\/www.gold.fr\/news\/","name":"Gold.fr","description":"Actualit\u00e9s de l&#039;Or et des m\u00e9taux pr\u00e9cieux","potentialAction":[{"@type":"SearchAction","target":{"@type":"EntryPoint","urlTemplate":"https:\/\/www.gold.fr\/news\/?s={search_term_string}"},"query-input":{"@type":"PropertyValueSpecification","valueRequired":true,"valueName":"search_term_string"}}],"inLanguage":"fr-FR"},{"@type":"Person","@id":"https:\/\/www.gold.fr\/news\/#\/schema\/person\/070491b4b4fb7671bf59b3be20302ce9","name":"Comptoir National de l'Or","image":{"@type":"ImageObject","inLanguage":"fr-FR","@id":"https:\/\/secure.gravatar.com\/avatar\/0a2867fd5abe37bed95d5a65e9d58f01756e11efc68af9888dfc50cfa7f65948?s=96&d=mm&r=gb490554db0a38188709de567aa58480d","url":"https:\/\/secure.gravatar.com\/avatar\/0a2867fd5abe37bed95d5a65e9d58f01756e11efc68af9888dfc50cfa7f65948?s=96&d=mm&r=g","contentUrl":"https:\/\/secure.gravatar.com\/avatar\/0a2867fd5abe37bed95d5a65e9d58f01756e11efc68af9888dfc50cfa7f65948?s=96&d=mm&r=g","caption":"Comptoir National de l'Or"},"description":"Notre r\u00e9daction est constitu\u00e9e de membres experts dans les m\u00e9tiers de l'\u00e9conomie et la gestion, des Responsables d'agence Comptoir National de l'Or, des analystes financiers qui publient r\u00e9guli\u00e8rement des \u00e9tudes sur les politiques des banques centrales, le cours de l'or, prix de l'or, cours de l'argent, prix de l'argent, cours du platine, cours du palladium,... la situation en zone euro et l'impact de la strat\u00e9gie mon\u00e9taire de la FED. Notre \u00e9quipe scrute \u00e9galement une information plus g\u00e9n\u00e9raliste \u00e0 la recherche d'actualit\u00e9 \"p\u00e9pite\" \u00e0 vous partager. Depuis 5 ans, nous avons publi\u00e9 un peu plus de 4000 articles qui s'adressent \u00e0 un public large et vari\u00e9 ayant pour objectif de satisfaire votre curiosit\u00e9 et de partager avec vous une certaine fascination pour le m\u00e9tal jaune, le rachat d'or, et pour ceux qui veulent investir dans l'or, vendre leur or tout simplement en savoir plus... Pour tous vos achat or et argent, n'h\u00e9sitez pas \u00e0 prendre rendez-vous dans l'un de nos nombreux comptoirs.","sameAs":["https:\/\/www.gold.fr"]}]}},"authors":[{"term_id":2565,"user_id":18,"is_guest":0,"slug":"julie","display_name":"Comptoir National de l'Or","avatar_url":"https:\/\/secure.gravatar.com\/avatar\/713f289e398d35ead876c4a4cc08607f0d6d266058cfc25683fffb6092d0e572?s=96&d=mm&r=g","0":null,"1":"","2":"","3":"","4":"","5":"","6":"","7":"","8":""}],"_links":{"self":[{"href":"https:\/\/www.gold.fr\/news\/wp-json\/wp\/v2\/posts\/18677","targetHints":{"allow":["GET"]}}],"collection":[{"href":"https:\/\/www.gold.fr\/news\/wp-json\/wp\/v2\/posts"}],"about":[{"href":"https:\/\/www.gold.fr\/news\/wp-json\/wp\/v2\/types\/post"}],"author":[{"embeddable":true,"href":"https:\/\/www.gold.fr\/news\/wp-json\/wp\/v2\/users\/18"}],"replies":[{"embeddable":true,"href":"https:\/\/www.gold.fr\/news\/wp-json\/wp\/v2\/comments?post=18677"}],"version-history":[{"count":0,"href":"https:\/\/www.gold.fr\/news\/wp-json\/wp\/v2\/posts\/18677\/revisions"}],"wp:featuredmedia":[{"embeddable":true,"href":"https:\/\/www.gold.fr\/news\/wp-json\/wp\/v2\/media\/29217"}],"wp:attachment":[{"href":"https:\/\/www.gold.fr\/news\/wp-json\/wp\/v2\/media?parent=18677"}],"wp:term":[{"taxonomy":"category","embeddable":true,"href":"https:\/\/www.gold.fr\/news\/wp-json\/wp\/v2\/categories?post=18677"},{"taxonomy":"post_tag","embeddable":true,"href":"https:\/\/www.gold.fr\/news\/wp-json\/wp\/v2\/tags?post=18677"},{"taxonomy":"author","embeddable":true,"href":"https:\/\/www.gold.fr\/news\/wp-json\/wp\/v2\/ppma_author?post=18677"}],"curies":[{"name":"wp","href":"https:\/\/api.w.org\/{rel}","templated":true}]}}