{"id":18661,"date":"2016-01-18T17:00:19","date_gmt":"2016-01-18T16:00:19","guid":{"rendered":"https:\/\/www.gold.fr\/news\/?p=18661"},"modified":"2018-02-05T16:13:54","modified_gmt":"2018-02-05T15:13:54","slug":"hausse-de-lor-la-conjoncture-encore-a-la-rescousse","status":"publish","type":"post","link":"https:\/\/www.gold.fr\/news\/2016\/01\/18\/hausse-de-lor-la-conjoncture-encore-a-la-rescousse\/","title":{"rendered":"Hausse de l\u2019or : La conjoncture encore \u00e0 la rescousse"},"content":{"rendered":"<p><span style=\"font-size: small;\"><img loading=\"lazy\" decoding=\"async\" class=\"alignleft wp-image-3539 size-thumbnail\" title=\"Hausse de l\u2019or : La conjoncture encore \u00e0 la rescousse\" src=\"https:\/\/www.gold.fr\/news\/wp-content\/uploads\/2011\/11\/cours-de-lor-e1331573115358-150x150.jpg\" alt=\"Hausse de l\u2019or : La conjoncture encore \u00e0 la rescousse\" width=\"150\" height=\"150\" \/>En d\u00e9pit d&rsquo;une secousse de correction relativement notable, \u00e0 la fin de la semaine derni\u00e8re, le <a class=\"esk-seo-plu-link\" href=\"https:\/\/www.gold.fr\/news\/tags\/or\">m\u00e9tal jaune<\/a> r\u00e9ussit, en ce d\u00e9but de semaine \u00e0 redresser la barre, revenant \u00e0 grands pas haussiers vers le seuil technique et psychologique des <strong>1 100 <a class=\"esk-seo-plu-link\" href=\"https:\/\/www.gold.fr\/news\/tags\/investissement\">dollars<\/a><\/strong> <a title=\"Prix de l'Once d'Or\" href=\"https:\/\/www.gold.fr\/once-or-nyc\/\" target=\"_blank\" rel=\"noopener\">l\u2019once<\/a>. <\/span><\/p>\n<h2>Quels facteurs sont \u00e0 l&rsquo;origine du redressement du prix de l&rsquo;<a class=\"esk-seo-plu-link\" href=\"https:\/\/www.gold.fr\/news\/tags\/or\">or<\/a> ?<\/h2>\n<p><span style=\"font-size: small;\">Ironiquement, c&rsquo;est le m\u00eame genre de facteurs (en l&rsquo;occurrence, conjoncturels) qui est responsable \u00e0 la fois de la baisse enregistr\u00e9e la semaine derni\u00e8re et la hausse marqu\u00e9e en ce lundi.<\/span> <span style=\"font-size: small;\"> Il faut admettre que bon nombre d&rsquo;experts avaient bien pr\u00e9venu, vendredi dernier, que les facteurs qui ont lourdement pes\u00e9 sur le prix de l&rsquo;once \u00e9taient bien trop conjoncturels \u2013et donc, temporaires- pour s&rsquo;inscrire dans la dur\u00e9e.<\/span> <span style=\"font-size: small;\">Par ailleurs, les pr\u00e9sidents respectifs des r\u00e9serves f\u00e9d\u00e9rales de Boston et de Chicago, Mr <strong>Rosengren<\/strong> et Mr <strong>Evans<\/strong>, avaient \u00e9galement soulign\u00e9 la pr\u00e9carit\u00e9 des circonstances ayant \u00e9t\u00e9 au soutien de l&rsquo;\u00e9conomie US et de la hausse de valeur du billet vert, remettant en question, du coup, la perspective d&rsquo;un nouveau rel\u00e8vement des taux directeurs de la <strong>FED<\/strong>.<\/span> <span style=\"font-size: small;\">Dans ce contexte, les analystes d&rsquo;<strong>IG<\/strong> affirment que, \u00e9tant donn\u00e9 les circonstances, il va sans dire que les fondamentaux sont en bon \u00e9tat, ajoutant que \u00ab <em>les march\u00e9s ne sont pas rationnels et lorsqu&rsquo;ils sont soumis \u00e0 des forces si puissantes, de tels arguments sont inop\u00e9rants<\/em> \u00bb. L&rsquo;\u00e9quipe d&rsquo;experts souligne toutefois que \u00ab <em>la peur est clairement sur le march\u00e9<\/em> \u00bb et la \u00ab <em>menace d&rsquo;une s\u00e9v\u00e8re d\u00e9valuation de la Chine visant \u00e0 calmer les pressions li\u00e9es \u00e0 la d\u00e9flation et \u00e0 l&rsquo;endettement plane au-dessus des march\u00e9s comme une \u00e9p\u00e9e de Damocl\u00e8s<\/em> \u00bb. de<\/span><\/p>\n<!-- AddThis Advanced Settings generic via filter on the_content --><!-- AddThis Share Buttons generic via filter on the_content -->","protected":false},"excerpt":{"rendered":"<p>En d\u00e9pit d&rsquo;une secousse de correction relativement notable, \u00e0 la fin de la semaine derni\u00e8re, le m\u00e9tal jaune r\u00e9ussit, en ce d\u00e9but de semaine \u00e0 redresser la barre, revenant \u00e0 grands pas haussiers vers le seuil [&hellip;]<\/p>\n","protected":false},"author":18,"featured_media":3539,"comment_status":"open","ping_status":"open","sticky":false,"template":"","format":"standard","meta":{"_mbp_gutenberg_autopost":false,"_pgmb_is_evergreen":false,"_pgmb_ap_template_id":0,"footnotes":""},"categories":[6],"tags":[144,1045,900],"ppma_author":[2565],"class_list":["post-18661","post","type-post","status-publish","format-standard","has-post-thumbnail","hentry","category-articles-de-presse","tag-fed","tag-hausse-or","tag-once-or"],"yoast_head":"<!-- This site is optimized with the Yoast SEO plugin v27.5 - https:\/\/yoast.com\/product\/yoast-seo-wordpress\/ -->\n<title>Hausse de l\u2019or : La conjoncture encore \u00e0 la rescousse - Gold.fr<\/title>\n<meta name=\"robots\" content=\"index, follow, max-snippet:-1, max-image-preview:large, max-video-preview:-1\" \/>\n<link rel=\"canonical\" href=\"https:\/\/www.gold.fr\/news\/2016\/01\/18\/hausse-de-lor-la-conjoncture-encore-a-la-rescousse\/\" \/>\n<meta property=\"og:locale\" content=\"fr_FR\" \/>\n<meta property=\"og:type\" content=\"article\" \/>\n<meta property=\"og:title\" content=\"Hausse de l\u2019or : La conjoncture encore \u00e0 la rescousse - Gold.fr\" \/>\n<meta property=\"og:description\" content=\"En d\u00e9pit d&rsquo;une secousse de correction relativement notable, \u00e0 la fin de la semaine derni\u00e8re, le m\u00e9tal jaune r\u00e9ussit, en ce d\u00e9but de semaine \u00e0 redresser la barre, revenant \u00e0 grands pas haussiers vers le seuil [&hellip;]\" \/>\n<meta property=\"og:url\" content=\"https:\/\/www.gold.fr\/news\/2016\/01\/18\/hausse-de-lor-la-conjoncture-encore-a-la-rescousse\/\" \/>\n<meta property=\"og:site_name\" content=\"Gold.fr\" \/>\n<meta property=\"article:publisher\" content=\"https:\/\/www.facebook.com\/Goldfr\/\" \/>\n<meta property=\"article:published_time\" content=\"2016-01-18T16:00:19+00:00\" \/>\n<meta property=\"article:modified_time\" content=\"2018-02-05T15:13:54+00:00\" \/>\n<meta property=\"og:image\" content=\"https:\/\/www.gold.fr\/news\/wp-content\/uploads\/2011\/11\/cours-de-lor-e1331573115358.jpg\" \/>\n\t<meta property=\"og:image:width\" content=\"600\" \/>\n\t<meta property=\"og:image:height\" content=\"394\" \/>\n\t<meta property=\"og:image:type\" content=\"image\/jpeg\" \/>\n<meta name=\"author\" content=\"Comptoir National de l&#039;Or\" \/>\n<meta name=\"twitter:card\" content=\"summary_large_image\" \/>\n<meta name=\"twitter:label1\" content=\"\u00c9crit par\" \/>\n\t<meta name=\"twitter:data1\" content=\"Comptoir National de l&#039;Or\" \/>\n\t<meta name=\"twitter:label2\" content=\"Dur\u00e9e de lecture estim\u00e9e\" \/>\n\t<meta name=\"twitter:data2\" content=\"1 minute\" \/>\n<script type=\"application\/ld+json\" class=\"yoast-schema-graph\">{\"@context\":\"https:\\\/\\\/schema.org\",\"@graph\":[{\"@type\":\"Article\",\"@id\":\"https:\\\/\\\/www.gold.fr\\\/news\\\/2016\\\/01\\\/18\\\/hausse-de-lor-la-conjoncture-encore-a-la-rescousse\\\/#article\",\"isPartOf\":{\"@id\":\"https:\\\/\\\/www.gold.fr\\\/news\\\/2016\\\/01\\\/18\\\/hausse-de-lor-la-conjoncture-encore-a-la-rescousse\\\/\"},\"author\":{\"name\":\"Comptoir National de l'Or\",\"@id\":\"https:\\\/\\\/www.gold.fr\\\/news\\\/#\\\/schema\\\/person\\\/070491b4b4fb7671bf59b3be20302ce9\"},\"headline\":\"Hausse de l\u2019or : La conjoncture encore \u00e0 la rescousse\",\"datePublished\":\"2016-01-18T16:00:19+00:00\",\"dateModified\":\"2018-02-05T15:13:54+00:00\",\"mainEntityOfPage\":{\"@id\":\"https:\\\/\\\/www.gold.fr\\\/news\\\/2016\\\/01\\\/18\\\/hausse-de-lor-la-conjoncture-encore-a-la-rescousse\\\/\"},\"wordCount\":308,\"commentCount\":0,\"image\":{\"@id\":\"https:\\\/\\\/www.gold.fr\\\/news\\\/2016\\\/01\\\/18\\\/hausse-de-lor-la-conjoncture-encore-a-la-rescousse\\\/#primaryimage\"},\"thumbnailUrl\":\"https:\\\/\\\/www.gold.fr\\\/news\\\/wp-content\\\/uploads\\\/2011\\\/11\\\/cours-de-lor-e1331573115358.jpg\",\"keywords\":[\"fed\",\"hausse or\",\"Once or\"],\"articleSection\":[\"Articles de presse\"],\"inLanguage\":\"fr-FR\"},{\"@type\":\"WebPage\",\"@id\":\"https:\\\/\\\/www.gold.fr\\\/news\\\/2016\\\/01\\\/18\\\/hausse-de-lor-la-conjoncture-encore-a-la-rescousse\\\/\",\"url\":\"https:\\\/\\\/www.gold.fr\\\/news\\\/2016\\\/01\\\/18\\\/hausse-de-lor-la-conjoncture-encore-a-la-rescousse\\\/\",\"name\":\"Hausse de l\u2019or : La conjoncture encore \u00e0 la rescousse - Gold.fr\",\"isPartOf\":{\"@id\":\"https:\\\/\\\/www.gold.fr\\\/news\\\/#website\"},\"primaryImageOfPage\":{\"@id\":\"https:\\\/\\\/www.gold.fr\\\/news\\\/2016\\\/01\\\/18\\\/hausse-de-lor-la-conjoncture-encore-a-la-rescousse\\\/#primaryimage\"},\"image\":{\"@id\":\"https:\\\/\\\/www.gold.fr\\\/news\\\/2016\\\/01\\\/18\\\/hausse-de-lor-la-conjoncture-encore-a-la-rescousse\\\/#primaryimage\"},\"thumbnailUrl\":\"https:\\\/\\\/www.gold.fr\\\/news\\\/wp-content\\\/uploads\\\/2011\\\/11\\\/cours-de-lor-e1331573115358.jpg\",\"datePublished\":\"2016-01-18T16:00:19+00:00\",\"dateModified\":\"2018-02-05T15:13:54+00:00\",\"author\":{\"@id\":\"https:\\\/\\\/www.gold.fr\\\/news\\\/#\\\/schema\\\/person\\\/070491b4b4fb7671bf59b3be20302ce9\"},\"breadcrumb\":{\"@id\":\"https:\\\/\\\/www.gold.fr\\\/news\\\/2016\\\/01\\\/18\\\/hausse-de-lor-la-conjoncture-encore-a-la-rescousse\\\/#breadcrumb\"},\"inLanguage\":\"fr-FR\",\"potentialAction\":[{\"@type\":\"ReadAction\",\"target\":[\"https:\\\/\\\/www.gold.fr\\\/news\\\/2016\\\/01\\\/18\\\/hausse-de-lor-la-conjoncture-encore-a-la-rescousse\\\/\"]}]},{\"@type\":\"ImageObject\",\"inLanguage\":\"fr-FR\",\"@id\":\"https:\\\/\\\/www.gold.fr\\\/news\\\/2016\\\/01\\\/18\\\/hausse-de-lor-la-conjoncture-encore-a-la-rescousse\\\/#primaryimage\",\"url\":\"https:\\\/\\\/www.gold.fr\\\/news\\\/wp-content\\\/uploads\\\/2011\\\/11\\\/cours-de-lor-e1331573115358.jpg\",\"contentUrl\":\"https:\\\/\\\/www.gold.fr\\\/news\\\/wp-content\\\/uploads\\\/2011\\\/11\\\/cours-de-lor-e1331573115358.jpg\",\"width\":\"600\",\"height\":\"394\",\"caption\":\"Hausse de l\u2019or : La conjoncture encore \u00e0 la rescousse\"},{\"@type\":\"BreadcrumbList\",\"@id\":\"https:\\\/\\\/www.gold.fr\\\/news\\\/2016\\\/01\\\/18\\\/hausse-de-lor-la-conjoncture-encore-a-la-rescousse\\\/#breadcrumb\",\"itemListElement\":[{\"@type\":\"ListItem\",\"position\":1,\"name\":\"Accueil\",\"item\":\"https:\\\/\\\/www.gold.fr\\\/\"},{\"@type\":\"ListItem\",\"position\":2,\"name\":\"Actualit\u00e9s\",\"item\":\"https:\\\/\\\/www.gold.fr\\\/news\\\/\"},{\"@type\":\"ListItem\",\"position\":3,\"name\":\"Hausse de l\u2019or : La conjoncture encore \u00e0 la rescousse\"}]},{\"@type\":\"WebSite\",\"@id\":\"https:\\\/\\\/www.gold.fr\\\/news\\\/#website\",\"url\":\"https:\\\/\\\/www.gold.fr\\\/news\\\/\",\"name\":\"Gold.fr\",\"description\":\"Actualit\u00e9s de l&#039;Or et des m\u00e9taux pr\u00e9cieux\",\"potentialAction\":[{\"@type\":\"SearchAction\",\"target\":{\"@type\":\"EntryPoint\",\"urlTemplate\":\"https:\\\/\\\/www.gold.fr\\\/news\\\/?s={search_term_string}\"},\"query-input\":{\"@type\":\"PropertyValueSpecification\",\"valueRequired\":true,\"valueName\":\"search_term_string\"}}],\"inLanguage\":\"fr-FR\"},{\"@type\":\"Person\",\"@id\":\"https:\\\/\\\/www.gold.fr\\\/news\\\/#\\\/schema\\\/person\\\/070491b4b4fb7671bf59b3be20302ce9\",\"name\":\"Comptoir National de l'Or\",\"image\":{\"@type\":\"ImageObject\",\"inLanguage\":\"fr-FR\",\"@id\":\"https:\\\/\\\/secure.gravatar.com\\\/avatar\\\/0a2867fd5abe37bed95d5a65e9d58f01756e11efc68af9888dfc50cfa7f65948?s=96&d=mm&r=gb490554db0a38188709de567aa58480d\",\"url\":\"https:\\\/\\\/secure.gravatar.com\\\/avatar\\\/0a2867fd5abe37bed95d5a65e9d58f01756e11efc68af9888dfc50cfa7f65948?s=96&d=mm&r=g\",\"contentUrl\":\"https:\\\/\\\/secure.gravatar.com\\\/avatar\\\/0a2867fd5abe37bed95d5a65e9d58f01756e11efc68af9888dfc50cfa7f65948?s=96&d=mm&r=g\",\"caption\":\"Comptoir National de l'Or\"},\"description\":\"Notre r\u00e9daction est constitu\u00e9e de membres experts dans les m\u00e9tiers de l'\u00e9conomie et la gestion, des Responsables d'agence Comptoir National de l'Or, des analystes financiers qui publient r\u00e9guli\u00e8rement des \u00e9tudes sur les politiques des banques centrales, le cours de l'or, prix de l'or, cours de l'argent, prix de l'argent, cours du platine, cours du palladium,... la situation en zone euro et l'impact de la strat\u00e9gie mon\u00e9taire de la FED. Notre \u00e9quipe scrute \u00e9galement une information plus g\u00e9n\u00e9raliste \u00e0 la recherche d'actualit\u00e9 \\\"p\u00e9pite\\\" \u00e0 vous partager. Depuis 5 ans, nous avons publi\u00e9 un peu plus de 4000 articles qui s'adressent \u00e0 un public large et vari\u00e9 ayant pour objectif de satisfaire votre curiosit\u00e9 et de partager avec vous une certaine fascination pour le m\u00e9tal jaune, le rachat d'or, et pour ceux qui veulent investir dans l'or, vendre leur or tout simplement en savoir plus... Pour tous vos achat or et argent, n'h\u00e9sitez pas \u00e0 prendre rendez-vous dans l'un de nos nombreux comptoirs.\",\"sameAs\":[\"https:\\\/\\\/www.gold.fr\"]}]}<\/script>\n<!-- \/ Yoast SEO plugin. -->","yoast_head_json":{"title":"Hausse de l\u2019or : La conjoncture encore \u00e0 la rescousse - Gold.fr","robots":{"index":"index","follow":"follow","max-snippet":"max-snippet:-1","max-image-preview":"max-image-preview:large","max-video-preview":"max-video-preview:-1"},"canonical":"https:\/\/www.gold.fr\/news\/2016\/01\/18\/hausse-de-lor-la-conjoncture-encore-a-la-rescousse\/","og_locale":"fr_FR","og_type":"article","og_title":"Hausse de l\u2019or : La conjoncture encore \u00e0 la rescousse - Gold.fr","og_description":"En d\u00e9pit d&rsquo;une secousse de correction relativement notable, \u00e0 la fin de la semaine derni\u00e8re, le m\u00e9tal jaune r\u00e9ussit, en ce d\u00e9but de semaine \u00e0 redresser la barre, revenant \u00e0 grands pas haussiers vers le seuil [&hellip;]","og_url":"https:\/\/www.gold.fr\/news\/2016\/01\/18\/hausse-de-lor-la-conjoncture-encore-a-la-rescousse\/","og_site_name":"Gold.fr","article_publisher":"https:\/\/www.facebook.com\/Goldfr\/","article_published_time":"2016-01-18T16:00:19+00:00","article_modified_time":"2018-02-05T15:13:54+00:00","og_image":[{"width":600,"height":394,"url":"https:\/\/www.gold.fr\/news\/wp-content\/uploads\/2011\/11\/cours-de-lor-e1331573115358.jpg","type":"image\/jpeg"}],"author":"Comptoir National de l'Or","twitter_card":"summary_large_image","twitter_misc":{"\u00c9crit par":"Comptoir National de l'Or","Dur\u00e9e de lecture estim\u00e9e":"1 minute"},"schema":{"@context":"https:\/\/schema.org","@graph":[{"@type":"Article","@id":"https:\/\/www.gold.fr\/news\/2016\/01\/18\/hausse-de-lor-la-conjoncture-encore-a-la-rescousse\/#article","isPartOf":{"@id":"https:\/\/www.gold.fr\/news\/2016\/01\/18\/hausse-de-lor-la-conjoncture-encore-a-la-rescousse\/"},"author":{"name":"Comptoir National de l'Or","@id":"https:\/\/www.gold.fr\/news\/#\/schema\/person\/070491b4b4fb7671bf59b3be20302ce9"},"headline":"Hausse de l\u2019or : La conjoncture encore \u00e0 la rescousse","datePublished":"2016-01-18T16:00:19+00:00","dateModified":"2018-02-05T15:13:54+00:00","mainEntityOfPage":{"@id":"https:\/\/www.gold.fr\/news\/2016\/01\/18\/hausse-de-lor-la-conjoncture-encore-a-la-rescousse\/"},"wordCount":308,"commentCount":0,"image":{"@id":"https:\/\/www.gold.fr\/news\/2016\/01\/18\/hausse-de-lor-la-conjoncture-encore-a-la-rescousse\/#primaryimage"},"thumbnailUrl":"https:\/\/www.gold.fr\/news\/wp-content\/uploads\/2011\/11\/cours-de-lor-e1331573115358.jpg","keywords":["fed","hausse or","Once or"],"articleSection":["Articles de presse"],"inLanguage":"fr-FR"},{"@type":"WebPage","@id":"https:\/\/www.gold.fr\/news\/2016\/01\/18\/hausse-de-lor-la-conjoncture-encore-a-la-rescousse\/","url":"https:\/\/www.gold.fr\/news\/2016\/01\/18\/hausse-de-lor-la-conjoncture-encore-a-la-rescousse\/","name":"Hausse de l\u2019or : La conjoncture encore \u00e0 la rescousse - Gold.fr","isPartOf":{"@id":"https:\/\/www.gold.fr\/news\/#website"},"primaryImageOfPage":{"@id":"https:\/\/www.gold.fr\/news\/2016\/01\/18\/hausse-de-lor-la-conjoncture-encore-a-la-rescousse\/#primaryimage"},"image":{"@id":"https:\/\/www.gold.fr\/news\/2016\/01\/18\/hausse-de-lor-la-conjoncture-encore-a-la-rescousse\/#primaryimage"},"thumbnailUrl":"https:\/\/www.gold.fr\/news\/wp-content\/uploads\/2011\/11\/cours-de-lor-e1331573115358.jpg","datePublished":"2016-01-18T16:00:19+00:00","dateModified":"2018-02-05T15:13:54+00:00","author":{"@id":"https:\/\/www.gold.fr\/news\/#\/schema\/person\/070491b4b4fb7671bf59b3be20302ce9"},"breadcrumb":{"@id":"https:\/\/www.gold.fr\/news\/2016\/01\/18\/hausse-de-lor-la-conjoncture-encore-a-la-rescousse\/#breadcrumb"},"inLanguage":"fr-FR","potentialAction":[{"@type":"ReadAction","target":["https:\/\/www.gold.fr\/news\/2016\/01\/18\/hausse-de-lor-la-conjoncture-encore-a-la-rescousse\/"]}]},{"@type":"ImageObject","inLanguage":"fr-FR","@id":"https:\/\/www.gold.fr\/news\/2016\/01\/18\/hausse-de-lor-la-conjoncture-encore-a-la-rescousse\/#primaryimage","url":"https:\/\/www.gold.fr\/news\/wp-content\/uploads\/2011\/11\/cours-de-lor-e1331573115358.jpg","contentUrl":"https:\/\/www.gold.fr\/news\/wp-content\/uploads\/2011\/11\/cours-de-lor-e1331573115358.jpg","width":"600","height":"394","caption":"Hausse de l\u2019or : La conjoncture encore \u00e0 la rescousse"},{"@type":"BreadcrumbList","@id":"https:\/\/www.gold.fr\/news\/2016\/01\/18\/hausse-de-lor-la-conjoncture-encore-a-la-rescousse\/#breadcrumb","itemListElement":[{"@type":"ListItem","position":1,"name":"Accueil","item":"https:\/\/www.gold.fr\/"},{"@type":"ListItem","position":2,"name":"Actualit\u00e9s","item":"https:\/\/www.gold.fr\/news\/"},{"@type":"ListItem","position":3,"name":"Hausse de l\u2019or : La conjoncture encore \u00e0 la rescousse"}]},{"@type":"WebSite","@id":"https:\/\/www.gold.fr\/news\/#website","url":"https:\/\/www.gold.fr\/news\/","name":"Gold.fr","description":"Actualit\u00e9s de l&#039;Or et des m\u00e9taux pr\u00e9cieux","potentialAction":[{"@type":"SearchAction","target":{"@type":"EntryPoint","urlTemplate":"https:\/\/www.gold.fr\/news\/?s={search_term_string}"},"query-input":{"@type":"PropertyValueSpecification","valueRequired":true,"valueName":"search_term_string"}}],"inLanguage":"fr-FR"},{"@type":"Person","@id":"https:\/\/www.gold.fr\/news\/#\/schema\/person\/070491b4b4fb7671bf59b3be20302ce9","name":"Comptoir National de l'Or","image":{"@type":"ImageObject","inLanguage":"fr-FR","@id":"https:\/\/secure.gravatar.com\/avatar\/0a2867fd5abe37bed95d5a65e9d58f01756e11efc68af9888dfc50cfa7f65948?s=96&d=mm&r=gb490554db0a38188709de567aa58480d","url":"https:\/\/secure.gravatar.com\/avatar\/0a2867fd5abe37bed95d5a65e9d58f01756e11efc68af9888dfc50cfa7f65948?s=96&d=mm&r=g","contentUrl":"https:\/\/secure.gravatar.com\/avatar\/0a2867fd5abe37bed95d5a65e9d58f01756e11efc68af9888dfc50cfa7f65948?s=96&d=mm&r=g","caption":"Comptoir National de l'Or"},"description":"Notre r\u00e9daction est constitu\u00e9e de membres experts dans les m\u00e9tiers de l'\u00e9conomie et la gestion, des Responsables d'agence Comptoir National de l'Or, des analystes financiers qui publient r\u00e9guli\u00e8rement des \u00e9tudes sur les politiques des banques centrales, le cours de l'or, prix de l'or, cours de l'argent, prix de l'argent, cours du platine, cours du palladium,... la situation en zone euro et l'impact de la strat\u00e9gie mon\u00e9taire de la FED. Notre \u00e9quipe scrute \u00e9galement une information plus g\u00e9n\u00e9raliste \u00e0 la recherche d'actualit\u00e9 \"p\u00e9pite\" \u00e0 vous partager. Depuis 5 ans, nous avons publi\u00e9 un peu plus de 4000 articles qui s'adressent \u00e0 un public large et vari\u00e9 ayant pour objectif de satisfaire votre curiosit\u00e9 et de partager avec vous une certaine fascination pour le m\u00e9tal jaune, le rachat d'or, et pour ceux qui veulent investir dans l'or, vendre leur or tout simplement en savoir plus... Pour tous vos achat or et argent, n'h\u00e9sitez pas \u00e0 prendre rendez-vous dans l'un de nos nombreux comptoirs.","sameAs":["https:\/\/www.gold.fr"]}]}},"authors":[{"term_id":2565,"user_id":18,"is_guest":0,"slug":"julie","display_name":"Comptoir National de l'Or","avatar_url":"https:\/\/secure.gravatar.com\/avatar\/713f289e398d35ead876c4a4cc08607f0d6d266058cfc25683fffb6092d0e572?s=96&d=mm&r=g","0":null,"1":"","2":"","3":"","4":"","5":"","6":"","7":"","8":""}],"_links":{"self":[{"href":"https:\/\/www.gold.fr\/news\/wp-json\/wp\/v2\/posts\/18661","targetHints":{"allow":["GET"]}}],"collection":[{"href":"https:\/\/www.gold.fr\/news\/wp-json\/wp\/v2\/posts"}],"about":[{"href":"https:\/\/www.gold.fr\/news\/wp-json\/wp\/v2\/types\/post"}],"author":[{"embeddable":true,"href":"https:\/\/www.gold.fr\/news\/wp-json\/wp\/v2\/users\/18"}],"replies":[{"embeddable":true,"href":"https:\/\/www.gold.fr\/news\/wp-json\/wp\/v2\/comments?post=18661"}],"version-history":[{"count":0,"href":"https:\/\/www.gold.fr\/news\/wp-json\/wp\/v2\/posts\/18661\/revisions"}],"wp:featuredmedia":[{"embeddable":true,"href":"https:\/\/www.gold.fr\/news\/wp-json\/wp\/v2\/media\/3539"}],"wp:attachment":[{"href":"https:\/\/www.gold.fr\/news\/wp-json\/wp\/v2\/media?parent=18661"}],"wp:term":[{"taxonomy":"category","embeddable":true,"href":"https:\/\/www.gold.fr\/news\/wp-json\/wp\/v2\/categories?post=18661"},{"taxonomy":"post_tag","embeddable":true,"href":"https:\/\/www.gold.fr\/news\/wp-json\/wp\/v2\/tags?post=18661"},{"taxonomy":"author","embeddable":true,"href":"https:\/\/www.gold.fr\/news\/wp-json\/wp\/v2\/ppma_author?post=18661"}],"curies":[{"name":"wp","href":"https:\/\/api.w.org\/{rel}","templated":true}]}}