{"id":18652,"date":"2016-01-15T17:00:06","date_gmt":"2016-01-15T16:00:06","guid":{"rendered":"https:\/\/www.gold.fr\/news\/?p=18652"},"modified":"2018-02-05T16:02:05","modified_gmt":"2018-02-05T15:02:05","slug":"evolution-de-lor-lonce-en-perte-conjoncturelle-de-terrain","status":"publish","type":"post","link":"https:\/\/www.gold.fr\/news\/2016\/01\/15\/evolution-de-lor-lonce-en-perte-conjoncturelle-de-terrain\/","title":{"rendered":"Evolution de l\u2019or : L\u2019once en perte conjoncturelle de terrain"},"content":{"rendered":"<p><span style=\"font-size: small;\"><img loading=\"lazy\" decoding=\"async\" class=\"alignleft wp-image-3901 size-thumbnail\" title=\"Evolution de l\u2019or : L\u2019once en perte conjoncturelle de terrain \" src=\"https:\/\/www.gold.fr\/news\/wp-content\/uploads\/2011\/11\/87987826-150x150.jpg\" alt=\"Evolution de l\u2019or : L\u2019once en perte conjoncturelle de terrain \" width=\"150\" height=\"150\" \/>Il faut en effet noter que la majorit\u00e9 des experts estiment que cette baisse du <a title=\"Prix de l'Once d'Or\" href=\"https:\/\/www.gold.fr\/once-or-nyc\/\" target=\"_blank\" rel=\"noopener\">prix de l\u2019once<\/a> est purement conjoncturelle, et donc automatiquement passag\u00e8re. <\/span><\/p>\n<h2>Evolution du <a class=\"esk-seo-plu-link\" href=\"https:\/\/www.gold.fr\/news\/tags\/cours-de-lor\">prix de l&rsquo;or<\/a> : quels facteurs \u00e0 prendre en compte ?<\/h2>\n<p><span style=\"font-size: small;\">Un aspect temporaire qui correspond \u00e9galement aux raisons m\u00eames qui expliquent cette baisse. Difficile donc de pr\u00e9voir, dans l&rsquo;imm\u00e9diat, la dur\u00e9e et l&rsquo;ampleur de cette baisse.<\/span> <span style=\"font-size: small;\">Rappelons qu&rsquo;apr\u00e8s avoir profit\u00e9, pendant deux semaines, de la forte stagnation des march\u00e9s d&rsquo;<a class=\"esk-seo-plu-link\" href=\"https:\/\/www.gold.fr\/news\/tags\/investissement\">actions<\/a> et des principaux indices boursiers, le <a class=\"esk-seo-plu-link\" href=\"https:\/\/www.gold.fr\/news\/tags\/cours-de-lor\">cours de l&rsquo;or<\/a> subit la pression baissi\u00e8re de leur r\u00e9cente reprise g\u00e9n\u00e9ralis\u00e9e. Les experts de <strong>Commerzbank<\/strong> r\u00e9sument d&rsquo;ailleurs bien ces deux \u00e9volutions parall\u00e8les en notant que, \u00ab<em> alors que les mati\u00e8res premi\u00e8res cycliques, comme les m\u00e9taux industriels et les mati\u00e8res \u00e9nerg\u00e9tiques, se reprennent dans une certaine mesure<\/em> \u00bb, l&rsquo;or, quant \u00e0 lui, est en baisse. Bon nombre d&rsquo;analystes justifient ce ph\u00e9nom\u00e8ne par \u00ab <em>un environnement caract\u00e9ris\u00e9 par une augmentation temporaire de l&rsquo;app\u00e9tit pour le risque (et donc une hausse des <a class=\"esk-seo-plu-link\" href=\"https:\/\/www.gold.fr\/news\/tags\/investissement\">actions<\/a>) et le raffermissement du dollar am\u00e9ricain<\/em> \u00bb.<\/span> <span style=\"font-size: small;\">Il ne faut toutefois pas oublier que les chefs respectifs des r\u00e9serves f\u00e9d\u00e9rales de Boston et de <strong>Chicago<\/strong>, &#8211; <strong>Mr Rosengren<\/strong> et <strong>Mr Evans<\/strong>-, n&rsquo;ont pas h\u00e9sit\u00e9 \u00e0 exprimer leurs inqui\u00e9tudes concernant l&rsquo;avenir de la croissance \u00e9conomique mondiale. Les deux pr\u00e9sidents des fed am\u00e9rcaines ont en effet affirm\u00e9 que \u00ab <em>la tourmente dans laquelle sont plong\u00e9s les march\u00e9s boursiers chinois, la faiblesse du cours du p\u00e9trole et d&rsquo;autres facteurs pourraient peser significativement sur la conjoncture globale<\/em> \u00bb.<\/span><\/p>\n<!-- AddThis Advanced Settings generic via filter on the_content --><!-- AddThis Share Buttons generic via filter on the_content -->","protected":false},"excerpt":{"rendered":"<p>Il faut en effet noter que la majorit\u00e9 des experts estiment que cette baisse du prix de l\u2019once est purement conjoncturelle, et donc automatiquement passag\u00e8re. Evolution du prix de l&rsquo;or : quels facteurs \u00e0 prendre en [&hellip;]<\/p>\n","protected":false},"author":18,"featured_media":3901,"comment_status":"open","ping_status":"open","sticky":false,"template":"","format":"standard","meta":{"_mbp_gutenberg_autopost":false,"_pgmb_is_evergreen":false,"_pgmb_ap_template_id":0,"footnotes":""},"categories":[6],"tags":[1900,1649,76,1268],"ppma_author":[2565],"class_list":["post-18652","post","type-post","status-publish","format-standard","has-post-thumbnail","hentry","category-articles-de-presse","tag-evolution","tag-marches","tag-or","tag-prix-once"],"yoast_head":"<!-- This site is optimized with the Yoast SEO plugin v27.5 - https:\/\/yoast.com\/product\/yoast-seo-wordpress\/ -->\n<title>Evolution de l\u2019or : L\u2019once en perte conjoncturelle de terrain - Gold.fr<\/title>\n<meta name=\"robots\" content=\"index, follow, max-snippet:-1, max-image-preview:large, max-video-preview:-1\" \/>\n<link rel=\"canonical\" href=\"https:\/\/www.gold.fr\/news\/2016\/01\/15\/evolution-de-lor-lonce-en-perte-conjoncturelle-de-terrain\/\" \/>\n<meta property=\"og:locale\" content=\"fr_FR\" \/>\n<meta property=\"og:type\" content=\"article\" \/>\n<meta property=\"og:title\" content=\"Evolution de l\u2019or : L\u2019once en perte conjoncturelle de terrain - Gold.fr\" \/>\n<meta property=\"og:description\" content=\"Il faut en effet noter que la majorit\u00e9 des experts estiment que cette baisse du prix de l\u2019once est purement conjoncturelle, et donc automatiquement passag\u00e8re. Evolution du prix de l&rsquo;or : quels facteurs \u00e0 prendre en [&hellip;]\" \/>\n<meta property=\"og:url\" content=\"https:\/\/www.gold.fr\/news\/2016\/01\/15\/evolution-de-lor-lonce-en-perte-conjoncturelle-de-terrain\/\" \/>\n<meta property=\"og:site_name\" content=\"Gold.fr\" \/>\n<meta property=\"article:publisher\" content=\"https:\/\/www.facebook.com\/Goldfr\/\" \/>\n<meta property=\"article:published_time\" content=\"2016-01-15T16:00:06+00:00\" \/>\n<meta property=\"article:modified_time\" content=\"2018-02-05T15:02:05+00:00\" \/>\n<meta property=\"og:image\" content=\"https:\/\/www.gold.fr\/news\/wp-content\/uploads\/2011\/11\/87987826-e1321634257485.jpg\" \/>\n\t<meta property=\"og:image:width\" content=\"608\" \/>\n\t<meta property=\"og:image:height\" content=\"400\" \/>\n\t<meta property=\"og:image:type\" content=\"image\/jpeg\" \/>\n<meta name=\"author\" content=\"Comptoir National de l&#039;Or\" \/>\n<meta name=\"twitter:card\" content=\"summary_large_image\" \/>\n<meta name=\"twitter:label1\" content=\"\u00c9crit par\" \/>\n\t<meta name=\"twitter:data1\" content=\"Comptoir National de l&#039;Or\" \/>\n\t<meta name=\"twitter:label2\" content=\"Dur\u00e9e de lecture estim\u00e9e\" \/>\n\t<meta name=\"twitter:data2\" content=\"1 minute\" \/>\n<script type=\"application\/ld+json\" class=\"yoast-schema-graph\">{\"@context\":\"https:\\\/\\\/schema.org\",\"@graph\":[{\"@type\":\"Article\",\"@id\":\"https:\\\/\\\/www.gold.fr\\\/news\\\/2016\\\/01\\\/15\\\/evolution-de-lor-lonce-en-perte-conjoncturelle-de-terrain\\\/#article\",\"isPartOf\":{\"@id\":\"https:\\\/\\\/www.gold.fr\\\/news\\\/2016\\\/01\\\/15\\\/evolution-de-lor-lonce-en-perte-conjoncturelle-de-terrain\\\/\"},\"author\":{\"name\":\"Comptoir National de l'Or\",\"@id\":\"https:\\\/\\\/www.gold.fr\\\/news\\\/#\\\/schema\\\/person\\\/070491b4b4fb7671bf59b3be20302ce9\"},\"headline\":\"Evolution de l\u2019or : L\u2019once en perte conjoncturelle de terrain\",\"datePublished\":\"2016-01-15T16:00:06+00:00\",\"dateModified\":\"2018-02-05T15:02:05+00:00\",\"mainEntityOfPage\":{\"@id\":\"https:\\\/\\\/www.gold.fr\\\/news\\\/2016\\\/01\\\/15\\\/evolution-de-lor-lonce-en-perte-conjoncturelle-de-terrain\\\/\"},\"wordCount\":297,\"commentCount\":0,\"image\":{\"@id\":\"https:\\\/\\\/www.gold.fr\\\/news\\\/2016\\\/01\\\/15\\\/evolution-de-lor-lonce-en-perte-conjoncturelle-de-terrain\\\/#primaryimage\"},\"thumbnailUrl\":\"https:\\\/\\\/www.gold.fr\\\/news\\\/wp-content\\\/uploads\\\/2011\\\/11\\\/87987826-e1321634257485.jpg\",\"keywords\":[\"\u00e9volution\",\"march\u00e9s\",\"Or\",\"prix once\"],\"articleSection\":[\"Articles de presse\"],\"inLanguage\":\"fr-FR\"},{\"@type\":\"WebPage\",\"@id\":\"https:\\\/\\\/www.gold.fr\\\/news\\\/2016\\\/01\\\/15\\\/evolution-de-lor-lonce-en-perte-conjoncturelle-de-terrain\\\/\",\"url\":\"https:\\\/\\\/www.gold.fr\\\/news\\\/2016\\\/01\\\/15\\\/evolution-de-lor-lonce-en-perte-conjoncturelle-de-terrain\\\/\",\"name\":\"Evolution de l\u2019or : L\u2019once en perte conjoncturelle de terrain - Gold.fr\",\"isPartOf\":{\"@id\":\"https:\\\/\\\/www.gold.fr\\\/news\\\/#website\"},\"primaryImageOfPage\":{\"@id\":\"https:\\\/\\\/www.gold.fr\\\/news\\\/2016\\\/01\\\/15\\\/evolution-de-lor-lonce-en-perte-conjoncturelle-de-terrain\\\/#primaryimage\"},\"image\":{\"@id\":\"https:\\\/\\\/www.gold.fr\\\/news\\\/2016\\\/01\\\/15\\\/evolution-de-lor-lonce-en-perte-conjoncturelle-de-terrain\\\/#primaryimage\"},\"thumbnailUrl\":\"https:\\\/\\\/www.gold.fr\\\/news\\\/wp-content\\\/uploads\\\/2011\\\/11\\\/87987826-e1321634257485.jpg\",\"datePublished\":\"2016-01-15T16:00:06+00:00\",\"dateModified\":\"2018-02-05T15:02:05+00:00\",\"author\":{\"@id\":\"https:\\\/\\\/www.gold.fr\\\/news\\\/#\\\/schema\\\/person\\\/070491b4b4fb7671bf59b3be20302ce9\"},\"breadcrumb\":{\"@id\":\"https:\\\/\\\/www.gold.fr\\\/news\\\/2016\\\/01\\\/15\\\/evolution-de-lor-lonce-en-perte-conjoncturelle-de-terrain\\\/#breadcrumb\"},\"inLanguage\":\"fr-FR\",\"potentialAction\":[{\"@type\":\"ReadAction\",\"target\":[\"https:\\\/\\\/www.gold.fr\\\/news\\\/2016\\\/01\\\/15\\\/evolution-de-lor-lonce-en-perte-conjoncturelle-de-terrain\\\/\"]}]},{\"@type\":\"ImageObject\",\"inLanguage\":\"fr-FR\",\"@id\":\"https:\\\/\\\/www.gold.fr\\\/news\\\/2016\\\/01\\\/15\\\/evolution-de-lor-lonce-en-perte-conjoncturelle-de-terrain\\\/#primaryimage\",\"url\":\"https:\\\/\\\/www.gold.fr\\\/news\\\/wp-content\\\/uploads\\\/2011\\\/11\\\/87987826-e1321634257485.jpg\",\"contentUrl\":\"https:\\\/\\\/www.gold.fr\\\/news\\\/wp-content\\\/uploads\\\/2011\\\/11\\\/87987826-e1321634257485.jpg\",\"width\":\"608\",\"height\":\"400\",\"caption\":\"Evolution de l\u2019or : L\u2019once en perte conjoncturelle de terrain\"},{\"@type\":\"BreadcrumbList\",\"@id\":\"https:\\\/\\\/www.gold.fr\\\/news\\\/2016\\\/01\\\/15\\\/evolution-de-lor-lonce-en-perte-conjoncturelle-de-terrain\\\/#breadcrumb\",\"itemListElement\":[{\"@type\":\"ListItem\",\"position\":1,\"name\":\"Accueil\",\"item\":\"https:\\\/\\\/www.gold.fr\\\/\"},{\"@type\":\"ListItem\",\"position\":2,\"name\":\"Actualit\u00e9s\",\"item\":\"https:\\\/\\\/www.gold.fr\\\/news\\\/\"},{\"@type\":\"ListItem\",\"position\":3,\"name\":\"Evolution de l\u2019or : L\u2019once en perte conjoncturelle de terrain\"}]},{\"@type\":\"WebSite\",\"@id\":\"https:\\\/\\\/www.gold.fr\\\/news\\\/#website\",\"url\":\"https:\\\/\\\/www.gold.fr\\\/news\\\/\",\"name\":\"Gold.fr\",\"description\":\"Actualit\u00e9s de l&#039;Or et des m\u00e9taux pr\u00e9cieux\",\"potentialAction\":[{\"@type\":\"SearchAction\",\"target\":{\"@type\":\"EntryPoint\",\"urlTemplate\":\"https:\\\/\\\/www.gold.fr\\\/news\\\/?s={search_term_string}\"},\"query-input\":{\"@type\":\"PropertyValueSpecification\",\"valueRequired\":true,\"valueName\":\"search_term_string\"}}],\"inLanguage\":\"fr-FR\"},{\"@type\":\"Person\",\"@id\":\"https:\\\/\\\/www.gold.fr\\\/news\\\/#\\\/schema\\\/person\\\/070491b4b4fb7671bf59b3be20302ce9\",\"name\":\"Comptoir National de l'Or\",\"image\":{\"@type\":\"ImageObject\",\"inLanguage\":\"fr-FR\",\"@id\":\"https:\\\/\\\/secure.gravatar.com\\\/avatar\\\/0a2867fd5abe37bed95d5a65e9d58f01756e11efc68af9888dfc50cfa7f65948?s=96&d=mm&r=gb490554db0a38188709de567aa58480d\",\"url\":\"https:\\\/\\\/secure.gravatar.com\\\/avatar\\\/0a2867fd5abe37bed95d5a65e9d58f01756e11efc68af9888dfc50cfa7f65948?s=96&d=mm&r=g\",\"contentUrl\":\"https:\\\/\\\/secure.gravatar.com\\\/avatar\\\/0a2867fd5abe37bed95d5a65e9d58f01756e11efc68af9888dfc50cfa7f65948?s=96&d=mm&r=g\",\"caption\":\"Comptoir National de l'Or\"},\"description\":\"Notre r\u00e9daction est constitu\u00e9e de membres experts dans les m\u00e9tiers de l'\u00e9conomie et la gestion, des Responsables d'agence Comptoir National de l'Or, des analystes financiers qui publient r\u00e9guli\u00e8rement des \u00e9tudes sur les politiques des banques centrales, le cours de l'or, prix de l'or, cours de l'argent, prix de l'argent, cours du platine, cours du palladium,... la situation en zone euro et l'impact de la strat\u00e9gie mon\u00e9taire de la FED. Notre \u00e9quipe scrute \u00e9galement une information plus g\u00e9n\u00e9raliste \u00e0 la recherche d'actualit\u00e9 \\\"p\u00e9pite\\\" \u00e0 vous partager. Depuis 5 ans, nous avons publi\u00e9 un peu plus de 4000 articles qui s'adressent \u00e0 un public large et vari\u00e9 ayant pour objectif de satisfaire votre curiosit\u00e9 et de partager avec vous une certaine fascination pour le m\u00e9tal jaune, le rachat d'or, et pour ceux qui veulent investir dans l'or, vendre leur or tout simplement en savoir plus... Pour tous vos achat or et argent, n'h\u00e9sitez pas \u00e0 prendre rendez-vous dans l'un de nos nombreux comptoirs.\",\"sameAs\":[\"https:\\\/\\\/www.gold.fr\"]}]}<\/script>\n<!-- \/ Yoast SEO plugin. -->","yoast_head_json":{"title":"Evolution de l\u2019or : L\u2019once en perte conjoncturelle de terrain - Gold.fr","robots":{"index":"index","follow":"follow","max-snippet":"max-snippet:-1","max-image-preview":"max-image-preview:large","max-video-preview":"max-video-preview:-1"},"canonical":"https:\/\/www.gold.fr\/news\/2016\/01\/15\/evolution-de-lor-lonce-en-perte-conjoncturelle-de-terrain\/","og_locale":"fr_FR","og_type":"article","og_title":"Evolution de l\u2019or : L\u2019once en perte conjoncturelle de terrain - Gold.fr","og_description":"Il faut en effet noter que la majorit\u00e9 des experts estiment que cette baisse du prix de l\u2019once est purement conjoncturelle, et donc automatiquement passag\u00e8re. Evolution du prix de l&rsquo;or : quels facteurs \u00e0 prendre en [&hellip;]","og_url":"https:\/\/www.gold.fr\/news\/2016\/01\/15\/evolution-de-lor-lonce-en-perte-conjoncturelle-de-terrain\/","og_site_name":"Gold.fr","article_publisher":"https:\/\/www.facebook.com\/Goldfr\/","article_published_time":"2016-01-15T16:00:06+00:00","article_modified_time":"2018-02-05T15:02:05+00:00","og_image":[{"width":608,"height":400,"url":"https:\/\/www.gold.fr\/news\/wp-content\/uploads\/2011\/11\/87987826-e1321634257485.jpg","type":"image\/jpeg"}],"author":"Comptoir National de l'Or","twitter_card":"summary_large_image","twitter_misc":{"\u00c9crit par":"Comptoir National de l'Or","Dur\u00e9e de lecture estim\u00e9e":"1 minute"},"schema":{"@context":"https:\/\/schema.org","@graph":[{"@type":"Article","@id":"https:\/\/www.gold.fr\/news\/2016\/01\/15\/evolution-de-lor-lonce-en-perte-conjoncturelle-de-terrain\/#article","isPartOf":{"@id":"https:\/\/www.gold.fr\/news\/2016\/01\/15\/evolution-de-lor-lonce-en-perte-conjoncturelle-de-terrain\/"},"author":{"name":"Comptoir National de l'Or","@id":"https:\/\/www.gold.fr\/news\/#\/schema\/person\/070491b4b4fb7671bf59b3be20302ce9"},"headline":"Evolution de l\u2019or : L\u2019once en perte conjoncturelle de terrain","datePublished":"2016-01-15T16:00:06+00:00","dateModified":"2018-02-05T15:02:05+00:00","mainEntityOfPage":{"@id":"https:\/\/www.gold.fr\/news\/2016\/01\/15\/evolution-de-lor-lonce-en-perte-conjoncturelle-de-terrain\/"},"wordCount":297,"commentCount":0,"image":{"@id":"https:\/\/www.gold.fr\/news\/2016\/01\/15\/evolution-de-lor-lonce-en-perte-conjoncturelle-de-terrain\/#primaryimage"},"thumbnailUrl":"https:\/\/www.gold.fr\/news\/wp-content\/uploads\/2011\/11\/87987826-e1321634257485.jpg","keywords":["\u00e9volution","march\u00e9s","Or","prix once"],"articleSection":["Articles de presse"],"inLanguage":"fr-FR"},{"@type":"WebPage","@id":"https:\/\/www.gold.fr\/news\/2016\/01\/15\/evolution-de-lor-lonce-en-perte-conjoncturelle-de-terrain\/","url":"https:\/\/www.gold.fr\/news\/2016\/01\/15\/evolution-de-lor-lonce-en-perte-conjoncturelle-de-terrain\/","name":"Evolution de l\u2019or : L\u2019once en perte conjoncturelle de terrain - Gold.fr","isPartOf":{"@id":"https:\/\/www.gold.fr\/news\/#website"},"primaryImageOfPage":{"@id":"https:\/\/www.gold.fr\/news\/2016\/01\/15\/evolution-de-lor-lonce-en-perte-conjoncturelle-de-terrain\/#primaryimage"},"image":{"@id":"https:\/\/www.gold.fr\/news\/2016\/01\/15\/evolution-de-lor-lonce-en-perte-conjoncturelle-de-terrain\/#primaryimage"},"thumbnailUrl":"https:\/\/www.gold.fr\/news\/wp-content\/uploads\/2011\/11\/87987826-e1321634257485.jpg","datePublished":"2016-01-15T16:00:06+00:00","dateModified":"2018-02-05T15:02:05+00:00","author":{"@id":"https:\/\/www.gold.fr\/news\/#\/schema\/person\/070491b4b4fb7671bf59b3be20302ce9"},"breadcrumb":{"@id":"https:\/\/www.gold.fr\/news\/2016\/01\/15\/evolution-de-lor-lonce-en-perte-conjoncturelle-de-terrain\/#breadcrumb"},"inLanguage":"fr-FR","potentialAction":[{"@type":"ReadAction","target":["https:\/\/www.gold.fr\/news\/2016\/01\/15\/evolution-de-lor-lonce-en-perte-conjoncturelle-de-terrain\/"]}]},{"@type":"ImageObject","inLanguage":"fr-FR","@id":"https:\/\/www.gold.fr\/news\/2016\/01\/15\/evolution-de-lor-lonce-en-perte-conjoncturelle-de-terrain\/#primaryimage","url":"https:\/\/www.gold.fr\/news\/wp-content\/uploads\/2011\/11\/87987826-e1321634257485.jpg","contentUrl":"https:\/\/www.gold.fr\/news\/wp-content\/uploads\/2011\/11\/87987826-e1321634257485.jpg","width":"608","height":"400","caption":"Evolution de l\u2019or : L\u2019once en perte conjoncturelle de terrain"},{"@type":"BreadcrumbList","@id":"https:\/\/www.gold.fr\/news\/2016\/01\/15\/evolution-de-lor-lonce-en-perte-conjoncturelle-de-terrain\/#breadcrumb","itemListElement":[{"@type":"ListItem","position":1,"name":"Accueil","item":"https:\/\/www.gold.fr\/"},{"@type":"ListItem","position":2,"name":"Actualit\u00e9s","item":"https:\/\/www.gold.fr\/news\/"},{"@type":"ListItem","position":3,"name":"Evolution de l\u2019or : L\u2019once en perte conjoncturelle de terrain"}]},{"@type":"WebSite","@id":"https:\/\/www.gold.fr\/news\/#website","url":"https:\/\/www.gold.fr\/news\/","name":"Gold.fr","description":"Actualit\u00e9s de l&#039;Or et des m\u00e9taux pr\u00e9cieux","potentialAction":[{"@type":"SearchAction","target":{"@type":"EntryPoint","urlTemplate":"https:\/\/www.gold.fr\/news\/?s={search_term_string}"},"query-input":{"@type":"PropertyValueSpecification","valueRequired":true,"valueName":"search_term_string"}}],"inLanguage":"fr-FR"},{"@type":"Person","@id":"https:\/\/www.gold.fr\/news\/#\/schema\/person\/070491b4b4fb7671bf59b3be20302ce9","name":"Comptoir National de l'Or","image":{"@type":"ImageObject","inLanguage":"fr-FR","@id":"https:\/\/secure.gravatar.com\/avatar\/0a2867fd5abe37bed95d5a65e9d58f01756e11efc68af9888dfc50cfa7f65948?s=96&d=mm&r=gb490554db0a38188709de567aa58480d","url":"https:\/\/secure.gravatar.com\/avatar\/0a2867fd5abe37bed95d5a65e9d58f01756e11efc68af9888dfc50cfa7f65948?s=96&d=mm&r=g","contentUrl":"https:\/\/secure.gravatar.com\/avatar\/0a2867fd5abe37bed95d5a65e9d58f01756e11efc68af9888dfc50cfa7f65948?s=96&d=mm&r=g","caption":"Comptoir National de l'Or"},"description":"Notre r\u00e9daction est constitu\u00e9e de membres experts dans les m\u00e9tiers de l'\u00e9conomie et la gestion, des Responsables d'agence Comptoir National de l'Or, des analystes financiers qui publient r\u00e9guli\u00e8rement des \u00e9tudes sur les politiques des banques centrales, le cours de l'or, prix de l'or, cours de l'argent, prix de l'argent, cours du platine, cours du palladium,... la situation en zone euro et l'impact de la strat\u00e9gie mon\u00e9taire de la FED. Notre \u00e9quipe scrute \u00e9galement une information plus g\u00e9n\u00e9raliste \u00e0 la recherche d'actualit\u00e9 \"p\u00e9pite\" \u00e0 vous partager. Depuis 5 ans, nous avons publi\u00e9 un peu plus de 4000 articles qui s'adressent \u00e0 un public large et vari\u00e9 ayant pour objectif de satisfaire votre curiosit\u00e9 et de partager avec vous une certaine fascination pour le m\u00e9tal jaune, le rachat d'or, et pour ceux qui veulent investir dans l'or, vendre leur or tout simplement en savoir plus... Pour tous vos achat or et argent, n'h\u00e9sitez pas \u00e0 prendre rendez-vous dans l'un de nos nombreux comptoirs.","sameAs":["https:\/\/www.gold.fr"]}]}},"authors":[{"term_id":2565,"user_id":18,"is_guest":0,"slug":"julie","display_name":"Comptoir National de l'Or","avatar_url":"https:\/\/secure.gravatar.com\/avatar\/713f289e398d35ead876c4a4cc08607f0d6d266058cfc25683fffb6092d0e572?s=96&d=mm&r=g","0":null,"1":"","2":"","3":"","4":"","5":"","6":"","7":"","8":""}],"_links":{"self":[{"href":"https:\/\/www.gold.fr\/news\/wp-json\/wp\/v2\/posts\/18652","targetHints":{"allow":["GET"]}}],"collection":[{"href":"https:\/\/www.gold.fr\/news\/wp-json\/wp\/v2\/posts"}],"about":[{"href":"https:\/\/www.gold.fr\/news\/wp-json\/wp\/v2\/types\/post"}],"author":[{"embeddable":true,"href":"https:\/\/www.gold.fr\/news\/wp-json\/wp\/v2\/users\/18"}],"replies":[{"embeddable":true,"href":"https:\/\/www.gold.fr\/news\/wp-json\/wp\/v2\/comments?post=18652"}],"version-history":[{"count":0,"href":"https:\/\/www.gold.fr\/news\/wp-json\/wp\/v2\/posts\/18652\/revisions"}],"wp:featuredmedia":[{"embeddable":true,"href":"https:\/\/www.gold.fr\/news\/wp-json\/wp\/v2\/media\/3901"}],"wp:attachment":[{"href":"https:\/\/www.gold.fr\/news\/wp-json\/wp\/v2\/media?parent=18652"}],"wp:term":[{"taxonomy":"category","embeddable":true,"href":"https:\/\/www.gold.fr\/news\/wp-json\/wp\/v2\/categories?post=18652"},{"taxonomy":"post_tag","embeddable":true,"href":"https:\/\/www.gold.fr\/news\/wp-json\/wp\/v2\/tags?post=18652"},{"taxonomy":"author","embeddable":true,"href":"https:\/\/www.gold.fr\/news\/wp-json\/wp\/v2\/ppma_author?post=18652"}],"curies":[{"name":"wp","href":"https:\/\/api.w.org\/{rel}","templated":true}]}}