{"id":18645,"date":"2016-01-14T17:00:42","date_gmt":"2016-01-14T16:00:42","guid":{"rendered":"https:\/\/www.gold.fr\/news\/?p=18645"},"modified":"2018-02-05T15:38:40","modified_gmt":"2018-02-05T14:38:40","slug":"les-crises-geopolitiques-mondiales-au-soutien-de-lor","status":"publish","type":"post","link":"https:\/\/www.gold.fr\/news\/2016\/01\/14\/les-crises-geopolitiques-mondiales-au-soutien-de-lor\/","title":{"rendered":"Les crises g\u00e9opolitiques mondiales au soutien de l\u2019or"},"content":{"rendered":"<p><span style=\"font-size: small;\"><img loading=\"lazy\" decoding=\"async\" class=\"size-medium wp-image-29188 alignleft\" src=\"https:\/\/www.gold.fr\/news\/wp-content\/uploads\/2016\/01\/cours-de-lor4-e1356784796440-300x203.jpg\" alt=\"Les crises g\u00e9opolitiques mondiales au soutien de l\u2019or\" width=\"300\" height=\"203\" srcset=\"https:\/\/www.gold.fr\/news\/wp-content\/uploads\/2016\/01\/cours-de-lor4-e1356784796440-300x203.jpg 300w, https:\/\/www.gold.fr\/news\/wp-content\/uploads\/2016\/01\/cours-de-lor4-e1356784796440-1x1.jpg 1w, https:\/\/www.gold.fr\/news\/wp-content\/uploads\/2016\/01\/cours-de-lor4-e1356784796440.jpg 600w\" sizes=\"auto, (max-width: 300px) 100vw, 300px\" \/>Alors que le reste de la plan\u00e8te d\u00e9bute l&rsquo;ann\u00e9e <strong>2016<\/strong> dans une ambiance relativement tendue de crise \u00e9conomique et de conflit g\u00e9opolitique, le march\u00e9 de l&rsquo;<a class=\"esk-seo-plu-link\" href=\"https:\/\/www.gold.fr\/news\/tags\/or\">or<\/a> inaugure, quant \u00e0 lui, la nouvelle ann\u00e9e sur une note particuli\u00e8rement optimiste et dans un vert qui semble parti pour durer, en d\u00e9pit d&rsquo;un retour du go\u00fbt du risque sur les march\u00e9s.<\/span> <span style=\"font-size: small;\"><a title=\"Prix de l'Once d'Or\" href=\"https:\/\/www.gold.fr\/once-or-nyc\/\" target=\"_blank\" rel=\"noopener\">Le prix de l\u2019once de m\u00e9tal jaune<\/a> avait d\u00e9pass\u00e9, d\u00e8s la fin de la premi\u00e8re semaine de <strong>janvier 2016<\/strong>, les <strong>1.113 <a class=\"esk-seo-plu-link\" href=\"https:\/\/www.gold.fr\/news\/tags\/investissement\">dollars<\/a><\/strong>, atteignant ainsi sa meilleure performance depuis le d\u00e9but du mois de novembre <strong>2015<\/strong>. <\/span><\/p>\n<h2>Pourquoi un tel engouement pour l&rsquo;or ?<\/h2>\n<p><span style=\"font-size: small;\">La raison ? Une Chine au c\u0153ur de la tourmente \u00e9conomique et financi\u00e8re et un Moyen-Orient en pleine escalade de tensions g\u00e9opolitiques. <\/span><\/p>\n<p><span style=\"font-size: small;\">La preuve ? Deux jours seulement avant ce pic haussier trimestriel, la Cor\u00e9e du Nord annon\u00e7ait fi\u00e8rement le succ\u00e8s de son premier essai nucl\u00e9aire \u00e0 hydrog\u00e8ne, accentuant exponentiellement les angoisses, d&rsquo;ores et d\u00e9j\u00e0 bien pr\u00e9sentes, des march\u00e9s. D&rsquo;autre part, en l&rsquo;espace d&rsquo;une seule semaine (la premi\u00e8re de janvier), les places boursi\u00e8res chinoises ont enregistr\u00e9 deux s\u00e9ances marqu\u00e9es, chacune, par une chute libre de l&rsquo;ordre de 7%, et ce, dans le sillage de l&rsquo;annonce d&rsquo;une s\u00e9rie d&rsquo;indicateurs pointant clairement vers un \u00e9ventuel ralentissement de l&rsquo;\u00e9conomie chinoise.<\/span> <span style=\"font-size: small;\">Par ailleurs, les observateurs de la r\u00e9gion rapportent que \u00ab <em>les relations entre l&rsquo;Iran chiite et l&rsquo;Arabie saoudite sunnite se d\u00e9t\u00e9riorent chaque jour un peu plus<\/em> \u00bb, pr\u00e9cisant que, \u00e0 l&rsquo;heure o\u00f9 \u00ab <em>la d\u00e9cision de Ryad de rompre ses relations avec l&rsquo;Iran a \u00e9t\u00e9 suivie par plusieurs de ses alli\u00e9s sunnites, l&rsquo;Iran a pr\u00f4n\u00e9 l&rsquo;interdiction d&rsquo;entr\u00e9e sur son territoire de tous les produits saoudiens ou transitant par l&rsquo;Arabie saoudite<\/em> \u00bb.<\/span><\/p>\n<!-- AddThis Advanced Settings generic via filter on the_content --><!-- AddThis Share Buttons generic via filter on the_content -->","protected":false},"excerpt":{"rendered":"<p>Alors que le reste de la plan\u00e8te d\u00e9bute l&rsquo;ann\u00e9e 2016 dans une ambiance relativement tendue de crise \u00e9conomique et de conflit g\u00e9opolitique, le march\u00e9 de l&rsquo;or inaugure, quant \u00e0 lui, la nouvelle ann\u00e9e sur une note [&hellip;]<\/p>\n","protected":false},"author":18,"featured_media":29188,"comment_status":"open","ping_status":"open","sticky":false,"template":"","format":"standard","meta":{"_mbp_gutenberg_autopost":false,"_pgmb_is_evergreen":false,"_pgmb_ap_template_id":0,"footnotes":""},"categories":[6],"tags":[923,900,76],"ppma_author":[2565],"class_list":["post-18645","post","type-post","status-publish","format-standard","has-post-thumbnail","hentry","category-articles-de-presse","tag-crise","tag-once-or","tag-or"],"yoast_head":"<!-- This site is optimized with the Yoast SEO plugin v27.5 - https:\/\/yoast.com\/product\/yoast-seo-wordpress\/ -->\n<title>Les crises g\u00e9opolitiques mondiales au soutien de l\u2019or - Gold.fr<\/title>\n<meta name=\"robots\" content=\"index, follow, max-snippet:-1, max-image-preview:large, max-video-preview:-1\" \/>\n<link rel=\"canonical\" href=\"https:\/\/www.gold.fr\/news\/2016\/01\/14\/les-crises-geopolitiques-mondiales-au-soutien-de-lor\/\" \/>\n<meta property=\"og:locale\" content=\"fr_FR\" \/>\n<meta property=\"og:type\" content=\"article\" \/>\n<meta property=\"og:title\" content=\"Les crises g\u00e9opolitiques mondiales au soutien de l\u2019or - Gold.fr\" \/>\n<meta property=\"og:description\" content=\"Alors que le reste de la plan\u00e8te d\u00e9bute l&rsquo;ann\u00e9e 2016 dans une ambiance relativement tendue de crise \u00e9conomique et de conflit g\u00e9opolitique, le march\u00e9 de l&rsquo;or inaugure, quant \u00e0 lui, la nouvelle ann\u00e9e sur une note [&hellip;]\" \/>\n<meta property=\"og:url\" content=\"https:\/\/www.gold.fr\/news\/2016\/01\/14\/les-crises-geopolitiques-mondiales-au-soutien-de-lor\/\" \/>\n<meta property=\"og:site_name\" content=\"Gold.fr\" \/>\n<meta property=\"article:publisher\" content=\"https:\/\/www.facebook.com\/Goldfr\/\" \/>\n<meta property=\"article:published_time\" content=\"2016-01-14T16:00:42+00:00\" \/>\n<meta property=\"article:modified_time\" content=\"2018-02-05T14:38:40+00:00\" \/>\n<meta property=\"og:image\" content=\"https:\/\/www.gold.fr\/news\/wp-content\/uploads\/2016\/01\/cours-de-lor4-e1356784796440.jpg\" \/>\n\t<meta property=\"og:image:width\" content=\"600\" \/>\n\t<meta property=\"og:image:height\" content=\"405\" \/>\n\t<meta property=\"og:image:type\" content=\"image\/jpeg\" \/>\n<meta name=\"author\" content=\"Comptoir National de l&#039;Or\" \/>\n<meta name=\"twitter:card\" content=\"summary_large_image\" \/>\n<meta name=\"twitter:label1\" content=\"\u00c9crit par\" \/>\n\t<meta name=\"twitter:data1\" content=\"Comptoir National de l&#039;Or\" \/>\n\t<meta name=\"twitter:label2\" content=\"Dur\u00e9e de lecture estim\u00e9e\" \/>\n\t<meta name=\"twitter:data2\" content=\"2 minutes\" \/>\n<script type=\"application\/ld+json\" class=\"yoast-schema-graph\">{\"@context\":\"https:\\\/\\\/schema.org\",\"@graph\":[{\"@type\":\"Article\",\"@id\":\"https:\\\/\\\/www.gold.fr\\\/news\\\/2016\\\/01\\\/14\\\/les-crises-geopolitiques-mondiales-au-soutien-de-lor\\\/#article\",\"isPartOf\":{\"@id\":\"https:\\\/\\\/www.gold.fr\\\/news\\\/2016\\\/01\\\/14\\\/les-crises-geopolitiques-mondiales-au-soutien-de-lor\\\/\"},\"author\":{\"name\":\"Comptoir National de l'Or\",\"@id\":\"https:\\\/\\\/www.gold.fr\\\/news\\\/#\\\/schema\\\/person\\\/070491b4b4fb7671bf59b3be20302ce9\"},\"headline\":\"Les crises g\u00e9opolitiques mondiales au soutien de l\u2019or\",\"datePublished\":\"2016-01-14T16:00:42+00:00\",\"dateModified\":\"2018-02-05T14:38:40+00:00\",\"mainEntityOfPage\":{\"@id\":\"https:\\\/\\\/www.gold.fr\\\/news\\\/2016\\\/01\\\/14\\\/les-crises-geopolitiques-mondiales-au-soutien-de-lor\\\/\"},\"wordCount\":334,\"commentCount\":0,\"image\":{\"@id\":\"https:\\\/\\\/www.gold.fr\\\/news\\\/2016\\\/01\\\/14\\\/les-crises-geopolitiques-mondiales-au-soutien-de-lor\\\/#primaryimage\"},\"thumbnailUrl\":\"https:\\\/\\\/www.gold.fr\\\/news\\\/wp-content\\\/uploads\\\/2016\\\/01\\\/cours-de-lor4-e1356784796440.jpg\",\"keywords\":[\"crise\",\"Once or\",\"Or\"],\"articleSection\":[\"Articles de presse\"],\"inLanguage\":\"fr-FR\"},{\"@type\":\"WebPage\",\"@id\":\"https:\\\/\\\/www.gold.fr\\\/news\\\/2016\\\/01\\\/14\\\/les-crises-geopolitiques-mondiales-au-soutien-de-lor\\\/\",\"url\":\"https:\\\/\\\/www.gold.fr\\\/news\\\/2016\\\/01\\\/14\\\/les-crises-geopolitiques-mondiales-au-soutien-de-lor\\\/\",\"name\":\"Les crises g\u00e9opolitiques mondiales au soutien de l\u2019or - Gold.fr\",\"isPartOf\":{\"@id\":\"https:\\\/\\\/www.gold.fr\\\/news\\\/#website\"},\"primaryImageOfPage\":{\"@id\":\"https:\\\/\\\/www.gold.fr\\\/news\\\/2016\\\/01\\\/14\\\/les-crises-geopolitiques-mondiales-au-soutien-de-lor\\\/#primaryimage\"},\"image\":{\"@id\":\"https:\\\/\\\/www.gold.fr\\\/news\\\/2016\\\/01\\\/14\\\/les-crises-geopolitiques-mondiales-au-soutien-de-lor\\\/#primaryimage\"},\"thumbnailUrl\":\"https:\\\/\\\/www.gold.fr\\\/news\\\/wp-content\\\/uploads\\\/2016\\\/01\\\/cours-de-lor4-e1356784796440.jpg\",\"datePublished\":\"2016-01-14T16:00:42+00:00\",\"dateModified\":\"2018-02-05T14:38:40+00:00\",\"author\":{\"@id\":\"https:\\\/\\\/www.gold.fr\\\/news\\\/#\\\/schema\\\/person\\\/070491b4b4fb7671bf59b3be20302ce9\"},\"breadcrumb\":{\"@id\":\"https:\\\/\\\/www.gold.fr\\\/news\\\/2016\\\/01\\\/14\\\/les-crises-geopolitiques-mondiales-au-soutien-de-lor\\\/#breadcrumb\"},\"inLanguage\":\"fr-FR\",\"potentialAction\":[{\"@type\":\"ReadAction\",\"target\":[\"https:\\\/\\\/www.gold.fr\\\/news\\\/2016\\\/01\\\/14\\\/les-crises-geopolitiques-mondiales-au-soutien-de-lor\\\/\"]}]},{\"@type\":\"ImageObject\",\"inLanguage\":\"fr-FR\",\"@id\":\"https:\\\/\\\/www.gold.fr\\\/news\\\/2016\\\/01\\\/14\\\/les-crises-geopolitiques-mondiales-au-soutien-de-lor\\\/#primaryimage\",\"url\":\"https:\\\/\\\/www.gold.fr\\\/news\\\/wp-content\\\/uploads\\\/2016\\\/01\\\/cours-de-lor4-e1356784796440.jpg\",\"contentUrl\":\"https:\\\/\\\/www.gold.fr\\\/news\\\/wp-content\\\/uploads\\\/2016\\\/01\\\/cours-de-lor4-e1356784796440.jpg\",\"width\":600,\"height\":405,\"caption\":\"Autres \u00e9v\u00e9nements qui ont influenc\u00e9 positivement le cours du m\u00e9tal pr\u00e9cieux\"},{\"@type\":\"BreadcrumbList\",\"@id\":\"https:\\\/\\\/www.gold.fr\\\/news\\\/2016\\\/01\\\/14\\\/les-crises-geopolitiques-mondiales-au-soutien-de-lor\\\/#breadcrumb\",\"itemListElement\":[{\"@type\":\"ListItem\",\"position\":1,\"name\":\"Accueil\",\"item\":\"https:\\\/\\\/www.gold.fr\\\/\"},{\"@type\":\"ListItem\",\"position\":2,\"name\":\"Actualit\u00e9s\",\"item\":\"https:\\\/\\\/www.gold.fr\\\/news\\\/\"},{\"@type\":\"ListItem\",\"position\":3,\"name\":\"Les crises g\u00e9opolitiques mondiales au soutien de l\u2019or\"}]},{\"@type\":\"WebSite\",\"@id\":\"https:\\\/\\\/www.gold.fr\\\/news\\\/#website\",\"url\":\"https:\\\/\\\/www.gold.fr\\\/news\\\/\",\"name\":\"Gold.fr\",\"description\":\"Actualit\u00e9s de l&#039;Or et des m\u00e9taux pr\u00e9cieux\",\"potentialAction\":[{\"@type\":\"SearchAction\",\"target\":{\"@type\":\"EntryPoint\",\"urlTemplate\":\"https:\\\/\\\/www.gold.fr\\\/news\\\/?s={search_term_string}\"},\"query-input\":{\"@type\":\"PropertyValueSpecification\",\"valueRequired\":true,\"valueName\":\"search_term_string\"}}],\"inLanguage\":\"fr-FR\"},{\"@type\":\"Person\",\"@id\":\"https:\\\/\\\/www.gold.fr\\\/news\\\/#\\\/schema\\\/person\\\/070491b4b4fb7671bf59b3be20302ce9\",\"name\":\"Comptoir National de l'Or\",\"image\":{\"@type\":\"ImageObject\",\"inLanguage\":\"fr-FR\",\"@id\":\"https:\\\/\\\/secure.gravatar.com\\\/avatar\\\/0a2867fd5abe37bed95d5a65e9d58f01756e11efc68af9888dfc50cfa7f65948?s=96&d=mm&r=gb490554db0a38188709de567aa58480d\",\"url\":\"https:\\\/\\\/secure.gravatar.com\\\/avatar\\\/0a2867fd5abe37bed95d5a65e9d58f01756e11efc68af9888dfc50cfa7f65948?s=96&d=mm&r=g\",\"contentUrl\":\"https:\\\/\\\/secure.gravatar.com\\\/avatar\\\/0a2867fd5abe37bed95d5a65e9d58f01756e11efc68af9888dfc50cfa7f65948?s=96&d=mm&r=g\",\"caption\":\"Comptoir National de l'Or\"},\"description\":\"Notre r\u00e9daction est constitu\u00e9e de membres experts dans les m\u00e9tiers de l'\u00e9conomie et la gestion, des Responsables d'agence Comptoir National de l'Or, des analystes financiers qui publient r\u00e9guli\u00e8rement des \u00e9tudes sur les politiques des banques centrales, le cours de l'or, prix de l'or, cours de l'argent, prix de l'argent, cours du platine, cours du palladium,... la situation en zone euro et l'impact de la strat\u00e9gie mon\u00e9taire de la FED. Notre \u00e9quipe scrute \u00e9galement une information plus g\u00e9n\u00e9raliste \u00e0 la recherche d'actualit\u00e9 \\\"p\u00e9pite\\\" \u00e0 vous partager. Depuis 5 ans, nous avons publi\u00e9 un peu plus de 4000 articles qui s'adressent \u00e0 un public large et vari\u00e9 ayant pour objectif de satisfaire votre curiosit\u00e9 et de partager avec vous une certaine fascination pour le m\u00e9tal jaune, le rachat d'or, et pour ceux qui veulent investir dans l'or, vendre leur or tout simplement en savoir plus... Pour tous vos achat or et argent, n'h\u00e9sitez pas \u00e0 prendre rendez-vous dans l'un de nos nombreux comptoirs.\",\"sameAs\":[\"https:\\\/\\\/www.gold.fr\"]}]}<\/script>\n<!-- \/ Yoast SEO plugin. -->","yoast_head_json":{"title":"Les crises g\u00e9opolitiques mondiales au soutien de l\u2019or - Gold.fr","robots":{"index":"index","follow":"follow","max-snippet":"max-snippet:-1","max-image-preview":"max-image-preview:large","max-video-preview":"max-video-preview:-1"},"canonical":"https:\/\/www.gold.fr\/news\/2016\/01\/14\/les-crises-geopolitiques-mondiales-au-soutien-de-lor\/","og_locale":"fr_FR","og_type":"article","og_title":"Les crises g\u00e9opolitiques mondiales au soutien de l\u2019or - Gold.fr","og_description":"Alors que le reste de la plan\u00e8te d\u00e9bute l&rsquo;ann\u00e9e 2016 dans une ambiance relativement tendue de crise \u00e9conomique et de conflit g\u00e9opolitique, le march\u00e9 de l&rsquo;or inaugure, quant \u00e0 lui, la nouvelle ann\u00e9e sur une note [&hellip;]","og_url":"https:\/\/www.gold.fr\/news\/2016\/01\/14\/les-crises-geopolitiques-mondiales-au-soutien-de-lor\/","og_site_name":"Gold.fr","article_publisher":"https:\/\/www.facebook.com\/Goldfr\/","article_published_time":"2016-01-14T16:00:42+00:00","article_modified_time":"2018-02-05T14:38:40+00:00","og_image":[{"width":600,"height":405,"url":"https:\/\/www.gold.fr\/news\/wp-content\/uploads\/2016\/01\/cours-de-lor4-e1356784796440.jpg","type":"image\/jpeg"}],"author":"Comptoir National de l'Or","twitter_card":"summary_large_image","twitter_misc":{"\u00c9crit par":"Comptoir National de l'Or","Dur\u00e9e de lecture estim\u00e9e":"2 minutes"},"schema":{"@context":"https:\/\/schema.org","@graph":[{"@type":"Article","@id":"https:\/\/www.gold.fr\/news\/2016\/01\/14\/les-crises-geopolitiques-mondiales-au-soutien-de-lor\/#article","isPartOf":{"@id":"https:\/\/www.gold.fr\/news\/2016\/01\/14\/les-crises-geopolitiques-mondiales-au-soutien-de-lor\/"},"author":{"name":"Comptoir National de l'Or","@id":"https:\/\/www.gold.fr\/news\/#\/schema\/person\/070491b4b4fb7671bf59b3be20302ce9"},"headline":"Les crises g\u00e9opolitiques mondiales au soutien de l\u2019or","datePublished":"2016-01-14T16:00:42+00:00","dateModified":"2018-02-05T14:38:40+00:00","mainEntityOfPage":{"@id":"https:\/\/www.gold.fr\/news\/2016\/01\/14\/les-crises-geopolitiques-mondiales-au-soutien-de-lor\/"},"wordCount":334,"commentCount":0,"image":{"@id":"https:\/\/www.gold.fr\/news\/2016\/01\/14\/les-crises-geopolitiques-mondiales-au-soutien-de-lor\/#primaryimage"},"thumbnailUrl":"https:\/\/www.gold.fr\/news\/wp-content\/uploads\/2016\/01\/cours-de-lor4-e1356784796440.jpg","keywords":["crise","Once or","Or"],"articleSection":["Articles de presse"],"inLanguage":"fr-FR"},{"@type":"WebPage","@id":"https:\/\/www.gold.fr\/news\/2016\/01\/14\/les-crises-geopolitiques-mondiales-au-soutien-de-lor\/","url":"https:\/\/www.gold.fr\/news\/2016\/01\/14\/les-crises-geopolitiques-mondiales-au-soutien-de-lor\/","name":"Les crises g\u00e9opolitiques mondiales au soutien de l\u2019or - Gold.fr","isPartOf":{"@id":"https:\/\/www.gold.fr\/news\/#website"},"primaryImageOfPage":{"@id":"https:\/\/www.gold.fr\/news\/2016\/01\/14\/les-crises-geopolitiques-mondiales-au-soutien-de-lor\/#primaryimage"},"image":{"@id":"https:\/\/www.gold.fr\/news\/2016\/01\/14\/les-crises-geopolitiques-mondiales-au-soutien-de-lor\/#primaryimage"},"thumbnailUrl":"https:\/\/www.gold.fr\/news\/wp-content\/uploads\/2016\/01\/cours-de-lor4-e1356784796440.jpg","datePublished":"2016-01-14T16:00:42+00:00","dateModified":"2018-02-05T14:38:40+00:00","author":{"@id":"https:\/\/www.gold.fr\/news\/#\/schema\/person\/070491b4b4fb7671bf59b3be20302ce9"},"breadcrumb":{"@id":"https:\/\/www.gold.fr\/news\/2016\/01\/14\/les-crises-geopolitiques-mondiales-au-soutien-de-lor\/#breadcrumb"},"inLanguage":"fr-FR","potentialAction":[{"@type":"ReadAction","target":["https:\/\/www.gold.fr\/news\/2016\/01\/14\/les-crises-geopolitiques-mondiales-au-soutien-de-lor\/"]}]},{"@type":"ImageObject","inLanguage":"fr-FR","@id":"https:\/\/www.gold.fr\/news\/2016\/01\/14\/les-crises-geopolitiques-mondiales-au-soutien-de-lor\/#primaryimage","url":"https:\/\/www.gold.fr\/news\/wp-content\/uploads\/2016\/01\/cours-de-lor4-e1356784796440.jpg","contentUrl":"https:\/\/www.gold.fr\/news\/wp-content\/uploads\/2016\/01\/cours-de-lor4-e1356784796440.jpg","width":600,"height":405,"caption":"Autres \u00e9v\u00e9nements qui ont influenc\u00e9 positivement le cours du m\u00e9tal pr\u00e9cieux"},{"@type":"BreadcrumbList","@id":"https:\/\/www.gold.fr\/news\/2016\/01\/14\/les-crises-geopolitiques-mondiales-au-soutien-de-lor\/#breadcrumb","itemListElement":[{"@type":"ListItem","position":1,"name":"Accueil","item":"https:\/\/www.gold.fr\/"},{"@type":"ListItem","position":2,"name":"Actualit\u00e9s","item":"https:\/\/www.gold.fr\/news\/"},{"@type":"ListItem","position":3,"name":"Les crises g\u00e9opolitiques mondiales au soutien de l\u2019or"}]},{"@type":"WebSite","@id":"https:\/\/www.gold.fr\/news\/#website","url":"https:\/\/www.gold.fr\/news\/","name":"Gold.fr","description":"Actualit\u00e9s de l&#039;Or et des m\u00e9taux pr\u00e9cieux","potentialAction":[{"@type":"SearchAction","target":{"@type":"EntryPoint","urlTemplate":"https:\/\/www.gold.fr\/news\/?s={search_term_string}"},"query-input":{"@type":"PropertyValueSpecification","valueRequired":true,"valueName":"search_term_string"}}],"inLanguage":"fr-FR"},{"@type":"Person","@id":"https:\/\/www.gold.fr\/news\/#\/schema\/person\/070491b4b4fb7671bf59b3be20302ce9","name":"Comptoir National de l'Or","image":{"@type":"ImageObject","inLanguage":"fr-FR","@id":"https:\/\/secure.gravatar.com\/avatar\/0a2867fd5abe37bed95d5a65e9d58f01756e11efc68af9888dfc50cfa7f65948?s=96&d=mm&r=gb490554db0a38188709de567aa58480d","url":"https:\/\/secure.gravatar.com\/avatar\/0a2867fd5abe37bed95d5a65e9d58f01756e11efc68af9888dfc50cfa7f65948?s=96&d=mm&r=g","contentUrl":"https:\/\/secure.gravatar.com\/avatar\/0a2867fd5abe37bed95d5a65e9d58f01756e11efc68af9888dfc50cfa7f65948?s=96&d=mm&r=g","caption":"Comptoir National de l'Or"},"description":"Notre r\u00e9daction est constitu\u00e9e de membres experts dans les m\u00e9tiers de l'\u00e9conomie et la gestion, des Responsables d'agence Comptoir National de l'Or, des analystes financiers qui publient r\u00e9guli\u00e8rement des \u00e9tudes sur les politiques des banques centrales, le cours de l'or, prix de l'or, cours de l'argent, prix de l'argent, cours du platine, cours du palladium,... la situation en zone euro et l'impact de la strat\u00e9gie mon\u00e9taire de la FED. Notre \u00e9quipe scrute \u00e9galement une information plus g\u00e9n\u00e9raliste \u00e0 la recherche d'actualit\u00e9 \"p\u00e9pite\" \u00e0 vous partager. Depuis 5 ans, nous avons publi\u00e9 un peu plus de 4000 articles qui s'adressent \u00e0 un public large et vari\u00e9 ayant pour objectif de satisfaire votre curiosit\u00e9 et de partager avec vous une certaine fascination pour le m\u00e9tal jaune, le rachat d'or, et pour ceux qui veulent investir dans l'or, vendre leur or tout simplement en savoir plus... Pour tous vos achat or et argent, n'h\u00e9sitez pas \u00e0 prendre rendez-vous dans l'un de nos nombreux comptoirs.","sameAs":["https:\/\/www.gold.fr"]}]}},"authors":[{"term_id":2565,"user_id":18,"is_guest":0,"slug":"julie","display_name":"Comptoir National de l'Or","avatar_url":"https:\/\/secure.gravatar.com\/avatar\/713f289e398d35ead876c4a4cc08607f0d6d266058cfc25683fffb6092d0e572?s=96&d=mm&r=g","0":null,"1":"","2":"","3":"","4":"","5":"","6":"","7":"","8":""}],"_links":{"self":[{"href":"https:\/\/www.gold.fr\/news\/wp-json\/wp\/v2\/posts\/18645","targetHints":{"allow":["GET"]}}],"collection":[{"href":"https:\/\/www.gold.fr\/news\/wp-json\/wp\/v2\/posts"}],"about":[{"href":"https:\/\/www.gold.fr\/news\/wp-json\/wp\/v2\/types\/post"}],"author":[{"embeddable":true,"href":"https:\/\/www.gold.fr\/news\/wp-json\/wp\/v2\/users\/18"}],"replies":[{"embeddable":true,"href":"https:\/\/www.gold.fr\/news\/wp-json\/wp\/v2\/comments?post=18645"}],"version-history":[{"count":0,"href":"https:\/\/www.gold.fr\/news\/wp-json\/wp\/v2\/posts\/18645\/revisions"}],"wp:featuredmedia":[{"embeddable":true,"href":"https:\/\/www.gold.fr\/news\/wp-json\/wp\/v2\/media\/29188"}],"wp:attachment":[{"href":"https:\/\/www.gold.fr\/news\/wp-json\/wp\/v2\/media?parent=18645"}],"wp:term":[{"taxonomy":"category","embeddable":true,"href":"https:\/\/www.gold.fr\/news\/wp-json\/wp\/v2\/categories?post=18645"},{"taxonomy":"post_tag","embeddable":true,"href":"https:\/\/www.gold.fr\/news\/wp-json\/wp\/v2\/tags?post=18645"},{"taxonomy":"author","embeddable":true,"href":"https:\/\/www.gold.fr\/news\/wp-json\/wp\/v2\/ppma_author?post=18645"}],"curies":[{"name":"wp","href":"https:\/\/api.w.org\/{rel}","templated":true}]}}