{"id":1864,"date":"2011-07-06T08:45:29","date_gmt":"2011-07-06T06:45:29","guid":{"rendered":"https:\/\/www.gold.fr\/informations-sur-l-or\/flash-infos\/cours-de-lor-mercredi-6-juillet"},"modified":"2021-01-11T17:13:54","modified_gmt":"2021-01-11T16:13:54","slug":"cours-de-lor-mercredi-6-juillet","status":"publish","type":"post","link":"https:\/\/www.gold.fr\/news\/2011\/07\/06\/cours-de-lor-mercredi-6-juillet\/","title":{"rendered":"Cours de l&rsquo;Or: Mercredi 6 Juillet"},"content":{"rendered":"<p style=\"text-align: justify;\">Ce matin <strong><a href=\"https:\/\/www.gold.fr\/cours-de-l-or\/once-en\/\">l\u2019once d\u2019or<\/a><\/strong> cotait \u00e0 <strong>1515 euros<\/strong>. L'<a class=\"esk-seo-plu-link\" href=\"https:\/\/www.gold.fr\/news\/tags\/or\">or<\/a> repart doucement apr\u00e8s avoir connu une baisse en fin de semaine derni\u00e8re et hier. De m\u00eame, <strong><a href=\"https:\/\/www.gold.fr\/cours-de-l-or\/lingot-1-kg\/\">le lingot d\u2019or<\/a><\/strong> connait une hausse assez sensible : apr\u00e8s avoir atteint <strong>33 527 euros<\/strong> au second <a class=\"esk-seo-plu-link\" href=\"https:\/\/www.gold.fr\/news\/tags\/cours-de-lor\">fixing<\/a> de Londres hier, il reste aujourd'hui autour de <strong>33 500 euros<\/strong>.<\/p>\r\n<p style=\"text-align: justify;\">Mais depuis plus d'une semaine, l'<a class=\"esk-seo-plu-link\" href=\"https:\/\/www.gold.fr\/news\/tags\/or\">or<\/a> reste dans une <strong>bande de fluctuation comprise entre 1480 et 1525 dollars l'once d'<a class=\"esk-seo-plu-link\" href=\"https:\/\/www.gold.fr\/news\/tags\/or\">or<\/a> <\/strong>sans vouloir percer ses r\u00e9sistances, que ce soit \u00e0 la hausse ou \u00e0 la baisse.<\/p>\r\n<p style=\"text-align: justify;\"><span style=\"text-decoration: underline;\">Explication<\/span> : les investisseurs sont divis\u00e9s en deux camps : les risquophiles, qui se redirigent vers la Gr\u00e8ce d'une part, et les autres, qui se redirigent vers l'<a class=\"esk-seo-plu-link\" href=\"https:\/\/www.gold.fr\/news\/tags\/or\">or<\/a> compte tenu de leur aversion pour le risque. D'o\u00f9 des <strong>hausses et baisses successives, mais de faibles ampleurs.<\/strong><\/p>\r\n<p style=\"text-align: justify;\">Finalement, le manque de liquidit\u00e9 du \u00e0 la fermeture des march\u00e9s am\u00e9ricains le 4 juillet a favoris\u00e9 la hausse du <a class=\"esk-seo-plu-link\" href=\"https:\/\/www.gold.fr\/news\/tags\/cours-de-lor\">cours de l'or<\/a>.<\/p>","protected":false},"excerpt":{"rendered":"<p>Ce matin l\u2019once d\u2019or cotait \u00e0 1515 euros. L\u2019or repart doucement apr\u00e8s avoir connu une baisse en fin de semaine derni\u00e8re et hier. \u00a0De m\u00eame, le lingot d\u2019or connait une hausse assez sensible\u00a0: apr\u00e8s avoir atteint 33 527 euros au second fixi&#8230;<\/p>\n","protected":false},"author":6,"featured_media":0,"comment_status":"closed","ping_status":"closed","sticky":false,"template":"","format":"standard","meta":{"_mbp_gutenberg_autopost":false,"_pgmb_is_evergreen":false,"_pgmb_ap_template_id":0,"footnotes":""},"categories":[5],"tags":[84],"ppma_author":[2567],"class_list":["post-1864","post","type-post","status-publish","format-standard","hentry","category-flash-infos","tag-cours-de-lor"],"yoast_head":"<!-- This site is optimized with the Yoast SEO plugin v27.5 - https:\/\/yoast.com\/product\/yoast-seo-wordpress\/ -->\n<title>Cours de l&#039;Or: Mercredi 6 Juillet - Gold.fr<\/title>\n<meta name=\"description\" content=\"Cours de l\u2019Or: Mercredi 6 Juillet Ce matin l\u2019once d\u2019or cotait \u00e0 1515 euros.L&#039;or repart doucement apr\u00e8s avoir connu une baisse\" \/>\n<meta name=\"robots\" content=\"index, follow, max-snippet:-1, max-image-preview:large, max-video-preview:-1\" \/>\n<link rel=\"canonical\" href=\"https:\/\/www.gold.fr\/news\/2011\/07\/06\/cours-de-lor-mercredi-6-juillet\/\" \/>\n<meta property=\"og:locale\" content=\"fr_FR\" \/>\n<meta property=\"og:type\" content=\"article\" \/>\n<meta property=\"og:title\" content=\"Cours de l&#039;Or: Mercredi 6 Juillet - Gold.fr\" \/>\n<meta property=\"og:description\" content=\"Cours de l\u2019Or: Mercredi 6 Juillet Ce matin l\u2019once d\u2019or cotait \u00e0 1515 euros.L&#039;or repart doucement apr\u00e8s avoir connu une baisse\" \/>\n<meta property=\"og:url\" content=\"https:\/\/www.gold.fr\/news\/2011\/07\/06\/cours-de-lor-mercredi-6-juillet\/\" \/>\n<meta property=\"og:site_name\" content=\"Gold.fr\" \/>\n<meta property=\"article:publisher\" content=\"https:\/\/www.facebook.com\/Goldfr\/\" \/>\n<meta property=\"article:published_time\" content=\"2011-07-06T06:45:29+00:00\" \/>\n<meta property=\"article:modified_time\" content=\"2021-01-11T16:13:54+00:00\" \/>\n<meta name=\"author\" content=\"Laurent Schwartz\" \/>\n<meta name=\"twitter:card\" content=\"summary_large_image\" \/>\n<meta name=\"twitter:label1\" content=\"\u00c9crit par\" \/>\n\t<meta name=\"twitter:data1\" content=\"Laurent Schwartz\" \/>\n\t<meta name=\"twitter:label2\" content=\"Dur\u00e9e de lecture estim\u00e9e\" \/>\n\t<meta name=\"twitter:data2\" content=\"1 minute\" \/>\n<script type=\"application\/ld+json\" class=\"yoast-schema-graph\">{\"@context\":\"https:\\\/\\\/schema.org\",\"@graph\":[{\"@type\":\"Article\",\"@id\":\"https:\\\/\\\/www.gold.fr\\\/news\\\/2011\\\/07\\\/06\\\/cours-de-lor-mercredi-6-juillet\\\/#article\",\"isPartOf\":{\"@id\":\"https:\\\/\\\/www.gold.fr\\\/news\\\/2011\\\/07\\\/06\\\/cours-de-lor-mercredi-6-juillet\\\/\"},\"author\":{\"name\":\"Laurent Schwartz\",\"@id\":\"https:\\\/\\\/www.gold.fr\\\/news\\\/#\\\/schema\\\/person\\\/4ed91d9a70d8f3a313c26e8308214fc2\"},\"headline\":\"Cours de l&rsquo;Or: Mercredi 6 Juillet\",\"datePublished\":\"2011-07-06T06:45:29+00:00\",\"dateModified\":\"2021-01-11T16:13:54+00:00\",\"mainEntityOfPage\":{\"@id\":\"https:\\\/\\\/www.gold.fr\\\/news\\\/2011\\\/07\\\/06\\\/cours-de-lor-mercredi-6-juillet\\\/\"},\"wordCount\":171,\"keywords\":[\"Tout Cours de l'Or\"],\"articleSection\":[\"Flash infos\"],\"inLanguage\":\"fr-FR\"},{\"@type\":\"WebPage\",\"@id\":\"https:\\\/\\\/www.gold.fr\\\/news\\\/2011\\\/07\\\/06\\\/cours-de-lor-mercredi-6-juillet\\\/\",\"url\":\"https:\\\/\\\/www.gold.fr\\\/news\\\/2011\\\/07\\\/06\\\/cours-de-lor-mercredi-6-juillet\\\/\",\"name\":\"Cours de l'Or: Mercredi 6 Juillet - Gold.fr\",\"isPartOf\":{\"@id\":\"https:\\\/\\\/www.gold.fr\\\/news\\\/#website\"},\"datePublished\":\"2011-07-06T06:45:29+00:00\",\"dateModified\":\"2021-01-11T16:13:54+00:00\",\"author\":{\"@id\":\"https:\\\/\\\/www.gold.fr\\\/news\\\/#\\\/schema\\\/person\\\/4ed91d9a70d8f3a313c26e8308214fc2\"},\"description\":\"Cours de l\u2019Or: Mercredi 6 Juillet Ce matin l\u2019once d\u2019or cotait \u00e0 1515 euros.L'or repart doucement apr\u00e8s avoir connu une baisse\",\"breadcrumb\":{\"@id\":\"https:\\\/\\\/www.gold.fr\\\/news\\\/2011\\\/07\\\/06\\\/cours-de-lor-mercredi-6-juillet\\\/#breadcrumb\"},\"inLanguage\":\"fr-FR\",\"potentialAction\":[{\"@type\":\"ReadAction\",\"target\":[\"https:\\\/\\\/www.gold.fr\\\/news\\\/2011\\\/07\\\/06\\\/cours-de-lor-mercredi-6-juillet\\\/\"]}]},{\"@type\":\"BreadcrumbList\",\"@id\":\"https:\\\/\\\/www.gold.fr\\\/news\\\/2011\\\/07\\\/06\\\/cours-de-lor-mercredi-6-juillet\\\/#breadcrumb\",\"itemListElement\":[{\"@type\":\"ListItem\",\"position\":1,\"name\":\"Accueil\",\"item\":\"https:\\\/\\\/www.gold.fr\\\/\"},{\"@type\":\"ListItem\",\"position\":2,\"name\":\"Actualit\u00e9s\",\"item\":\"https:\\\/\\\/www.gold.fr\\\/news\\\/\"},{\"@type\":\"ListItem\",\"position\":3,\"name\":\"Cours de l&rsquo;Or: Mercredi 6 Juillet\"}]},{\"@type\":\"WebSite\",\"@id\":\"https:\\\/\\\/www.gold.fr\\\/news\\\/#website\",\"url\":\"https:\\\/\\\/www.gold.fr\\\/news\\\/\",\"name\":\"Gold.fr\",\"description\":\"Actualit\u00e9s de l&#039;Or et des m\u00e9taux pr\u00e9cieux\",\"potentialAction\":[{\"@type\":\"SearchAction\",\"target\":{\"@type\":\"EntryPoint\",\"urlTemplate\":\"https:\\\/\\\/www.gold.fr\\\/news\\\/?s={search_term_string}\"},\"query-input\":{\"@type\":\"PropertyValueSpecification\",\"valueRequired\":true,\"valueName\":\"search_term_string\"}}],\"inLanguage\":\"fr-FR\"},{\"@type\":\"Person\",\"@id\":\"https:\\\/\\\/www.gold.fr\\\/news\\\/#\\\/schema\\\/person\\\/4ed91d9a70d8f3a313c26e8308214fc2\",\"name\":\"Laurent Schwartz\",\"image\":{\"@type\":\"ImageObject\",\"inLanguage\":\"fr-FR\",\"@id\":\"https:\\\/\\\/secure.gravatar.com\\\/avatar\\\/1496f846049365121827f5470219486f1a95f83957cc8ca0a9595e40c185f5ee?s=96&d=mm&r=g76f0e87c9ba82a161860a0fc16990d85\",\"url\":\"https:\\\/\\\/secure.gravatar.com\\\/avatar\\\/1496f846049365121827f5470219486f1a95f83957cc8ca0a9595e40c185f5ee?s=96&d=mm&r=g\",\"contentUrl\":\"https:\\\/\\\/secure.gravatar.com\\\/avatar\\\/1496f846049365121827f5470219486f1a95f83957cc8ca0a9595e40c185f5ee?s=96&d=mm&r=g\",\"caption\":\"Laurent Schwartz\"},\"description\":\"Dipl\u00f4m\u00e9 de l\u2019EDHEC Business School en 2005, Laurent SCHWARTZ int\u00e8gre le cabinet d\u2019audit ERNST &amp; YOUNG en 2005 o\u00f9 il travaille pendant 4 ans. Parall\u00e8lement, il travaille au sein de l\u2019entreprise familiale cr\u00e9\u00e9e en 1976 \u00e0 Strasbourg. Fort de cette exp\u00e9rience et du savoir-faire d\u00e9velopp\u00e9 durant ces 40 derni\u00e8res ann\u00e9es, Laurent proc\u00e8de \u00e0 la refonte du site Internet Gold.fr d\u00e9di\u00e9 \u00e0 l\u2019achat d'or, vente d\u2019or (pi\u00e8ces, lingots, ...), achat or et argent,... qui conna\u00eetra un franc succ\u00e8s d\u00e8s son d\u00e9marrage en 2008. Il d\u00e9cide alors de d\u00e9velopper un r\u00e9seau de concessions exclusives: Le Comptoir National de l\u2019Or. Il assure d\u00e9sormais le pilotage strat\u00e9gique du 1er r\u00e9seau de France qui compte aujourd\u2019hui pas loin de 60 agences r\u00e9parties dans toute la France et depuis peu en Allemagne (Breisach). Le Comptoir National de l\u2019Or se positionne aujourd\u2019hui comme le leader incontournable sur le march\u00e9 de l\u2019Or et des m\u00e9taux pr\u00e9cieux en France.\",\"sameAs\":[\"https:\\\/\\\/www.gold.fr\",\"https:\\\/\\\/www.linkedin.com\\\/in\\\/acheteror\\\/\"]}]}<\/script>\n<!-- \/ Yoast SEO plugin. -->","yoast_head_json":{"title":"Cours de l'Or: Mercredi 6 Juillet - Gold.fr","description":"Cours de l\u2019Or: Mercredi 6 Juillet Ce matin l\u2019once d\u2019or cotait \u00e0 1515 euros.L'or repart doucement apr\u00e8s avoir connu une baisse","robots":{"index":"index","follow":"follow","max-snippet":"max-snippet:-1","max-image-preview":"max-image-preview:large","max-video-preview":"max-video-preview:-1"},"canonical":"https:\/\/www.gold.fr\/news\/2011\/07\/06\/cours-de-lor-mercredi-6-juillet\/","og_locale":"fr_FR","og_type":"article","og_title":"Cours de l'Or: Mercredi 6 Juillet - Gold.fr","og_description":"Cours de l\u2019Or: Mercredi 6 Juillet Ce matin l\u2019once d\u2019or cotait \u00e0 1515 euros.L'or repart doucement apr\u00e8s avoir connu une baisse","og_url":"https:\/\/www.gold.fr\/news\/2011\/07\/06\/cours-de-lor-mercredi-6-juillet\/","og_site_name":"Gold.fr","article_publisher":"https:\/\/www.facebook.com\/Goldfr\/","article_published_time":"2011-07-06T06:45:29+00:00","article_modified_time":"2021-01-11T16:13:54+00:00","author":"Laurent Schwartz","twitter_card":"summary_large_image","twitter_misc":{"\u00c9crit par":"Laurent Schwartz","Dur\u00e9e de lecture estim\u00e9e":"1 minute"},"schema":{"@context":"https:\/\/schema.org","@graph":[{"@type":"Article","@id":"https:\/\/www.gold.fr\/news\/2011\/07\/06\/cours-de-lor-mercredi-6-juillet\/#article","isPartOf":{"@id":"https:\/\/www.gold.fr\/news\/2011\/07\/06\/cours-de-lor-mercredi-6-juillet\/"},"author":{"name":"Laurent Schwartz","@id":"https:\/\/www.gold.fr\/news\/#\/schema\/person\/4ed91d9a70d8f3a313c26e8308214fc2"},"headline":"Cours de l&rsquo;Or: Mercredi 6 Juillet","datePublished":"2011-07-06T06:45:29+00:00","dateModified":"2021-01-11T16:13:54+00:00","mainEntityOfPage":{"@id":"https:\/\/www.gold.fr\/news\/2011\/07\/06\/cours-de-lor-mercredi-6-juillet\/"},"wordCount":171,"keywords":["Tout Cours de l'Or"],"articleSection":["Flash infos"],"inLanguage":"fr-FR"},{"@type":"WebPage","@id":"https:\/\/www.gold.fr\/news\/2011\/07\/06\/cours-de-lor-mercredi-6-juillet\/","url":"https:\/\/www.gold.fr\/news\/2011\/07\/06\/cours-de-lor-mercredi-6-juillet\/","name":"Cours de l'Or: Mercredi 6 Juillet - Gold.fr","isPartOf":{"@id":"https:\/\/www.gold.fr\/news\/#website"},"datePublished":"2011-07-06T06:45:29+00:00","dateModified":"2021-01-11T16:13:54+00:00","author":{"@id":"https:\/\/www.gold.fr\/news\/#\/schema\/person\/4ed91d9a70d8f3a313c26e8308214fc2"},"description":"Cours de l\u2019Or: Mercredi 6 Juillet Ce matin l\u2019once d\u2019or cotait \u00e0 1515 euros.L'or repart doucement apr\u00e8s avoir connu une baisse","breadcrumb":{"@id":"https:\/\/www.gold.fr\/news\/2011\/07\/06\/cours-de-lor-mercredi-6-juillet\/#breadcrumb"},"inLanguage":"fr-FR","potentialAction":[{"@type":"ReadAction","target":["https:\/\/www.gold.fr\/news\/2011\/07\/06\/cours-de-lor-mercredi-6-juillet\/"]}]},{"@type":"BreadcrumbList","@id":"https:\/\/www.gold.fr\/news\/2011\/07\/06\/cours-de-lor-mercredi-6-juillet\/#breadcrumb","itemListElement":[{"@type":"ListItem","position":1,"name":"Accueil","item":"https:\/\/www.gold.fr\/"},{"@type":"ListItem","position":2,"name":"Actualit\u00e9s","item":"https:\/\/www.gold.fr\/news\/"},{"@type":"ListItem","position":3,"name":"Cours de l&rsquo;Or: Mercredi 6 Juillet"}]},{"@type":"WebSite","@id":"https:\/\/www.gold.fr\/news\/#website","url":"https:\/\/www.gold.fr\/news\/","name":"Gold.fr","description":"Actualit\u00e9s de l&#039;Or et des m\u00e9taux pr\u00e9cieux","potentialAction":[{"@type":"SearchAction","target":{"@type":"EntryPoint","urlTemplate":"https:\/\/www.gold.fr\/news\/?s={search_term_string}"},"query-input":{"@type":"PropertyValueSpecification","valueRequired":true,"valueName":"search_term_string"}}],"inLanguage":"fr-FR"},{"@type":"Person","@id":"https:\/\/www.gold.fr\/news\/#\/schema\/person\/4ed91d9a70d8f3a313c26e8308214fc2","name":"Laurent Schwartz","image":{"@type":"ImageObject","inLanguage":"fr-FR","@id":"https:\/\/secure.gravatar.com\/avatar\/1496f846049365121827f5470219486f1a95f83957cc8ca0a9595e40c185f5ee?s=96&d=mm&r=g76f0e87c9ba82a161860a0fc16990d85","url":"https:\/\/secure.gravatar.com\/avatar\/1496f846049365121827f5470219486f1a95f83957cc8ca0a9595e40c185f5ee?s=96&d=mm&r=g","contentUrl":"https:\/\/secure.gravatar.com\/avatar\/1496f846049365121827f5470219486f1a95f83957cc8ca0a9595e40c185f5ee?s=96&d=mm&r=g","caption":"Laurent Schwartz"},"description":"Dipl\u00f4m\u00e9 de l\u2019EDHEC Business School en 2005, Laurent SCHWARTZ int\u00e8gre le cabinet d\u2019audit ERNST &amp; YOUNG en 2005 o\u00f9 il travaille pendant 4 ans. Parall\u00e8lement, il travaille au sein de l\u2019entreprise familiale cr\u00e9\u00e9e en 1976 \u00e0 Strasbourg. Fort de cette exp\u00e9rience et du savoir-faire d\u00e9velopp\u00e9 durant ces 40 derni\u00e8res ann\u00e9es, Laurent proc\u00e8de \u00e0 la refonte du site Internet Gold.fr d\u00e9di\u00e9 \u00e0 l\u2019achat d'or, vente d\u2019or (pi\u00e8ces, lingots, ...), achat or et argent,... qui conna\u00eetra un franc succ\u00e8s d\u00e8s son d\u00e9marrage en 2008. Il d\u00e9cide alors de d\u00e9velopper un r\u00e9seau de concessions exclusives: Le Comptoir National de l\u2019Or. Il assure d\u00e9sormais le pilotage strat\u00e9gique du 1er r\u00e9seau de France qui compte aujourd\u2019hui pas loin de 60 agences r\u00e9parties dans toute la France et depuis peu en Allemagne (Breisach). Le Comptoir National de l\u2019Or se positionne aujourd\u2019hui comme le leader incontournable sur le march\u00e9 de l\u2019Or et des m\u00e9taux pr\u00e9cieux en France.","sameAs":["https:\/\/www.gold.fr","https:\/\/www.linkedin.com\/in\/acheteror\/"]}]}},"authors":[{"term_id":2567,"user_id":6,"is_guest":0,"slug":"laurent","display_name":"Laurent Schwartz","avatar_url":"https:\/\/secure.gravatar.com\/avatar\/1496f846049365121827f5470219486f1a95f83957cc8ca0a9595e40c185f5ee?s=96&d=mm&r=g","0":null,"1":"","2":"","3":"","4":"","5":"","6":"","7":"","8":""}],"_links":{"self":[{"href":"https:\/\/www.gold.fr\/news\/wp-json\/wp\/v2\/posts\/1864","targetHints":{"allow":["GET"]}}],"collection":[{"href":"https:\/\/www.gold.fr\/news\/wp-json\/wp\/v2\/posts"}],"about":[{"href":"https:\/\/www.gold.fr\/news\/wp-json\/wp\/v2\/types\/post"}],"author":[{"embeddable":true,"href":"https:\/\/www.gold.fr\/news\/wp-json\/wp\/v2\/users\/6"}],"replies":[{"embeddable":true,"href":"https:\/\/www.gold.fr\/news\/wp-json\/wp\/v2\/comments?post=1864"}],"version-history":[{"count":0,"href":"https:\/\/www.gold.fr\/news\/wp-json\/wp\/v2\/posts\/1864\/revisions"}],"wp:attachment":[{"href":"https:\/\/www.gold.fr\/news\/wp-json\/wp\/v2\/media?parent=1864"}],"wp:term":[{"taxonomy":"category","embeddable":true,"href":"https:\/\/www.gold.fr\/news\/wp-json\/wp\/v2\/categories?post=1864"},{"taxonomy":"post_tag","embeddable":true,"href":"https:\/\/www.gold.fr\/news\/wp-json\/wp\/v2\/tags?post=1864"},{"taxonomy":"author","embeddable":true,"href":"https:\/\/www.gold.fr\/news\/wp-json\/wp\/v2\/ppma_author?post=1864"}],"curies":[{"name":"wp","href":"https:\/\/api.w.org\/{rel}","templated":true}]}}