{"id":18633,"date":"2016-01-13T09:00:10","date_gmt":"2016-01-13T08:00:10","guid":{"rendered":"https:\/\/www.gold.fr\/news\/?p=18633"},"modified":"2018-02-05T15:00:05","modified_gmt":"2018-02-05T14:00:05","slug":"enquete-comco-la-derniere-dune-longue-liste","status":"publish","type":"post","link":"https:\/\/www.gold.fr\/news\/2016\/01\/13\/enquete-comco-la-derniere-dune-longue-liste\/","title":{"rendered":"Enqu\u00eate Comco : La derni\u00e8re d\u2019une longue liste"},"content":{"rendered":"<p><span style=\"font-size: small;\"><img loading=\"lazy\" decoding=\"async\" class=\"alignleft wp-image-2773 size-thumbnail\" title=\"Enqu\u00eate Comco : La derni\u00e8re d\u2019une longue liste\" src=\"https:\/\/www.gold.fr\/news\/wp-content\/uploads\/2011\/10\/Or-Evolution-150x150.jpg\" alt=\"Enqu\u00eate Comco : La derni\u00e8re d\u2019une longue liste\" width=\"150\" height=\"150\" \/>Bien que l&rsquo;enqu\u00eate qu&rsquo;elle a r\u00e9cemment lanc\u00e9e ait fait couler beaucoup d&rsquo;encre, la Commission de la concurrence suisse n&rsquo;est apparemment pas la premi\u00e8re \u00e0 viser les professionnels de <a class=\"esk-seo-plu-link\" href=\"https:\/\/www.gold.fr\/news\/tags\/cours-de-lor\">fixing<\/a> des prix de m\u00e9taux pr\u00e9cieux. L&rsquo;historique de ce type de mesures est g\u00e9n\u00e9ralement charg\u00e9 de cas similaires dont l&rsquo;efficacit\u00e9 des r\u00e9sultats demeure largement mitig\u00e9e.<\/span> <span style=\"font-size: small;\">A l&rsquo;heure m\u00eame o\u00f9 on parle, le D\u00e9partement am\u00e9ricain de la Justice (DoJ) continue \u00e0 mener une enqu\u00eate sur la fixation des prix des m\u00e9taux pr\u00e9cieux, une enqu\u00eate qu&rsquo;il a initialement lanc\u00e9e le printemps dernier et qui vise une dizaine de banques r\u00e9put\u00e9es. Parmi ces \u00e9tablissements bancaires, la soci\u00e9t\u00e9 <strong>UBS<\/strong> qui \u00ab <em>a \u00e9chapp\u00e9 aux poursuites en mai dernier<\/em> \u00bb. Une autre enqu\u00eate am\u00e9ricaine est \u00e9galement men\u00e9e en parall\u00e8le, suite \u00e0 une plainte collective qui accuse <strong>BASF<\/strong>, <strong>HSBC<\/strong>, <strong>Standard Bank<\/strong> et <strong>Goldman Sachs<\/strong> d&rsquo;avoir proc\u00e9d\u00e9 \u00e0 plusieurs manipulations des prix du platine et du palladium sur une dur\u00e9e de huit ann\u00e9es.<\/span> <span style=\"font-size: small;\">Le groupe de plaignants est constitu\u00e9 de plusieurs bijoutiers qui ont inclus dans le texte de leur plainte (d\u00e9pos\u00e9e il y a un peu plus d&rsquo;un an) que \u00ab<em> les prix \u00e9taient fix\u00e9s par t\u00e9l\u00e9conf\u00e9rence deux fois par jour (\u2026). Les accus\u00e9s ont utilis\u00e9 cette asym\u00e9trie de l&rsquo;information afin de manipuler artificiellement les prix du platine et du palladium physiques, mais aussi ceux qui servent de base \u00e0 des produits financiers<\/em> \u00bb.<\/span> <span style=\"font-size: small;\">L&rsquo;aboutissement de cette enqu\u00eate demeure, lui aussi, \u00e0 d\u00e9terminer, et n&rsquo;est pas attendu avant la fin de l&rsquo;ann\u00e9e en cours, au moins.<\/span><\/p>\n<p>En savoir plus sur le <a href=\"https:\/\/www.gold.fr\/metaux-precieux\/\" target=\"_blank\" rel=\"noopener\">cours des m\u00e9taux pr\u00e9cieux<\/a>.<\/p>\n<!-- AddThis Advanced Settings generic via filter on the_content --><!-- AddThis Share Buttons generic via filter on the_content -->","protected":false},"excerpt":{"rendered":"<p>Bien que l&rsquo;enqu\u00eate qu&rsquo;elle a r\u00e9cemment lanc\u00e9e ait fait couler beaucoup d&rsquo;encre, la Commission de la concurrence suisse n&rsquo;est apparemment pas la premi\u00e8re \u00e0 viser les professionnels de fixing des prix de m\u00e9taux pr\u00e9cieux. L&rsquo;historique de [&hellip;]<\/p>\n","protected":false},"author":18,"featured_media":2773,"comment_status":"open","ping_status":"open","sticky":false,"template":"","format":"standard","meta":{"_mbp_gutenberg_autopost":false,"_pgmb_is_evergreen":false,"_pgmb_ap_template_id":0,"footnotes":""},"categories":[6],"tags":[2151],"ppma_author":[2565],"class_list":["post-18633","post","type-post","status-publish","format-standard","has-post-thumbnail","hentry","category-articles-de-presse","tag-enquete-comco"],"yoast_head":"<!-- This site is optimized with the Yoast SEO plugin v27.5 - https:\/\/yoast.com\/product\/yoast-seo-wordpress\/ -->\n<title>Enqu\u00eate Comco : La derni\u00e8re d\u2019une longue liste - Gold.fr<\/title>\n<meta name=\"robots\" content=\"index, follow, max-snippet:-1, max-image-preview:large, max-video-preview:-1\" \/>\n<link rel=\"canonical\" href=\"https:\/\/www.gold.fr\/news\/2016\/01\/13\/enquete-comco-la-derniere-dune-longue-liste\/\" \/>\n<meta property=\"og:locale\" content=\"fr_FR\" \/>\n<meta property=\"og:type\" content=\"article\" \/>\n<meta property=\"og:title\" content=\"Enqu\u00eate Comco : La derni\u00e8re d\u2019une longue liste - Gold.fr\" \/>\n<meta property=\"og:description\" content=\"Bien que l&rsquo;enqu\u00eate qu&rsquo;elle a r\u00e9cemment lanc\u00e9e ait fait couler beaucoup d&rsquo;encre, la Commission de la concurrence suisse n&rsquo;est apparemment pas la premi\u00e8re \u00e0 viser les professionnels de fixing des prix de m\u00e9taux pr\u00e9cieux. L&rsquo;historique de [&hellip;]\" \/>\n<meta property=\"og:url\" content=\"https:\/\/www.gold.fr\/news\/2016\/01\/13\/enquete-comco-la-derniere-dune-longue-liste\/\" \/>\n<meta property=\"og:site_name\" content=\"Gold.fr\" \/>\n<meta property=\"article:publisher\" content=\"https:\/\/www.facebook.com\/Goldfr\/\" \/>\n<meta property=\"article:published_time\" content=\"2016-01-13T08:00:10+00:00\" \/>\n<meta property=\"article:modified_time\" content=\"2018-02-05T14:00:05+00:00\" \/>\n<meta property=\"og:image\" content=\"https:\/\/www.gold.fr\/news\/wp-content\/uploads\/2011\/10\/Or-Evolution.jpg\" \/>\n\t<meta property=\"og:image:width\" content=\"600\" \/>\n\t<meta property=\"og:image:height\" content=\"400\" \/>\n\t<meta property=\"og:image:type\" content=\"image\/jpeg\" \/>\n<meta name=\"author\" content=\"Comptoir National de l&#039;Or\" \/>\n<meta name=\"twitter:card\" content=\"summary_large_image\" \/>\n<meta name=\"twitter:label1\" content=\"\u00c9crit par\" \/>\n\t<meta name=\"twitter:data1\" content=\"Comptoir National de l&#039;Or\" \/>\n\t<meta name=\"twitter:label2\" content=\"Dur\u00e9e de lecture estim\u00e9e\" \/>\n\t<meta name=\"twitter:data2\" content=\"1 minute\" \/>\n<script type=\"application\/ld+json\" class=\"yoast-schema-graph\">{\"@context\":\"https:\\\/\\\/schema.org\",\"@graph\":[{\"@type\":\"Article\",\"@id\":\"https:\\\/\\\/www.gold.fr\\\/news\\\/2016\\\/01\\\/13\\\/enquete-comco-la-derniere-dune-longue-liste\\\/#article\",\"isPartOf\":{\"@id\":\"https:\\\/\\\/www.gold.fr\\\/news\\\/2016\\\/01\\\/13\\\/enquete-comco-la-derniere-dune-longue-liste\\\/\"},\"author\":{\"name\":\"Comptoir National de l'Or\",\"@id\":\"https:\\\/\\\/www.gold.fr\\\/news\\\/#\\\/schema\\\/person\\\/070491b4b4fb7671bf59b3be20302ce9\"},\"headline\":\"Enqu\u00eate Comco : La derni\u00e8re d\u2019une longue liste\",\"datePublished\":\"2016-01-13T08:00:10+00:00\",\"dateModified\":\"2018-02-05T14:00:05+00:00\",\"mainEntityOfPage\":{\"@id\":\"https:\\\/\\\/www.gold.fr\\\/news\\\/2016\\\/01\\\/13\\\/enquete-comco-la-derniere-dune-longue-liste\\\/\"},\"wordCount\":311,\"commentCount\":0,\"image\":{\"@id\":\"https:\\\/\\\/www.gold.fr\\\/news\\\/2016\\\/01\\\/13\\\/enquete-comco-la-derniere-dune-longue-liste\\\/#primaryimage\"},\"thumbnailUrl\":\"https:\\\/\\\/www.gold.fr\\\/news\\\/wp-content\\\/uploads\\\/2011\\\/10\\\/Or-Evolution.jpg\",\"keywords\":[\"Enqu\u00eate Comco\"],\"articleSection\":[\"Articles de presse\"],\"inLanguage\":\"fr-FR\"},{\"@type\":\"WebPage\",\"@id\":\"https:\\\/\\\/www.gold.fr\\\/news\\\/2016\\\/01\\\/13\\\/enquete-comco-la-derniere-dune-longue-liste\\\/\",\"url\":\"https:\\\/\\\/www.gold.fr\\\/news\\\/2016\\\/01\\\/13\\\/enquete-comco-la-derniere-dune-longue-liste\\\/\",\"name\":\"Enqu\u00eate Comco : La derni\u00e8re d\u2019une longue liste - Gold.fr\",\"isPartOf\":{\"@id\":\"https:\\\/\\\/www.gold.fr\\\/news\\\/#website\"},\"primaryImageOfPage\":{\"@id\":\"https:\\\/\\\/www.gold.fr\\\/news\\\/2016\\\/01\\\/13\\\/enquete-comco-la-derniere-dune-longue-liste\\\/#primaryimage\"},\"image\":{\"@id\":\"https:\\\/\\\/www.gold.fr\\\/news\\\/2016\\\/01\\\/13\\\/enquete-comco-la-derniere-dune-longue-liste\\\/#primaryimage\"},\"thumbnailUrl\":\"https:\\\/\\\/www.gold.fr\\\/news\\\/wp-content\\\/uploads\\\/2011\\\/10\\\/Or-Evolution.jpg\",\"datePublished\":\"2016-01-13T08:00:10+00:00\",\"dateModified\":\"2018-02-05T14:00:05+00:00\",\"author\":{\"@id\":\"https:\\\/\\\/www.gold.fr\\\/news\\\/#\\\/schema\\\/person\\\/070491b4b4fb7671bf59b3be20302ce9\"},\"breadcrumb\":{\"@id\":\"https:\\\/\\\/www.gold.fr\\\/news\\\/2016\\\/01\\\/13\\\/enquete-comco-la-derniere-dune-longue-liste\\\/#breadcrumb\"},\"inLanguage\":\"fr-FR\",\"potentialAction\":[{\"@type\":\"ReadAction\",\"target\":[\"https:\\\/\\\/www.gold.fr\\\/news\\\/2016\\\/01\\\/13\\\/enquete-comco-la-derniere-dune-longue-liste\\\/\"]}]},{\"@type\":\"ImageObject\",\"inLanguage\":\"fr-FR\",\"@id\":\"https:\\\/\\\/www.gold.fr\\\/news\\\/2016\\\/01\\\/13\\\/enquete-comco-la-derniere-dune-longue-liste\\\/#primaryimage\",\"url\":\"https:\\\/\\\/www.gold.fr\\\/news\\\/wp-content\\\/uploads\\\/2011\\\/10\\\/Or-Evolution.jpg\",\"contentUrl\":\"https:\\\/\\\/www.gold.fr\\\/news\\\/wp-content\\\/uploads\\\/2011\\\/10\\\/Or-Evolution.jpg\",\"width\":\"600\",\"height\":\"400\",\"caption\":\"Enqu\u00eate Comco : La derni\u00e8re d\u2019une longue liste\"},{\"@type\":\"BreadcrumbList\",\"@id\":\"https:\\\/\\\/www.gold.fr\\\/news\\\/2016\\\/01\\\/13\\\/enquete-comco-la-derniere-dune-longue-liste\\\/#breadcrumb\",\"itemListElement\":[{\"@type\":\"ListItem\",\"position\":1,\"name\":\"Accueil\",\"item\":\"https:\\\/\\\/www.gold.fr\\\/\"},{\"@type\":\"ListItem\",\"position\":2,\"name\":\"Actualit\u00e9s\",\"item\":\"https:\\\/\\\/www.gold.fr\\\/news\\\/\"},{\"@type\":\"ListItem\",\"position\":3,\"name\":\"Enqu\u00eate Comco : La derni\u00e8re d\u2019une longue liste\"}]},{\"@type\":\"WebSite\",\"@id\":\"https:\\\/\\\/www.gold.fr\\\/news\\\/#website\",\"url\":\"https:\\\/\\\/www.gold.fr\\\/news\\\/\",\"name\":\"Gold.fr\",\"description\":\"Actualit\u00e9s de l&#039;Or et des m\u00e9taux pr\u00e9cieux\",\"potentialAction\":[{\"@type\":\"SearchAction\",\"target\":{\"@type\":\"EntryPoint\",\"urlTemplate\":\"https:\\\/\\\/www.gold.fr\\\/news\\\/?s={search_term_string}\"},\"query-input\":{\"@type\":\"PropertyValueSpecification\",\"valueRequired\":true,\"valueName\":\"search_term_string\"}}],\"inLanguage\":\"fr-FR\"},{\"@type\":\"Person\",\"@id\":\"https:\\\/\\\/www.gold.fr\\\/news\\\/#\\\/schema\\\/person\\\/070491b4b4fb7671bf59b3be20302ce9\",\"name\":\"Comptoir National de l'Or\",\"image\":{\"@type\":\"ImageObject\",\"inLanguage\":\"fr-FR\",\"@id\":\"https:\\\/\\\/secure.gravatar.com\\\/avatar\\\/0a2867fd5abe37bed95d5a65e9d58f01756e11efc68af9888dfc50cfa7f65948?s=96&d=mm&r=gb490554db0a38188709de567aa58480d\",\"url\":\"https:\\\/\\\/secure.gravatar.com\\\/avatar\\\/0a2867fd5abe37bed95d5a65e9d58f01756e11efc68af9888dfc50cfa7f65948?s=96&d=mm&r=g\",\"contentUrl\":\"https:\\\/\\\/secure.gravatar.com\\\/avatar\\\/0a2867fd5abe37bed95d5a65e9d58f01756e11efc68af9888dfc50cfa7f65948?s=96&d=mm&r=g\",\"caption\":\"Comptoir National de l'Or\"},\"description\":\"Notre r\u00e9daction est constitu\u00e9e de membres experts dans les m\u00e9tiers de l'\u00e9conomie et la gestion, des Responsables d'agence Comptoir National de l'Or, des analystes financiers qui publient r\u00e9guli\u00e8rement des \u00e9tudes sur les politiques des banques centrales, le cours de l'or, prix de l'or, cours de l'argent, prix de l'argent, cours du platine, cours du palladium,... la situation en zone euro et l'impact de la strat\u00e9gie mon\u00e9taire de la FED. Notre \u00e9quipe scrute \u00e9galement une information plus g\u00e9n\u00e9raliste \u00e0 la recherche d'actualit\u00e9 \\\"p\u00e9pite\\\" \u00e0 vous partager. Depuis 5 ans, nous avons publi\u00e9 un peu plus de 4000 articles qui s'adressent \u00e0 un public large et vari\u00e9 ayant pour objectif de satisfaire votre curiosit\u00e9 et de partager avec vous une certaine fascination pour le m\u00e9tal jaune, le rachat d'or, et pour ceux qui veulent investir dans l'or, vendre leur or tout simplement en savoir plus... Pour tous vos achat or et argent, n'h\u00e9sitez pas \u00e0 prendre rendez-vous dans l'un de nos nombreux comptoirs.\",\"sameAs\":[\"https:\\\/\\\/www.gold.fr\"]}]}<\/script>\n<!-- \/ Yoast SEO plugin. -->","yoast_head_json":{"title":"Enqu\u00eate Comco : La derni\u00e8re d\u2019une longue liste - Gold.fr","robots":{"index":"index","follow":"follow","max-snippet":"max-snippet:-1","max-image-preview":"max-image-preview:large","max-video-preview":"max-video-preview:-1"},"canonical":"https:\/\/www.gold.fr\/news\/2016\/01\/13\/enquete-comco-la-derniere-dune-longue-liste\/","og_locale":"fr_FR","og_type":"article","og_title":"Enqu\u00eate Comco : La derni\u00e8re d\u2019une longue liste - Gold.fr","og_description":"Bien que l&rsquo;enqu\u00eate qu&rsquo;elle a r\u00e9cemment lanc\u00e9e ait fait couler beaucoup d&rsquo;encre, la Commission de la concurrence suisse n&rsquo;est apparemment pas la premi\u00e8re \u00e0 viser les professionnels de fixing des prix de m\u00e9taux pr\u00e9cieux. L&rsquo;historique de [&hellip;]","og_url":"https:\/\/www.gold.fr\/news\/2016\/01\/13\/enquete-comco-la-derniere-dune-longue-liste\/","og_site_name":"Gold.fr","article_publisher":"https:\/\/www.facebook.com\/Goldfr\/","article_published_time":"2016-01-13T08:00:10+00:00","article_modified_time":"2018-02-05T14:00:05+00:00","og_image":[{"width":600,"height":400,"url":"https:\/\/www.gold.fr\/news\/wp-content\/uploads\/2011\/10\/Or-Evolution.jpg","type":"image\/jpeg"}],"author":"Comptoir National de l'Or","twitter_card":"summary_large_image","twitter_misc":{"\u00c9crit par":"Comptoir National de l'Or","Dur\u00e9e de lecture estim\u00e9e":"1 minute"},"schema":{"@context":"https:\/\/schema.org","@graph":[{"@type":"Article","@id":"https:\/\/www.gold.fr\/news\/2016\/01\/13\/enquete-comco-la-derniere-dune-longue-liste\/#article","isPartOf":{"@id":"https:\/\/www.gold.fr\/news\/2016\/01\/13\/enquete-comco-la-derniere-dune-longue-liste\/"},"author":{"name":"Comptoir National de l'Or","@id":"https:\/\/www.gold.fr\/news\/#\/schema\/person\/070491b4b4fb7671bf59b3be20302ce9"},"headline":"Enqu\u00eate Comco : La derni\u00e8re d\u2019une longue liste","datePublished":"2016-01-13T08:00:10+00:00","dateModified":"2018-02-05T14:00:05+00:00","mainEntityOfPage":{"@id":"https:\/\/www.gold.fr\/news\/2016\/01\/13\/enquete-comco-la-derniere-dune-longue-liste\/"},"wordCount":311,"commentCount":0,"image":{"@id":"https:\/\/www.gold.fr\/news\/2016\/01\/13\/enquete-comco-la-derniere-dune-longue-liste\/#primaryimage"},"thumbnailUrl":"https:\/\/www.gold.fr\/news\/wp-content\/uploads\/2011\/10\/Or-Evolution.jpg","keywords":["Enqu\u00eate Comco"],"articleSection":["Articles de presse"],"inLanguage":"fr-FR"},{"@type":"WebPage","@id":"https:\/\/www.gold.fr\/news\/2016\/01\/13\/enquete-comco-la-derniere-dune-longue-liste\/","url":"https:\/\/www.gold.fr\/news\/2016\/01\/13\/enquete-comco-la-derniere-dune-longue-liste\/","name":"Enqu\u00eate Comco : La derni\u00e8re d\u2019une longue liste - Gold.fr","isPartOf":{"@id":"https:\/\/www.gold.fr\/news\/#website"},"primaryImageOfPage":{"@id":"https:\/\/www.gold.fr\/news\/2016\/01\/13\/enquete-comco-la-derniere-dune-longue-liste\/#primaryimage"},"image":{"@id":"https:\/\/www.gold.fr\/news\/2016\/01\/13\/enquete-comco-la-derniere-dune-longue-liste\/#primaryimage"},"thumbnailUrl":"https:\/\/www.gold.fr\/news\/wp-content\/uploads\/2011\/10\/Or-Evolution.jpg","datePublished":"2016-01-13T08:00:10+00:00","dateModified":"2018-02-05T14:00:05+00:00","author":{"@id":"https:\/\/www.gold.fr\/news\/#\/schema\/person\/070491b4b4fb7671bf59b3be20302ce9"},"breadcrumb":{"@id":"https:\/\/www.gold.fr\/news\/2016\/01\/13\/enquete-comco-la-derniere-dune-longue-liste\/#breadcrumb"},"inLanguage":"fr-FR","potentialAction":[{"@type":"ReadAction","target":["https:\/\/www.gold.fr\/news\/2016\/01\/13\/enquete-comco-la-derniere-dune-longue-liste\/"]}]},{"@type":"ImageObject","inLanguage":"fr-FR","@id":"https:\/\/www.gold.fr\/news\/2016\/01\/13\/enquete-comco-la-derniere-dune-longue-liste\/#primaryimage","url":"https:\/\/www.gold.fr\/news\/wp-content\/uploads\/2011\/10\/Or-Evolution.jpg","contentUrl":"https:\/\/www.gold.fr\/news\/wp-content\/uploads\/2011\/10\/Or-Evolution.jpg","width":"600","height":"400","caption":"Enqu\u00eate Comco : La derni\u00e8re d\u2019une longue liste"},{"@type":"BreadcrumbList","@id":"https:\/\/www.gold.fr\/news\/2016\/01\/13\/enquete-comco-la-derniere-dune-longue-liste\/#breadcrumb","itemListElement":[{"@type":"ListItem","position":1,"name":"Accueil","item":"https:\/\/www.gold.fr\/"},{"@type":"ListItem","position":2,"name":"Actualit\u00e9s","item":"https:\/\/www.gold.fr\/news\/"},{"@type":"ListItem","position":3,"name":"Enqu\u00eate Comco : La derni\u00e8re d\u2019une longue liste"}]},{"@type":"WebSite","@id":"https:\/\/www.gold.fr\/news\/#website","url":"https:\/\/www.gold.fr\/news\/","name":"Gold.fr","description":"Actualit\u00e9s de l&#039;Or et des m\u00e9taux pr\u00e9cieux","potentialAction":[{"@type":"SearchAction","target":{"@type":"EntryPoint","urlTemplate":"https:\/\/www.gold.fr\/news\/?s={search_term_string}"},"query-input":{"@type":"PropertyValueSpecification","valueRequired":true,"valueName":"search_term_string"}}],"inLanguage":"fr-FR"},{"@type":"Person","@id":"https:\/\/www.gold.fr\/news\/#\/schema\/person\/070491b4b4fb7671bf59b3be20302ce9","name":"Comptoir National de l'Or","image":{"@type":"ImageObject","inLanguage":"fr-FR","@id":"https:\/\/secure.gravatar.com\/avatar\/0a2867fd5abe37bed95d5a65e9d58f01756e11efc68af9888dfc50cfa7f65948?s=96&d=mm&r=gb490554db0a38188709de567aa58480d","url":"https:\/\/secure.gravatar.com\/avatar\/0a2867fd5abe37bed95d5a65e9d58f01756e11efc68af9888dfc50cfa7f65948?s=96&d=mm&r=g","contentUrl":"https:\/\/secure.gravatar.com\/avatar\/0a2867fd5abe37bed95d5a65e9d58f01756e11efc68af9888dfc50cfa7f65948?s=96&d=mm&r=g","caption":"Comptoir National de l'Or"},"description":"Notre r\u00e9daction est constitu\u00e9e de membres experts dans les m\u00e9tiers de l'\u00e9conomie et la gestion, des Responsables d'agence Comptoir National de l'Or, des analystes financiers qui publient r\u00e9guli\u00e8rement des \u00e9tudes sur les politiques des banques centrales, le cours de l'or, prix de l'or, cours de l'argent, prix de l'argent, cours du platine, cours du palladium,... la situation en zone euro et l'impact de la strat\u00e9gie mon\u00e9taire de la FED. Notre \u00e9quipe scrute \u00e9galement une information plus g\u00e9n\u00e9raliste \u00e0 la recherche d'actualit\u00e9 \"p\u00e9pite\" \u00e0 vous partager. Depuis 5 ans, nous avons publi\u00e9 un peu plus de 4000 articles qui s'adressent \u00e0 un public large et vari\u00e9 ayant pour objectif de satisfaire votre curiosit\u00e9 et de partager avec vous une certaine fascination pour le m\u00e9tal jaune, le rachat d'or, et pour ceux qui veulent investir dans l'or, vendre leur or tout simplement en savoir plus... Pour tous vos achat or et argent, n'h\u00e9sitez pas \u00e0 prendre rendez-vous dans l'un de nos nombreux comptoirs.","sameAs":["https:\/\/www.gold.fr"]}]}},"authors":[{"term_id":2565,"user_id":18,"is_guest":0,"slug":"julie","display_name":"Comptoir National de l'Or","avatar_url":"https:\/\/secure.gravatar.com\/avatar\/713f289e398d35ead876c4a4cc08607f0d6d266058cfc25683fffb6092d0e572?s=96&d=mm&r=g","0":null,"1":"","2":"","3":"","4":"","5":"","6":"","7":"","8":""}],"_links":{"self":[{"href":"https:\/\/www.gold.fr\/news\/wp-json\/wp\/v2\/posts\/18633","targetHints":{"allow":["GET"]}}],"collection":[{"href":"https:\/\/www.gold.fr\/news\/wp-json\/wp\/v2\/posts"}],"about":[{"href":"https:\/\/www.gold.fr\/news\/wp-json\/wp\/v2\/types\/post"}],"author":[{"embeddable":true,"href":"https:\/\/www.gold.fr\/news\/wp-json\/wp\/v2\/users\/18"}],"replies":[{"embeddable":true,"href":"https:\/\/www.gold.fr\/news\/wp-json\/wp\/v2\/comments?post=18633"}],"version-history":[{"count":0,"href":"https:\/\/www.gold.fr\/news\/wp-json\/wp\/v2\/posts\/18633\/revisions"}],"wp:featuredmedia":[{"embeddable":true,"href":"https:\/\/www.gold.fr\/news\/wp-json\/wp\/v2\/media\/2773"}],"wp:attachment":[{"href":"https:\/\/www.gold.fr\/news\/wp-json\/wp\/v2\/media?parent=18633"}],"wp:term":[{"taxonomy":"category","embeddable":true,"href":"https:\/\/www.gold.fr\/news\/wp-json\/wp\/v2\/categories?post=18633"},{"taxonomy":"post_tag","embeddable":true,"href":"https:\/\/www.gold.fr\/news\/wp-json\/wp\/v2\/tags?post=18633"},{"taxonomy":"author","embeddable":true,"href":"https:\/\/www.gold.fr\/news\/wp-json\/wp\/v2\/ppma_author?post=18633"}],"curies":[{"name":"wp","href":"https:\/\/api.w.org\/{rel}","templated":true}]}}