{"id":18617,"date":"2016-01-11T09:00:55","date_gmt":"2016-01-11T08:00:55","guid":{"rendered":"https:\/\/www.gold.fr\/news\/?p=18617"},"modified":"2021-09-30T15:50:09","modified_gmt":"2021-09-30T13:50:09","slug":"marches-en-mode-gestion-de-secousses","status":"publish","type":"post","link":"https:\/\/www.gold.fr\/news\/2016\/01\/11\/marches-en-mode-gestion-de-secousses\/","title":{"rendered":"March\u00e9s : En mode \u2018gestion de secousses\u2019"},"content":{"rendered":"<p><span style=\"font-size: small;\"><img loading=\"lazy\" decoding=\"async\" class=\"alignleft wp-image-7585 size-thumbnail\" title=\"March\u00e9s : En mode \u2018gestion de secousses\u2019\" src=\"https:\/\/www.gold.fr\/news\/wp-content\/uploads\/2012\/05\/or-monnaie-150x150.jpg\" alt=\"March\u00e9s : En mode \u2018gestion de secousses\u2019\" width=\"150\" height=\"150\" \/>Et ce ne sont pas les secousses qui ont manqu\u00e9, tout au long de la semaine \u00e9coul\u00e9e. Le paysage \u00e9conomique et politique mondial a \u00e9t\u00e9 fortement \u00e9branl\u00e9, pris dans l&rsquo;\u0153il du cyclone d&rsquo;une accumulation de crises en tous genres survenues simultan\u00e9ment aux quatre coins du globe.<\/span> <span style=\"font-size: small;\">La premi\u00e8re secousse est certainement la plus litt\u00e9rale du lot ; mercredi dernier, la Cor\u00e9e du Nord a affirm\u00e9 avoir test\u00e9, dans la nuit pr\u00e9c\u00e9dente, et avec succ\u00e8s, \u00ab<em> sa premi\u00e8re bombe \u00e0 hydrog\u00e8ne<\/em> \u00bb. L&rsquo;annonce a provoqu\u00e9 une r\u00e9action imm\u00e9diate des pays de la r\u00e9gion qui ont qualifi\u00e9 la mesure m\u00eame de \u00ab <em>menace s\u00e9rieuse<\/em> \u00bb. C\u00f4t\u00e9 Moyen-Orient, et suite \u00e0 l&rsquo;escalade de la tension entre l&rsquo;Iran et l&rsquo;Arabie Saoudite, le gouvernement du Riyad a rappel\u00e9 son ambassadeur \u00e0 T\u00e9h\u00e9ran. Une mesure aussit\u00f4t copi\u00e9e par ses alli\u00e9s officieux (Bahrain, Soudan\u2026), qui coupent ainsi \u00e9galement leur lien diplomatique avec le gouvernement iranien.<\/span> <span style=\"font-size: small;\">Dans l&rsquo;ensemble, la semaine pass\u00e9e a \u00e9t\u00e9 celle de toutes les angoisses (\u00e9conomiques, g\u00e9opolitiques\u2026), ce qui a eu pour effet automatique de tirer l&rsquo;ensemble des march\u00e9s boursiers vers le bas. Les analystes de Barclays Bourse soulignaient, \u00e0 la fin de la semaine derni\u00e8re, que \u00ab <em>pour le moment, les march\u00e9s se focalisent sur la probl\u00e9matique chinoise mais nous consid\u00e9rons que les investisseurs devraient revenir \u00e0 la raison d&rsquo;ici peu<\/em> \u00bb, mod\u00e9rant leur bilan en notant que \u00ab <em>de nombreux secteurs commencent \u00e0 percevoir une am\u00e9lioration des perspectives, comme l&rsquo;illustrent les derniers chiffres des ventes automobiles pour l&rsquo;ensemble de l&rsquo;Europe ou les transactions dans le secteur <a class=\"esk-seo-plu-link\" href=\"https:\/\/www.gold.fr\/news\/tags\/investissement\">immobilier<\/a><\/em> \u00bb.<\/span><\/p>\n<!-- AddThis Advanced Settings generic via filter on the_content --><!-- AddThis Share Buttons generic via filter on the_content -->","protected":false},"excerpt":{"rendered":"<p>Et ce ne sont pas les secousses qui ont manqu\u00e9, tout au long de la semaine \u00e9coul\u00e9e. Le paysage \u00e9conomique et politique mondial a \u00e9t\u00e9 fortement \u00e9branl\u00e9, pris dans l&rsquo;\u0153il du cyclone d&rsquo;une accumulation de crises [&hellip;]<\/p>\n","protected":false},"author":18,"featured_media":7585,"comment_status":"closed","ping_status":"closed","sticky":false,"template":"","format":"standard","meta":{"_mbp_gutenberg_autopost":false,"_pgmb_is_evergreen":false,"_pgmb_ap_template_id":0,"footnotes":""},"categories":[6],"tags":[1188,1000,1649,848],"ppma_author":[2565],"class_list":["post-18617","post","type-post","status-publish","format-standard","has-post-thumbnail","hentry","category-articles-de-presse","tag-bourse","tag-economie","tag-marches","tag-politique"],"yoast_head":"<!-- This site is optimized with the Yoast SEO plugin v27.5 - https:\/\/yoast.com\/product\/yoast-seo-wordpress\/ -->\n<title>March\u00e9s : En mode gestion de secousses, Escalade tensions g\u00e9opolotique<\/title>\n<meta name=\"description\" content=\"March\u00e9s : En mode gestion de secousses, Escalade tensions g\u00e9opolotique, angoisses \u00e9conomiques, g\u00e9opolitiques, conjoncture\" \/>\n<meta name=\"robots\" content=\"index, follow, max-snippet:-1, max-image-preview:large, max-video-preview:-1\" \/>\n<link rel=\"canonical\" href=\"https:\/\/www.gold.fr\/news\/2016\/01\/11\/marches-en-mode-gestion-de-secousses\/\" \/>\n<meta property=\"og:locale\" content=\"fr_FR\" \/>\n<meta property=\"og:type\" content=\"article\" \/>\n<meta property=\"og:title\" content=\"March\u00e9s : En mode gestion de secousses, Escalade tensions g\u00e9opolotique\" \/>\n<meta property=\"og:description\" content=\"March\u00e9s : En mode gestion de secousses, Escalade tensions g\u00e9opolotique, angoisses \u00e9conomiques, g\u00e9opolitiques, conjoncture\" \/>\n<meta property=\"og:url\" content=\"https:\/\/www.gold.fr\/news\/2016\/01\/11\/marches-en-mode-gestion-de-secousses\/\" \/>\n<meta property=\"og:site_name\" content=\"Gold.fr\" \/>\n<meta property=\"article:publisher\" content=\"https:\/\/www.facebook.com\/Goldfr\/\" \/>\n<meta property=\"article:published_time\" content=\"2016-01-11T08:00:55+00:00\" \/>\n<meta property=\"article:modified_time\" content=\"2021-09-30T13:50:09+00:00\" \/>\n<meta property=\"og:image\" content=\"https:\/\/www.gold.fr\/news\/wp-content\/uploads\/2012\/05\/or-monnaie.jpg\" \/>\n\t<meta property=\"og:image:width\" content=\"733\" \/>\n\t<meta property=\"og:image:height\" content=\"400\" \/>\n\t<meta property=\"og:image:type\" content=\"image\/jpeg\" \/>\n<meta name=\"author\" content=\"Comptoir National de l&#039;Or\" \/>\n<meta name=\"twitter:card\" content=\"summary_large_image\" \/>\n<meta name=\"twitter:label1\" content=\"\u00c9crit par\" \/>\n\t<meta name=\"twitter:data1\" content=\"Comptoir National de l&#039;Or\" \/>\n\t<meta name=\"twitter:label2\" content=\"Dur\u00e9e de lecture estim\u00e9e\" \/>\n\t<meta name=\"twitter:data2\" content=\"1 minute\" \/>\n<script type=\"application\/ld+json\" class=\"yoast-schema-graph\">{\"@context\":\"https:\\\/\\\/schema.org\",\"@graph\":[{\"@type\":\"Article\",\"@id\":\"https:\\\/\\\/www.gold.fr\\\/news\\\/2016\\\/01\\\/11\\\/marches-en-mode-gestion-de-secousses\\\/#article\",\"isPartOf\":{\"@id\":\"https:\\\/\\\/www.gold.fr\\\/news\\\/2016\\\/01\\\/11\\\/marches-en-mode-gestion-de-secousses\\\/\"},\"author\":{\"name\":\"Comptoir National de l'Or\",\"@id\":\"https:\\\/\\\/www.gold.fr\\\/news\\\/#\\\/schema\\\/person\\\/070491b4b4fb7671bf59b3be20302ce9\"},\"headline\":\"March\u00e9s : En mode \u2018gestion de secousses\u2019\",\"datePublished\":\"2016-01-11T08:00:55+00:00\",\"dateModified\":\"2021-09-30T13:50:09+00:00\",\"mainEntityOfPage\":{\"@id\":\"https:\\\/\\\/www.gold.fr\\\/news\\\/2016\\\/01\\\/11\\\/marches-en-mode-gestion-de-secousses\\\/\"},\"wordCount\":289,\"image\":{\"@id\":\"https:\\\/\\\/www.gold.fr\\\/news\\\/2016\\\/01\\\/11\\\/marches-en-mode-gestion-de-secousses\\\/#primaryimage\"},\"thumbnailUrl\":\"https:\\\/\\\/www.gold.fr\\\/news\\\/wp-content\\\/uploads\\\/2012\\\/05\\\/or-monnaie.jpg\",\"keywords\":[\"bourse\",\"\u00e9conomie\",\"march\u00e9s\",\"Politique\"],\"articleSection\":[\"Articles de presse\"],\"inLanguage\":\"fr-FR\"},{\"@type\":\"WebPage\",\"@id\":\"https:\\\/\\\/www.gold.fr\\\/news\\\/2016\\\/01\\\/11\\\/marches-en-mode-gestion-de-secousses\\\/\",\"url\":\"https:\\\/\\\/www.gold.fr\\\/news\\\/2016\\\/01\\\/11\\\/marches-en-mode-gestion-de-secousses\\\/\",\"name\":\"March\u00e9s : En mode gestion de secousses, Escalade tensions g\u00e9opolotique\",\"isPartOf\":{\"@id\":\"https:\\\/\\\/www.gold.fr\\\/news\\\/#website\"},\"primaryImageOfPage\":{\"@id\":\"https:\\\/\\\/www.gold.fr\\\/news\\\/2016\\\/01\\\/11\\\/marches-en-mode-gestion-de-secousses\\\/#primaryimage\"},\"image\":{\"@id\":\"https:\\\/\\\/www.gold.fr\\\/news\\\/2016\\\/01\\\/11\\\/marches-en-mode-gestion-de-secousses\\\/#primaryimage\"},\"thumbnailUrl\":\"https:\\\/\\\/www.gold.fr\\\/news\\\/wp-content\\\/uploads\\\/2012\\\/05\\\/or-monnaie.jpg\",\"datePublished\":\"2016-01-11T08:00:55+00:00\",\"dateModified\":\"2021-09-30T13:50:09+00:00\",\"author\":{\"@id\":\"https:\\\/\\\/www.gold.fr\\\/news\\\/#\\\/schema\\\/person\\\/070491b4b4fb7671bf59b3be20302ce9\"},\"description\":\"March\u00e9s : En mode gestion de secousses, Escalade tensions g\u00e9opolotique, angoisses \u00e9conomiques, g\u00e9opolitiques, conjoncture\",\"breadcrumb\":{\"@id\":\"https:\\\/\\\/www.gold.fr\\\/news\\\/2016\\\/01\\\/11\\\/marches-en-mode-gestion-de-secousses\\\/#breadcrumb\"},\"inLanguage\":\"fr-FR\",\"potentialAction\":[{\"@type\":\"ReadAction\",\"target\":[\"https:\\\/\\\/www.gold.fr\\\/news\\\/2016\\\/01\\\/11\\\/marches-en-mode-gestion-de-secousses\\\/\"]}]},{\"@type\":\"ImageObject\",\"inLanguage\":\"fr-FR\",\"@id\":\"https:\\\/\\\/www.gold.fr\\\/news\\\/2016\\\/01\\\/11\\\/marches-en-mode-gestion-de-secousses\\\/#primaryimage\",\"url\":\"https:\\\/\\\/www.gold.fr\\\/news\\\/wp-content\\\/uploads\\\/2012\\\/05\\\/or-monnaie.jpg\",\"contentUrl\":\"https:\\\/\\\/www.gold.fr\\\/news\\\/wp-content\\\/uploads\\\/2012\\\/05\\\/or-monnaie.jpg\",\"width\":\"733\",\"height\":\"400\",\"caption\":\"March\u00e9s : En mode \u2018gestion de secousses\u2019\"},{\"@type\":\"BreadcrumbList\",\"@id\":\"https:\\\/\\\/www.gold.fr\\\/news\\\/2016\\\/01\\\/11\\\/marches-en-mode-gestion-de-secousses\\\/#breadcrumb\",\"itemListElement\":[{\"@type\":\"ListItem\",\"position\":1,\"name\":\"Accueil\",\"item\":\"https:\\\/\\\/www.gold.fr\\\/\"},{\"@type\":\"ListItem\",\"position\":2,\"name\":\"Actualit\u00e9s\",\"item\":\"https:\\\/\\\/www.gold.fr\\\/news\\\/\"},{\"@type\":\"ListItem\",\"position\":3,\"name\":\"March\u00e9s : En mode \u2018gestion de secousses\u2019\"}]},{\"@type\":\"WebSite\",\"@id\":\"https:\\\/\\\/www.gold.fr\\\/news\\\/#website\",\"url\":\"https:\\\/\\\/www.gold.fr\\\/news\\\/\",\"name\":\"Gold.fr\",\"description\":\"Actualit\u00e9s de l&#039;Or et des m\u00e9taux pr\u00e9cieux\",\"potentialAction\":[{\"@type\":\"SearchAction\",\"target\":{\"@type\":\"EntryPoint\",\"urlTemplate\":\"https:\\\/\\\/www.gold.fr\\\/news\\\/?s={search_term_string}\"},\"query-input\":{\"@type\":\"PropertyValueSpecification\",\"valueRequired\":true,\"valueName\":\"search_term_string\"}}],\"inLanguage\":\"fr-FR\"},{\"@type\":\"Person\",\"@id\":\"https:\\\/\\\/www.gold.fr\\\/news\\\/#\\\/schema\\\/person\\\/070491b4b4fb7671bf59b3be20302ce9\",\"name\":\"Comptoir National de l'Or\",\"image\":{\"@type\":\"ImageObject\",\"inLanguage\":\"fr-FR\",\"@id\":\"https:\\\/\\\/secure.gravatar.com\\\/avatar\\\/0a2867fd5abe37bed95d5a65e9d58f01756e11efc68af9888dfc50cfa7f65948?s=96&d=mm&r=gb490554db0a38188709de567aa58480d\",\"url\":\"https:\\\/\\\/secure.gravatar.com\\\/avatar\\\/0a2867fd5abe37bed95d5a65e9d58f01756e11efc68af9888dfc50cfa7f65948?s=96&d=mm&r=g\",\"contentUrl\":\"https:\\\/\\\/secure.gravatar.com\\\/avatar\\\/0a2867fd5abe37bed95d5a65e9d58f01756e11efc68af9888dfc50cfa7f65948?s=96&d=mm&r=g\",\"caption\":\"Comptoir National de l'Or\"},\"description\":\"Notre r\u00e9daction est constitu\u00e9e de membres experts dans les m\u00e9tiers de l'\u00e9conomie et la gestion, des Responsables d'agence Comptoir National de l'Or, des analystes financiers qui publient r\u00e9guli\u00e8rement des \u00e9tudes sur les politiques des banques centrales, le cours de l'or, prix de l'or, cours de l'argent, prix de l'argent, cours du platine, cours du palladium,... la situation en zone euro et l'impact de la strat\u00e9gie mon\u00e9taire de la FED. Notre \u00e9quipe scrute \u00e9galement une information plus g\u00e9n\u00e9raliste \u00e0 la recherche d'actualit\u00e9 \\\"p\u00e9pite\\\" \u00e0 vous partager. Depuis 5 ans, nous avons publi\u00e9 un peu plus de 4000 articles qui s'adressent \u00e0 un public large et vari\u00e9 ayant pour objectif de satisfaire votre curiosit\u00e9 et de partager avec vous une certaine fascination pour le m\u00e9tal jaune, le rachat d'or, et pour ceux qui veulent investir dans l'or, vendre leur or tout simplement en savoir plus... Pour tous vos achat or et argent, n'h\u00e9sitez pas \u00e0 prendre rendez-vous dans l'un de nos nombreux comptoirs.\",\"sameAs\":[\"https:\\\/\\\/www.gold.fr\"]}]}<\/script>\n<!-- \/ Yoast SEO plugin. -->","yoast_head_json":{"title":"March\u00e9s : En mode gestion de secousses, Escalade tensions g\u00e9opolotique","description":"March\u00e9s : En mode gestion de secousses, Escalade tensions g\u00e9opolotique, angoisses \u00e9conomiques, g\u00e9opolitiques, conjoncture","robots":{"index":"index","follow":"follow","max-snippet":"max-snippet:-1","max-image-preview":"max-image-preview:large","max-video-preview":"max-video-preview:-1"},"canonical":"https:\/\/www.gold.fr\/news\/2016\/01\/11\/marches-en-mode-gestion-de-secousses\/","og_locale":"fr_FR","og_type":"article","og_title":"March\u00e9s : En mode gestion de secousses, Escalade tensions g\u00e9opolotique","og_description":"March\u00e9s : En mode gestion de secousses, Escalade tensions g\u00e9opolotique, angoisses \u00e9conomiques, g\u00e9opolitiques, conjoncture","og_url":"https:\/\/www.gold.fr\/news\/2016\/01\/11\/marches-en-mode-gestion-de-secousses\/","og_site_name":"Gold.fr","article_publisher":"https:\/\/www.facebook.com\/Goldfr\/","article_published_time":"2016-01-11T08:00:55+00:00","article_modified_time":"2021-09-30T13:50:09+00:00","og_image":[{"width":733,"height":400,"url":"https:\/\/www.gold.fr\/news\/wp-content\/uploads\/2012\/05\/or-monnaie.jpg","type":"image\/jpeg"}],"author":"Comptoir National de l'Or","twitter_card":"summary_large_image","twitter_misc":{"\u00c9crit par":"Comptoir National de l'Or","Dur\u00e9e de lecture estim\u00e9e":"1 minute"},"schema":{"@context":"https:\/\/schema.org","@graph":[{"@type":"Article","@id":"https:\/\/www.gold.fr\/news\/2016\/01\/11\/marches-en-mode-gestion-de-secousses\/#article","isPartOf":{"@id":"https:\/\/www.gold.fr\/news\/2016\/01\/11\/marches-en-mode-gestion-de-secousses\/"},"author":{"name":"Comptoir National de l'Or","@id":"https:\/\/www.gold.fr\/news\/#\/schema\/person\/070491b4b4fb7671bf59b3be20302ce9"},"headline":"March\u00e9s : En mode \u2018gestion de secousses\u2019","datePublished":"2016-01-11T08:00:55+00:00","dateModified":"2021-09-30T13:50:09+00:00","mainEntityOfPage":{"@id":"https:\/\/www.gold.fr\/news\/2016\/01\/11\/marches-en-mode-gestion-de-secousses\/"},"wordCount":289,"image":{"@id":"https:\/\/www.gold.fr\/news\/2016\/01\/11\/marches-en-mode-gestion-de-secousses\/#primaryimage"},"thumbnailUrl":"https:\/\/www.gold.fr\/news\/wp-content\/uploads\/2012\/05\/or-monnaie.jpg","keywords":["bourse","\u00e9conomie","march\u00e9s","Politique"],"articleSection":["Articles de presse"],"inLanguage":"fr-FR"},{"@type":"WebPage","@id":"https:\/\/www.gold.fr\/news\/2016\/01\/11\/marches-en-mode-gestion-de-secousses\/","url":"https:\/\/www.gold.fr\/news\/2016\/01\/11\/marches-en-mode-gestion-de-secousses\/","name":"March\u00e9s : En mode gestion de secousses, Escalade tensions g\u00e9opolotique","isPartOf":{"@id":"https:\/\/www.gold.fr\/news\/#website"},"primaryImageOfPage":{"@id":"https:\/\/www.gold.fr\/news\/2016\/01\/11\/marches-en-mode-gestion-de-secousses\/#primaryimage"},"image":{"@id":"https:\/\/www.gold.fr\/news\/2016\/01\/11\/marches-en-mode-gestion-de-secousses\/#primaryimage"},"thumbnailUrl":"https:\/\/www.gold.fr\/news\/wp-content\/uploads\/2012\/05\/or-monnaie.jpg","datePublished":"2016-01-11T08:00:55+00:00","dateModified":"2021-09-30T13:50:09+00:00","author":{"@id":"https:\/\/www.gold.fr\/news\/#\/schema\/person\/070491b4b4fb7671bf59b3be20302ce9"},"description":"March\u00e9s : En mode gestion de secousses, Escalade tensions g\u00e9opolotique, angoisses \u00e9conomiques, g\u00e9opolitiques, conjoncture","breadcrumb":{"@id":"https:\/\/www.gold.fr\/news\/2016\/01\/11\/marches-en-mode-gestion-de-secousses\/#breadcrumb"},"inLanguage":"fr-FR","potentialAction":[{"@type":"ReadAction","target":["https:\/\/www.gold.fr\/news\/2016\/01\/11\/marches-en-mode-gestion-de-secousses\/"]}]},{"@type":"ImageObject","inLanguage":"fr-FR","@id":"https:\/\/www.gold.fr\/news\/2016\/01\/11\/marches-en-mode-gestion-de-secousses\/#primaryimage","url":"https:\/\/www.gold.fr\/news\/wp-content\/uploads\/2012\/05\/or-monnaie.jpg","contentUrl":"https:\/\/www.gold.fr\/news\/wp-content\/uploads\/2012\/05\/or-monnaie.jpg","width":"733","height":"400","caption":"March\u00e9s : En mode \u2018gestion de secousses\u2019"},{"@type":"BreadcrumbList","@id":"https:\/\/www.gold.fr\/news\/2016\/01\/11\/marches-en-mode-gestion-de-secousses\/#breadcrumb","itemListElement":[{"@type":"ListItem","position":1,"name":"Accueil","item":"https:\/\/www.gold.fr\/"},{"@type":"ListItem","position":2,"name":"Actualit\u00e9s","item":"https:\/\/www.gold.fr\/news\/"},{"@type":"ListItem","position":3,"name":"March\u00e9s : En mode \u2018gestion de secousses\u2019"}]},{"@type":"WebSite","@id":"https:\/\/www.gold.fr\/news\/#website","url":"https:\/\/www.gold.fr\/news\/","name":"Gold.fr","description":"Actualit\u00e9s de l&#039;Or et des m\u00e9taux pr\u00e9cieux","potentialAction":[{"@type":"SearchAction","target":{"@type":"EntryPoint","urlTemplate":"https:\/\/www.gold.fr\/news\/?s={search_term_string}"},"query-input":{"@type":"PropertyValueSpecification","valueRequired":true,"valueName":"search_term_string"}}],"inLanguage":"fr-FR"},{"@type":"Person","@id":"https:\/\/www.gold.fr\/news\/#\/schema\/person\/070491b4b4fb7671bf59b3be20302ce9","name":"Comptoir National de l'Or","image":{"@type":"ImageObject","inLanguage":"fr-FR","@id":"https:\/\/secure.gravatar.com\/avatar\/0a2867fd5abe37bed95d5a65e9d58f01756e11efc68af9888dfc50cfa7f65948?s=96&d=mm&r=gb490554db0a38188709de567aa58480d","url":"https:\/\/secure.gravatar.com\/avatar\/0a2867fd5abe37bed95d5a65e9d58f01756e11efc68af9888dfc50cfa7f65948?s=96&d=mm&r=g","contentUrl":"https:\/\/secure.gravatar.com\/avatar\/0a2867fd5abe37bed95d5a65e9d58f01756e11efc68af9888dfc50cfa7f65948?s=96&d=mm&r=g","caption":"Comptoir National de l'Or"},"description":"Notre r\u00e9daction est constitu\u00e9e de membres experts dans les m\u00e9tiers de l'\u00e9conomie et la gestion, des Responsables d'agence Comptoir National de l'Or, des analystes financiers qui publient r\u00e9guli\u00e8rement des \u00e9tudes sur les politiques des banques centrales, le cours de l'or, prix de l'or, cours de l'argent, prix de l'argent, cours du platine, cours du palladium,... la situation en zone euro et l'impact de la strat\u00e9gie mon\u00e9taire de la FED. Notre \u00e9quipe scrute \u00e9galement une information plus g\u00e9n\u00e9raliste \u00e0 la recherche d'actualit\u00e9 \"p\u00e9pite\" \u00e0 vous partager. Depuis 5 ans, nous avons publi\u00e9 un peu plus de 4000 articles qui s'adressent \u00e0 un public large et vari\u00e9 ayant pour objectif de satisfaire votre curiosit\u00e9 et de partager avec vous une certaine fascination pour le m\u00e9tal jaune, le rachat d'or, et pour ceux qui veulent investir dans l'or, vendre leur or tout simplement en savoir plus... Pour tous vos achat or et argent, n'h\u00e9sitez pas \u00e0 prendre rendez-vous dans l'un de nos nombreux comptoirs.","sameAs":["https:\/\/www.gold.fr"]}]}},"authors":[{"term_id":2565,"user_id":18,"is_guest":0,"slug":"julie","display_name":"Comptoir National de l'Or","avatar_url":"https:\/\/secure.gravatar.com\/avatar\/713f289e398d35ead876c4a4cc08607f0d6d266058cfc25683fffb6092d0e572?s=96&d=mm&r=g","0":null,"1":"","2":"","3":"","4":"","5":"","6":"","7":"","8":""}],"_links":{"self":[{"href":"https:\/\/www.gold.fr\/news\/wp-json\/wp\/v2\/posts\/18617","targetHints":{"allow":["GET"]}}],"collection":[{"href":"https:\/\/www.gold.fr\/news\/wp-json\/wp\/v2\/posts"}],"about":[{"href":"https:\/\/www.gold.fr\/news\/wp-json\/wp\/v2\/types\/post"}],"author":[{"embeddable":true,"href":"https:\/\/www.gold.fr\/news\/wp-json\/wp\/v2\/users\/18"}],"replies":[{"embeddable":true,"href":"https:\/\/www.gold.fr\/news\/wp-json\/wp\/v2\/comments?post=18617"}],"version-history":[{"count":0,"href":"https:\/\/www.gold.fr\/news\/wp-json\/wp\/v2\/posts\/18617\/revisions"}],"wp:featuredmedia":[{"embeddable":true,"href":"https:\/\/www.gold.fr\/news\/wp-json\/wp\/v2\/media\/7585"}],"wp:attachment":[{"href":"https:\/\/www.gold.fr\/news\/wp-json\/wp\/v2\/media?parent=18617"}],"wp:term":[{"taxonomy":"category","embeddable":true,"href":"https:\/\/www.gold.fr\/news\/wp-json\/wp\/v2\/categories?post=18617"},{"taxonomy":"post_tag","embeddable":true,"href":"https:\/\/www.gold.fr\/news\/wp-json\/wp\/v2\/tags?post=18617"},{"taxonomy":"author","embeddable":true,"href":"https:\/\/www.gold.fr\/news\/wp-json\/wp\/v2\/ppma_author?post=18617"}],"curies":[{"name":"wp","href":"https:\/\/api.w.org\/{rel}","templated":true}]}}