{"id":18607,"date":"2016-01-06T17:00:36","date_gmt":"2016-01-06T16:00:36","guid":{"rendered":"https:\/\/www.gold.fr\/news\/?p=18607"},"modified":"2018-02-05T14:46:38","modified_gmt":"2018-02-05T13:46:38","slug":"lor-maintient-sa-tendance-haussiere-2","status":"publish","type":"post","link":"https:\/\/www.gold.fr\/news\/2016\/01\/06\/lor-maintient-sa-tendance-haussiere-2\/","title":{"rendered":"L\u2019or maintient sa tendance haussi\u00e8re"},"content":{"rendered":"<p><span style=\"font-size: small;\"><img loading=\"lazy\" decoding=\"async\" class=\"alignleft wp-image-2925 size-thumbnail\" title=\"L\u2019or maintient sa tendance haussi\u00e8re\" src=\"https:\/\/www.gold.fr\/news\/wp-content\/uploads\/2011\/10\/974582111-150x150.jpg\" alt=\"L\u2019or maintient sa tendance haussi\u00e8re\" width=\"150\" height=\"150\" \/>Dans un contexte \u00e9conomique mondial largement domin\u00e9 par les inqui\u00e9tudes relatives \u00e0 un retour de la crise chinoise majeure, le march\u00e9 aurif\u00e8re demeure l&rsquo;un des rares \u00e0, non seulement r\u00e9sister \u00e0 la pression baissi\u00e8re de ces angoisses grandissantes, mais en plus r\u00e9ussir \u00e0 enregistrer un plus haut mensuel en monnaie unique.<\/span><\/p>\n<h2>L&rsquo;<a class=\"esk-seo-plu-link\" href=\"https:\/\/www.gold.fr\/news\/tags\/or\">or<\/a> est-il encore une <a class=\"esk-seo-plu-link\" href=\"https:\/\/www.gold.fr\/news\/tags\/investissement\">valeur refuge<\/a> ?<\/h2>\n<p><span style=\"font-size: small;\">Il faut en effet remonter jusqu&rsquo;au <strong>7 d\u00e9cembre 2015<\/strong> pour retrouver le cours de l&rsquo;once au-del\u00e0 du palier symbolique des <strong>1.000 <a class=\"esk-seo-plu-link\" href=\"https:\/\/www.gold.fr\/news\/tags\/investissement\">euros<\/a><\/strong>. Du coup, les sp\u00e9culations repartent \u00e9galement de plus belle pour expliquer ce retour vers la hausse dans une conjoncture mondiale qui impose une importante pression baissi\u00e8re \u00e0 l&rsquo;ensemble des march\u00e9s boursiers.<\/span> <span style=\"font-size: small;\">Les observateurs \u00e9voquent, sans grande conviction, le facteur du march\u00e9 p\u00e9trolier et le r\u00f4le qu&rsquo;il joue dans le boost de la <a class=\"esk-seo-plu-link\" href=\"https:\/\/www.gold.fr\/news\/tags\/investissement\">valeur refuge<\/a>, au c\u0153ur m\u00eame d&rsquo;une conjoncture g\u00e9opolitique particuli\u00e8rement tendue. Il faut effectivement rappeler que, \u00ab <em>dans un Moyen-Orient ravag\u00e9 par les conflits, de la Syrie aux diff\u00e9rentes r\u00e9gions peupl\u00e9es de Kurdes en passant par le Y\u00e9men et la Libye, la tension a encore mont\u00e9 d&rsquo;un cran<\/em> \u00bb, et ce, suite notamment \u00e0 l&rsquo;ex\u00e9cution d&rsquo;un \u00ab<em> dignitaire chiite par l&rsquo;Arabie saoudite, o\u00f9 la religion d&rsquo;Etat est l&rsquo;islam sunnite d&rsquo;ob\u00e9dience wahhabite<\/em> \u00bb, poussant l&rsquo;Iran, th\u00e9ocratie chiite, \u00e0 protester.<\/span> <span style=\"font-size: small;\">Une protestation manifestement non-pacifique dans la mesure o\u00f9 des activistes ont aussit\u00f4t entrepris d&rsquo;incendier l&rsquo;ambassade saoudienne \u00e0 T\u00e9h\u00e9ran, en plus de plusieurs postes consulaires saoudiens.<\/span><\/p>\n<p>Voir l&rsquo;article sur <a href=\"https:\/\/www.gold.fr\/news\/2016\/01\/11\/lonce-confirme-ses-positions-haussieres\/\" target=\"_blank\" rel=\"noopener\">la confirmation de la valeur refuge de l&rsquo;or<\/a><\/p>\n<!-- AddThis Advanced Settings generic via filter on the_content --><!-- AddThis Share Buttons generic via filter on the_content -->","protected":false},"excerpt":{"rendered":"<p>Dans un contexte \u00e9conomique mondial largement domin\u00e9 par les inqui\u00e9tudes relatives \u00e0 un retour de la crise chinoise majeure, le march\u00e9 aurif\u00e8re demeure l&rsquo;un des rares \u00e0, non seulement r\u00e9sister \u00e0 la pression baissi\u00e8re de ces [&hellip;]<\/p>\n","protected":false},"author":18,"featured_media":2925,"comment_status":"open","ping_status":"open","sticky":false,"template":"","format":"standard","meta":{"_mbp_gutenberg_autopost":false,"_pgmb_is_evergreen":false,"_pgmb_ap_template_id":0,"footnotes":""},"categories":[6],"tags":[923,1000,1747,76],"ppma_author":[2565],"class_list":["post-18607","post","type-post","status-publish","format-standard","has-post-thumbnail","hentry","category-articles-de-presse","tag-crise","tag-economie","tag-hausse","tag-or"],"yoast_head":"<!-- This site is optimized with the Yoast SEO plugin v27.5 - https:\/\/yoast.com\/product\/yoast-seo-wordpress\/ -->\n<title>L\u2019or maintient sa tendance haussi\u00e8re - Gold.fr<\/title>\n<meta name=\"robots\" content=\"index, follow, max-snippet:-1, max-image-preview:large, max-video-preview:-1\" \/>\n<link rel=\"canonical\" href=\"https:\/\/www.gold.fr\/news\/2016\/01\/06\/lor-maintient-sa-tendance-haussiere-2\/\" \/>\n<meta property=\"og:locale\" content=\"fr_FR\" \/>\n<meta property=\"og:type\" content=\"article\" \/>\n<meta property=\"og:title\" content=\"L\u2019or maintient sa tendance haussi\u00e8re - Gold.fr\" \/>\n<meta property=\"og:description\" content=\"Dans un contexte \u00e9conomique mondial largement domin\u00e9 par les inqui\u00e9tudes relatives \u00e0 un retour de la crise chinoise majeure, le march\u00e9 aurif\u00e8re demeure l&rsquo;un des rares \u00e0, non seulement r\u00e9sister \u00e0 la pression baissi\u00e8re de ces [&hellip;]\" \/>\n<meta property=\"og:url\" content=\"https:\/\/www.gold.fr\/news\/2016\/01\/06\/lor-maintient-sa-tendance-haussiere-2\/\" \/>\n<meta property=\"og:site_name\" content=\"Gold.fr\" \/>\n<meta property=\"article:publisher\" content=\"https:\/\/www.facebook.com\/Goldfr\/\" \/>\n<meta property=\"article:published_time\" content=\"2016-01-06T16:00:36+00:00\" \/>\n<meta property=\"article:modified_time\" content=\"2018-02-05T13:46:38+00:00\" \/>\n<meta property=\"og:image\" content=\"https:\/\/www.gold.fr\/news\/wp-content\/uploads\/2011\/10\/974582111.jpg\" \/>\n\t<meta property=\"og:image:width\" content=\"600\" \/>\n\t<meta property=\"og:image:height\" content=\"407\" \/>\n\t<meta property=\"og:image:type\" content=\"image\/jpeg\" \/>\n<meta name=\"author\" content=\"Comptoir National de l&#039;Or\" \/>\n<meta name=\"twitter:card\" content=\"summary_large_image\" \/>\n<meta name=\"twitter:label1\" content=\"\u00c9crit par\" \/>\n\t<meta name=\"twitter:data1\" content=\"Comptoir National de l&#039;Or\" \/>\n\t<meta name=\"twitter:label2\" content=\"Dur\u00e9e de lecture estim\u00e9e\" \/>\n\t<meta name=\"twitter:data2\" content=\"1 minute\" \/>\n<script type=\"application\/ld+json\" class=\"yoast-schema-graph\">{\"@context\":\"https:\\\/\\\/schema.org\",\"@graph\":[{\"@type\":\"Article\",\"@id\":\"https:\\\/\\\/www.gold.fr\\\/news\\\/2016\\\/01\\\/06\\\/lor-maintient-sa-tendance-haussiere-2\\\/#article\",\"isPartOf\":{\"@id\":\"https:\\\/\\\/www.gold.fr\\\/news\\\/2016\\\/01\\\/06\\\/lor-maintient-sa-tendance-haussiere-2\\\/\"},\"author\":{\"name\":\"Comptoir National de l'Or\",\"@id\":\"https:\\\/\\\/www.gold.fr\\\/news\\\/#\\\/schema\\\/person\\\/070491b4b4fb7671bf59b3be20302ce9\"},\"headline\":\"L\u2019or maintient sa tendance haussi\u00e8re\",\"datePublished\":\"2016-01-06T16:00:36+00:00\",\"dateModified\":\"2018-02-05T13:46:38+00:00\",\"mainEntityOfPage\":{\"@id\":\"https:\\\/\\\/www.gold.fr\\\/news\\\/2016\\\/01\\\/06\\\/lor-maintient-sa-tendance-haussiere-2\\\/\"},\"wordCount\":280,\"commentCount\":0,\"image\":{\"@id\":\"https:\\\/\\\/www.gold.fr\\\/news\\\/2016\\\/01\\\/06\\\/lor-maintient-sa-tendance-haussiere-2\\\/#primaryimage\"},\"thumbnailUrl\":\"https:\\\/\\\/www.gold.fr\\\/news\\\/wp-content\\\/uploads\\\/2011\\\/10\\\/974582111.jpg\",\"keywords\":[\"crise\",\"\u00e9conomie\",\"hausse\",\"Or\"],\"articleSection\":[\"Articles de presse\"],\"inLanguage\":\"fr-FR\"},{\"@type\":\"WebPage\",\"@id\":\"https:\\\/\\\/www.gold.fr\\\/news\\\/2016\\\/01\\\/06\\\/lor-maintient-sa-tendance-haussiere-2\\\/\",\"url\":\"https:\\\/\\\/www.gold.fr\\\/news\\\/2016\\\/01\\\/06\\\/lor-maintient-sa-tendance-haussiere-2\\\/\",\"name\":\"L\u2019or maintient sa tendance haussi\u00e8re - Gold.fr\",\"isPartOf\":{\"@id\":\"https:\\\/\\\/www.gold.fr\\\/news\\\/#website\"},\"primaryImageOfPage\":{\"@id\":\"https:\\\/\\\/www.gold.fr\\\/news\\\/2016\\\/01\\\/06\\\/lor-maintient-sa-tendance-haussiere-2\\\/#primaryimage\"},\"image\":{\"@id\":\"https:\\\/\\\/www.gold.fr\\\/news\\\/2016\\\/01\\\/06\\\/lor-maintient-sa-tendance-haussiere-2\\\/#primaryimage\"},\"thumbnailUrl\":\"https:\\\/\\\/www.gold.fr\\\/news\\\/wp-content\\\/uploads\\\/2011\\\/10\\\/974582111.jpg\",\"datePublished\":\"2016-01-06T16:00:36+00:00\",\"dateModified\":\"2018-02-05T13:46:38+00:00\",\"author\":{\"@id\":\"https:\\\/\\\/www.gold.fr\\\/news\\\/#\\\/schema\\\/person\\\/070491b4b4fb7671bf59b3be20302ce9\"},\"breadcrumb\":{\"@id\":\"https:\\\/\\\/www.gold.fr\\\/news\\\/2016\\\/01\\\/06\\\/lor-maintient-sa-tendance-haussiere-2\\\/#breadcrumb\"},\"inLanguage\":\"fr-FR\",\"potentialAction\":[{\"@type\":\"ReadAction\",\"target\":[\"https:\\\/\\\/www.gold.fr\\\/news\\\/2016\\\/01\\\/06\\\/lor-maintient-sa-tendance-haussiere-2\\\/\"]}]},{\"@type\":\"ImageObject\",\"inLanguage\":\"fr-FR\",\"@id\":\"https:\\\/\\\/www.gold.fr\\\/news\\\/2016\\\/01\\\/06\\\/lor-maintient-sa-tendance-haussiere-2\\\/#primaryimage\",\"url\":\"https:\\\/\\\/www.gold.fr\\\/news\\\/wp-content\\\/uploads\\\/2011\\\/10\\\/974582111.jpg\",\"contentUrl\":\"https:\\\/\\\/www.gold.fr\\\/news\\\/wp-content\\\/uploads\\\/2011\\\/10\\\/974582111.jpg\",\"width\":\"600\",\"height\":\"407\",\"caption\":\"March\u00e9 de l\u2019or : Une hausse semestrielle de 30%\"},{\"@type\":\"BreadcrumbList\",\"@id\":\"https:\\\/\\\/www.gold.fr\\\/news\\\/2016\\\/01\\\/06\\\/lor-maintient-sa-tendance-haussiere-2\\\/#breadcrumb\",\"itemListElement\":[{\"@type\":\"ListItem\",\"position\":1,\"name\":\"Accueil\",\"item\":\"https:\\\/\\\/www.gold.fr\\\/\"},{\"@type\":\"ListItem\",\"position\":2,\"name\":\"Actualit\u00e9s\",\"item\":\"https:\\\/\\\/www.gold.fr\\\/news\\\/\"},{\"@type\":\"ListItem\",\"position\":3,\"name\":\"L\u2019or maintient sa tendance haussi\u00e8re\"}]},{\"@type\":\"WebSite\",\"@id\":\"https:\\\/\\\/www.gold.fr\\\/news\\\/#website\",\"url\":\"https:\\\/\\\/www.gold.fr\\\/news\\\/\",\"name\":\"Gold.fr\",\"description\":\"Actualit\u00e9s de l&#039;Or et des m\u00e9taux pr\u00e9cieux\",\"potentialAction\":[{\"@type\":\"SearchAction\",\"target\":{\"@type\":\"EntryPoint\",\"urlTemplate\":\"https:\\\/\\\/www.gold.fr\\\/news\\\/?s={search_term_string}\"},\"query-input\":{\"@type\":\"PropertyValueSpecification\",\"valueRequired\":true,\"valueName\":\"search_term_string\"}}],\"inLanguage\":\"fr-FR\"},{\"@type\":\"Person\",\"@id\":\"https:\\\/\\\/www.gold.fr\\\/news\\\/#\\\/schema\\\/person\\\/070491b4b4fb7671bf59b3be20302ce9\",\"name\":\"Comptoir National de l'Or\",\"image\":{\"@type\":\"ImageObject\",\"inLanguage\":\"fr-FR\",\"@id\":\"https:\\\/\\\/secure.gravatar.com\\\/avatar\\\/0a2867fd5abe37bed95d5a65e9d58f01756e11efc68af9888dfc50cfa7f65948?s=96&d=mm&r=gb490554db0a38188709de567aa58480d\",\"url\":\"https:\\\/\\\/secure.gravatar.com\\\/avatar\\\/0a2867fd5abe37bed95d5a65e9d58f01756e11efc68af9888dfc50cfa7f65948?s=96&d=mm&r=g\",\"contentUrl\":\"https:\\\/\\\/secure.gravatar.com\\\/avatar\\\/0a2867fd5abe37bed95d5a65e9d58f01756e11efc68af9888dfc50cfa7f65948?s=96&d=mm&r=g\",\"caption\":\"Comptoir National de l'Or\"},\"description\":\"Notre r\u00e9daction est constitu\u00e9e de membres experts dans les m\u00e9tiers de l'\u00e9conomie et la gestion, des Responsables d'agence Comptoir National de l'Or, des analystes financiers qui publient r\u00e9guli\u00e8rement des \u00e9tudes sur les politiques des banques centrales, le cours de l'or, prix de l'or, cours de l'argent, prix de l'argent, cours du platine, cours du palladium,... la situation en zone euro et l'impact de la strat\u00e9gie mon\u00e9taire de la FED. Notre \u00e9quipe scrute \u00e9galement une information plus g\u00e9n\u00e9raliste \u00e0 la recherche d'actualit\u00e9 \\\"p\u00e9pite\\\" \u00e0 vous partager. Depuis 5 ans, nous avons publi\u00e9 un peu plus de 4000 articles qui s'adressent \u00e0 un public large et vari\u00e9 ayant pour objectif de satisfaire votre curiosit\u00e9 et de partager avec vous une certaine fascination pour le m\u00e9tal jaune, le rachat d'or, et pour ceux qui veulent investir dans l'or, vendre leur or tout simplement en savoir plus... Pour tous vos achat or et argent, n'h\u00e9sitez pas \u00e0 prendre rendez-vous dans l'un de nos nombreux comptoirs.\",\"sameAs\":[\"https:\\\/\\\/www.gold.fr\"]}]}<\/script>\n<!-- \/ Yoast SEO plugin. -->","yoast_head_json":{"title":"L\u2019or maintient sa tendance haussi\u00e8re - Gold.fr","robots":{"index":"index","follow":"follow","max-snippet":"max-snippet:-1","max-image-preview":"max-image-preview:large","max-video-preview":"max-video-preview:-1"},"canonical":"https:\/\/www.gold.fr\/news\/2016\/01\/06\/lor-maintient-sa-tendance-haussiere-2\/","og_locale":"fr_FR","og_type":"article","og_title":"L\u2019or maintient sa tendance haussi\u00e8re - Gold.fr","og_description":"Dans un contexte \u00e9conomique mondial largement domin\u00e9 par les inqui\u00e9tudes relatives \u00e0 un retour de la crise chinoise majeure, le march\u00e9 aurif\u00e8re demeure l&rsquo;un des rares \u00e0, non seulement r\u00e9sister \u00e0 la pression baissi\u00e8re de ces [&hellip;]","og_url":"https:\/\/www.gold.fr\/news\/2016\/01\/06\/lor-maintient-sa-tendance-haussiere-2\/","og_site_name":"Gold.fr","article_publisher":"https:\/\/www.facebook.com\/Goldfr\/","article_published_time":"2016-01-06T16:00:36+00:00","article_modified_time":"2018-02-05T13:46:38+00:00","og_image":[{"width":600,"height":407,"url":"https:\/\/www.gold.fr\/news\/wp-content\/uploads\/2011\/10\/974582111.jpg","type":"image\/jpeg"}],"author":"Comptoir National de l'Or","twitter_card":"summary_large_image","twitter_misc":{"\u00c9crit par":"Comptoir National de l'Or","Dur\u00e9e de lecture estim\u00e9e":"1 minute"},"schema":{"@context":"https:\/\/schema.org","@graph":[{"@type":"Article","@id":"https:\/\/www.gold.fr\/news\/2016\/01\/06\/lor-maintient-sa-tendance-haussiere-2\/#article","isPartOf":{"@id":"https:\/\/www.gold.fr\/news\/2016\/01\/06\/lor-maintient-sa-tendance-haussiere-2\/"},"author":{"name":"Comptoir National de l'Or","@id":"https:\/\/www.gold.fr\/news\/#\/schema\/person\/070491b4b4fb7671bf59b3be20302ce9"},"headline":"L\u2019or maintient sa tendance haussi\u00e8re","datePublished":"2016-01-06T16:00:36+00:00","dateModified":"2018-02-05T13:46:38+00:00","mainEntityOfPage":{"@id":"https:\/\/www.gold.fr\/news\/2016\/01\/06\/lor-maintient-sa-tendance-haussiere-2\/"},"wordCount":280,"commentCount":0,"image":{"@id":"https:\/\/www.gold.fr\/news\/2016\/01\/06\/lor-maintient-sa-tendance-haussiere-2\/#primaryimage"},"thumbnailUrl":"https:\/\/www.gold.fr\/news\/wp-content\/uploads\/2011\/10\/974582111.jpg","keywords":["crise","\u00e9conomie","hausse","Or"],"articleSection":["Articles de presse"],"inLanguage":"fr-FR"},{"@type":"WebPage","@id":"https:\/\/www.gold.fr\/news\/2016\/01\/06\/lor-maintient-sa-tendance-haussiere-2\/","url":"https:\/\/www.gold.fr\/news\/2016\/01\/06\/lor-maintient-sa-tendance-haussiere-2\/","name":"L\u2019or maintient sa tendance haussi\u00e8re - Gold.fr","isPartOf":{"@id":"https:\/\/www.gold.fr\/news\/#website"},"primaryImageOfPage":{"@id":"https:\/\/www.gold.fr\/news\/2016\/01\/06\/lor-maintient-sa-tendance-haussiere-2\/#primaryimage"},"image":{"@id":"https:\/\/www.gold.fr\/news\/2016\/01\/06\/lor-maintient-sa-tendance-haussiere-2\/#primaryimage"},"thumbnailUrl":"https:\/\/www.gold.fr\/news\/wp-content\/uploads\/2011\/10\/974582111.jpg","datePublished":"2016-01-06T16:00:36+00:00","dateModified":"2018-02-05T13:46:38+00:00","author":{"@id":"https:\/\/www.gold.fr\/news\/#\/schema\/person\/070491b4b4fb7671bf59b3be20302ce9"},"breadcrumb":{"@id":"https:\/\/www.gold.fr\/news\/2016\/01\/06\/lor-maintient-sa-tendance-haussiere-2\/#breadcrumb"},"inLanguage":"fr-FR","potentialAction":[{"@type":"ReadAction","target":["https:\/\/www.gold.fr\/news\/2016\/01\/06\/lor-maintient-sa-tendance-haussiere-2\/"]}]},{"@type":"ImageObject","inLanguage":"fr-FR","@id":"https:\/\/www.gold.fr\/news\/2016\/01\/06\/lor-maintient-sa-tendance-haussiere-2\/#primaryimage","url":"https:\/\/www.gold.fr\/news\/wp-content\/uploads\/2011\/10\/974582111.jpg","contentUrl":"https:\/\/www.gold.fr\/news\/wp-content\/uploads\/2011\/10\/974582111.jpg","width":"600","height":"407","caption":"March\u00e9 de l\u2019or : Une hausse semestrielle de 30%"},{"@type":"BreadcrumbList","@id":"https:\/\/www.gold.fr\/news\/2016\/01\/06\/lor-maintient-sa-tendance-haussiere-2\/#breadcrumb","itemListElement":[{"@type":"ListItem","position":1,"name":"Accueil","item":"https:\/\/www.gold.fr\/"},{"@type":"ListItem","position":2,"name":"Actualit\u00e9s","item":"https:\/\/www.gold.fr\/news\/"},{"@type":"ListItem","position":3,"name":"L\u2019or maintient sa tendance haussi\u00e8re"}]},{"@type":"WebSite","@id":"https:\/\/www.gold.fr\/news\/#website","url":"https:\/\/www.gold.fr\/news\/","name":"Gold.fr","description":"Actualit\u00e9s de l&#039;Or et des m\u00e9taux pr\u00e9cieux","potentialAction":[{"@type":"SearchAction","target":{"@type":"EntryPoint","urlTemplate":"https:\/\/www.gold.fr\/news\/?s={search_term_string}"},"query-input":{"@type":"PropertyValueSpecification","valueRequired":true,"valueName":"search_term_string"}}],"inLanguage":"fr-FR"},{"@type":"Person","@id":"https:\/\/www.gold.fr\/news\/#\/schema\/person\/070491b4b4fb7671bf59b3be20302ce9","name":"Comptoir National de l'Or","image":{"@type":"ImageObject","inLanguage":"fr-FR","@id":"https:\/\/secure.gravatar.com\/avatar\/0a2867fd5abe37bed95d5a65e9d58f01756e11efc68af9888dfc50cfa7f65948?s=96&d=mm&r=gb490554db0a38188709de567aa58480d","url":"https:\/\/secure.gravatar.com\/avatar\/0a2867fd5abe37bed95d5a65e9d58f01756e11efc68af9888dfc50cfa7f65948?s=96&d=mm&r=g","contentUrl":"https:\/\/secure.gravatar.com\/avatar\/0a2867fd5abe37bed95d5a65e9d58f01756e11efc68af9888dfc50cfa7f65948?s=96&d=mm&r=g","caption":"Comptoir National de l'Or"},"description":"Notre r\u00e9daction est constitu\u00e9e de membres experts dans les m\u00e9tiers de l'\u00e9conomie et la gestion, des Responsables d'agence Comptoir National de l'Or, des analystes financiers qui publient r\u00e9guli\u00e8rement des \u00e9tudes sur les politiques des banques centrales, le cours de l'or, prix de l'or, cours de l'argent, prix de l'argent, cours du platine, cours du palladium,... la situation en zone euro et l'impact de la strat\u00e9gie mon\u00e9taire de la FED. Notre \u00e9quipe scrute \u00e9galement une information plus g\u00e9n\u00e9raliste \u00e0 la recherche d'actualit\u00e9 \"p\u00e9pite\" \u00e0 vous partager. Depuis 5 ans, nous avons publi\u00e9 un peu plus de 4000 articles qui s'adressent \u00e0 un public large et vari\u00e9 ayant pour objectif de satisfaire votre curiosit\u00e9 et de partager avec vous une certaine fascination pour le m\u00e9tal jaune, le rachat d'or, et pour ceux qui veulent investir dans l'or, vendre leur or tout simplement en savoir plus... Pour tous vos achat or et argent, n'h\u00e9sitez pas \u00e0 prendre rendez-vous dans l'un de nos nombreux comptoirs.","sameAs":["https:\/\/www.gold.fr"]}]}},"authors":[{"term_id":2565,"user_id":18,"is_guest":0,"slug":"julie","display_name":"Comptoir National de l'Or","avatar_url":"https:\/\/secure.gravatar.com\/avatar\/713f289e398d35ead876c4a4cc08607f0d6d266058cfc25683fffb6092d0e572?s=96&d=mm&r=g","0":null,"1":"","2":"","3":"","4":"","5":"","6":"","7":"","8":""}],"_links":{"self":[{"href":"https:\/\/www.gold.fr\/news\/wp-json\/wp\/v2\/posts\/18607","targetHints":{"allow":["GET"]}}],"collection":[{"href":"https:\/\/www.gold.fr\/news\/wp-json\/wp\/v2\/posts"}],"about":[{"href":"https:\/\/www.gold.fr\/news\/wp-json\/wp\/v2\/types\/post"}],"author":[{"embeddable":true,"href":"https:\/\/www.gold.fr\/news\/wp-json\/wp\/v2\/users\/18"}],"replies":[{"embeddable":true,"href":"https:\/\/www.gold.fr\/news\/wp-json\/wp\/v2\/comments?post=18607"}],"version-history":[{"count":0,"href":"https:\/\/www.gold.fr\/news\/wp-json\/wp\/v2\/posts\/18607\/revisions"}],"wp:featuredmedia":[{"embeddable":true,"href":"https:\/\/www.gold.fr\/news\/wp-json\/wp\/v2\/media\/2925"}],"wp:attachment":[{"href":"https:\/\/www.gold.fr\/news\/wp-json\/wp\/v2\/media?parent=18607"}],"wp:term":[{"taxonomy":"category","embeddable":true,"href":"https:\/\/www.gold.fr\/news\/wp-json\/wp\/v2\/categories?post=18607"},{"taxonomy":"post_tag","embeddable":true,"href":"https:\/\/www.gold.fr\/news\/wp-json\/wp\/v2\/tags?post=18607"},{"taxonomy":"author","embeddable":true,"href":"https:\/\/www.gold.fr\/news\/wp-json\/wp\/v2\/ppma_author?post=18607"}],"curies":[{"name":"wp","href":"https:\/\/api.w.org\/{rel}","templated":true}]}}