{"id":18592,"date":"2016-01-05T17:00:42","date_gmt":"2016-01-05T16:00:42","guid":{"rendered":"https:\/\/www.gold.fr\/news\/?p=18592"},"modified":"2018-02-05T13:57:56","modified_gmt":"2018-02-05T12:57:56","slug":"marches-un-demarrage-difficile-de-2016","status":"publish","type":"post","link":"https:\/\/www.gold.fr\/news\/2016\/01\/05\/marches-un-demarrage-difficile-de-2016\/","title":{"rendered":"March\u00e9s : Un d\u00e9marrage difficile de 2016"},"content":{"rendered":"<p><span style=\"font-size: small;\"><img loading=\"lazy\" decoding=\"async\" class=\"alignleft wp-image-7585 size-thumbnail\" title=\"March\u00e9s : Un d\u00e9marrage difficile de 2016 \" src=\"https:\/\/www.gold.fr\/news\/wp-content\/uploads\/2012\/05\/or-monnaie-150x150.jpg\" alt=\"March\u00e9s : Un d\u00e9marrage difficile de 2016\" width=\"150\" height=\"150\" \/>La premi\u00e8re semaine de la nouvelle ann\u00e9e d\u00e9marre sur une note relativement h\u00e9sitante pour l&rsquo;ensemble des march\u00e9s d&rsquo;<a class=\"esk-seo-plu-link\" href=\"https:\/\/www.gold.fr\/news\/tags\/investissement\">investissement<\/a> qui d\u00e9butent la semaine et l&rsquo;ann\u00e9e avec une stagnation g\u00e9n\u00e9ralis\u00e9e, sur fond de nouvelles mesures gouvernementales chinoises impos\u00e9es aux march\u00e9s boursiers.<\/span> <span style=\"font-size: small;\">C&rsquo;est une ann\u00e9e qui d\u00e9bute donc avec un regain consid\u00e9rable d&rsquo;inqui\u00e9tudes concernant la situation \u00e9conomique chinoise, suite \u00e0 la d\u00e9gringolade des march\u00e9s d&rsquo;<a class=\"esk-seo-plu-link\" href=\"https:\/\/www.gold.fr\/news\/tags\/investissement\">actions<\/a> nationaux. Les observateurs rapportaient en effet, ce matin, que \u00ab<em> les cotations du Shanghai Stock Exchange (SSE), du Shenzhen Stock Exchange (SZSE) et des march\u00e9s \u00e0 terme chinois ont \u00e9t\u00e9 interrompues (lundi) suite \u00e0 l&rsquo;activation par les autorit\u00e9s d&rsquo;un m\u00e9canisme in\u00e9dit de coupe-circuit apr\u00e8s une chute de plus de 7% des principaux indices du pays<\/em> \u00bb.<\/span> <span style=\"font-size: small;\">Une foule de mesures qui est donc appliqu\u00e9, avec effet imm\u00e9diat, d\u00e8s aujourd&rsquo;hui. Un dispositif d&rsquo;urgence qui a \u00e9t\u00e9 pr\u00e9cipit\u00e9 par la publication des chiffres d\u00e9cevants relatifs \u00e0 l&rsquo;indice PMI manufacturier Caixin\/Markit (ressorti \u00e0 <strong>48,2<\/strong> contre <strong>48,9<\/strong> pr\u00e9vus), un r\u00e9sultat qui aurait, selon les experts, \u00ab <em>fait mal \u00e0 l&rsquo;app\u00e9tit pour le risque<\/em> \u00bb.<\/span> <span style=\"font-size: small;\">C\u00f4t\u00e9 secteur p\u00e9trolier (\u00e0 peine ressorti de sa propre crise), les march\u00e9s enregistrent un net retour des anciennes tensions, dans la mesure o\u00f9 \u00ab <em>l&rsquo;Arabie saoudite a annonc\u00e9 qu&rsquo;elle avait d\u00e9cid\u00e9 de rompre ses relations diplomatiques avec l&rsquo;Iran<\/em> \u00bb. De quoi relancer le d\u00e9bat, ainsi que les angoisses, autour d&rsquo;un march\u00e9 qui peine depuis des mois \u00e0 trouver r\u00e9solution.<\/span><\/p>\n<!-- AddThis Advanced Settings generic via filter on the_content --><!-- AddThis Share Buttons generic via filter on the_content -->","protected":false},"excerpt":{"rendered":"<p>La premi\u00e8re semaine de la nouvelle ann\u00e9e d\u00e9marre sur une note relativement h\u00e9sitante pour l&rsquo;ensemble des march\u00e9s d&rsquo;investissement qui d\u00e9butent la semaine et l&rsquo;ann\u00e9e avec une stagnation g\u00e9n\u00e9ralis\u00e9e, sur fond de nouvelles mesures gouvernementales chinoises impos\u00e9es [&hellip;]<\/p>\n","protected":false},"author":18,"featured_media":7585,"comment_status":"open","ping_status":"open","sticky":false,"template":"","format":"standard","meta":{"_mbp_gutenberg_autopost":false,"_pgmb_is_evergreen":false,"_pgmb_ap_template_id":0,"footnotes":""},"categories":[6],"tags":[2149,146,342,105,1689],"ppma_author":[2565],"class_list":["post-18592","post","type-post","status-publish","format-standard","has-post-thumbnail","hentry","category-articles-de-presse","tag-2149","tag-chine","tag-iran","tag-marche","tag-pmi"],"yoast_head":"<!-- This site is optimized with the Yoast SEO plugin v27.5 - https:\/\/yoast.com\/product\/yoast-seo-wordpress\/ -->\n<title>March\u00e9s : Un d\u00e9marrage difficile de 2016 - Gold.fr<\/title>\n<meta name=\"robots\" content=\"index, follow, max-snippet:-1, max-image-preview:large, max-video-preview:-1\" \/>\n<link rel=\"canonical\" href=\"https:\/\/www.gold.fr\/news\/2016\/01\/05\/marches-un-demarrage-difficile-de-2016\/\" \/>\n<meta property=\"og:locale\" content=\"fr_FR\" \/>\n<meta property=\"og:type\" content=\"article\" \/>\n<meta property=\"og:title\" content=\"March\u00e9s : Un d\u00e9marrage difficile de 2016 - Gold.fr\" \/>\n<meta property=\"og:description\" content=\"La premi\u00e8re semaine de la nouvelle ann\u00e9e d\u00e9marre sur une note relativement h\u00e9sitante pour l&rsquo;ensemble des march\u00e9s d&rsquo;investissement qui d\u00e9butent la semaine et l&rsquo;ann\u00e9e avec une stagnation g\u00e9n\u00e9ralis\u00e9e, sur fond de nouvelles mesures gouvernementales chinoises impos\u00e9es [&hellip;]\" \/>\n<meta property=\"og:url\" content=\"https:\/\/www.gold.fr\/news\/2016\/01\/05\/marches-un-demarrage-difficile-de-2016\/\" \/>\n<meta property=\"og:site_name\" content=\"Gold.fr\" \/>\n<meta property=\"article:publisher\" content=\"https:\/\/www.facebook.com\/Goldfr\/\" \/>\n<meta property=\"article:published_time\" content=\"2016-01-05T16:00:42+00:00\" \/>\n<meta property=\"article:modified_time\" content=\"2018-02-05T12:57:56+00:00\" \/>\n<meta property=\"og:image\" content=\"https:\/\/www.gold.fr\/news\/wp-content\/uploads\/2012\/05\/or-monnaie.jpg\" \/>\n\t<meta property=\"og:image:width\" content=\"733\" \/>\n\t<meta property=\"og:image:height\" content=\"400\" \/>\n\t<meta property=\"og:image:type\" content=\"image\/jpeg\" \/>\n<meta name=\"author\" content=\"Comptoir National de l&#039;Or\" \/>\n<meta name=\"twitter:card\" content=\"summary_large_image\" \/>\n<meta name=\"twitter:label1\" content=\"\u00c9crit par\" \/>\n\t<meta name=\"twitter:data1\" content=\"Comptoir National de l&#039;Or\" \/>\n\t<meta name=\"twitter:label2\" content=\"Dur\u00e9e de lecture estim\u00e9e\" \/>\n\t<meta name=\"twitter:data2\" content=\"1 minute\" \/>\n<script type=\"application\/ld+json\" class=\"yoast-schema-graph\">{\"@context\":\"https:\\\/\\\/schema.org\",\"@graph\":[{\"@type\":\"Article\",\"@id\":\"https:\\\/\\\/www.gold.fr\\\/news\\\/2016\\\/01\\\/05\\\/marches-un-demarrage-difficile-de-2016\\\/#article\",\"isPartOf\":{\"@id\":\"https:\\\/\\\/www.gold.fr\\\/news\\\/2016\\\/01\\\/05\\\/marches-un-demarrage-difficile-de-2016\\\/\"},\"author\":{\"name\":\"Comptoir National de l'Or\",\"@id\":\"https:\\\/\\\/www.gold.fr\\\/news\\\/#\\\/schema\\\/person\\\/070491b4b4fb7671bf59b3be20302ce9\"},\"headline\":\"March\u00e9s : Un d\u00e9marrage difficile de 2016\",\"datePublished\":\"2016-01-05T16:00:42+00:00\",\"dateModified\":\"2018-02-05T12:57:56+00:00\",\"mainEntityOfPage\":{\"@id\":\"https:\\\/\\\/www.gold.fr\\\/news\\\/2016\\\/01\\\/05\\\/marches-un-demarrage-difficile-de-2016\\\/\"},\"wordCount\":274,\"commentCount\":0,\"image\":{\"@id\":\"https:\\\/\\\/www.gold.fr\\\/news\\\/2016\\\/01\\\/05\\\/marches-un-demarrage-difficile-de-2016\\\/#primaryimage\"},\"thumbnailUrl\":\"https:\\\/\\\/www.gold.fr\\\/news\\\/wp-content\\\/uploads\\\/2012\\\/05\\\/or-monnaie.jpg\",\"keywords\":[\"2016\",\"chine\",\"Iran\",\"march\u00e9\",\"PMI\"],\"articleSection\":[\"Articles de presse\"],\"inLanguage\":\"fr-FR\"},{\"@type\":\"WebPage\",\"@id\":\"https:\\\/\\\/www.gold.fr\\\/news\\\/2016\\\/01\\\/05\\\/marches-un-demarrage-difficile-de-2016\\\/\",\"url\":\"https:\\\/\\\/www.gold.fr\\\/news\\\/2016\\\/01\\\/05\\\/marches-un-demarrage-difficile-de-2016\\\/\",\"name\":\"March\u00e9s : Un d\u00e9marrage difficile de 2016 - Gold.fr\",\"isPartOf\":{\"@id\":\"https:\\\/\\\/www.gold.fr\\\/news\\\/#website\"},\"primaryImageOfPage\":{\"@id\":\"https:\\\/\\\/www.gold.fr\\\/news\\\/2016\\\/01\\\/05\\\/marches-un-demarrage-difficile-de-2016\\\/#primaryimage\"},\"image\":{\"@id\":\"https:\\\/\\\/www.gold.fr\\\/news\\\/2016\\\/01\\\/05\\\/marches-un-demarrage-difficile-de-2016\\\/#primaryimage\"},\"thumbnailUrl\":\"https:\\\/\\\/www.gold.fr\\\/news\\\/wp-content\\\/uploads\\\/2012\\\/05\\\/or-monnaie.jpg\",\"datePublished\":\"2016-01-05T16:00:42+00:00\",\"dateModified\":\"2018-02-05T12:57:56+00:00\",\"author\":{\"@id\":\"https:\\\/\\\/www.gold.fr\\\/news\\\/#\\\/schema\\\/person\\\/070491b4b4fb7671bf59b3be20302ce9\"},\"breadcrumb\":{\"@id\":\"https:\\\/\\\/www.gold.fr\\\/news\\\/2016\\\/01\\\/05\\\/marches-un-demarrage-difficile-de-2016\\\/#breadcrumb\"},\"inLanguage\":\"fr-FR\",\"potentialAction\":[{\"@type\":\"ReadAction\",\"target\":[\"https:\\\/\\\/www.gold.fr\\\/news\\\/2016\\\/01\\\/05\\\/marches-un-demarrage-difficile-de-2016\\\/\"]}]},{\"@type\":\"ImageObject\",\"inLanguage\":\"fr-FR\",\"@id\":\"https:\\\/\\\/www.gold.fr\\\/news\\\/2016\\\/01\\\/05\\\/marches-un-demarrage-difficile-de-2016\\\/#primaryimage\",\"url\":\"https:\\\/\\\/www.gold.fr\\\/news\\\/wp-content\\\/uploads\\\/2012\\\/05\\\/or-monnaie.jpg\",\"contentUrl\":\"https:\\\/\\\/www.gold.fr\\\/news\\\/wp-content\\\/uploads\\\/2012\\\/05\\\/or-monnaie.jpg\",\"width\":\"733\",\"height\":\"400\",\"caption\":\"March\u00e9s : En mode \u2018gestion de secousses\u2019\"},{\"@type\":\"BreadcrumbList\",\"@id\":\"https:\\\/\\\/www.gold.fr\\\/news\\\/2016\\\/01\\\/05\\\/marches-un-demarrage-difficile-de-2016\\\/#breadcrumb\",\"itemListElement\":[{\"@type\":\"ListItem\",\"position\":1,\"name\":\"Accueil\",\"item\":\"https:\\\/\\\/www.gold.fr\\\/\"},{\"@type\":\"ListItem\",\"position\":2,\"name\":\"Actualit\u00e9s\",\"item\":\"https:\\\/\\\/www.gold.fr\\\/news\\\/\"},{\"@type\":\"ListItem\",\"position\":3,\"name\":\"March\u00e9s : Un d\u00e9marrage difficile de 2016\"}]},{\"@type\":\"WebSite\",\"@id\":\"https:\\\/\\\/www.gold.fr\\\/news\\\/#website\",\"url\":\"https:\\\/\\\/www.gold.fr\\\/news\\\/\",\"name\":\"Gold.fr\",\"description\":\"Actualit\u00e9s de l&#039;Or et des m\u00e9taux pr\u00e9cieux\",\"potentialAction\":[{\"@type\":\"SearchAction\",\"target\":{\"@type\":\"EntryPoint\",\"urlTemplate\":\"https:\\\/\\\/www.gold.fr\\\/news\\\/?s={search_term_string}\"},\"query-input\":{\"@type\":\"PropertyValueSpecification\",\"valueRequired\":true,\"valueName\":\"search_term_string\"}}],\"inLanguage\":\"fr-FR\"},{\"@type\":\"Person\",\"@id\":\"https:\\\/\\\/www.gold.fr\\\/news\\\/#\\\/schema\\\/person\\\/070491b4b4fb7671bf59b3be20302ce9\",\"name\":\"Comptoir National de l'Or\",\"image\":{\"@type\":\"ImageObject\",\"inLanguage\":\"fr-FR\",\"@id\":\"https:\\\/\\\/secure.gravatar.com\\\/avatar\\\/0a2867fd5abe37bed95d5a65e9d58f01756e11efc68af9888dfc50cfa7f65948?s=96&d=mm&r=gb490554db0a38188709de567aa58480d\",\"url\":\"https:\\\/\\\/secure.gravatar.com\\\/avatar\\\/0a2867fd5abe37bed95d5a65e9d58f01756e11efc68af9888dfc50cfa7f65948?s=96&d=mm&r=g\",\"contentUrl\":\"https:\\\/\\\/secure.gravatar.com\\\/avatar\\\/0a2867fd5abe37bed95d5a65e9d58f01756e11efc68af9888dfc50cfa7f65948?s=96&d=mm&r=g\",\"caption\":\"Comptoir National de l'Or\"},\"description\":\"Notre r\u00e9daction est constitu\u00e9e de membres experts dans les m\u00e9tiers de l'\u00e9conomie et la gestion, des Responsables d'agence Comptoir National de l'Or, des analystes financiers qui publient r\u00e9guli\u00e8rement des \u00e9tudes sur les politiques des banques centrales, le cours de l'or, prix de l'or, cours de l'argent, prix de l'argent, cours du platine, cours du palladium,... la situation en zone euro et l'impact de la strat\u00e9gie mon\u00e9taire de la FED. Notre \u00e9quipe scrute \u00e9galement une information plus g\u00e9n\u00e9raliste \u00e0 la recherche d'actualit\u00e9 \\\"p\u00e9pite\\\" \u00e0 vous partager. Depuis 5 ans, nous avons publi\u00e9 un peu plus de 4000 articles qui s'adressent \u00e0 un public large et vari\u00e9 ayant pour objectif de satisfaire votre curiosit\u00e9 et de partager avec vous une certaine fascination pour le m\u00e9tal jaune, le rachat d'or, et pour ceux qui veulent investir dans l'or, vendre leur or tout simplement en savoir plus... Pour tous vos achat or et argent, n'h\u00e9sitez pas \u00e0 prendre rendez-vous dans l'un de nos nombreux comptoirs.\",\"sameAs\":[\"https:\\\/\\\/www.gold.fr\"]}]}<\/script>\n<!-- \/ Yoast SEO plugin. -->","yoast_head_json":{"title":"March\u00e9s : Un d\u00e9marrage difficile de 2016 - Gold.fr","robots":{"index":"index","follow":"follow","max-snippet":"max-snippet:-1","max-image-preview":"max-image-preview:large","max-video-preview":"max-video-preview:-1"},"canonical":"https:\/\/www.gold.fr\/news\/2016\/01\/05\/marches-un-demarrage-difficile-de-2016\/","og_locale":"fr_FR","og_type":"article","og_title":"March\u00e9s : Un d\u00e9marrage difficile de 2016 - Gold.fr","og_description":"La premi\u00e8re semaine de la nouvelle ann\u00e9e d\u00e9marre sur une note relativement h\u00e9sitante pour l&rsquo;ensemble des march\u00e9s d&rsquo;investissement qui d\u00e9butent la semaine et l&rsquo;ann\u00e9e avec une stagnation g\u00e9n\u00e9ralis\u00e9e, sur fond de nouvelles mesures gouvernementales chinoises impos\u00e9es [&hellip;]","og_url":"https:\/\/www.gold.fr\/news\/2016\/01\/05\/marches-un-demarrage-difficile-de-2016\/","og_site_name":"Gold.fr","article_publisher":"https:\/\/www.facebook.com\/Goldfr\/","article_published_time":"2016-01-05T16:00:42+00:00","article_modified_time":"2018-02-05T12:57:56+00:00","og_image":[{"width":733,"height":400,"url":"https:\/\/www.gold.fr\/news\/wp-content\/uploads\/2012\/05\/or-monnaie.jpg","type":"image\/jpeg"}],"author":"Comptoir National de l'Or","twitter_card":"summary_large_image","twitter_misc":{"\u00c9crit par":"Comptoir National de l'Or","Dur\u00e9e de lecture estim\u00e9e":"1 minute"},"schema":{"@context":"https:\/\/schema.org","@graph":[{"@type":"Article","@id":"https:\/\/www.gold.fr\/news\/2016\/01\/05\/marches-un-demarrage-difficile-de-2016\/#article","isPartOf":{"@id":"https:\/\/www.gold.fr\/news\/2016\/01\/05\/marches-un-demarrage-difficile-de-2016\/"},"author":{"name":"Comptoir National de l'Or","@id":"https:\/\/www.gold.fr\/news\/#\/schema\/person\/070491b4b4fb7671bf59b3be20302ce9"},"headline":"March\u00e9s : Un d\u00e9marrage difficile de 2016","datePublished":"2016-01-05T16:00:42+00:00","dateModified":"2018-02-05T12:57:56+00:00","mainEntityOfPage":{"@id":"https:\/\/www.gold.fr\/news\/2016\/01\/05\/marches-un-demarrage-difficile-de-2016\/"},"wordCount":274,"commentCount":0,"image":{"@id":"https:\/\/www.gold.fr\/news\/2016\/01\/05\/marches-un-demarrage-difficile-de-2016\/#primaryimage"},"thumbnailUrl":"https:\/\/www.gold.fr\/news\/wp-content\/uploads\/2012\/05\/or-monnaie.jpg","keywords":["2016","chine","Iran","march\u00e9","PMI"],"articleSection":["Articles de presse"],"inLanguage":"fr-FR"},{"@type":"WebPage","@id":"https:\/\/www.gold.fr\/news\/2016\/01\/05\/marches-un-demarrage-difficile-de-2016\/","url":"https:\/\/www.gold.fr\/news\/2016\/01\/05\/marches-un-demarrage-difficile-de-2016\/","name":"March\u00e9s : Un d\u00e9marrage difficile de 2016 - Gold.fr","isPartOf":{"@id":"https:\/\/www.gold.fr\/news\/#website"},"primaryImageOfPage":{"@id":"https:\/\/www.gold.fr\/news\/2016\/01\/05\/marches-un-demarrage-difficile-de-2016\/#primaryimage"},"image":{"@id":"https:\/\/www.gold.fr\/news\/2016\/01\/05\/marches-un-demarrage-difficile-de-2016\/#primaryimage"},"thumbnailUrl":"https:\/\/www.gold.fr\/news\/wp-content\/uploads\/2012\/05\/or-monnaie.jpg","datePublished":"2016-01-05T16:00:42+00:00","dateModified":"2018-02-05T12:57:56+00:00","author":{"@id":"https:\/\/www.gold.fr\/news\/#\/schema\/person\/070491b4b4fb7671bf59b3be20302ce9"},"breadcrumb":{"@id":"https:\/\/www.gold.fr\/news\/2016\/01\/05\/marches-un-demarrage-difficile-de-2016\/#breadcrumb"},"inLanguage":"fr-FR","potentialAction":[{"@type":"ReadAction","target":["https:\/\/www.gold.fr\/news\/2016\/01\/05\/marches-un-demarrage-difficile-de-2016\/"]}]},{"@type":"ImageObject","inLanguage":"fr-FR","@id":"https:\/\/www.gold.fr\/news\/2016\/01\/05\/marches-un-demarrage-difficile-de-2016\/#primaryimage","url":"https:\/\/www.gold.fr\/news\/wp-content\/uploads\/2012\/05\/or-monnaie.jpg","contentUrl":"https:\/\/www.gold.fr\/news\/wp-content\/uploads\/2012\/05\/or-monnaie.jpg","width":"733","height":"400","caption":"March\u00e9s : En mode \u2018gestion de secousses\u2019"},{"@type":"BreadcrumbList","@id":"https:\/\/www.gold.fr\/news\/2016\/01\/05\/marches-un-demarrage-difficile-de-2016\/#breadcrumb","itemListElement":[{"@type":"ListItem","position":1,"name":"Accueil","item":"https:\/\/www.gold.fr\/"},{"@type":"ListItem","position":2,"name":"Actualit\u00e9s","item":"https:\/\/www.gold.fr\/news\/"},{"@type":"ListItem","position":3,"name":"March\u00e9s : Un d\u00e9marrage difficile de 2016"}]},{"@type":"WebSite","@id":"https:\/\/www.gold.fr\/news\/#website","url":"https:\/\/www.gold.fr\/news\/","name":"Gold.fr","description":"Actualit\u00e9s de l&#039;Or et des m\u00e9taux pr\u00e9cieux","potentialAction":[{"@type":"SearchAction","target":{"@type":"EntryPoint","urlTemplate":"https:\/\/www.gold.fr\/news\/?s={search_term_string}"},"query-input":{"@type":"PropertyValueSpecification","valueRequired":true,"valueName":"search_term_string"}}],"inLanguage":"fr-FR"},{"@type":"Person","@id":"https:\/\/www.gold.fr\/news\/#\/schema\/person\/070491b4b4fb7671bf59b3be20302ce9","name":"Comptoir National de l'Or","image":{"@type":"ImageObject","inLanguage":"fr-FR","@id":"https:\/\/secure.gravatar.com\/avatar\/0a2867fd5abe37bed95d5a65e9d58f01756e11efc68af9888dfc50cfa7f65948?s=96&d=mm&r=gb490554db0a38188709de567aa58480d","url":"https:\/\/secure.gravatar.com\/avatar\/0a2867fd5abe37bed95d5a65e9d58f01756e11efc68af9888dfc50cfa7f65948?s=96&d=mm&r=g","contentUrl":"https:\/\/secure.gravatar.com\/avatar\/0a2867fd5abe37bed95d5a65e9d58f01756e11efc68af9888dfc50cfa7f65948?s=96&d=mm&r=g","caption":"Comptoir National de l'Or"},"description":"Notre r\u00e9daction est constitu\u00e9e de membres experts dans les m\u00e9tiers de l'\u00e9conomie et la gestion, des Responsables d'agence Comptoir National de l'Or, des analystes financiers qui publient r\u00e9guli\u00e8rement des \u00e9tudes sur les politiques des banques centrales, le cours de l'or, prix de l'or, cours de l'argent, prix de l'argent, cours du platine, cours du palladium,... la situation en zone euro et l'impact de la strat\u00e9gie mon\u00e9taire de la FED. Notre \u00e9quipe scrute \u00e9galement une information plus g\u00e9n\u00e9raliste \u00e0 la recherche d'actualit\u00e9 \"p\u00e9pite\" \u00e0 vous partager. Depuis 5 ans, nous avons publi\u00e9 un peu plus de 4000 articles qui s'adressent \u00e0 un public large et vari\u00e9 ayant pour objectif de satisfaire votre curiosit\u00e9 et de partager avec vous une certaine fascination pour le m\u00e9tal jaune, le rachat d'or, et pour ceux qui veulent investir dans l'or, vendre leur or tout simplement en savoir plus... Pour tous vos achat or et argent, n'h\u00e9sitez pas \u00e0 prendre rendez-vous dans l'un de nos nombreux comptoirs.","sameAs":["https:\/\/www.gold.fr"]}]}},"authors":[{"term_id":2565,"user_id":18,"is_guest":0,"slug":"julie","display_name":"Comptoir National de l'Or","avatar_url":"https:\/\/secure.gravatar.com\/avatar\/713f289e398d35ead876c4a4cc08607f0d6d266058cfc25683fffb6092d0e572?s=96&d=mm&r=g","0":null,"1":"","2":"","3":"","4":"","5":"","6":"","7":"","8":""}],"_links":{"self":[{"href":"https:\/\/www.gold.fr\/news\/wp-json\/wp\/v2\/posts\/18592","targetHints":{"allow":["GET"]}}],"collection":[{"href":"https:\/\/www.gold.fr\/news\/wp-json\/wp\/v2\/posts"}],"about":[{"href":"https:\/\/www.gold.fr\/news\/wp-json\/wp\/v2\/types\/post"}],"author":[{"embeddable":true,"href":"https:\/\/www.gold.fr\/news\/wp-json\/wp\/v2\/users\/18"}],"replies":[{"embeddable":true,"href":"https:\/\/www.gold.fr\/news\/wp-json\/wp\/v2\/comments?post=18592"}],"version-history":[{"count":0,"href":"https:\/\/www.gold.fr\/news\/wp-json\/wp\/v2\/posts\/18592\/revisions"}],"wp:featuredmedia":[{"embeddable":true,"href":"https:\/\/www.gold.fr\/news\/wp-json\/wp\/v2\/media\/7585"}],"wp:attachment":[{"href":"https:\/\/www.gold.fr\/news\/wp-json\/wp\/v2\/media?parent=18592"}],"wp:term":[{"taxonomy":"category","embeddable":true,"href":"https:\/\/www.gold.fr\/news\/wp-json\/wp\/v2\/categories?post=18592"},{"taxonomy":"post_tag","embeddable":true,"href":"https:\/\/www.gold.fr\/news\/wp-json\/wp\/v2\/tags?post=18592"},{"taxonomy":"author","embeddable":true,"href":"https:\/\/www.gold.fr\/news\/wp-json\/wp\/v2\/ppma_author?post=18592"}],"curies":[{"name":"wp","href":"https:\/\/api.w.org\/{rel}","templated":true}]}}