{"id":1859,"date":"2011-07-22T09:04:16","date_gmt":"2011-07-22T07:04:16","guid":{"rendered":"https:\/\/www.gold.fr\/informations-sur-l-or\/flash-infos\/cours-de-lor-vendredi-22-juillet"},"modified":"2021-01-14T14:21:32","modified_gmt":"2021-01-14T13:21:32","slug":"cours-de-lor-vendredi-22-juillet","status":"publish","type":"post","link":"https:\/\/www.gold.fr\/news\/2011\/07\/22\/cours-de-lor-vendredi-22-juillet\/","title":{"rendered":"Cours de l&rsquo;Or: Vendredi 22 Juillet"},"content":{"rendered":"<p style=\"text-align: justify;\">Depuis le d\u00e9but de la semaine, l'<a class=\"esk-seo-plu-link\" href=\"https:\/\/www.gold.fr\/news\/tags\/or\">or<\/a> gravite autour du cours symbolique des 1600$ et <strong>oscille actuellement entre 1580$ et 1610$ l'once (1587$ ce matin)<\/strong>. Ce cours attendus \u00e0 l'origine pour 2012, est la cons\u00e9quence directe de l'inqui\u00e9tude des march\u00e9s face aux dettes europ\u00e9ennes et am\u00e9ricaine.<\/p>\r\n<p style=\"text-align: justify;\">D'apr\u00e8s les sp\u00e9cialistes de la banque Pictet &amp; Cie affirment : \u201c<em><strong>les tensions sont extr\u00eames \u00e0 court terme, m\u00eame s'il est clair qu'une solution finale ne sera trouv\u00e9e qu'\u00e0 long terme et que seul un retour \u00e0 une croissance forte apportera de l'oxyg\u00e8ne.<\/strong><\/em>\u201d Les march\u00e9s n'ont donc pas fini de trembler aux rythmes des annonces sur les dettes grecques, am\u00e9ricaine, italienne, malgr\u00e9 un sentiment plus optimistes dans les journ\u00e9es de Mardi et Mercredi.<\/p>\r\n<p style=\"text-align: justify;\">D'autres part l'augmentation par la banque centrale russe des ses avoirs en <a class=\"esk-seo-plu-link\" href=\"https:\/\/www.gold.fr\/news\/tags\/or\">or<\/a> (6,2 tonnes) apr\u00e8s plusieurs d\u00e9cennies de d\u00e9caissements.<\/p>\r\n<p style=\"text-align: justify;\">Le <strong>gramme d'<a class=\"esk-seo-plu-link\" href=\"https:\/\/www.gold.fr\/news\/tags\/or\">or<\/a><\/strong> est repass\u00e9 en <strong>dessous de la barre des 36 euros<\/strong>, compte tenu d'une part de la baisse du cours de l'<a class=\"esk-seo-plu-link\" href=\"https:\/\/www.gold.fr\/news\/tags\/or\">or<\/a> en dollars, et de la hausse de l'euro face au dollar( L'euro est repass\u00e9 au dessus du seuil des 1,44$ en milieu de semaine apr\u00e8s une forte baisse )<\/p>","protected":false},"excerpt":{"rendered":"<p>Depuis le d\u00e9but de la semaine, l\u2019or\u00a0 gravite autour du cours symbolique des 1600$ et oscille actuellement entre 1580$ et 1610$ l\u2019once (1587$ ce matin). Ce cours attendus \u00e0 l\u2019origine pour 2012, est la cons\u00e9quence directe de l\u2019inqui\u00e9tude des&#8230;<\/p>\n","protected":false},"author":6,"featured_media":0,"comment_status":"closed","ping_status":"closed","sticky":false,"template":"","format":"standard","meta":{"_mbp_gutenberg_autopost":false,"_pgmb_is_evergreen":false,"_pgmb_ap_template_id":0,"footnotes":""},"categories":[5],"tags":[76,84],"ppma_author":[2567],"class_list":["post-1859","post","type-post","status-publish","format-standard","hentry","category-flash-infos","tag-or","tag-cours-de-lor"],"yoast_head":"<!-- This site is optimized with the Yoast SEO plugin v27.5 - https:\/\/yoast.com\/product\/yoast-seo-wordpress\/ -->\n<title>Cours de l\u2019Or: Vendredi 22 Juillet Prix du gramme d&#039;or<\/title>\n<meta name=\"description\" content=\"Cours de l\u2019Or: Vendredi 22 Juillet Le gramme d&#039;or est repass\u00e9 en dessous de la barre des 36 euros, baisse du cours de l&#039;or en dollars.\" \/>\n<meta name=\"robots\" content=\"index, follow, max-snippet:-1, max-image-preview:large, max-video-preview:-1\" \/>\n<link rel=\"canonical\" href=\"https:\/\/www.gold.fr\/news\/2011\/07\/22\/cours-de-lor-vendredi-22-juillet\/\" \/>\n<meta property=\"og:locale\" content=\"fr_FR\" \/>\n<meta property=\"og:type\" content=\"article\" \/>\n<meta property=\"og:title\" content=\"Cours de l\u2019Or: Vendredi 22 Juillet Prix du gramme d&#039;or\" \/>\n<meta property=\"og:description\" content=\"Cours de l\u2019Or: Vendredi 22 Juillet Le gramme d&#039;or est repass\u00e9 en dessous de la barre des 36 euros, baisse du cours de l&#039;or en dollars.\" \/>\n<meta property=\"og:url\" content=\"https:\/\/www.gold.fr\/news\/2011\/07\/22\/cours-de-lor-vendredi-22-juillet\/\" \/>\n<meta property=\"og:site_name\" content=\"Gold.fr\" \/>\n<meta property=\"article:publisher\" content=\"https:\/\/www.facebook.com\/Goldfr\/\" \/>\n<meta property=\"article:published_time\" content=\"2011-07-22T07:04:16+00:00\" \/>\n<meta property=\"article:modified_time\" content=\"2021-01-14T13:21:32+00:00\" \/>\n<meta name=\"author\" content=\"Laurent Schwartz\" \/>\n<meta name=\"twitter:card\" content=\"summary_large_image\" \/>\n<meta name=\"twitter:label1\" content=\"\u00c9crit par\" \/>\n\t<meta name=\"twitter:data1\" content=\"Laurent Schwartz\" \/>\n\t<meta name=\"twitter:label2\" content=\"Dur\u00e9e de lecture estim\u00e9e\" \/>\n\t<meta name=\"twitter:data2\" content=\"1 minute\" \/>\n<script type=\"application\/ld+json\" class=\"yoast-schema-graph\">{\"@context\":\"https:\\\/\\\/schema.org\",\"@graph\":[{\"@type\":\"Article\",\"@id\":\"https:\\\/\\\/www.gold.fr\\\/news\\\/2011\\\/07\\\/22\\\/cours-de-lor-vendredi-22-juillet\\\/#article\",\"isPartOf\":{\"@id\":\"https:\\\/\\\/www.gold.fr\\\/news\\\/2011\\\/07\\\/22\\\/cours-de-lor-vendredi-22-juillet\\\/\"},\"author\":{\"name\":\"Laurent Schwartz\",\"@id\":\"https:\\\/\\\/www.gold.fr\\\/news\\\/#\\\/schema\\\/person\\\/4ed91d9a70d8f3a313c26e8308214fc2\"},\"headline\":\"Cours de l&rsquo;Or: Vendredi 22 Juillet\",\"datePublished\":\"2011-07-22T07:04:16+00:00\",\"dateModified\":\"2021-01-14T13:21:32+00:00\",\"mainEntityOfPage\":{\"@id\":\"https:\\\/\\\/www.gold.fr\\\/news\\\/2011\\\/07\\\/22\\\/cours-de-lor-vendredi-22-juillet\\\/\"},\"wordCount\":220,\"keywords\":[\"Or\",\"Tout Cours de l'Or\"],\"articleSection\":[\"Flash infos\"],\"inLanguage\":\"fr-FR\"},{\"@type\":\"WebPage\",\"@id\":\"https:\\\/\\\/www.gold.fr\\\/news\\\/2011\\\/07\\\/22\\\/cours-de-lor-vendredi-22-juillet\\\/\",\"url\":\"https:\\\/\\\/www.gold.fr\\\/news\\\/2011\\\/07\\\/22\\\/cours-de-lor-vendredi-22-juillet\\\/\",\"name\":\"Cours de l\u2019Or: Vendredi 22 Juillet Prix du gramme d'or\",\"isPartOf\":{\"@id\":\"https:\\\/\\\/www.gold.fr\\\/news\\\/#website\"},\"datePublished\":\"2011-07-22T07:04:16+00:00\",\"dateModified\":\"2021-01-14T13:21:32+00:00\",\"author\":{\"@id\":\"https:\\\/\\\/www.gold.fr\\\/news\\\/#\\\/schema\\\/person\\\/4ed91d9a70d8f3a313c26e8308214fc2\"},\"description\":\"Cours de l\u2019Or: Vendredi 22 Juillet Le gramme d'or est repass\u00e9 en dessous de la barre des 36 euros, baisse du cours de l'or en dollars.\",\"breadcrumb\":{\"@id\":\"https:\\\/\\\/www.gold.fr\\\/news\\\/2011\\\/07\\\/22\\\/cours-de-lor-vendredi-22-juillet\\\/#breadcrumb\"},\"inLanguage\":\"fr-FR\",\"potentialAction\":[{\"@type\":\"ReadAction\",\"target\":[\"https:\\\/\\\/www.gold.fr\\\/news\\\/2011\\\/07\\\/22\\\/cours-de-lor-vendredi-22-juillet\\\/\"]}]},{\"@type\":\"BreadcrumbList\",\"@id\":\"https:\\\/\\\/www.gold.fr\\\/news\\\/2011\\\/07\\\/22\\\/cours-de-lor-vendredi-22-juillet\\\/#breadcrumb\",\"itemListElement\":[{\"@type\":\"ListItem\",\"position\":1,\"name\":\"Accueil\",\"item\":\"https:\\\/\\\/www.gold.fr\\\/\"},{\"@type\":\"ListItem\",\"position\":2,\"name\":\"Actualit\u00e9s\",\"item\":\"https:\\\/\\\/www.gold.fr\\\/news\\\/\"},{\"@type\":\"ListItem\",\"position\":3,\"name\":\"Cours de l&rsquo;Or: Vendredi 22 Juillet\"}]},{\"@type\":\"WebSite\",\"@id\":\"https:\\\/\\\/www.gold.fr\\\/news\\\/#website\",\"url\":\"https:\\\/\\\/www.gold.fr\\\/news\\\/\",\"name\":\"Gold.fr\",\"description\":\"Actualit\u00e9s de l&#039;Or et des m\u00e9taux pr\u00e9cieux\",\"potentialAction\":[{\"@type\":\"SearchAction\",\"target\":{\"@type\":\"EntryPoint\",\"urlTemplate\":\"https:\\\/\\\/www.gold.fr\\\/news\\\/?s={search_term_string}\"},\"query-input\":{\"@type\":\"PropertyValueSpecification\",\"valueRequired\":true,\"valueName\":\"search_term_string\"}}],\"inLanguage\":\"fr-FR\"},{\"@type\":\"Person\",\"@id\":\"https:\\\/\\\/www.gold.fr\\\/news\\\/#\\\/schema\\\/person\\\/4ed91d9a70d8f3a313c26e8308214fc2\",\"name\":\"Laurent Schwartz\",\"image\":{\"@type\":\"ImageObject\",\"inLanguage\":\"fr-FR\",\"@id\":\"https:\\\/\\\/secure.gravatar.com\\\/avatar\\\/1496f846049365121827f5470219486f1a95f83957cc8ca0a9595e40c185f5ee?s=96&d=mm&r=g76f0e87c9ba82a161860a0fc16990d85\",\"url\":\"https:\\\/\\\/secure.gravatar.com\\\/avatar\\\/1496f846049365121827f5470219486f1a95f83957cc8ca0a9595e40c185f5ee?s=96&d=mm&r=g\",\"contentUrl\":\"https:\\\/\\\/secure.gravatar.com\\\/avatar\\\/1496f846049365121827f5470219486f1a95f83957cc8ca0a9595e40c185f5ee?s=96&d=mm&r=g\",\"caption\":\"Laurent Schwartz\"},\"description\":\"Dipl\u00f4m\u00e9 de l\u2019EDHEC Business School en 2005, Laurent SCHWARTZ int\u00e8gre le cabinet d\u2019audit ERNST &amp; YOUNG en 2005 o\u00f9 il travaille pendant 4 ans. Parall\u00e8lement, il travaille au sein de l\u2019entreprise familiale cr\u00e9\u00e9e en 1976 \u00e0 Strasbourg. Fort de cette exp\u00e9rience et du savoir-faire d\u00e9velopp\u00e9 durant ces 40 derni\u00e8res ann\u00e9es, Laurent proc\u00e8de \u00e0 la refonte du site Internet Gold.fr d\u00e9di\u00e9 \u00e0 l\u2019achat d'or, vente d\u2019or (pi\u00e8ces, lingots, ...), achat or et argent,... qui conna\u00eetra un franc succ\u00e8s d\u00e8s son d\u00e9marrage en 2008. Il d\u00e9cide alors de d\u00e9velopper un r\u00e9seau de concessions exclusives: Le Comptoir National de l\u2019Or. Il assure d\u00e9sormais le pilotage strat\u00e9gique du 1er r\u00e9seau de France qui compte aujourd\u2019hui pas loin de 60 agences r\u00e9parties dans toute la France et depuis peu en Allemagne (Breisach). Le Comptoir National de l\u2019Or se positionne aujourd\u2019hui comme le leader incontournable sur le march\u00e9 de l\u2019Or et des m\u00e9taux pr\u00e9cieux en France.\",\"sameAs\":[\"https:\\\/\\\/www.gold.fr\",\"https:\\\/\\\/www.linkedin.com\\\/in\\\/acheteror\\\/\"]}]}<\/script>\n<!-- \/ Yoast SEO plugin. -->","yoast_head_json":{"title":"Cours de l\u2019Or: Vendredi 22 Juillet Prix du gramme d'or","description":"Cours de l\u2019Or: Vendredi 22 Juillet Le gramme d'or est repass\u00e9 en dessous de la barre des 36 euros, baisse du cours de l'or en dollars.","robots":{"index":"index","follow":"follow","max-snippet":"max-snippet:-1","max-image-preview":"max-image-preview:large","max-video-preview":"max-video-preview:-1"},"canonical":"https:\/\/www.gold.fr\/news\/2011\/07\/22\/cours-de-lor-vendredi-22-juillet\/","og_locale":"fr_FR","og_type":"article","og_title":"Cours de l\u2019Or: Vendredi 22 Juillet Prix du gramme d'or","og_description":"Cours de l\u2019Or: Vendredi 22 Juillet Le gramme d'or est repass\u00e9 en dessous de la barre des 36 euros, baisse du cours de l'or en dollars.","og_url":"https:\/\/www.gold.fr\/news\/2011\/07\/22\/cours-de-lor-vendredi-22-juillet\/","og_site_name":"Gold.fr","article_publisher":"https:\/\/www.facebook.com\/Goldfr\/","article_published_time":"2011-07-22T07:04:16+00:00","article_modified_time":"2021-01-14T13:21:32+00:00","author":"Laurent Schwartz","twitter_card":"summary_large_image","twitter_misc":{"\u00c9crit par":"Laurent Schwartz","Dur\u00e9e de lecture estim\u00e9e":"1 minute"},"schema":{"@context":"https:\/\/schema.org","@graph":[{"@type":"Article","@id":"https:\/\/www.gold.fr\/news\/2011\/07\/22\/cours-de-lor-vendredi-22-juillet\/#article","isPartOf":{"@id":"https:\/\/www.gold.fr\/news\/2011\/07\/22\/cours-de-lor-vendredi-22-juillet\/"},"author":{"name":"Laurent Schwartz","@id":"https:\/\/www.gold.fr\/news\/#\/schema\/person\/4ed91d9a70d8f3a313c26e8308214fc2"},"headline":"Cours de l&rsquo;Or: Vendredi 22 Juillet","datePublished":"2011-07-22T07:04:16+00:00","dateModified":"2021-01-14T13:21:32+00:00","mainEntityOfPage":{"@id":"https:\/\/www.gold.fr\/news\/2011\/07\/22\/cours-de-lor-vendredi-22-juillet\/"},"wordCount":220,"keywords":["Or","Tout Cours de l'Or"],"articleSection":["Flash infos"],"inLanguage":"fr-FR"},{"@type":"WebPage","@id":"https:\/\/www.gold.fr\/news\/2011\/07\/22\/cours-de-lor-vendredi-22-juillet\/","url":"https:\/\/www.gold.fr\/news\/2011\/07\/22\/cours-de-lor-vendredi-22-juillet\/","name":"Cours de l\u2019Or: Vendredi 22 Juillet Prix du gramme d'or","isPartOf":{"@id":"https:\/\/www.gold.fr\/news\/#website"},"datePublished":"2011-07-22T07:04:16+00:00","dateModified":"2021-01-14T13:21:32+00:00","author":{"@id":"https:\/\/www.gold.fr\/news\/#\/schema\/person\/4ed91d9a70d8f3a313c26e8308214fc2"},"description":"Cours de l\u2019Or: Vendredi 22 Juillet Le gramme d'or est repass\u00e9 en dessous de la barre des 36 euros, baisse du cours de l'or en dollars.","breadcrumb":{"@id":"https:\/\/www.gold.fr\/news\/2011\/07\/22\/cours-de-lor-vendredi-22-juillet\/#breadcrumb"},"inLanguage":"fr-FR","potentialAction":[{"@type":"ReadAction","target":["https:\/\/www.gold.fr\/news\/2011\/07\/22\/cours-de-lor-vendredi-22-juillet\/"]}]},{"@type":"BreadcrumbList","@id":"https:\/\/www.gold.fr\/news\/2011\/07\/22\/cours-de-lor-vendredi-22-juillet\/#breadcrumb","itemListElement":[{"@type":"ListItem","position":1,"name":"Accueil","item":"https:\/\/www.gold.fr\/"},{"@type":"ListItem","position":2,"name":"Actualit\u00e9s","item":"https:\/\/www.gold.fr\/news\/"},{"@type":"ListItem","position":3,"name":"Cours de l&rsquo;Or: Vendredi 22 Juillet"}]},{"@type":"WebSite","@id":"https:\/\/www.gold.fr\/news\/#website","url":"https:\/\/www.gold.fr\/news\/","name":"Gold.fr","description":"Actualit\u00e9s de l&#039;Or et des m\u00e9taux pr\u00e9cieux","potentialAction":[{"@type":"SearchAction","target":{"@type":"EntryPoint","urlTemplate":"https:\/\/www.gold.fr\/news\/?s={search_term_string}"},"query-input":{"@type":"PropertyValueSpecification","valueRequired":true,"valueName":"search_term_string"}}],"inLanguage":"fr-FR"},{"@type":"Person","@id":"https:\/\/www.gold.fr\/news\/#\/schema\/person\/4ed91d9a70d8f3a313c26e8308214fc2","name":"Laurent Schwartz","image":{"@type":"ImageObject","inLanguage":"fr-FR","@id":"https:\/\/secure.gravatar.com\/avatar\/1496f846049365121827f5470219486f1a95f83957cc8ca0a9595e40c185f5ee?s=96&d=mm&r=g76f0e87c9ba82a161860a0fc16990d85","url":"https:\/\/secure.gravatar.com\/avatar\/1496f846049365121827f5470219486f1a95f83957cc8ca0a9595e40c185f5ee?s=96&d=mm&r=g","contentUrl":"https:\/\/secure.gravatar.com\/avatar\/1496f846049365121827f5470219486f1a95f83957cc8ca0a9595e40c185f5ee?s=96&d=mm&r=g","caption":"Laurent Schwartz"},"description":"Dipl\u00f4m\u00e9 de l\u2019EDHEC Business School en 2005, Laurent SCHWARTZ int\u00e8gre le cabinet d\u2019audit ERNST &amp; YOUNG en 2005 o\u00f9 il travaille pendant 4 ans. Parall\u00e8lement, il travaille au sein de l\u2019entreprise familiale cr\u00e9\u00e9e en 1976 \u00e0 Strasbourg. Fort de cette exp\u00e9rience et du savoir-faire d\u00e9velopp\u00e9 durant ces 40 derni\u00e8res ann\u00e9es, Laurent proc\u00e8de \u00e0 la refonte du site Internet Gold.fr d\u00e9di\u00e9 \u00e0 l\u2019achat d'or, vente d\u2019or (pi\u00e8ces, lingots, ...), achat or et argent,... qui conna\u00eetra un franc succ\u00e8s d\u00e8s son d\u00e9marrage en 2008. Il d\u00e9cide alors de d\u00e9velopper un r\u00e9seau de concessions exclusives: Le Comptoir National de l\u2019Or. Il assure d\u00e9sormais le pilotage strat\u00e9gique du 1er r\u00e9seau de France qui compte aujourd\u2019hui pas loin de 60 agences r\u00e9parties dans toute la France et depuis peu en Allemagne (Breisach). Le Comptoir National de l\u2019Or se positionne aujourd\u2019hui comme le leader incontournable sur le march\u00e9 de l\u2019Or et des m\u00e9taux pr\u00e9cieux en France.","sameAs":["https:\/\/www.gold.fr","https:\/\/www.linkedin.com\/in\/acheteror\/"]}]}},"authors":[{"term_id":2567,"user_id":6,"is_guest":0,"slug":"laurent","display_name":"Laurent Schwartz","avatar_url":"https:\/\/secure.gravatar.com\/avatar\/1496f846049365121827f5470219486f1a95f83957cc8ca0a9595e40c185f5ee?s=96&d=mm&r=g","0":null,"1":"","2":"","3":"","4":"","5":"","6":"","7":"","8":""}],"_links":{"self":[{"href":"https:\/\/www.gold.fr\/news\/wp-json\/wp\/v2\/posts\/1859","targetHints":{"allow":["GET"]}}],"collection":[{"href":"https:\/\/www.gold.fr\/news\/wp-json\/wp\/v2\/posts"}],"about":[{"href":"https:\/\/www.gold.fr\/news\/wp-json\/wp\/v2\/types\/post"}],"author":[{"embeddable":true,"href":"https:\/\/www.gold.fr\/news\/wp-json\/wp\/v2\/users\/6"}],"replies":[{"embeddable":true,"href":"https:\/\/www.gold.fr\/news\/wp-json\/wp\/v2\/comments?post=1859"}],"version-history":[{"count":0,"href":"https:\/\/www.gold.fr\/news\/wp-json\/wp\/v2\/posts\/1859\/revisions"}],"wp:attachment":[{"href":"https:\/\/www.gold.fr\/news\/wp-json\/wp\/v2\/media?parent=1859"}],"wp:term":[{"taxonomy":"category","embeddable":true,"href":"https:\/\/www.gold.fr\/news\/wp-json\/wp\/v2\/categories?post=1859"},{"taxonomy":"post_tag","embeddable":true,"href":"https:\/\/www.gold.fr\/news\/wp-json\/wp\/v2\/tags?post=1859"},{"taxonomy":"author","embeddable":true,"href":"https:\/\/www.gold.fr\/news\/wp-json\/wp\/v2\/ppma_author?post=1859"}],"curies":[{"name":"wp","href":"https:\/\/api.w.org\/{rel}","templated":true}]}}