{"id":18561,"date":"2015-12-29T17:00:26","date_gmt":"2015-12-29T16:00:26","guid":{"rendered":"https:\/\/www.gold.fr\/news\/?p=18561"},"modified":"2017-11-29T17:51:38","modified_gmt":"2017-11-29T16:51:38","slug":"marches-une-fin-dannee-boursiere-tout-en-serenite","status":"publish","type":"post","link":"https:\/\/www.gold.fr\/news\/2015\/12\/29\/marches-une-fin-dannee-boursiere-tout-en-serenite\/","title":{"rendered":"March\u00e9s : Une fin d\u2019ann\u00e9e boursi\u00e8re tout en s\u00e9r\u00e9nit\u00e9"},"content":{"rendered":"<p><span style=\"font-size: small;\"><img loading=\"lazy\" decoding=\"async\" class=\"alignleft size-thumbnail wp-image-4338\" title=\"March\u00e9s : Une fin d\u2019ann\u00e9e boursi\u00e8re tout en s\u00e9r\u00e9nit\u00e9\" src=\"https:\/\/www.gold.fr\/news\/wp-content\/uploads\/2011\/12\/cours-de-lor1-150x150.jpg\" alt=\"\" width=\"150\" height=\"150\" \/>D&rsquo;une rive \u00e0 l&rsquo;autre de l&rsquo;Atlantique, les march\u00e9s d&rsquo;<a href='https:\/\/www.gold.fr\/news\/tags\/investissement' class='esk-seo-plu-link'>investissement<\/a> semblent d\u00e9termin\u00e9s \u00e0 terminer l&rsquo;ann\u00e9e boursi\u00e8re <strong>2015<\/strong> sur une note zen et sereine. Les principales places boursi\u00e8res am\u00e9ricaines et europ\u00e9ennes affichent une performance au beau fixe, depuis la fin de la semaine derni\u00e8re, une <a href='https:\/\/www.gold.fr\/news\/tags\/investissement' class='esk-seo-plu-link'>tendance<\/a> qui devrait se prolonger sur les trois s\u00e9ances qui les s\u00e9parent de la nouvelle ann\u00e9e.<\/span>    <span style=\"font-size: small;\">En attendant, les observateurs s&rsquo;accordent \u00e0 anticiper une accumulation de gains annuels de l&rsquo;ordre de 9% pour la Bourse de Paris, une performance boost\u00e9e par le d\u00e9sir manifeste des investisseurs de retrouver un app\u00e9tit \u2013encore un peu pr\u00e9caire- pour les actifs risqu\u00e9s.<\/span>    <span style=\"font-size: small;\">Les experts de la banque d&rsquo;affaires am\u00e9ricaine <strong>Bank of America-Merrill Lynch<\/strong> ont oubli\u00e9, au d\u00e9but de la semaine, une note strat\u00e9gique dans laquelle ils estiment que les march\u00e9s ont manifestement de \u00ab <em>bonnes r\u00e9solutions<\/em> \u00bb pour l&rsquo;ann\u00e9e \u00e0 venir. L&rsquo;\u00e9quipe d&rsquo;analystes a \u00e9galement soulign\u00e9 que ses travaux du mois de d\u00e9cembre \u00ab <em>montrent que les investisseurs ont grosso modo pass\u00e9 l&rsquo;\u00e9ponge sur les inqui\u00e9tudes li\u00e9es \u00e0 la Chine et aux pays \u00e9mergents qui les avaient contraints \u00e0 r\u00e9duire la voilure au mois de septembre<\/em> \u00bb. Ils terminent leur note par la conclusion que \u00ab <em>la possibilit\u00e9 d&rsquo;un \u00ab\u00a0rallye\u00a0\u00bb au mois de janvier a pouss\u00e9 beaucoup d&rsquo;entre eux (les investisseurs et op\u00e9rateurs des march\u00e9s) \u00e0 adopter des positions longues depuis quelque temps<\/em> \u00bb.<\/span><\/p>\n<!-- AddThis Advanced Settings generic via filter on the_content --><!-- AddThis Share Buttons generic via filter on the_content -->","protected":false},"excerpt":{"rendered":"<p>D&rsquo;une rive \u00e0 l&rsquo;autre de l&rsquo;Atlantique, les march\u00e9s d&rsquo;investissement semblent d\u00e9termin\u00e9s \u00e0 terminer l&rsquo;ann\u00e9e boursi\u00e8re 2015 sur une note zen et sereine. Les principales places boursi\u00e8res am\u00e9ricaines et europ\u00e9ennes affichent une performance au beau fixe, depuis [&hellip;]<\/p>\n","protected":false},"author":18,"featured_media":4338,"comment_status":"open","ping_status":"open","sticky":false,"template":"","format":"standard","meta":{"_mbp_gutenberg_autopost":false,"_pgmb_is_evergreen":false,"_pgmb_ap_template_id":0,"footnotes":""},"categories":[6],"tags":[1188,105],"ppma_author":[2565],"class_list":["post-18561","post","type-post","status-publish","format-standard","has-post-thumbnail","hentry","category-articles-de-presse","tag-bourse","tag-marche"],"yoast_head":"<!-- This site is optimized with the Yoast SEO plugin v27.5 - https:\/\/yoast.com\/product\/yoast-seo-wordpress\/ -->\n<title>March\u00e9s : Une fin d\u2019ann\u00e9e boursi\u00e8re tout en s\u00e9r\u00e9nit\u00e9 - Gold.fr<\/title>\n<meta name=\"robots\" content=\"index, follow, max-snippet:-1, max-image-preview:large, max-video-preview:-1\" \/>\n<link rel=\"canonical\" href=\"https:\/\/www.gold.fr\/news\/2015\/12\/29\/marches-une-fin-dannee-boursiere-tout-en-serenite\/\" \/>\n<meta property=\"og:locale\" content=\"fr_FR\" \/>\n<meta property=\"og:type\" content=\"article\" \/>\n<meta property=\"og:title\" content=\"March\u00e9s : Une fin d\u2019ann\u00e9e boursi\u00e8re tout en s\u00e9r\u00e9nit\u00e9 - Gold.fr\" \/>\n<meta property=\"og:description\" content=\"D&rsquo;une rive \u00e0 l&rsquo;autre de l&rsquo;Atlantique, les march\u00e9s d&rsquo;investissement semblent d\u00e9termin\u00e9s \u00e0 terminer l&rsquo;ann\u00e9e boursi\u00e8re 2015 sur une note zen et sereine. Les principales places boursi\u00e8res am\u00e9ricaines et europ\u00e9ennes affichent une performance au beau fixe, depuis [&hellip;]\" \/>\n<meta property=\"og:url\" content=\"https:\/\/www.gold.fr\/news\/2015\/12\/29\/marches-une-fin-dannee-boursiere-tout-en-serenite\/\" \/>\n<meta property=\"og:site_name\" content=\"Gold.fr\" \/>\n<meta property=\"article:publisher\" content=\"https:\/\/www.facebook.com\/Goldfr\/\" \/>\n<meta property=\"article:published_time\" content=\"2015-12-29T16:00:26+00:00\" \/>\n<meta property=\"article:modified_time\" content=\"2017-11-29T16:51:38+00:00\" \/>\n<meta property=\"og:image\" content=\"https:\/\/www.gold.fr\/news\/wp-content\/uploads\/2011\/12\/cours-de-lor1.jpg\" \/>\n\t<meta property=\"og:image:width\" content=\"625\" \/>\n\t<meta property=\"og:image:height\" content=\"351\" \/>\n\t<meta property=\"og:image:type\" content=\"image\/jpeg\" \/>\n<meta name=\"author\" content=\"Comptoir National de l&#039;Or\" \/>\n<meta name=\"twitter:card\" content=\"summary_large_image\" \/>\n<meta name=\"twitter:label1\" content=\"\u00c9crit par\" \/>\n\t<meta name=\"twitter:data1\" content=\"Comptoir National de l&#039;Or\" \/>\n\t<meta name=\"twitter:label2\" content=\"Dur\u00e9e de lecture estim\u00e9e\" \/>\n\t<meta name=\"twitter:data2\" content=\"1 minute\" \/>\n<script type=\"application\/ld+json\" class=\"yoast-schema-graph\">{\"@context\":\"https:\\\/\\\/schema.org\",\"@graph\":[{\"@type\":\"Article\",\"@id\":\"https:\\\/\\\/www.gold.fr\\\/news\\\/2015\\\/12\\\/29\\\/marches-une-fin-dannee-boursiere-tout-en-serenite\\\/#article\",\"isPartOf\":{\"@id\":\"https:\\\/\\\/www.gold.fr\\\/news\\\/2015\\\/12\\\/29\\\/marches-une-fin-dannee-boursiere-tout-en-serenite\\\/\"},\"author\":{\"name\":\"Comptoir National de l'Or\",\"@id\":\"https:\\\/\\\/www.gold.fr\\\/news\\\/#\\\/schema\\\/person\\\/070491b4b4fb7671bf59b3be20302ce9\"},\"headline\":\"March\u00e9s : Une fin d\u2019ann\u00e9e boursi\u00e8re tout en s\u00e9r\u00e9nit\u00e9\",\"datePublished\":\"2015-12-29T16:00:26+00:00\",\"dateModified\":\"2017-11-29T16:51:38+00:00\",\"mainEntityOfPage\":{\"@id\":\"https:\\\/\\\/www.gold.fr\\\/news\\\/2015\\\/12\\\/29\\\/marches-une-fin-dannee-boursiere-tout-en-serenite\\\/\"},\"wordCount\":265,\"commentCount\":0,\"image\":{\"@id\":\"https:\\\/\\\/www.gold.fr\\\/news\\\/2015\\\/12\\\/29\\\/marches-une-fin-dannee-boursiere-tout-en-serenite\\\/#primaryimage\"},\"thumbnailUrl\":\"https:\\\/\\\/www.gold.fr\\\/news\\\/wp-content\\\/uploads\\\/2011\\\/12\\\/cours-de-lor1.jpg\",\"keywords\":[\"bourse\",\"march\u00e9\"],\"articleSection\":[\"Articles de presse\"],\"inLanguage\":\"fr-FR\"},{\"@type\":\"WebPage\",\"@id\":\"https:\\\/\\\/www.gold.fr\\\/news\\\/2015\\\/12\\\/29\\\/marches-une-fin-dannee-boursiere-tout-en-serenite\\\/\",\"url\":\"https:\\\/\\\/www.gold.fr\\\/news\\\/2015\\\/12\\\/29\\\/marches-une-fin-dannee-boursiere-tout-en-serenite\\\/\",\"name\":\"March\u00e9s : Une fin d\u2019ann\u00e9e boursi\u00e8re tout en s\u00e9r\u00e9nit\u00e9 - Gold.fr\",\"isPartOf\":{\"@id\":\"https:\\\/\\\/www.gold.fr\\\/news\\\/#website\"},\"primaryImageOfPage\":{\"@id\":\"https:\\\/\\\/www.gold.fr\\\/news\\\/2015\\\/12\\\/29\\\/marches-une-fin-dannee-boursiere-tout-en-serenite\\\/#primaryimage\"},\"image\":{\"@id\":\"https:\\\/\\\/www.gold.fr\\\/news\\\/2015\\\/12\\\/29\\\/marches-une-fin-dannee-boursiere-tout-en-serenite\\\/#primaryimage\"},\"thumbnailUrl\":\"https:\\\/\\\/www.gold.fr\\\/news\\\/wp-content\\\/uploads\\\/2011\\\/12\\\/cours-de-lor1.jpg\",\"datePublished\":\"2015-12-29T16:00:26+00:00\",\"dateModified\":\"2017-11-29T16:51:38+00:00\",\"author\":{\"@id\":\"https:\\\/\\\/www.gold.fr\\\/news\\\/#\\\/schema\\\/person\\\/070491b4b4fb7671bf59b3be20302ce9\"},\"breadcrumb\":{\"@id\":\"https:\\\/\\\/www.gold.fr\\\/news\\\/2015\\\/12\\\/29\\\/marches-une-fin-dannee-boursiere-tout-en-serenite\\\/#breadcrumb\"},\"inLanguage\":\"fr-FR\",\"potentialAction\":[{\"@type\":\"ReadAction\",\"target\":[\"https:\\\/\\\/www.gold.fr\\\/news\\\/2015\\\/12\\\/29\\\/marches-une-fin-dannee-boursiere-tout-en-serenite\\\/\"]}]},{\"@type\":\"ImageObject\",\"inLanguage\":\"fr-FR\",\"@id\":\"https:\\\/\\\/www.gold.fr\\\/news\\\/2015\\\/12\\\/29\\\/marches-une-fin-dannee-boursiere-tout-en-serenite\\\/#primaryimage\",\"url\":\"https:\\\/\\\/www.gold.fr\\\/news\\\/wp-content\\\/uploads\\\/2011\\\/12\\\/cours-de-lor1.jpg\",\"contentUrl\":\"https:\\\/\\\/www.gold.fr\\\/news\\\/wp-content\\\/uploads\\\/2011\\\/12\\\/cours-de-lor1.jpg\",\"width\":\"625\",\"height\":\"351\",\"caption\":\"Cours de l\u2019once : retour sur les performances des semaines pass\u00e9es\"},{\"@type\":\"BreadcrumbList\",\"@id\":\"https:\\\/\\\/www.gold.fr\\\/news\\\/2015\\\/12\\\/29\\\/marches-une-fin-dannee-boursiere-tout-en-serenite\\\/#breadcrumb\",\"itemListElement\":[{\"@type\":\"ListItem\",\"position\":1,\"name\":\"Accueil\",\"item\":\"https:\\\/\\\/www.gold.fr\\\/\"},{\"@type\":\"ListItem\",\"position\":2,\"name\":\"Actualit\u00e9s\",\"item\":\"https:\\\/\\\/www.gold.fr\\\/news\\\/\"},{\"@type\":\"ListItem\",\"position\":3,\"name\":\"March\u00e9s : Une fin d\u2019ann\u00e9e boursi\u00e8re tout en s\u00e9r\u00e9nit\u00e9\"}]},{\"@type\":\"WebSite\",\"@id\":\"https:\\\/\\\/www.gold.fr\\\/news\\\/#website\",\"url\":\"https:\\\/\\\/www.gold.fr\\\/news\\\/\",\"name\":\"Gold.fr\",\"description\":\"Actualit\u00e9s de l&#039;Or et des m\u00e9taux pr\u00e9cieux\",\"potentialAction\":[{\"@type\":\"SearchAction\",\"target\":{\"@type\":\"EntryPoint\",\"urlTemplate\":\"https:\\\/\\\/www.gold.fr\\\/news\\\/?s={search_term_string}\"},\"query-input\":{\"@type\":\"PropertyValueSpecification\",\"valueRequired\":true,\"valueName\":\"search_term_string\"}}],\"inLanguage\":\"fr-FR\"},{\"@type\":\"Person\",\"@id\":\"https:\\\/\\\/www.gold.fr\\\/news\\\/#\\\/schema\\\/person\\\/070491b4b4fb7671bf59b3be20302ce9\",\"name\":\"Comptoir National de l'Or\",\"image\":{\"@type\":\"ImageObject\",\"inLanguage\":\"fr-FR\",\"@id\":\"https:\\\/\\\/secure.gravatar.com\\\/avatar\\\/0a2867fd5abe37bed95d5a65e9d58f01756e11efc68af9888dfc50cfa7f65948?s=96&d=mm&r=gb490554db0a38188709de567aa58480d\",\"url\":\"https:\\\/\\\/secure.gravatar.com\\\/avatar\\\/0a2867fd5abe37bed95d5a65e9d58f01756e11efc68af9888dfc50cfa7f65948?s=96&d=mm&r=g\",\"contentUrl\":\"https:\\\/\\\/secure.gravatar.com\\\/avatar\\\/0a2867fd5abe37bed95d5a65e9d58f01756e11efc68af9888dfc50cfa7f65948?s=96&d=mm&r=g\",\"caption\":\"Comptoir National de l'Or\"},\"description\":\"Notre r\u00e9daction est constitu\u00e9e de membres experts dans les m\u00e9tiers de l'\u00e9conomie et la gestion, des Responsables d'agence Comptoir National de l'Or, des analystes financiers qui publient r\u00e9guli\u00e8rement des \u00e9tudes sur les politiques des banques centrales, le cours de l'or, prix de l'or, cours de l'argent, prix de l'argent, cours du platine, cours du palladium,... la situation en zone euro et l'impact de la strat\u00e9gie mon\u00e9taire de la FED. Notre \u00e9quipe scrute \u00e9galement une information plus g\u00e9n\u00e9raliste \u00e0 la recherche d'actualit\u00e9 \\\"p\u00e9pite\\\" \u00e0 vous partager. Depuis 5 ans, nous avons publi\u00e9 un peu plus de 4000 articles qui s'adressent \u00e0 un public large et vari\u00e9 ayant pour objectif de satisfaire votre curiosit\u00e9 et de partager avec vous une certaine fascination pour le m\u00e9tal jaune, le rachat d'or, et pour ceux qui veulent investir dans l'or, vendre leur or tout simplement en savoir plus... Pour tous vos achat or et argent, n'h\u00e9sitez pas \u00e0 prendre rendez-vous dans l'un de nos nombreux comptoirs.\",\"sameAs\":[\"https:\\\/\\\/www.gold.fr\"]}]}<\/script>\n<!-- \/ Yoast SEO plugin. -->","yoast_head_json":{"title":"March\u00e9s : Une fin d\u2019ann\u00e9e boursi\u00e8re tout en s\u00e9r\u00e9nit\u00e9 - Gold.fr","robots":{"index":"index","follow":"follow","max-snippet":"max-snippet:-1","max-image-preview":"max-image-preview:large","max-video-preview":"max-video-preview:-1"},"canonical":"https:\/\/www.gold.fr\/news\/2015\/12\/29\/marches-une-fin-dannee-boursiere-tout-en-serenite\/","og_locale":"fr_FR","og_type":"article","og_title":"March\u00e9s : Une fin d\u2019ann\u00e9e boursi\u00e8re tout en s\u00e9r\u00e9nit\u00e9 - Gold.fr","og_description":"D&rsquo;une rive \u00e0 l&rsquo;autre de l&rsquo;Atlantique, les march\u00e9s d&rsquo;investissement semblent d\u00e9termin\u00e9s \u00e0 terminer l&rsquo;ann\u00e9e boursi\u00e8re 2015 sur une note zen et sereine. Les principales places boursi\u00e8res am\u00e9ricaines et europ\u00e9ennes affichent une performance au beau fixe, depuis [&hellip;]","og_url":"https:\/\/www.gold.fr\/news\/2015\/12\/29\/marches-une-fin-dannee-boursiere-tout-en-serenite\/","og_site_name":"Gold.fr","article_publisher":"https:\/\/www.facebook.com\/Goldfr\/","article_published_time":"2015-12-29T16:00:26+00:00","article_modified_time":"2017-11-29T16:51:38+00:00","og_image":[{"width":625,"height":351,"url":"https:\/\/www.gold.fr\/news\/wp-content\/uploads\/2011\/12\/cours-de-lor1.jpg","type":"image\/jpeg"}],"author":"Comptoir National de l'Or","twitter_card":"summary_large_image","twitter_misc":{"\u00c9crit par":"Comptoir National de l'Or","Dur\u00e9e de lecture estim\u00e9e":"1 minute"},"schema":{"@context":"https:\/\/schema.org","@graph":[{"@type":"Article","@id":"https:\/\/www.gold.fr\/news\/2015\/12\/29\/marches-une-fin-dannee-boursiere-tout-en-serenite\/#article","isPartOf":{"@id":"https:\/\/www.gold.fr\/news\/2015\/12\/29\/marches-une-fin-dannee-boursiere-tout-en-serenite\/"},"author":{"name":"Comptoir National de l'Or","@id":"https:\/\/www.gold.fr\/news\/#\/schema\/person\/070491b4b4fb7671bf59b3be20302ce9"},"headline":"March\u00e9s : Une fin d\u2019ann\u00e9e boursi\u00e8re tout en s\u00e9r\u00e9nit\u00e9","datePublished":"2015-12-29T16:00:26+00:00","dateModified":"2017-11-29T16:51:38+00:00","mainEntityOfPage":{"@id":"https:\/\/www.gold.fr\/news\/2015\/12\/29\/marches-une-fin-dannee-boursiere-tout-en-serenite\/"},"wordCount":265,"commentCount":0,"image":{"@id":"https:\/\/www.gold.fr\/news\/2015\/12\/29\/marches-une-fin-dannee-boursiere-tout-en-serenite\/#primaryimage"},"thumbnailUrl":"https:\/\/www.gold.fr\/news\/wp-content\/uploads\/2011\/12\/cours-de-lor1.jpg","keywords":["bourse","march\u00e9"],"articleSection":["Articles de presse"],"inLanguage":"fr-FR"},{"@type":"WebPage","@id":"https:\/\/www.gold.fr\/news\/2015\/12\/29\/marches-une-fin-dannee-boursiere-tout-en-serenite\/","url":"https:\/\/www.gold.fr\/news\/2015\/12\/29\/marches-une-fin-dannee-boursiere-tout-en-serenite\/","name":"March\u00e9s : Une fin d\u2019ann\u00e9e boursi\u00e8re tout en s\u00e9r\u00e9nit\u00e9 - Gold.fr","isPartOf":{"@id":"https:\/\/www.gold.fr\/news\/#website"},"primaryImageOfPage":{"@id":"https:\/\/www.gold.fr\/news\/2015\/12\/29\/marches-une-fin-dannee-boursiere-tout-en-serenite\/#primaryimage"},"image":{"@id":"https:\/\/www.gold.fr\/news\/2015\/12\/29\/marches-une-fin-dannee-boursiere-tout-en-serenite\/#primaryimage"},"thumbnailUrl":"https:\/\/www.gold.fr\/news\/wp-content\/uploads\/2011\/12\/cours-de-lor1.jpg","datePublished":"2015-12-29T16:00:26+00:00","dateModified":"2017-11-29T16:51:38+00:00","author":{"@id":"https:\/\/www.gold.fr\/news\/#\/schema\/person\/070491b4b4fb7671bf59b3be20302ce9"},"breadcrumb":{"@id":"https:\/\/www.gold.fr\/news\/2015\/12\/29\/marches-une-fin-dannee-boursiere-tout-en-serenite\/#breadcrumb"},"inLanguage":"fr-FR","potentialAction":[{"@type":"ReadAction","target":["https:\/\/www.gold.fr\/news\/2015\/12\/29\/marches-une-fin-dannee-boursiere-tout-en-serenite\/"]}]},{"@type":"ImageObject","inLanguage":"fr-FR","@id":"https:\/\/www.gold.fr\/news\/2015\/12\/29\/marches-une-fin-dannee-boursiere-tout-en-serenite\/#primaryimage","url":"https:\/\/www.gold.fr\/news\/wp-content\/uploads\/2011\/12\/cours-de-lor1.jpg","contentUrl":"https:\/\/www.gold.fr\/news\/wp-content\/uploads\/2011\/12\/cours-de-lor1.jpg","width":"625","height":"351","caption":"Cours de l\u2019once : retour sur les performances des semaines pass\u00e9es"},{"@type":"BreadcrumbList","@id":"https:\/\/www.gold.fr\/news\/2015\/12\/29\/marches-une-fin-dannee-boursiere-tout-en-serenite\/#breadcrumb","itemListElement":[{"@type":"ListItem","position":1,"name":"Accueil","item":"https:\/\/www.gold.fr\/"},{"@type":"ListItem","position":2,"name":"Actualit\u00e9s","item":"https:\/\/www.gold.fr\/news\/"},{"@type":"ListItem","position":3,"name":"March\u00e9s : Une fin d\u2019ann\u00e9e boursi\u00e8re tout en s\u00e9r\u00e9nit\u00e9"}]},{"@type":"WebSite","@id":"https:\/\/www.gold.fr\/news\/#website","url":"https:\/\/www.gold.fr\/news\/","name":"Gold.fr","description":"Actualit\u00e9s de l&#039;Or et des m\u00e9taux pr\u00e9cieux","potentialAction":[{"@type":"SearchAction","target":{"@type":"EntryPoint","urlTemplate":"https:\/\/www.gold.fr\/news\/?s={search_term_string}"},"query-input":{"@type":"PropertyValueSpecification","valueRequired":true,"valueName":"search_term_string"}}],"inLanguage":"fr-FR"},{"@type":"Person","@id":"https:\/\/www.gold.fr\/news\/#\/schema\/person\/070491b4b4fb7671bf59b3be20302ce9","name":"Comptoir National de l'Or","image":{"@type":"ImageObject","inLanguage":"fr-FR","@id":"https:\/\/secure.gravatar.com\/avatar\/0a2867fd5abe37bed95d5a65e9d58f01756e11efc68af9888dfc50cfa7f65948?s=96&d=mm&r=gb490554db0a38188709de567aa58480d","url":"https:\/\/secure.gravatar.com\/avatar\/0a2867fd5abe37bed95d5a65e9d58f01756e11efc68af9888dfc50cfa7f65948?s=96&d=mm&r=g","contentUrl":"https:\/\/secure.gravatar.com\/avatar\/0a2867fd5abe37bed95d5a65e9d58f01756e11efc68af9888dfc50cfa7f65948?s=96&d=mm&r=g","caption":"Comptoir National de l'Or"},"description":"Notre r\u00e9daction est constitu\u00e9e de membres experts dans les m\u00e9tiers de l'\u00e9conomie et la gestion, des Responsables d'agence Comptoir National de l'Or, des analystes financiers qui publient r\u00e9guli\u00e8rement des \u00e9tudes sur les politiques des banques centrales, le cours de l'or, prix de l'or, cours de l'argent, prix de l'argent, cours du platine, cours du palladium,... la situation en zone euro et l'impact de la strat\u00e9gie mon\u00e9taire de la FED. Notre \u00e9quipe scrute \u00e9galement une information plus g\u00e9n\u00e9raliste \u00e0 la recherche d'actualit\u00e9 \"p\u00e9pite\" \u00e0 vous partager. Depuis 5 ans, nous avons publi\u00e9 un peu plus de 4000 articles qui s'adressent \u00e0 un public large et vari\u00e9 ayant pour objectif de satisfaire votre curiosit\u00e9 et de partager avec vous une certaine fascination pour le m\u00e9tal jaune, le rachat d'or, et pour ceux qui veulent investir dans l'or, vendre leur or tout simplement en savoir plus... Pour tous vos achat or et argent, n'h\u00e9sitez pas \u00e0 prendre rendez-vous dans l'un de nos nombreux comptoirs.","sameAs":["https:\/\/www.gold.fr"]}]}},"authors":[{"term_id":2565,"user_id":18,"is_guest":0,"slug":"julie","display_name":"Comptoir National de l'Or","avatar_url":"https:\/\/secure.gravatar.com\/avatar\/713f289e398d35ead876c4a4cc08607f0d6d266058cfc25683fffb6092d0e572?s=96&d=mm&r=g","0":null,"1":"","2":"","3":"","4":"","5":"","6":"","7":"","8":""}],"_links":{"self":[{"href":"https:\/\/www.gold.fr\/news\/wp-json\/wp\/v2\/posts\/18561","targetHints":{"allow":["GET"]}}],"collection":[{"href":"https:\/\/www.gold.fr\/news\/wp-json\/wp\/v2\/posts"}],"about":[{"href":"https:\/\/www.gold.fr\/news\/wp-json\/wp\/v2\/types\/post"}],"author":[{"embeddable":true,"href":"https:\/\/www.gold.fr\/news\/wp-json\/wp\/v2\/users\/18"}],"replies":[{"embeddable":true,"href":"https:\/\/www.gold.fr\/news\/wp-json\/wp\/v2\/comments?post=18561"}],"version-history":[{"count":0,"href":"https:\/\/www.gold.fr\/news\/wp-json\/wp\/v2\/posts\/18561\/revisions"}],"wp:featuredmedia":[{"embeddable":true,"href":"https:\/\/www.gold.fr\/news\/wp-json\/wp\/v2\/media\/4338"}],"wp:attachment":[{"href":"https:\/\/www.gold.fr\/news\/wp-json\/wp\/v2\/media?parent=18561"}],"wp:term":[{"taxonomy":"category","embeddable":true,"href":"https:\/\/www.gold.fr\/news\/wp-json\/wp\/v2\/categories?post=18561"},{"taxonomy":"post_tag","embeddable":true,"href":"https:\/\/www.gold.fr\/news\/wp-json\/wp\/v2\/tags?post=18561"},{"taxonomy":"author","embeddable":true,"href":"https:\/\/www.gold.fr\/news\/wp-json\/wp\/v2\/ppma_author?post=18561"}],"curies":[{"name":"wp","href":"https:\/\/api.w.org\/{rel}","templated":true}]}}