{"id":18543,"date":"2015-12-24T17:00:19","date_gmt":"2015-12-24T16:00:19","guid":{"rendered":"https:\/\/www.gold.fr\/news\/?p=18543"},"modified":"2017-11-29T17:51:43","modified_gmt":"2017-11-29T16:51:43","slug":"marches-calme-relatif-et-seance-ecourtee","status":"publish","type":"post","link":"https:\/\/www.gold.fr\/news\/2015\/12\/24\/marches-calme-relatif-et-seance-ecourtee\/","title":{"rendered":"March\u00e9s : Calme relatif et s\u00e9ance \u00e9court\u00e9e"},"content":{"rendered":"<p><span style=\"font-size: small;\"><img loading=\"lazy\" decoding=\"async\" class=\"alignleft size-thumbnail wp-image-7585\" title=\"March\u00e9s : Calme relatif et s\u00e9ance \u00e9court\u00e9e\" src=\"https:\/\/www.gold.fr\/news\/wp-content\/uploads\/2012\/05\/or-monnaie-150x150.jpg\" alt=\"\" width=\"150\" height=\"150\" \/>En d\u00e9pit d&rsquo;une s\u00e9ance qui sera \u00e9court\u00e9e par le lancement officiel des festivit\u00e9s de No\u00ebl, la c\u00f4te \u00e9conomique am\u00e9ricaine de l&rsquo;Atlantique peut d\u00e9j\u00e0 tirer un bilan hebdomadaire positif. Rappelons en effet que les indices US ont r\u00e9ussi \u00e0 aligner trois s\u00e9ances cons\u00e9cutives de hausse, suite pourtant \u00e0 un d\u00e9but de semaine particuli\u00e8rement difficile et stagnant.<\/span>    <span style=\"font-size: small;\">La derni\u00e8re donn\u00e9e macro\u00e9conomique am\u00e9ricaine de la semaine a toutefois \u00e9t\u00e9 positive, puisque les chiffres relatifs aux commandes de biens durables ont \u00e9t\u00e9 sup\u00e9rieurs aux pr\u00e9visions. <strong>Angus Nicholson<\/strong>, analyste de march\u00e9 chez <strong>IG<\/strong>, souligne d&rsquo;ailleurs qu&rsquo;une \u00ab<em> chute inattendue des stocks du p\u00e9trole et des \u00e9l\u00e9ments positifs sur la consommation des m\u00e9nages am\u00e9ricains ont aid\u00e9 Wall Street \u00e0 se maintenir dans le vert<\/em> \u00bb<\/span>    <span style=\"font-size: small;\">Sur le front boursier et \u00e9conomique europ\u00e9en, un calme relatif est pr\u00e9vu pour cette s\u00e9ance \u00e9court\u00e9e du 24 d\u00e9cembre. La seule statistique significative attendue est celle relative aux chiffres du ch\u00f4mage fran\u00e7ais, r\u00e9v\u00e9l\u00e9s, \u00e0 l&rsquo;occasion, au d\u00e9but de l&rsquo;apr\u00e8s-midi. En attendant, les rares investisseurs, qui marquent aujourd&rsquo;hui leur pr\u00e9sence sur les march\u00e9s europ\u00e9ens, continuent \u00e0 encha\u00eener les prises de b\u00e9n\u00e9fices.<\/span>    <span style=\"font-size: small;\"><strong>Tony Cross<\/strong>, de chez <strong>Trustnet Direct<\/strong>, commentait ce matin le fameux rallye de No\u00ebl, enregistr\u00e9 la veille, en soulignant que \u00ab <em>apr\u00e8s des gains stellaires mercredi, il est difficile pour les march\u00e9s de pr\u00e9server cette <a href='https:\/\/www.gold.fr\/news\/tags\/investissement' class='esk-seo-plu-link'>tendance<\/a> et il semble qu&rsquo;une certaine fatigue domine en cette s\u00e9ance \u00e9court\u00e9e<\/em> \u00bb.<\/span><\/p>\n<!-- AddThis Advanced Settings generic via filter on the_content --><!-- AddThis Share Buttons generic via filter on the_content -->","protected":false},"excerpt":{"rendered":"<p>En d\u00e9pit d&rsquo;une s\u00e9ance qui sera \u00e9court\u00e9e par le lancement officiel des festivit\u00e9s de No\u00ebl, la c\u00f4te \u00e9conomique am\u00e9ricaine de l&rsquo;Atlantique peut d\u00e9j\u00e0 tirer un bilan hebdomadaire positif. Rappelons en effet que les indices US ont [&hellip;]<\/p>\n","protected":false},"author":18,"featured_media":7585,"comment_status":"open","ping_status":"open","sticky":false,"template":"","format":"standard","meta":{"_mbp_gutenberg_autopost":false,"_pgmb_is_evergreen":false,"_pgmb_ap_template_id":0,"footnotes":""},"categories":[6],"tags":[1649,1204,534],"ppma_author":[2565],"class_list":["post-18543","post","type-post","status-publish","format-standard","has-post-thumbnail","hentry","category-articles-de-presse","tag-marches","tag-us","tag-wall-street"],"yoast_head":"<!-- This site is optimized with the Yoast SEO plugin v27.5 - https:\/\/yoast.com\/product\/yoast-seo-wordpress\/ -->\n<title>March\u00e9s : Calme relatif et s\u00e9ance \u00e9court\u00e9e - Gold.fr<\/title>\n<meta name=\"robots\" content=\"index, follow, max-snippet:-1, max-image-preview:large, max-video-preview:-1\" \/>\n<link rel=\"canonical\" href=\"https:\/\/www.gold.fr\/news\/2015\/12\/24\/marches-calme-relatif-et-seance-ecourtee\/\" \/>\n<meta property=\"og:locale\" content=\"fr_FR\" \/>\n<meta property=\"og:type\" content=\"article\" \/>\n<meta property=\"og:title\" content=\"March\u00e9s : Calme relatif et s\u00e9ance \u00e9court\u00e9e - Gold.fr\" \/>\n<meta property=\"og:description\" content=\"En d\u00e9pit d&rsquo;une s\u00e9ance qui sera \u00e9court\u00e9e par le lancement officiel des festivit\u00e9s de No\u00ebl, la c\u00f4te \u00e9conomique am\u00e9ricaine de l&rsquo;Atlantique peut d\u00e9j\u00e0 tirer un bilan hebdomadaire positif. Rappelons en effet que les indices US ont [&hellip;]\" \/>\n<meta property=\"og:url\" content=\"https:\/\/www.gold.fr\/news\/2015\/12\/24\/marches-calme-relatif-et-seance-ecourtee\/\" \/>\n<meta property=\"og:site_name\" content=\"Gold.fr\" \/>\n<meta property=\"article:publisher\" content=\"https:\/\/www.facebook.com\/Goldfr\/\" \/>\n<meta property=\"article:published_time\" content=\"2015-12-24T16:00:19+00:00\" \/>\n<meta property=\"article:modified_time\" content=\"2017-11-29T16:51:43+00:00\" \/>\n<meta property=\"og:image\" content=\"https:\/\/www.gold.fr\/news\/wp-content\/uploads\/2012\/05\/or-monnaie.jpg\" \/>\n\t<meta property=\"og:image:width\" content=\"733\" \/>\n\t<meta property=\"og:image:height\" content=\"400\" \/>\n\t<meta property=\"og:image:type\" content=\"image\/jpeg\" \/>\n<meta name=\"author\" content=\"Comptoir National de l&#039;Or\" \/>\n<meta name=\"twitter:card\" content=\"summary_large_image\" \/>\n<meta name=\"twitter:label1\" content=\"\u00c9crit par\" \/>\n\t<meta name=\"twitter:data1\" content=\"Comptoir National de l&#039;Or\" \/>\n\t<meta name=\"twitter:label2\" content=\"Dur\u00e9e de lecture estim\u00e9e\" \/>\n\t<meta name=\"twitter:data2\" content=\"1 minute\" \/>\n<script type=\"application\/ld+json\" class=\"yoast-schema-graph\">{\"@context\":\"https:\\\/\\\/schema.org\",\"@graph\":[{\"@type\":\"Article\",\"@id\":\"https:\\\/\\\/www.gold.fr\\\/news\\\/2015\\\/12\\\/24\\\/marches-calme-relatif-et-seance-ecourtee\\\/#article\",\"isPartOf\":{\"@id\":\"https:\\\/\\\/www.gold.fr\\\/news\\\/2015\\\/12\\\/24\\\/marches-calme-relatif-et-seance-ecourtee\\\/\"},\"author\":{\"name\":\"Comptoir National de l'Or\",\"@id\":\"https:\\\/\\\/www.gold.fr\\\/news\\\/#\\\/schema\\\/person\\\/070491b4b4fb7671bf59b3be20302ce9\"},\"headline\":\"March\u00e9s : Calme relatif et s\u00e9ance \u00e9court\u00e9e\",\"datePublished\":\"2015-12-24T16:00:19+00:00\",\"dateModified\":\"2017-11-29T16:51:43+00:00\",\"mainEntityOfPage\":{\"@id\":\"https:\\\/\\\/www.gold.fr\\\/news\\\/2015\\\/12\\\/24\\\/marches-calme-relatif-et-seance-ecourtee\\\/\"},\"wordCount\":281,\"commentCount\":0,\"image\":{\"@id\":\"https:\\\/\\\/www.gold.fr\\\/news\\\/2015\\\/12\\\/24\\\/marches-calme-relatif-et-seance-ecourtee\\\/#primaryimage\"},\"thumbnailUrl\":\"https:\\\/\\\/www.gold.fr\\\/news\\\/wp-content\\\/uploads\\\/2012\\\/05\\\/or-monnaie.jpg\",\"keywords\":[\"march\u00e9s\",\"US\",\"wall street\"],\"articleSection\":[\"Articles de presse\"],\"inLanguage\":\"fr-FR\"},{\"@type\":\"WebPage\",\"@id\":\"https:\\\/\\\/www.gold.fr\\\/news\\\/2015\\\/12\\\/24\\\/marches-calme-relatif-et-seance-ecourtee\\\/\",\"url\":\"https:\\\/\\\/www.gold.fr\\\/news\\\/2015\\\/12\\\/24\\\/marches-calme-relatif-et-seance-ecourtee\\\/\",\"name\":\"March\u00e9s : Calme relatif et s\u00e9ance \u00e9court\u00e9e - Gold.fr\",\"isPartOf\":{\"@id\":\"https:\\\/\\\/www.gold.fr\\\/news\\\/#website\"},\"primaryImageOfPage\":{\"@id\":\"https:\\\/\\\/www.gold.fr\\\/news\\\/2015\\\/12\\\/24\\\/marches-calme-relatif-et-seance-ecourtee\\\/#primaryimage\"},\"image\":{\"@id\":\"https:\\\/\\\/www.gold.fr\\\/news\\\/2015\\\/12\\\/24\\\/marches-calme-relatif-et-seance-ecourtee\\\/#primaryimage\"},\"thumbnailUrl\":\"https:\\\/\\\/www.gold.fr\\\/news\\\/wp-content\\\/uploads\\\/2012\\\/05\\\/or-monnaie.jpg\",\"datePublished\":\"2015-12-24T16:00:19+00:00\",\"dateModified\":\"2017-11-29T16:51:43+00:00\",\"author\":{\"@id\":\"https:\\\/\\\/www.gold.fr\\\/news\\\/#\\\/schema\\\/person\\\/070491b4b4fb7671bf59b3be20302ce9\"},\"breadcrumb\":{\"@id\":\"https:\\\/\\\/www.gold.fr\\\/news\\\/2015\\\/12\\\/24\\\/marches-calme-relatif-et-seance-ecourtee\\\/#breadcrumb\"},\"inLanguage\":\"fr-FR\",\"potentialAction\":[{\"@type\":\"ReadAction\",\"target\":[\"https:\\\/\\\/www.gold.fr\\\/news\\\/2015\\\/12\\\/24\\\/marches-calme-relatif-et-seance-ecourtee\\\/\"]}]},{\"@type\":\"ImageObject\",\"inLanguage\":\"fr-FR\",\"@id\":\"https:\\\/\\\/www.gold.fr\\\/news\\\/2015\\\/12\\\/24\\\/marches-calme-relatif-et-seance-ecourtee\\\/#primaryimage\",\"url\":\"https:\\\/\\\/www.gold.fr\\\/news\\\/wp-content\\\/uploads\\\/2012\\\/05\\\/or-monnaie.jpg\",\"contentUrl\":\"https:\\\/\\\/www.gold.fr\\\/news\\\/wp-content\\\/uploads\\\/2012\\\/05\\\/or-monnaie.jpg\",\"width\":\"733\",\"height\":\"400\",\"caption\":\"March\u00e9s : En mode \u2018gestion de secousses\u2019\"},{\"@type\":\"BreadcrumbList\",\"@id\":\"https:\\\/\\\/www.gold.fr\\\/news\\\/2015\\\/12\\\/24\\\/marches-calme-relatif-et-seance-ecourtee\\\/#breadcrumb\",\"itemListElement\":[{\"@type\":\"ListItem\",\"position\":1,\"name\":\"Accueil\",\"item\":\"https:\\\/\\\/www.gold.fr\\\/\"},{\"@type\":\"ListItem\",\"position\":2,\"name\":\"Actualit\u00e9s\",\"item\":\"https:\\\/\\\/www.gold.fr\\\/news\\\/\"},{\"@type\":\"ListItem\",\"position\":3,\"name\":\"March\u00e9s : Calme relatif et s\u00e9ance \u00e9court\u00e9e\"}]},{\"@type\":\"WebSite\",\"@id\":\"https:\\\/\\\/www.gold.fr\\\/news\\\/#website\",\"url\":\"https:\\\/\\\/www.gold.fr\\\/news\\\/\",\"name\":\"Gold.fr\",\"description\":\"Actualit\u00e9s de l&#039;Or et des m\u00e9taux pr\u00e9cieux\",\"potentialAction\":[{\"@type\":\"SearchAction\",\"target\":{\"@type\":\"EntryPoint\",\"urlTemplate\":\"https:\\\/\\\/www.gold.fr\\\/news\\\/?s={search_term_string}\"},\"query-input\":{\"@type\":\"PropertyValueSpecification\",\"valueRequired\":true,\"valueName\":\"search_term_string\"}}],\"inLanguage\":\"fr-FR\"},{\"@type\":\"Person\",\"@id\":\"https:\\\/\\\/www.gold.fr\\\/news\\\/#\\\/schema\\\/person\\\/070491b4b4fb7671bf59b3be20302ce9\",\"name\":\"Comptoir National de l'Or\",\"image\":{\"@type\":\"ImageObject\",\"inLanguage\":\"fr-FR\",\"@id\":\"https:\\\/\\\/secure.gravatar.com\\\/avatar\\\/0a2867fd5abe37bed95d5a65e9d58f01756e11efc68af9888dfc50cfa7f65948?s=96&d=mm&r=gb490554db0a38188709de567aa58480d\",\"url\":\"https:\\\/\\\/secure.gravatar.com\\\/avatar\\\/0a2867fd5abe37bed95d5a65e9d58f01756e11efc68af9888dfc50cfa7f65948?s=96&d=mm&r=g\",\"contentUrl\":\"https:\\\/\\\/secure.gravatar.com\\\/avatar\\\/0a2867fd5abe37bed95d5a65e9d58f01756e11efc68af9888dfc50cfa7f65948?s=96&d=mm&r=g\",\"caption\":\"Comptoir National de l'Or\"},\"description\":\"Notre r\u00e9daction est constitu\u00e9e de membres experts dans les m\u00e9tiers de l'\u00e9conomie et la gestion, des Responsables d'agence Comptoir National de l'Or, des analystes financiers qui publient r\u00e9guli\u00e8rement des \u00e9tudes sur les politiques des banques centrales, le cours de l'or, prix de l'or, cours de l'argent, prix de l'argent, cours du platine, cours du palladium,... la situation en zone euro et l'impact de la strat\u00e9gie mon\u00e9taire de la FED. Notre \u00e9quipe scrute \u00e9galement une information plus g\u00e9n\u00e9raliste \u00e0 la recherche d'actualit\u00e9 \\\"p\u00e9pite\\\" \u00e0 vous partager. Depuis 5 ans, nous avons publi\u00e9 un peu plus de 4000 articles qui s'adressent \u00e0 un public large et vari\u00e9 ayant pour objectif de satisfaire votre curiosit\u00e9 et de partager avec vous une certaine fascination pour le m\u00e9tal jaune, le rachat d'or, et pour ceux qui veulent investir dans l'or, vendre leur or tout simplement en savoir plus... Pour tous vos achat or et argent, n'h\u00e9sitez pas \u00e0 prendre rendez-vous dans l'un de nos nombreux comptoirs.\",\"sameAs\":[\"https:\\\/\\\/www.gold.fr\"]}]}<\/script>\n<!-- \/ Yoast SEO plugin. -->","yoast_head_json":{"title":"March\u00e9s : Calme relatif et s\u00e9ance \u00e9court\u00e9e - Gold.fr","robots":{"index":"index","follow":"follow","max-snippet":"max-snippet:-1","max-image-preview":"max-image-preview:large","max-video-preview":"max-video-preview:-1"},"canonical":"https:\/\/www.gold.fr\/news\/2015\/12\/24\/marches-calme-relatif-et-seance-ecourtee\/","og_locale":"fr_FR","og_type":"article","og_title":"March\u00e9s : Calme relatif et s\u00e9ance \u00e9court\u00e9e - Gold.fr","og_description":"En d\u00e9pit d&rsquo;une s\u00e9ance qui sera \u00e9court\u00e9e par le lancement officiel des festivit\u00e9s de No\u00ebl, la c\u00f4te \u00e9conomique am\u00e9ricaine de l&rsquo;Atlantique peut d\u00e9j\u00e0 tirer un bilan hebdomadaire positif. Rappelons en effet que les indices US ont [&hellip;]","og_url":"https:\/\/www.gold.fr\/news\/2015\/12\/24\/marches-calme-relatif-et-seance-ecourtee\/","og_site_name":"Gold.fr","article_publisher":"https:\/\/www.facebook.com\/Goldfr\/","article_published_time":"2015-12-24T16:00:19+00:00","article_modified_time":"2017-11-29T16:51:43+00:00","og_image":[{"width":733,"height":400,"url":"https:\/\/www.gold.fr\/news\/wp-content\/uploads\/2012\/05\/or-monnaie.jpg","type":"image\/jpeg"}],"author":"Comptoir National de l'Or","twitter_card":"summary_large_image","twitter_misc":{"\u00c9crit par":"Comptoir National de l'Or","Dur\u00e9e de lecture estim\u00e9e":"1 minute"},"schema":{"@context":"https:\/\/schema.org","@graph":[{"@type":"Article","@id":"https:\/\/www.gold.fr\/news\/2015\/12\/24\/marches-calme-relatif-et-seance-ecourtee\/#article","isPartOf":{"@id":"https:\/\/www.gold.fr\/news\/2015\/12\/24\/marches-calme-relatif-et-seance-ecourtee\/"},"author":{"name":"Comptoir National de l'Or","@id":"https:\/\/www.gold.fr\/news\/#\/schema\/person\/070491b4b4fb7671bf59b3be20302ce9"},"headline":"March\u00e9s : Calme relatif et s\u00e9ance \u00e9court\u00e9e","datePublished":"2015-12-24T16:00:19+00:00","dateModified":"2017-11-29T16:51:43+00:00","mainEntityOfPage":{"@id":"https:\/\/www.gold.fr\/news\/2015\/12\/24\/marches-calme-relatif-et-seance-ecourtee\/"},"wordCount":281,"commentCount":0,"image":{"@id":"https:\/\/www.gold.fr\/news\/2015\/12\/24\/marches-calme-relatif-et-seance-ecourtee\/#primaryimage"},"thumbnailUrl":"https:\/\/www.gold.fr\/news\/wp-content\/uploads\/2012\/05\/or-monnaie.jpg","keywords":["march\u00e9s","US","wall street"],"articleSection":["Articles de presse"],"inLanguage":"fr-FR"},{"@type":"WebPage","@id":"https:\/\/www.gold.fr\/news\/2015\/12\/24\/marches-calme-relatif-et-seance-ecourtee\/","url":"https:\/\/www.gold.fr\/news\/2015\/12\/24\/marches-calme-relatif-et-seance-ecourtee\/","name":"March\u00e9s : Calme relatif et s\u00e9ance \u00e9court\u00e9e - Gold.fr","isPartOf":{"@id":"https:\/\/www.gold.fr\/news\/#website"},"primaryImageOfPage":{"@id":"https:\/\/www.gold.fr\/news\/2015\/12\/24\/marches-calme-relatif-et-seance-ecourtee\/#primaryimage"},"image":{"@id":"https:\/\/www.gold.fr\/news\/2015\/12\/24\/marches-calme-relatif-et-seance-ecourtee\/#primaryimage"},"thumbnailUrl":"https:\/\/www.gold.fr\/news\/wp-content\/uploads\/2012\/05\/or-monnaie.jpg","datePublished":"2015-12-24T16:00:19+00:00","dateModified":"2017-11-29T16:51:43+00:00","author":{"@id":"https:\/\/www.gold.fr\/news\/#\/schema\/person\/070491b4b4fb7671bf59b3be20302ce9"},"breadcrumb":{"@id":"https:\/\/www.gold.fr\/news\/2015\/12\/24\/marches-calme-relatif-et-seance-ecourtee\/#breadcrumb"},"inLanguage":"fr-FR","potentialAction":[{"@type":"ReadAction","target":["https:\/\/www.gold.fr\/news\/2015\/12\/24\/marches-calme-relatif-et-seance-ecourtee\/"]}]},{"@type":"ImageObject","inLanguage":"fr-FR","@id":"https:\/\/www.gold.fr\/news\/2015\/12\/24\/marches-calme-relatif-et-seance-ecourtee\/#primaryimage","url":"https:\/\/www.gold.fr\/news\/wp-content\/uploads\/2012\/05\/or-monnaie.jpg","contentUrl":"https:\/\/www.gold.fr\/news\/wp-content\/uploads\/2012\/05\/or-monnaie.jpg","width":"733","height":"400","caption":"March\u00e9s : En mode \u2018gestion de secousses\u2019"},{"@type":"BreadcrumbList","@id":"https:\/\/www.gold.fr\/news\/2015\/12\/24\/marches-calme-relatif-et-seance-ecourtee\/#breadcrumb","itemListElement":[{"@type":"ListItem","position":1,"name":"Accueil","item":"https:\/\/www.gold.fr\/"},{"@type":"ListItem","position":2,"name":"Actualit\u00e9s","item":"https:\/\/www.gold.fr\/news\/"},{"@type":"ListItem","position":3,"name":"March\u00e9s : Calme relatif et s\u00e9ance \u00e9court\u00e9e"}]},{"@type":"WebSite","@id":"https:\/\/www.gold.fr\/news\/#website","url":"https:\/\/www.gold.fr\/news\/","name":"Gold.fr","description":"Actualit\u00e9s de l&#039;Or et des m\u00e9taux pr\u00e9cieux","potentialAction":[{"@type":"SearchAction","target":{"@type":"EntryPoint","urlTemplate":"https:\/\/www.gold.fr\/news\/?s={search_term_string}"},"query-input":{"@type":"PropertyValueSpecification","valueRequired":true,"valueName":"search_term_string"}}],"inLanguage":"fr-FR"},{"@type":"Person","@id":"https:\/\/www.gold.fr\/news\/#\/schema\/person\/070491b4b4fb7671bf59b3be20302ce9","name":"Comptoir National de l'Or","image":{"@type":"ImageObject","inLanguage":"fr-FR","@id":"https:\/\/secure.gravatar.com\/avatar\/0a2867fd5abe37bed95d5a65e9d58f01756e11efc68af9888dfc50cfa7f65948?s=96&d=mm&r=gb490554db0a38188709de567aa58480d","url":"https:\/\/secure.gravatar.com\/avatar\/0a2867fd5abe37bed95d5a65e9d58f01756e11efc68af9888dfc50cfa7f65948?s=96&d=mm&r=g","contentUrl":"https:\/\/secure.gravatar.com\/avatar\/0a2867fd5abe37bed95d5a65e9d58f01756e11efc68af9888dfc50cfa7f65948?s=96&d=mm&r=g","caption":"Comptoir National de l'Or"},"description":"Notre r\u00e9daction est constitu\u00e9e de membres experts dans les m\u00e9tiers de l'\u00e9conomie et la gestion, des Responsables d'agence Comptoir National de l'Or, des analystes financiers qui publient r\u00e9guli\u00e8rement des \u00e9tudes sur les politiques des banques centrales, le cours de l'or, prix de l'or, cours de l'argent, prix de l'argent, cours du platine, cours du palladium,... la situation en zone euro et l'impact de la strat\u00e9gie mon\u00e9taire de la FED. Notre \u00e9quipe scrute \u00e9galement une information plus g\u00e9n\u00e9raliste \u00e0 la recherche d'actualit\u00e9 \"p\u00e9pite\" \u00e0 vous partager. Depuis 5 ans, nous avons publi\u00e9 un peu plus de 4000 articles qui s'adressent \u00e0 un public large et vari\u00e9 ayant pour objectif de satisfaire votre curiosit\u00e9 et de partager avec vous une certaine fascination pour le m\u00e9tal jaune, le rachat d'or, et pour ceux qui veulent investir dans l'or, vendre leur or tout simplement en savoir plus... Pour tous vos achat or et argent, n'h\u00e9sitez pas \u00e0 prendre rendez-vous dans l'un de nos nombreux comptoirs.","sameAs":["https:\/\/www.gold.fr"]}]}},"authors":[{"term_id":2565,"user_id":18,"is_guest":0,"slug":"julie","display_name":"Comptoir National de l'Or","avatar_url":"https:\/\/secure.gravatar.com\/avatar\/713f289e398d35ead876c4a4cc08607f0d6d266058cfc25683fffb6092d0e572?s=96&d=mm&r=g","0":null,"1":"","2":"","3":"","4":"","5":"","6":"","7":"","8":""}],"_links":{"self":[{"href":"https:\/\/www.gold.fr\/news\/wp-json\/wp\/v2\/posts\/18543","targetHints":{"allow":["GET"]}}],"collection":[{"href":"https:\/\/www.gold.fr\/news\/wp-json\/wp\/v2\/posts"}],"about":[{"href":"https:\/\/www.gold.fr\/news\/wp-json\/wp\/v2\/types\/post"}],"author":[{"embeddable":true,"href":"https:\/\/www.gold.fr\/news\/wp-json\/wp\/v2\/users\/18"}],"replies":[{"embeddable":true,"href":"https:\/\/www.gold.fr\/news\/wp-json\/wp\/v2\/comments?post=18543"}],"version-history":[{"count":0,"href":"https:\/\/www.gold.fr\/news\/wp-json\/wp\/v2\/posts\/18543\/revisions"}],"wp:featuredmedia":[{"embeddable":true,"href":"https:\/\/www.gold.fr\/news\/wp-json\/wp\/v2\/media\/7585"}],"wp:attachment":[{"href":"https:\/\/www.gold.fr\/news\/wp-json\/wp\/v2\/media?parent=18543"}],"wp:term":[{"taxonomy":"category","embeddable":true,"href":"https:\/\/www.gold.fr\/news\/wp-json\/wp\/v2\/categories?post=18543"},{"taxonomy":"post_tag","embeddable":true,"href":"https:\/\/www.gold.fr\/news\/wp-json\/wp\/v2\/tags?post=18543"},{"taxonomy":"author","embeddable":true,"href":"https:\/\/www.gold.fr\/news\/wp-json\/wp\/v2\/ppma_author?post=18543"}],"curies":[{"name":"wp","href":"https:\/\/api.w.org\/{rel}","templated":true}]}}