{"id":18537,"date":"2015-12-24T09:00:48","date_gmt":"2015-12-24T08:00:48","guid":{"rendered":"https:\/\/www.gold.fr\/news\/?p=18537"},"modified":"2017-11-29T17:51:44","modified_gmt":"2017-11-29T16:51:44","slug":"marches-us-retour-a-la-normale","status":"publish","type":"post","link":"https:\/\/www.gold.fr\/news\/2015\/12\/24\/marches-us-retour-a-la-normale\/","title":{"rendered":"March\u00e9s US : Retour \u00e0 la normale"},"content":{"rendered":"<p dir=\"ltr\"><span style=\"font-size: small;\"><img loading=\"lazy\" decoding=\"async\" class=\"size-thumbnail wp-image-9886 alignleft\" title=\"March\u00e9s US : Retour \u00e0 la normale\" src=\"https:\/\/www.gold.fr\/news\/wp-content\/uploads\/2012\/11\/ipad-or-150x150.jpg\" alt=\"\" width=\"150\" height=\"150\" \/>Il aura fallu pr\u00e8s d&rsquo;une semaine de stagnation prononc\u00e9e pour que les march\u00e9s d&rsquo;<a href='https:\/\/www.gold.fr\/news\/tags\/investissement' class='esk-seo-plu-link'>investissement<\/a> am\u00e9ricains r\u00e9ussissent enfin \u00e0 reprendre un rythme de croisi\u00e8re, reprenant une activit\u00e9 plus ou moins normalis\u00e9e et stable. La semaine avait pourtant d\u00e9but\u00e9 sur une note assez morose, mais la reprise des bourses am\u00e9ricaines semble \u00eatre suffisamment solide pour r\u00e9sister m\u00eame aux d\u00e9ceptions macro\u00e9conomiques (\u00e0 l&rsquo;image des chiffres des ventes de logements anciens), soutenues par le traditionnel rallye de No\u00ebl.<\/span><\/p>\n<p dir=\"ltr\"><span style=\"font-size: small;\">La r\u00e9cente r\u00e9union du <strong>FOMC<\/strong> (et derni\u00e8re de l&rsquo;ann\u00e9e <strong>2015<\/strong>) continue toutefois \u00e0 \u00e9clipser certains rendez-vous majeurs dans le calendrier macro\u00e9conomique US. C&rsquo;est notamment le cas des derniers chiffres (stabilis\u00e9s) relatifs \u00e0 la croissance de l&rsquo;\u00e9conomie am\u00e9ricaine, publi\u00e9s par le D\u00e9partement du Commerce au d\u00e9but de la semaine en cours. Les experts ont effectivement estim\u00e9 que \u00ab <em>la r\u00e9vision du PIB am\u00e9ricain fait largement figure de non-\u00e9v\u00e8nement, dans la mesure o\u00f9 la R\u00e9serve f\u00e9d\u00e9rale a d\u00e9j\u00e0 agi avec son premier rel\u00e8vement de taux directeurs la semaine derni\u00e8re<\/em> \u00bb.<\/span><\/p>\n<p>  <span style=\"font-size: small;\">C\u00f4t\u00e9 europ\u00e9en, c&rsquo;est l&rsquo;Espagne qui continue \u00e0 monopoliser toutes les attentions. Les analystes d&rsquo;<strong>Aurel BGC<\/strong> commentent d&rsquo;ailleurs les derniers \u00e9v\u00e9nements de la r\u00e9gion en soulignant que \u00ab <em>la formation d&rsquo;une coalition s&rsquo;annonce compliqu\u00e9e et pourrait prendre plusieurs semaines. Le Congr\u00e8s dispose de deux mois pour \u00e9lire le pr\u00e9sident du gouvernement<\/em> \u00bb, rappelant \u00e9galement que \u00ab <em>sans accord dans ce d\u00e9lai, de nouvelles \u00e9lections devront avoir lieu<\/em> \u00bb.<\/span><\/p>\n<!-- AddThis Advanced Settings generic via filter on the_content --><!-- AddThis Share Buttons generic via filter on the_content -->","protected":false},"excerpt":{"rendered":"<p>Il aura fallu pr\u00e8s d&rsquo;une semaine de stagnation prononc\u00e9e pour que les march\u00e9s d&rsquo;investissement am\u00e9ricains r\u00e9ussissent enfin \u00e0 reprendre un rythme de croisi\u00e8re, reprenant une activit\u00e9 plus ou moins normalis\u00e9e et stable. La semaine avait pourtant [&hellip;]<\/p>\n","protected":false},"author":18,"featured_media":9886,"comment_status":"open","ping_status":"open","sticky":false,"template":"","format":"standard","meta":{"_mbp_gutenberg_autopost":false,"_pgmb_is_evergreen":false,"_pgmb_ap_template_id":0,"footnotes":""},"categories":[6],"tags":[1034,76],"ppma_author":[2565],"class_list":["post-18537","post","type-post","status-publish","format-standard","has-post-thumbnail","hentry","category-articles-de-presse","tag-fomc","tag-or"],"yoast_head":"<!-- This site is optimized with the Yoast SEO plugin v27.5 - https:\/\/yoast.com\/product\/yoast-seo-wordpress\/ -->\n<title>March\u00e9s US : Retour \u00e0 la normale - Gold.fr<\/title>\n<meta name=\"robots\" content=\"index, follow, max-snippet:-1, max-image-preview:large, max-video-preview:-1\" \/>\n<link rel=\"canonical\" href=\"https:\/\/www.gold.fr\/news\/2015\/12\/24\/marches-us-retour-a-la-normale\/\" \/>\n<meta property=\"og:locale\" content=\"fr_FR\" \/>\n<meta property=\"og:type\" content=\"article\" \/>\n<meta property=\"og:title\" content=\"March\u00e9s US : Retour \u00e0 la normale - Gold.fr\" \/>\n<meta property=\"og:description\" content=\"Il aura fallu pr\u00e8s d&rsquo;une semaine de stagnation prononc\u00e9e pour que les march\u00e9s d&rsquo;investissement am\u00e9ricains r\u00e9ussissent enfin \u00e0 reprendre un rythme de croisi\u00e8re, reprenant une activit\u00e9 plus ou moins normalis\u00e9e et stable. La semaine avait pourtant [&hellip;]\" \/>\n<meta property=\"og:url\" content=\"https:\/\/www.gold.fr\/news\/2015\/12\/24\/marches-us-retour-a-la-normale\/\" \/>\n<meta property=\"og:site_name\" content=\"Gold.fr\" \/>\n<meta property=\"article:publisher\" content=\"https:\/\/www.facebook.com\/Goldfr\/\" \/>\n<meta property=\"article:published_time\" content=\"2015-12-24T08:00:48+00:00\" \/>\n<meta property=\"article:modified_time\" content=\"2017-11-29T16:51:44+00:00\" \/>\n<meta property=\"og:image\" content=\"https:\/\/www.gold.fr\/news\/wp-content\/uploads\/2012\/11\/ipad-or.jpg\" \/>\n\t<meta property=\"og:image:width\" content=\"600\" \/>\n\t<meta property=\"og:image:height\" content=\"350\" \/>\n\t<meta property=\"og:image:type\" content=\"image\/jpeg\" \/>\n<meta name=\"author\" content=\"Comptoir National de l&#039;Or\" \/>\n<meta name=\"twitter:card\" content=\"summary_large_image\" \/>\n<meta name=\"twitter:label1\" content=\"\u00c9crit par\" \/>\n\t<meta name=\"twitter:data1\" content=\"Comptoir National de l&#039;Or\" \/>\n\t<meta name=\"twitter:label2\" content=\"Dur\u00e9e de lecture estim\u00e9e\" \/>\n\t<meta name=\"twitter:data2\" content=\"1 minute\" \/>\n<script type=\"application\/ld+json\" class=\"yoast-schema-graph\">{\"@context\":\"https:\\\/\\\/schema.org\",\"@graph\":[{\"@type\":\"Article\",\"@id\":\"https:\\\/\\\/www.gold.fr\\\/news\\\/2015\\\/12\\\/24\\\/marches-us-retour-a-la-normale\\\/#article\",\"isPartOf\":{\"@id\":\"https:\\\/\\\/www.gold.fr\\\/news\\\/2015\\\/12\\\/24\\\/marches-us-retour-a-la-normale\\\/\"},\"author\":{\"name\":\"Comptoir National de l'Or\",\"@id\":\"https:\\\/\\\/www.gold.fr\\\/news\\\/#\\\/schema\\\/person\\\/070491b4b4fb7671bf59b3be20302ce9\"},\"headline\":\"March\u00e9s US : Retour \u00e0 la normale\",\"datePublished\":\"2015-12-24T08:00:48+00:00\",\"dateModified\":\"2017-11-29T16:51:44+00:00\",\"mainEntityOfPage\":{\"@id\":\"https:\\\/\\\/www.gold.fr\\\/news\\\/2015\\\/12\\\/24\\\/marches-us-retour-a-la-normale\\\/\"},\"wordCount\":277,\"commentCount\":0,\"image\":{\"@id\":\"https:\\\/\\\/www.gold.fr\\\/news\\\/2015\\\/12\\\/24\\\/marches-us-retour-a-la-normale\\\/#primaryimage\"},\"thumbnailUrl\":\"https:\\\/\\\/www.gold.fr\\\/news\\\/wp-content\\\/uploads\\\/2012\\\/11\\\/ipad-or.jpg\",\"keywords\":[\"FOMC\",\"Or\"],\"articleSection\":[\"Articles de presse\"],\"inLanguage\":\"fr-FR\"},{\"@type\":\"WebPage\",\"@id\":\"https:\\\/\\\/www.gold.fr\\\/news\\\/2015\\\/12\\\/24\\\/marches-us-retour-a-la-normale\\\/\",\"url\":\"https:\\\/\\\/www.gold.fr\\\/news\\\/2015\\\/12\\\/24\\\/marches-us-retour-a-la-normale\\\/\",\"name\":\"March\u00e9s US : Retour \u00e0 la normale - Gold.fr\",\"isPartOf\":{\"@id\":\"https:\\\/\\\/www.gold.fr\\\/news\\\/#website\"},\"primaryImageOfPage\":{\"@id\":\"https:\\\/\\\/www.gold.fr\\\/news\\\/2015\\\/12\\\/24\\\/marches-us-retour-a-la-normale\\\/#primaryimage\"},\"image\":{\"@id\":\"https:\\\/\\\/www.gold.fr\\\/news\\\/2015\\\/12\\\/24\\\/marches-us-retour-a-la-normale\\\/#primaryimage\"},\"thumbnailUrl\":\"https:\\\/\\\/www.gold.fr\\\/news\\\/wp-content\\\/uploads\\\/2012\\\/11\\\/ipad-or.jpg\",\"datePublished\":\"2015-12-24T08:00:48+00:00\",\"dateModified\":\"2017-11-29T16:51:44+00:00\",\"author\":{\"@id\":\"https:\\\/\\\/www.gold.fr\\\/news\\\/#\\\/schema\\\/person\\\/070491b4b4fb7671bf59b3be20302ce9\"},\"breadcrumb\":{\"@id\":\"https:\\\/\\\/www.gold.fr\\\/news\\\/2015\\\/12\\\/24\\\/marches-us-retour-a-la-normale\\\/#breadcrumb\"},\"inLanguage\":\"fr-FR\",\"potentialAction\":[{\"@type\":\"ReadAction\",\"target\":[\"https:\\\/\\\/www.gold.fr\\\/news\\\/2015\\\/12\\\/24\\\/marches-us-retour-a-la-normale\\\/\"]}]},{\"@type\":\"ImageObject\",\"inLanguage\":\"fr-FR\",\"@id\":\"https:\\\/\\\/www.gold.fr\\\/news\\\/2015\\\/12\\\/24\\\/marches-us-retour-a-la-normale\\\/#primaryimage\",\"url\":\"https:\\\/\\\/www.gold.fr\\\/news\\\/wp-content\\\/uploads\\\/2012\\\/11\\\/ipad-or.jpg\",\"contentUrl\":\"https:\\\/\\\/www.gold.fr\\\/news\\\/wp-content\\\/uploads\\\/2012\\\/11\\\/ipad-or.jpg\",\"width\":\"600\",\"height\":\"350\",\"caption\":\"March\u00e9s US : Retour \u00e0 la normale\"},{\"@type\":\"BreadcrumbList\",\"@id\":\"https:\\\/\\\/www.gold.fr\\\/news\\\/2015\\\/12\\\/24\\\/marches-us-retour-a-la-normale\\\/#breadcrumb\",\"itemListElement\":[{\"@type\":\"ListItem\",\"position\":1,\"name\":\"Accueil\",\"item\":\"https:\\\/\\\/www.gold.fr\\\/\"},{\"@type\":\"ListItem\",\"position\":2,\"name\":\"Actualit\u00e9s\",\"item\":\"https:\\\/\\\/www.gold.fr\\\/news\\\/\"},{\"@type\":\"ListItem\",\"position\":3,\"name\":\"March\u00e9s US : Retour \u00e0 la normale\"}]},{\"@type\":\"WebSite\",\"@id\":\"https:\\\/\\\/www.gold.fr\\\/news\\\/#website\",\"url\":\"https:\\\/\\\/www.gold.fr\\\/news\\\/\",\"name\":\"Gold.fr\",\"description\":\"Actualit\u00e9s de l&#039;Or et des m\u00e9taux pr\u00e9cieux\",\"potentialAction\":[{\"@type\":\"SearchAction\",\"target\":{\"@type\":\"EntryPoint\",\"urlTemplate\":\"https:\\\/\\\/www.gold.fr\\\/news\\\/?s={search_term_string}\"},\"query-input\":{\"@type\":\"PropertyValueSpecification\",\"valueRequired\":true,\"valueName\":\"search_term_string\"}}],\"inLanguage\":\"fr-FR\"},{\"@type\":\"Person\",\"@id\":\"https:\\\/\\\/www.gold.fr\\\/news\\\/#\\\/schema\\\/person\\\/070491b4b4fb7671bf59b3be20302ce9\",\"name\":\"Comptoir National de l'Or\",\"image\":{\"@type\":\"ImageObject\",\"inLanguage\":\"fr-FR\",\"@id\":\"https:\\\/\\\/secure.gravatar.com\\\/avatar\\\/0a2867fd5abe37bed95d5a65e9d58f01756e11efc68af9888dfc50cfa7f65948?s=96&d=mm&r=gb490554db0a38188709de567aa58480d\",\"url\":\"https:\\\/\\\/secure.gravatar.com\\\/avatar\\\/0a2867fd5abe37bed95d5a65e9d58f01756e11efc68af9888dfc50cfa7f65948?s=96&d=mm&r=g\",\"contentUrl\":\"https:\\\/\\\/secure.gravatar.com\\\/avatar\\\/0a2867fd5abe37bed95d5a65e9d58f01756e11efc68af9888dfc50cfa7f65948?s=96&d=mm&r=g\",\"caption\":\"Comptoir National de l'Or\"},\"description\":\"Notre r\u00e9daction est constitu\u00e9e de membres experts dans les m\u00e9tiers de l'\u00e9conomie et la gestion, des Responsables d'agence Comptoir National de l'Or, des analystes financiers qui publient r\u00e9guli\u00e8rement des \u00e9tudes sur les politiques des banques centrales, le cours de l'or, prix de l'or, cours de l'argent, prix de l'argent, cours du platine, cours du palladium,... la situation en zone euro et l'impact de la strat\u00e9gie mon\u00e9taire de la FED. Notre \u00e9quipe scrute \u00e9galement une information plus g\u00e9n\u00e9raliste \u00e0 la recherche d'actualit\u00e9 \\\"p\u00e9pite\\\" \u00e0 vous partager. Depuis 5 ans, nous avons publi\u00e9 un peu plus de 4000 articles qui s'adressent \u00e0 un public large et vari\u00e9 ayant pour objectif de satisfaire votre curiosit\u00e9 et de partager avec vous une certaine fascination pour le m\u00e9tal jaune, le rachat d'or, et pour ceux qui veulent investir dans l'or, vendre leur or tout simplement en savoir plus... Pour tous vos achat or et argent, n'h\u00e9sitez pas \u00e0 prendre rendez-vous dans l'un de nos nombreux comptoirs.\",\"sameAs\":[\"https:\\\/\\\/www.gold.fr\"]}]}<\/script>\n<!-- \/ Yoast SEO plugin. -->","yoast_head_json":{"title":"March\u00e9s US : Retour \u00e0 la normale - Gold.fr","robots":{"index":"index","follow":"follow","max-snippet":"max-snippet:-1","max-image-preview":"max-image-preview:large","max-video-preview":"max-video-preview:-1"},"canonical":"https:\/\/www.gold.fr\/news\/2015\/12\/24\/marches-us-retour-a-la-normale\/","og_locale":"fr_FR","og_type":"article","og_title":"March\u00e9s US : Retour \u00e0 la normale - Gold.fr","og_description":"Il aura fallu pr\u00e8s d&rsquo;une semaine de stagnation prononc\u00e9e pour que les march\u00e9s d&rsquo;investissement am\u00e9ricains r\u00e9ussissent enfin \u00e0 reprendre un rythme de croisi\u00e8re, reprenant une activit\u00e9 plus ou moins normalis\u00e9e et stable. La semaine avait pourtant [&hellip;]","og_url":"https:\/\/www.gold.fr\/news\/2015\/12\/24\/marches-us-retour-a-la-normale\/","og_site_name":"Gold.fr","article_publisher":"https:\/\/www.facebook.com\/Goldfr\/","article_published_time":"2015-12-24T08:00:48+00:00","article_modified_time":"2017-11-29T16:51:44+00:00","og_image":[{"width":600,"height":350,"url":"https:\/\/www.gold.fr\/news\/wp-content\/uploads\/2012\/11\/ipad-or.jpg","type":"image\/jpeg"}],"author":"Comptoir National de l'Or","twitter_card":"summary_large_image","twitter_misc":{"\u00c9crit par":"Comptoir National de l'Or","Dur\u00e9e de lecture estim\u00e9e":"1 minute"},"schema":{"@context":"https:\/\/schema.org","@graph":[{"@type":"Article","@id":"https:\/\/www.gold.fr\/news\/2015\/12\/24\/marches-us-retour-a-la-normale\/#article","isPartOf":{"@id":"https:\/\/www.gold.fr\/news\/2015\/12\/24\/marches-us-retour-a-la-normale\/"},"author":{"name":"Comptoir National de l'Or","@id":"https:\/\/www.gold.fr\/news\/#\/schema\/person\/070491b4b4fb7671bf59b3be20302ce9"},"headline":"March\u00e9s US : Retour \u00e0 la normale","datePublished":"2015-12-24T08:00:48+00:00","dateModified":"2017-11-29T16:51:44+00:00","mainEntityOfPage":{"@id":"https:\/\/www.gold.fr\/news\/2015\/12\/24\/marches-us-retour-a-la-normale\/"},"wordCount":277,"commentCount":0,"image":{"@id":"https:\/\/www.gold.fr\/news\/2015\/12\/24\/marches-us-retour-a-la-normale\/#primaryimage"},"thumbnailUrl":"https:\/\/www.gold.fr\/news\/wp-content\/uploads\/2012\/11\/ipad-or.jpg","keywords":["FOMC","Or"],"articleSection":["Articles de presse"],"inLanguage":"fr-FR"},{"@type":"WebPage","@id":"https:\/\/www.gold.fr\/news\/2015\/12\/24\/marches-us-retour-a-la-normale\/","url":"https:\/\/www.gold.fr\/news\/2015\/12\/24\/marches-us-retour-a-la-normale\/","name":"March\u00e9s US : Retour \u00e0 la normale - Gold.fr","isPartOf":{"@id":"https:\/\/www.gold.fr\/news\/#website"},"primaryImageOfPage":{"@id":"https:\/\/www.gold.fr\/news\/2015\/12\/24\/marches-us-retour-a-la-normale\/#primaryimage"},"image":{"@id":"https:\/\/www.gold.fr\/news\/2015\/12\/24\/marches-us-retour-a-la-normale\/#primaryimage"},"thumbnailUrl":"https:\/\/www.gold.fr\/news\/wp-content\/uploads\/2012\/11\/ipad-or.jpg","datePublished":"2015-12-24T08:00:48+00:00","dateModified":"2017-11-29T16:51:44+00:00","author":{"@id":"https:\/\/www.gold.fr\/news\/#\/schema\/person\/070491b4b4fb7671bf59b3be20302ce9"},"breadcrumb":{"@id":"https:\/\/www.gold.fr\/news\/2015\/12\/24\/marches-us-retour-a-la-normale\/#breadcrumb"},"inLanguage":"fr-FR","potentialAction":[{"@type":"ReadAction","target":["https:\/\/www.gold.fr\/news\/2015\/12\/24\/marches-us-retour-a-la-normale\/"]}]},{"@type":"ImageObject","inLanguage":"fr-FR","@id":"https:\/\/www.gold.fr\/news\/2015\/12\/24\/marches-us-retour-a-la-normale\/#primaryimage","url":"https:\/\/www.gold.fr\/news\/wp-content\/uploads\/2012\/11\/ipad-or.jpg","contentUrl":"https:\/\/www.gold.fr\/news\/wp-content\/uploads\/2012\/11\/ipad-or.jpg","width":"600","height":"350","caption":"March\u00e9s US : Retour \u00e0 la normale"},{"@type":"BreadcrumbList","@id":"https:\/\/www.gold.fr\/news\/2015\/12\/24\/marches-us-retour-a-la-normale\/#breadcrumb","itemListElement":[{"@type":"ListItem","position":1,"name":"Accueil","item":"https:\/\/www.gold.fr\/"},{"@type":"ListItem","position":2,"name":"Actualit\u00e9s","item":"https:\/\/www.gold.fr\/news\/"},{"@type":"ListItem","position":3,"name":"March\u00e9s US : Retour \u00e0 la normale"}]},{"@type":"WebSite","@id":"https:\/\/www.gold.fr\/news\/#website","url":"https:\/\/www.gold.fr\/news\/","name":"Gold.fr","description":"Actualit\u00e9s de l&#039;Or et des m\u00e9taux pr\u00e9cieux","potentialAction":[{"@type":"SearchAction","target":{"@type":"EntryPoint","urlTemplate":"https:\/\/www.gold.fr\/news\/?s={search_term_string}"},"query-input":{"@type":"PropertyValueSpecification","valueRequired":true,"valueName":"search_term_string"}}],"inLanguage":"fr-FR"},{"@type":"Person","@id":"https:\/\/www.gold.fr\/news\/#\/schema\/person\/070491b4b4fb7671bf59b3be20302ce9","name":"Comptoir National de l'Or","image":{"@type":"ImageObject","inLanguage":"fr-FR","@id":"https:\/\/secure.gravatar.com\/avatar\/0a2867fd5abe37bed95d5a65e9d58f01756e11efc68af9888dfc50cfa7f65948?s=96&d=mm&r=gb490554db0a38188709de567aa58480d","url":"https:\/\/secure.gravatar.com\/avatar\/0a2867fd5abe37bed95d5a65e9d58f01756e11efc68af9888dfc50cfa7f65948?s=96&d=mm&r=g","contentUrl":"https:\/\/secure.gravatar.com\/avatar\/0a2867fd5abe37bed95d5a65e9d58f01756e11efc68af9888dfc50cfa7f65948?s=96&d=mm&r=g","caption":"Comptoir National de l'Or"},"description":"Notre r\u00e9daction est constitu\u00e9e de membres experts dans les m\u00e9tiers de l'\u00e9conomie et la gestion, des Responsables d'agence Comptoir National de l'Or, des analystes financiers qui publient r\u00e9guli\u00e8rement des \u00e9tudes sur les politiques des banques centrales, le cours de l'or, prix de l'or, cours de l'argent, prix de l'argent, cours du platine, cours du palladium,... la situation en zone euro et l'impact de la strat\u00e9gie mon\u00e9taire de la FED. Notre \u00e9quipe scrute \u00e9galement une information plus g\u00e9n\u00e9raliste \u00e0 la recherche d'actualit\u00e9 \"p\u00e9pite\" \u00e0 vous partager. Depuis 5 ans, nous avons publi\u00e9 un peu plus de 4000 articles qui s'adressent \u00e0 un public large et vari\u00e9 ayant pour objectif de satisfaire votre curiosit\u00e9 et de partager avec vous une certaine fascination pour le m\u00e9tal jaune, le rachat d'or, et pour ceux qui veulent investir dans l'or, vendre leur or tout simplement en savoir plus... Pour tous vos achat or et argent, n'h\u00e9sitez pas \u00e0 prendre rendez-vous dans l'un de nos nombreux comptoirs.","sameAs":["https:\/\/www.gold.fr"]}]}},"authors":[{"term_id":2565,"user_id":18,"is_guest":0,"slug":"julie","display_name":"Comptoir National de l'Or","avatar_url":"https:\/\/secure.gravatar.com\/avatar\/713f289e398d35ead876c4a4cc08607f0d6d266058cfc25683fffb6092d0e572?s=96&d=mm&r=g","0":null,"1":"","2":"","3":"","4":"","5":"","6":"","7":"","8":""}],"_links":{"self":[{"href":"https:\/\/www.gold.fr\/news\/wp-json\/wp\/v2\/posts\/18537","targetHints":{"allow":["GET"]}}],"collection":[{"href":"https:\/\/www.gold.fr\/news\/wp-json\/wp\/v2\/posts"}],"about":[{"href":"https:\/\/www.gold.fr\/news\/wp-json\/wp\/v2\/types\/post"}],"author":[{"embeddable":true,"href":"https:\/\/www.gold.fr\/news\/wp-json\/wp\/v2\/users\/18"}],"replies":[{"embeddable":true,"href":"https:\/\/www.gold.fr\/news\/wp-json\/wp\/v2\/comments?post=18537"}],"version-history":[{"count":0,"href":"https:\/\/www.gold.fr\/news\/wp-json\/wp\/v2\/posts\/18537\/revisions"}],"wp:featuredmedia":[{"embeddable":true,"href":"https:\/\/www.gold.fr\/news\/wp-json\/wp\/v2\/media\/9886"}],"wp:attachment":[{"href":"https:\/\/www.gold.fr\/news\/wp-json\/wp\/v2\/media?parent=18537"}],"wp:term":[{"taxonomy":"category","embeddable":true,"href":"https:\/\/www.gold.fr\/news\/wp-json\/wp\/v2\/categories?post=18537"},{"taxonomy":"post_tag","embeddable":true,"href":"https:\/\/www.gold.fr\/news\/wp-json\/wp\/v2\/tags?post=18537"},{"taxonomy":"author","embeddable":true,"href":"https:\/\/www.gold.fr\/news\/wp-json\/wp\/v2\/ppma_author?post=18537"}],"curies":[{"name":"wp","href":"https:\/\/api.w.org\/{rel}","templated":true}]}}