{"id":18482,"date":"2015-12-16T09:00:39","date_gmt":"2015-12-16T08:00:39","guid":{"rendered":"https:\/\/www.gold.fr\/news\/?p=18482"},"modified":"2017-11-29T17:51:54","modified_gmt":"2017-11-29T16:51:54","slug":"fomc-aucune-incidence-attendue-sur-lor","status":"publish","type":"post","link":"https:\/\/www.gold.fr\/news\/2015\/12\/16\/fomc-aucune-incidence-attendue-sur-lor\/","title":{"rendered":"FOMC : Aucune incidence attendue sur l\u2019or"},"content":{"rendered":"<p><span style=\"font-size: small;\"><img loading=\"lazy\" decoding=\"async\" class=\"alignleft size-thumbnail wp-image-5788\" title=\"FOMC : Aucune incidence attendue sur l\u2019or\" src=\"https:\/\/www.gold.fr\/news\/wp-content\/uploads\/2012\/02\/Lingot-piece-or-150x150.jpg\" alt=\"\" width=\"150\" height=\"150\" \/>Avec la crise du secteur p\u00e9trolier et parap\u00e9trolier, c&rsquo;est pourtant le sujet qui fait couler le plus d&rsquo;encre, depuis des semaines, et qui suscite surtout tout autant d&rsquo;inqui\u00e9tudes et de craintes, notamment au sein des march\u00e9s des mati\u00e8res premi\u00e8res, avec celui de l&rsquo;<a href='https:\/\/www.gold.fr\/news\/tags\/or' class='esk-seo-plu-link'>or<\/a> en t\u00eate. Mais, en d\u00e9pit de ce spectre persistant, bon nombre d&rsquo;experts affirment avec conviction que la prochaine r\u00e9union du comit\u00e9 de direction de la politique mon\u00e9taire de la <strong>FED<\/strong> ne risque pas d&rsquo;avoir plus d&rsquo;incidence sur le cours du <a href='https:\/\/www.gold.fr\/news\/tags\/or' class='esk-seo-plu-link'>m\u00e9tal jaune<\/a> que sa perspective m\u00eame n&rsquo;en a d\u00e9j\u00e0 eue.<\/span>    <span style=\"font-size: small;\">La question s&rsquo;est d&rsquo;ailleurs impos\u00e9e \u00e0 l&rsquo;ordre du jour de la r\u00e9cente conf\u00e9rence bisannuelle du <strong>Swiss Mining Institute<\/strong> qui s&rsquo;est tenue \u00e0 <strong>Zurich<\/strong>. Les g\u00e9ants boursiers et miniers du secteur aurif\u00e8re, r\u00e9unis \u00e0 l&rsquo;occasion, ont \u00e9voqu\u00e9 le risque \u00ab<em> invoqu\u00e9 par les banques d&rsquo;une \u00e9ventuelle d\u00e9pr\u00e9ciation de l&rsquo;<a href='https:\/\/www.gold.fr\/news\/tags\/or' class='esk-seo-plu-link'>or<\/a> en cas de rel\u00e8vement des taux d&rsquo;int\u00e9r\u00eats par la FED<\/em> \u00bb. Selon leur consensus \u00e0 ce sujet, la reprise du billet vert (r\u00e9sultant automatiquement d&rsquo;une telle strat\u00e9gie mon\u00e9taire) a d\u00e9j\u00e0 \u00e9t\u00e9 int\u00e9gr\u00e9e dans la vague de baisse subie r\u00e9cemment par le march\u00e9 de l&rsquo;<a href='https:\/\/www.gold.fr\/news\/tags\/or' class='esk-seo-plu-link'>or<\/a>.<\/span>    <span style=\"font-size: small;\"><strong>Claude Bejet<\/strong>, co-fondateur du <strong>Swiss Mining Investment Club<\/strong>, souligne \u00e0 ce sujet que \u00ab <em>les craintes li\u00e9es \u00e0 une telle man\u0153uvre de la Fed sont largement surestim\u00e9es<\/em> \u00bb, estimant qu&rsquo;un \u00ab <em>rel\u00e8vement de 0,5 point n&rsquo;aurait aucune influence sur le prix de l&rsquo;<a href='https:\/\/www.gold.fr\/news\/tags\/or' class='esk-seo-plu-link'>or<\/a><\/em> \u00bb et que \u00ab<em> la corr\u00e9lation invers\u00e9e entre billet vert et <a href='https:\/\/www.gold.fr\/news\/tags\/or' class='esk-seo-plu-link'>m\u00e9tal jaune<\/a> n&rsquo;est historiquement corr\u00e9l\u00e9e \u00e0 rien, et donc passag\u00e8re<\/em> \u00bb.<\/span><\/p>\n<!-- AddThis Advanced Settings generic via filter on the_content --><!-- AddThis Share Buttons generic via filter on the_content -->","protected":false},"excerpt":{"rendered":"<p>Avec la crise du secteur p\u00e9trolier et parap\u00e9trolier, c&rsquo;est pourtant le sujet qui fait couler le plus d&rsquo;encre, depuis des semaines, et qui suscite surtout tout autant d&rsquo;inqui\u00e9tudes et de craintes, notamment au sein des march\u00e9s [&hellip;]<\/p>\n","protected":false},"author":18,"featured_media":5788,"comment_status":"open","ping_status":"open","sticky":false,"template":"","format":"standard","meta":{"_mbp_gutenberg_autopost":false,"_pgmb_is_evergreen":false,"_pgmb_ap_template_id":0,"footnotes":""},"categories":[6],"tags":[144,1034,76,962],"ppma_author":[2565],"class_list":["post-18482","post","type-post","status-publish","format-standard","has-post-thumbnail","hentry","category-articles-de-presse","tag-fed","tag-fomc","tag-or","tag-prix-or"],"yoast_head":"<!-- This site is optimized with the Yoast SEO plugin v27.5 - https:\/\/yoast.com\/product\/yoast-seo-wordpress\/ -->\n<title>FOMC : Aucune incidence attendue sur l\u2019or - Gold.fr<\/title>\n<meta name=\"robots\" content=\"index, follow, max-snippet:-1, max-image-preview:large, max-video-preview:-1\" \/>\n<link rel=\"canonical\" href=\"https:\/\/www.gold.fr\/news\/2015\/12\/16\/fomc-aucune-incidence-attendue-sur-lor\/\" \/>\n<meta property=\"og:locale\" content=\"fr_FR\" \/>\n<meta property=\"og:type\" content=\"article\" \/>\n<meta property=\"og:title\" content=\"FOMC : Aucune incidence attendue sur l\u2019or - Gold.fr\" \/>\n<meta property=\"og:description\" content=\"Avec la crise du secteur p\u00e9trolier et parap\u00e9trolier, c&rsquo;est pourtant le sujet qui fait couler le plus d&rsquo;encre, depuis des semaines, et qui suscite surtout tout autant d&rsquo;inqui\u00e9tudes et de craintes, notamment au sein des march\u00e9s [&hellip;]\" \/>\n<meta property=\"og:url\" content=\"https:\/\/www.gold.fr\/news\/2015\/12\/16\/fomc-aucune-incidence-attendue-sur-lor\/\" \/>\n<meta property=\"og:site_name\" content=\"Gold.fr\" \/>\n<meta property=\"article:publisher\" content=\"https:\/\/www.facebook.com\/Goldfr\/\" \/>\n<meta property=\"article:published_time\" content=\"2015-12-16T08:00:39+00:00\" \/>\n<meta property=\"article:modified_time\" content=\"2017-11-29T16:51:54+00:00\" \/>\n<meta property=\"og:image\" content=\"https:\/\/www.gold.fr\/news\/wp-content\/uploads\/2012\/02\/Lingot-piece-or.jpg\" \/>\n\t<meta property=\"og:image:width\" content=\"600\" \/>\n\t<meta property=\"og:image:height\" content=\"469\" \/>\n\t<meta property=\"og:image:type\" content=\"image\/jpeg\" \/>\n<meta name=\"author\" content=\"Comptoir National de l&#039;Or\" \/>\n<meta name=\"twitter:card\" content=\"summary_large_image\" \/>\n<meta name=\"twitter:label1\" content=\"\u00c9crit par\" \/>\n\t<meta name=\"twitter:data1\" content=\"Comptoir National de l&#039;Or\" \/>\n\t<meta name=\"twitter:label2\" content=\"Dur\u00e9e de lecture estim\u00e9e\" \/>\n\t<meta name=\"twitter:data2\" content=\"1 minute\" \/>\n<script type=\"application\/ld+json\" class=\"yoast-schema-graph\">{\"@context\":\"https:\\\/\\\/schema.org\",\"@graph\":[{\"@type\":\"Article\",\"@id\":\"https:\\\/\\\/www.gold.fr\\\/news\\\/2015\\\/12\\\/16\\\/fomc-aucune-incidence-attendue-sur-lor\\\/#article\",\"isPartOf\":{\"@id\":\"https:\\\/\\\/www.gold.fr\\\/news\\\/2015\\\/12\\\/16\\\/fomc-aucune-incidence-attendue-sur-lor\\\/\"},\"author\":{\"name\":\"Comptoir National de l'Or\",\"@id\":\"https:\\\/\\\/www.gold.fr\\\/news\\\/#\\\/schema\\\/person\\\/070491b4b4fb7671bf59b3be20302ce9\"},\"headline\":\"FOMC : Aucune incidence attendue sur l\u2019or\",\"datePublished\":\"2015-12-16T08:00:39+00:00\",\"dateModified\":\"2017-11-29T16:51:54+00:00\",\"mainEntityOfPage\":{\"@id\":\"https:\\\/\\\/www.gold.fr\\\/news\\\/2015\\\/12\\\/16\\\/fomc-aucune-incidence-attendue-sur-lor\\\/\"},\"wordCount\":304,\"commentCount\":0,\"image\":{\"@id\":\"https:\\\/\\\/www.gold.fr\\\/news\\\/2015\\\/12\\\/16\\\/fomc-aucune-incidence-attendue-sur-lor\\\/#primaryimage\"},\"thumbnailUrl\":\"https:\\\/\\\/www.gold.fr\\\/news\\\/wp-content\\\/uploads\\\/2012\\\/02\\\/Lingot-piece-or.jpg\",\"keywords\":[\"fed\",\"FOMC\",\"Or\",\"prix or\"],\"articleSection\":[\"Articles de presse\"],\"inLanguage\":\"fr-FR\"},{\"@type\":\"WebPage\",\"@id\":\"https:\\\/\\\/www.gold.fr\\\/news\\\/2015\\\/12\\\/16\\\/fomc-aucune-incidence-attendue-sur-lor\\\/\",\"url\":\"https:\\\/\\\/www.gold.fr\\\/news\\\/2015\\\/12\\\/16\\\/fomc-aucune-incidence-attendue-sur-lor\\\/\",\"name\":\"FOMC : Aucune incidence attendue sur l\u2019or - Gold.fr\",\"isPartOf\":{\"@id\":\"https:\\\/\\\/www.gold.fr\\\/news\\\/#website\"},\"primaryImageOfPage\":{\"@id\":\"https:\\\/\\\/www.gold.fr\\\/news\\\/2015\\\/12\\\/16\\\/fomc-aucune-incidence-attendue-sur-lor\\\/#primaryimage\"},\"image\":{\"@id\":\"https:\\\/\\\/www.gold.fr\\\/news\\\/2015\\\/12\\\/16\\\/fomc-aucune-incidence-attendue-sur-lor\\\/#primaryimage\"},\"thumbnailUrl\":\"https:\\\/\\\/www.gold.fr\\\/news\\\/wp-content\\\/uploads\\\/2012\\\/02\\\/Lingot-piece-or.jpg\",\"datePublished\":\"2015-12-16T08:00:39+00:00\",\"dateModified\":\"2017-11-29T16:51:54+00:00\",\"author\":{\"@id\":\"https:\\\/\\\/www.gold.fr\\\/news\\\/#\\\/schema\\\/person\\\/070491b4b4fb7671bf59b3be20302ce9\"},\"breadcrumb\":{\"@id\":\"https:\\\/\\\/www.gold.fr\\\/news\\\/2015\\\/12\\\/16\\\/fomc-aucune-incidence-attendue-sur-lor\\\/#breadcrumb\"},\"inLanguage\":\"fr-FR\",\"potentialAction\":[{\"@type\":\"ReadAction\",\"target\":[\"https:\\\/\\\/www.gold.fr\\\/news\\\/2015\\\/12\\\/16\\\/fomc-aucune-incidence-attendue-sur-lor\\\/\"]}]},{\"@type\":\"ImageObject\",\"inLanguage\":\"fr-FR\",\"@id\":\"https:\\\/\\\/www.gold.fr\\\/news\\\/2015\\\/12\\\/16\\\/fomc-aucune-incidence-attendue-sur-lor\\\/#primaryimage\",\"url\":\"https:\\\/\\\/www.gold.fr\\\/news\\\/wp-content\\\/uploads\\\/2012\\\/02\\\/Lingot-piece-or.jpg\",\"contentUrl\":\"https:\\\/\\\/www.gold.fr\\\/news\\\/wp-content\\\/uploads\\\/2012\\\/02\\\/Lingot-piece-or.jpg\",\"width\":\"600\",\"height\":\"469\",\"caption\":\"L\u2019once progresse suite aux frappes am\u00e9ricaines en Syrie\"},{\"@type\":\"BreadcrumbList\",\"@id\":\"https:\\\/\\\/www.gold.fr\\\/news\\\/2015\\\/12\\\/16\\\/fomc-aucune-incidence-attendue-sur-lor\\\/#breadcrumb\",\"itemListElement\":[{\"@type\":\"ListItem\",\"position\":1,\"name\":\"Accueil\",\"item\":\"https:\\\/\\\/www.gold.fr\\\/\"},{\"@type\":\"ListItem\",\"position\":2,\"name\":\"Actualit\u00e9s\",\"item\":\"https:\\\/\\\/www.gold.fr\\\/news\\\/\"},{\"@type\":\"ListItem\",\"position\":3,\"name\":\"FOMC : Aucune incidence attendue sur l\u2019or\"}]},{\"@type\":\"WebSite\",\"@id\":\"https:\\\/\\\/www.gold.fr\\\/news\\\/#website\",\"url\":\"https:\\\/\\\/www.gold.fr\\\/news\\\/\",\"name\":\"Gold.fr\",\"description\":\"Actualit\u00e9s de l&#039;Or et des m\u00e9taux pr\u00e9cieux\",\"potentialAction\":[{\"@type\":\"SearchAction\",\"target\":{\"@type\":\"EntryPoint\",\"urlTemplate\":\"https:\\\/\\\/www.gold.fr\\\/news\\\/?s={search_term_string}\"},\"query-input\":{\"@type\":\"PropertyValueSpecification\",\"valueRequired\":true,\"valueName\":\"search_term_string\"}}],\"inLanguage\":\"fr-FR\"},{\"@type\":\"Person\",\"@id\":\"https:\\\/\\\/www.gold.fr\\\/news\\\/#\\\/schema\\\/person\\\/070491b4b4fb7671bf59b3be20302ce9\",\"name\":\"Comptoir National de l'Or\",\"image\":{\"@type\":\"ImageObject\",\"inLanguage\":\"fr-FR\",\"@id\":\"https:\\\/\\\/secure.gravatar.com\\\/avatar\\\/0a2867fd5abe37bed95d5a65e9d58f01756e11efc68af9888dfc50cfa7f65948?s=96&d=mm&r=gb490554db0a38188709de567aa58480d\",\"url\":\"https:\\\/\\\/secure.gravatar.com\\\/avatar\\\/0a2867fd5abe37bed95d5a65e9d58f01756e11efc68af9888dfc50cfa7f65948?s=96&d=mm&r=g\",\"contentUrl\":\"https:\\\/\\\/secure.gravatar.com\\\/avatar\\\/0a2867fd5abe37bed95d5a65e9d58f01756e11efc68af9888dfc50cfa7f65948?s=96&d=mm&r=g\",\"caption\":\"Comptoir National de l'Or\"},\"description\":\"Notre r\u00e9daction est constitu\u00e9e de membres experts dans les m\u00e9tiers de l'\u00e9conomie et la gestion, des Responsables d'agence Comptoir National de l'Or, des analystes financiers qui publient r\u00e9guli\u00e8rement des \u00e9tudes sur les politiques des banques centrales, le cours de l'or, prix de l'or, cours de l'argent, prix de l'argent, cours du platine, cours du palladium,... la situation en zone euro et l'impact de la strat\u00e9gie mon\u00e9taire de la FED. Notre \u00e9quipe scrute \u00e9galement une information plus g\u00e9n\u00e9raliste \u00e0 la recherche d'actualit\u00e9 \\\"p\u00e9pite\\\" \u00e0 vous partager. Depuis 5 ans, nous avons publi\u00e9 un peu plus de 4000 articles qui s'adressent \u00e0 un public large et vari\u00e9 ayant pour objectif de satisfaire votre curiosit\u00e9 et de partager avec vous une certaine fascination pour le m\u00e9tal jaune, le rachat d'or, et pour ceux qui veulent investir dans l'or, vendre leur or tout simplement en savoir plus... Pour tous vos achat or et argent, n'h\u00e9sitez pas \u00e0 prendre rendez-vous dans l'un de nos nombreux comptoirs.\",\"sameAs\":[\"https:\\\/\\\/www.gold.fr\"]}]}<\/script>\n<!-- \/ Yoast SEO plugin. -->","yoast_head_json":{"title":"FOMC : Aucune incidence attendue sur l\u2019or - Gold.fr","robots":{"index":"index","follow":"follow","max-snippet":"max-snippet:-1","max-image-preview":"max-image-preview:large","max-video-preview":"max-video-preview:-1"},"canonical":"https:\/\/www.gold.fr\/news\/2015\/12\/16\/fomc-aucune-incidence-attendue-sur-lor\/","og_locale":"fr_FR","og_type":"article","og_title":"FOMC : Aucune incidence attendue sur l\u2019or - Gold.fr","og_description":"Avec la crise du secteur p\u00e9trolier et parap\u00e9trolier, c&rsquo;est pourtant le sujet qui fait couler le plus d&rsquo;encre, depuis des semaines, et qui suscite surtout tout autant d&rsquo;inqui\u00e9tudes et de craintes, notamment au sein des march\u00e9s [&hellip;]","og_url":"https:\/\/www.gold.fr\/news\/2015\/12\/16\/fomc-aucune-incidence-attendue-sur-lor\/","og_site_name":"Gold.fr","article_publisher":"https:\/\/www.facebook.com\/Goldfr\/","article_published_time":"2015-12-16T08:00:39+00:00","article_modified_time":"2017-11-29T16:51:54+00:00","og_image":[{"width":600,"height":469,"url":"https:\/\/www.gold.fr\/news\/wp-content\/uploads\/2012\/02\/Lingot-piece-or.jpg","type":"image\/jpeg"}],"author":"Comptoir National de l'Or","twitter_card":"summary_large_image","twitter_misc":{"\u00c9crit par":"Comptoir National de l'Or","Dur\u00e9e de lecture estim\u00e9e":"1 minute"},"schema":{"@context":"https:\/\/schema.org","@graph":[{"@type":"Article","@id":"https:\/\/www.gold.fr\/news\/2015\/12\/16\/fomc-aucune-incidence-attendue-sur-lor\/#article","isPartOf":{"@id":"https:\/\/www.gold.fr\/news\/2015\/12\/16\/fomc-aucune-incidence-attendue-sur-lor\/"},"author":{"name":"Comptoir National de l'Or","@id":"https:\/\/www.gold.fr\/news\/#\/schema\/person\/070491b4b4fb7671bf59b3be20302ce9"},"headline":"FOMC : Aucune incidence attendue sur l\u2019or","datePublished":"2015-12-16T08:00:39+00:00","dateModified":"2017-11-29T16:51:54+00:00","mainEntityOfPage":{"@id":"https:\/\/www.gold.fr\/news\/2015\/12\/16\/fomc-aucune-incidence-attendue-sur-lor\/"},"wordCount":304,"commentCount":0,"image":{"@id":"https:\/\/www.gold.fr\/news\/2015\/12\/16\/fomc-aucune-incidence-attendue-sur-lor\/#primaryimage"},"thumbnailUrl":"https:\/\/www.gold.fr\/news\/wp-content\/uploads\/2012\/02\/Lingot-piece-or.jpg","keywords":["fed","FOMC","Or","prix or"],"articleSection":["Articles de presse"],"inLanguage":"fr-FR"},{"@type":"WebPage","@id":"https:\/\/www.gold.fr\/news\/2015\/12\/16\/fomc-aucune-incidence-attendue-sur-lor\/","url":"https:\/\/www.gold.fr\/news\/2015\/12\/16\/fomc-aucune-incidence-attendue-sur-lor\/","name":"FOMC : Aucune incidence attendue sur l\u2019or - Gold.fr","isPartOf":{"@id":"https:\/\/www.gold.fr\/news\/#website"},"primaryImageOfPage":{"@id":"https:\/\/www.gold.fr\/news\/2015\/12\/16\/fomc-aucune-incidence-attendue-sur-lor\/#primaryimage"},"image":{"@id":"https:\/\/www.gold.fr\/news\/2015\/12\/16\/fomc-aucune-incidence-attendue-sur-lor\/#primaryimage"},"thumbnailUrl":"https:\/\/www.gold.fr\/news\/wp-content\/uploads\/2012\/02\/Lingot-piece-or.jpg","datePublished":"2015-12-16T08:00:39+00:00","dateModified":"2017-11-29T16:51:54+00:00","author":{"@id":"https:\/\/www.gold.fr\/news\/#\/schema\/person\/070491b4b4fb7671bf59b3be20302ce9"},"breadcrumb":{"@id":"https:\/\/www.gold.fr\/news\/2015\/12\/16\/fomc-aucune-incidence-attendue-sur-lor\/#breadcrumb"},"inLanguage":"fr-FR","potentialAction":[{"@type":"ReadAction","target":["https:\/\/www.gold.fr\/news\/2015\/12\/16\/fomc-aucune-incidence-attendue-sur-lor\/"]}]},{"@type":"ImageObject","inLanguage":"fr-FR","@id":"https:\/\/www.gold.fr\/news\/2015\/12\/16\/fomc-aucune-incidence-attendue-sur-lor\/#primaryimage","url":"https:\/\/www.gold.fr\/news\/wp-content\/uploads\/2012\/02\/Lingot-piece-or.jpg","contentUrl":"https:\/\/www.gold.fr\/news\/wp-content\/uploads\/2012\/02\/Lingot-piece-or.jpg","width":"600","height":"469","caption":"L\u2019once progresse suite aux frappes am\u00e9ricaines en Syrie"},{"@type":"BreadcrumbList","@id":"https:\/\/www.gold.fr\/news\/2015\/12\/16\/fomc-aucune-incidence-attendue-sur-lor\/#breadcrumb","itemListElement":[{"@type":"ListItem","position":1,"name":"Accueil","item":"https:\/\/www.gold.fr\/"},{"@type":"ListItem","position":2,"name":"Actualit\u00e9s","item":"https:\/\/www.gold.fr\/news\/"},{"@type":"ListItem","position":3,"name":"FOMC : Aucune incidence attendue sur l\u2019or"}]},{"@type":"WebSite","@id":"https:\/\/www.gold.fr\/news\/#website","url":"https:\/\/www.gold.fr\/news\/","name":"Gold.fr","description":"Actualit\u00e9s de l&#039;Or et des m\u00e9taux pr\u00e9cieux","potentialAction":[{"@type":"SearchAction","target":{"@type":"EntryPoint","urlTemplate":"https:\/\/www.gold.fr\/news\/?s={search_term_string}"},"query-input":{"@type":"PropertyValueSpecification","valueRequired":true,"valueName":"search_term_string"}}],"inLanguage":"fr-FR"},{"@type":"Person","@id":"https:\/\/www.gold.fr\/news\/#\/schema\/person\/070491b4b4fb7671bf59b3be20302ce9","name":"Comptoir National de l'Or","image":{"@type":"ImageObject","inLanguage":"fr-FR","@id":"https:\/\/secure.gravatar.com\/avatar\/0a2867fd5abe37bed95d5a65e9d58f01756e11efc68af9888dfc50cfa7f65948?s=96&d=mm&r=gb490554db0a38188709de567aa58480d","url":"https:\/\/secure.gravatar.com\/avatar\/0a2867fd5abe37bed95d5a65e9d58f01756e11efc68af9888dfc50cfa7f65948?s=96&d=mm&r=g","contentUrl":"https:\/\/secure.gravatar.com\/avatar\/0a2867fd5abe37bed95d5a65e9d58f01756e11efc68af9888dfc50cfa7f65948?s=96&d=mm&r=g","caption":"Comptoir National de l'Or"},"description":"Notre r\u00e9daction est constitu\u00e9e de membres experts dans les m\u00e9tiers de l'\u00e9conomie et la gestion, des Responsables d'agence Comptoir National de l'Or, des analystes financiers qui publient r\u00e9guli\u00e8rement des \u00e9tudes sur les politiques des banques centrales, le cours de l'or, prix de l'or, cours de l'argent, prix de l'argent, cours du platine, cours du palladium,... la situation en zone euro et l'impact de la strat\u00e9gie mon\u00e9taire de la FED. Notre \u00e9quipe scrute \u00e9galement une information plus g\u00e9n\u00e9raliste \u00e0 la recherche d'actualit\u00e9 \"p\u00e9pite\" \u00e0 vous partager. Depuis 5 ans, nous avons publi\u00e9 un peu plus de 4000 articles qui s'adressent \u00e0 un public large et vari\u00e9 ayant pour objectif de satisfaire votre curiosit\u00e9 et de partager avec vous une certaine fascination pour le m\u00e9tal jaune, le rachat d'or, et pour ceux qui veulent investir dans l'or, vendre leur or tout simplement en savoir plus... Pour tous vos achat or et argent, n'h\u00e9sitez pas \u00e0 prendre rendez-vous dans l'un de nos nombreux comptoirs.","sameAs":["https:\/\/www.gold.fr"]}]}},"authors":[{"term_id":2565,"user_id":18,"is_guest":0,"slug":"julie","display_name":"Comptoir National de l'Or","avatar_url":"https:\/\/secure.gravatar.com\/avatar\/713f289e398d35ead876c4a4cc08607f0d6d266058cfc25683fffb6092d0e572?s=96&d=mm&r=g","0":null,"1":"","2":"","3":"","4":"","5":"","6":"","7":"","8":""}],"_links":{"self":[{"href":"https:\/\/www.gold.fr\/news\/wp-json\/wp\/v2\/posts\/18482","targetHints":{"allow":["GET"]}}],"collection":[{"href":"https:\/\/www.gold.fr\/news\/wp-json\/wp\/v2\/posts"}],"about":[{"href":"https:\/\/www.gold.fr\/news\/wp-json\/wp\/v2\/types\/post"}],"author":[{"embeddable":true,"href":"https:\/\/www.gold.fr\/news\/wp-json\/wp\/v2\/users\/18"}],"replies":[{"embeddable":true,"href":"https:\/\/www.gold.fr\/news\/wp-json\/wp\/v2\/comments?post=18482"}],"version-history":[{"count":0,"href":"https:\/\/www.gold.fr\/news\/wp-json\/wp\/v2\/posts\/18482\/revisions"}],"wp:featuredmedia":[{"embeddable":true,"href":"https:\/\/www.gold.fr\/news\/wp-json\/wp\/v2\/media\/5788"}],"wp:attachment":[{"href":"https:\/\/www.gold.fr\/news\/wp-json\/wp\/v2\/media?parent=18482"}],"wp:term":[{"taxonomy":"category","embeddable":true,"href":"https:\/\/www.gold.fr\/news\/wp-json\/wp\/v2\/categories?post=18482"},{"taxonomy":"post_tag","embeddable":true,"href":"https:\/\/www.gold.fr\/news\/wp-json\/wp\/v2\/tags?post=18482"},{"taxonomy":"author","embeddable":true,"href":"https:\/\/www.gold.fr\/news\/wp-json\/wp\/v2\/ppma_author?post=18482"}],"curies":[{"name":"wp","href":"https:\/\/api.w.org\/{rel}","templated":true}]}}