{"id":18421,"date":"2015-12-04T17:00:17","date_gmt":"2015-12-04T16:00:17","guid":{"rendered":"https:\/\/www.gold.fr\/news\/?p=18421"},"modified":"2017-11-29T17:52:08","modified_gmt":"2017-11-29T16:52:08","slug":"bce-le-retour-en-force-de-leffet-draghi","status":"publish","type":"post","link":"https:\/\/www.gold.fr\/news\/2015\/12\/04\/bce-le-retour-en-force-de-leffet-draghi\/","title":{"rendered":"BCE : Le retour en force de \u00ab l\u2019effet Draghi \u00bb"},"content":{"rendered":"<p><span style=\"font-size: small;\"><img loading=\"lazy\" decoding=\"async\" class=\"alignleft size-thumbnail wp-image-8430\" title=\"BCE : Le retour en force de \u00ab l\u2019effet Draghi \u00bb\" src=\"https:\/\/www.gold.fr\/news\/wp-content\/uploads\/2012\/07\/europe-or-150x150.jpg\" alt=\"\" width=\"150\" height=\"150\" \/>Bon nombre d&rsquo;observateurs avaient remis en doute la capacit\u00e9 de <strong>Mario Draghi<\/strong> \u00e0 satisfaire toutes les (tr\u00e8s hautes) attentes des march\u00e9s et des op\u00e9rateurs, jusqu&rsquo;au bout. Mais c&rsquo;\u00e9tait compter sans la d\u00e9sormais l\u00e9gendaire aptitude du pr\u00e9sident de la banque centrale europ\u00e9enne \u00e0 semer l&rsquo;optimisme et la bonne humeur dans chaque recoin des march\u00e9s boursiers europ\u00e9ens.<\/span>    <span style=\"font-size: small;\">Au terme de la r\u00e9union du conseil des gouverneurs de la banque centrale europ\u00e9enne, tenue \u00e0 Francfort, <strong>Draghi<\/strong> a donc anim\u00e9 une conf\u00e9rence \u00e0 l&rsquo;occasion de laquelle il a annonc\u00e9 une s\u00e9rie de nouvelles mesures toujours aussi accommodantes qui devraient continuer \u00e0 servir de solides b\u00e9quilles \u00e0 l&rsquo;ensemble des \u00e9conomies de la zone euro. Ces mesures incluent, entre autres ; prolongation du programme de rachats d&rsquo;actifs <strong>QE<\/strong> (<strong>60 milliards d&rsquo;<a href='https:\/\/www.gold.fr\/news\/tags\/investissement' class='esk-seo-plu-link'>euros<\/a><\/strong> mensuels, prolong\u00e9s jusqu&rsquo;au mois de mars 2017, au moins, au lieu de septembre <strong>2016<\/strong>), baisse de la facilit\u00e9 de d\u00e9p\u00f4t de <strong>10 points<\/strong> de base \u00e0 <strong>-0,30%<\/strong>, ainsi que le r\u00e9<a href='https:\/\/www.gold.fr\/news\/tags\/investissement' class='esk-seo-plu-link'>investissement<\/a> des recettes issues des actifs d\u00e9tenus, augmentant du coup le volume du <strong>QE<\/strong>. Par ailleurs, Natixis rapporte \u00e9galement que \u00ab <em>les actifs \u00e9ligibles concernent d\u00e9sormais aussi les actifs de march\u00e9 des gouvernements r\u00e9gionaux et locaux de la zone euro<\/em> \u00bb.<\/span>    <span style=\"font-size: small;\"><strong>Mario Draghi<\/strong> n&rsquo;a pas manqu\u00e9, dans le cadre de son discours d&rsquo;introduction, de souligner que \u00ab <em>ces d\u00e9cisions ont pour but de s\u00e9curiser un retour des taux d&rsquo;inflation vers des niveaux inf\u00e9rieurs, mais proches de 2%, et ainsi d&rsquo;ancrer les perspectives d&rsquo;inflation \u00e0 moyen terme<\/em> \u00bb.<\/span><\/p>\n<!-- AddThis Advanced Settings generic via filter on the_content --><!-- AddThis Share Buttons generic via filter on the_content -->","protected":false},"excerpt":{"rendered":"<p>Bon nombre d&rsquo;observateurs avaient remis en doute la capacit\u00e9 de Mario Draghi \u00e0 satisfaire toutes les (tr\u00e8s hautes) attentes des march\u00e9s et des op\u00e9rateurs, jusqu&rsquo;au bout. Mais c&rsquo;\u00e9tait compter sans la d\u00e9sormais l\u00e9gendaire aptitude du pr\u00e9sident [&hellip;]<\/p>\n","protected":false},"author":18,"featured_media":8430,"comment_status":"open","ping_status":"open","sticky":false,"template":"","format":"standard","meta":{"_mbp_gutenberg_autopost":false,"_pgmb_is_evergreen":false,"_pgmb_ap_template_id":0,"footnotes":""},"categories":[6],"tags":[143,1897,494],"ppma_author":[2565],"class_list":["post-18421","post","type-post","status-publish","format-standard","has-post-thumbnail","hentry","category-articles-de-presse","tag-bce","tag-draghi","tag-qe"],"yoast_head":"<!-- This site is optimized with the Yoast SEO plugin v27.5 - https:\/\/yoast.com\/product\/yoast-seo-wordpress\/ -->\n<title>BCE : Le retour en force de \u00ab l\u2019effet Draghi \u00bb - Gold.fr<\/title>\n<meta name=\"robots\" content=\"index, follow, max-snippet:-1, max-image-preview:large, max-video-preview:-1\" \/>\n<link rel=\"canonical\" href=\"https:\/\/www.gold.fr\/news\/2015\/12\/04\/bce-le-retour-en-force-de-leffet-draghi\/\" \/>\n<meta property=\"og:locale\" content=\"fr_FR\" \/>\n<meta property=\"og:type\" content=\"article\" \/>\n<meta property=\"og:title\" content=\"BCE : Le retour en force de \u00ab l\u2019effet Draghi \u00bb - Gold.fr\" \/>\n<meta property=\"og:description\" content=\"Bon nombre d&rsquo;observateurs avaient remis en doute la capacit\u00e9 de Mario Draghi \u00e0 satisfaire toutes les (tr\u00e8s hautes) attentes des march\u00e9s et des op\u00e9rateurs, jusqu&rsquo;au bout. Mais c&rsquo;\u00e9tait compter sans la d\u00e9sormais l\u00e9gendaire aptitude du pr\u00e9sident [&hellip;]\" \/>\n<meta property=\"og:url\" content=\"https:\/\/www.gold.fr\/news\/2015\/12\/04\/bce-le-retour-en-force-de-leffet-draghi\/\" \/>\n<meta property=\"og:site_name\" content=\"Gold.fr\" \/>\n<meta property=\"article:publisher\" content=\"https:\/\/www.facebook.com\/Goldfr\/\" \/>\n<meta property=\"article:published_time\" content=\"2015-12-04T16:00:17+00:00\" \/>\n<meta property=\"article:modified_time\" content=\"2017-11-29T16:52:08+00:00\" \/>\n<meta property=\"og:image\" content=\"https:\/\/www.gold.fr\/news\/wp-content\/uploads\/2012\/07\/europe-or.jpg\" \/>\n\t<meta property=\"og:image:width\" content=\"600\" \/>\n\t<meta property=\"og:image:height\" content=\"468\" \/>\n\t<meta property=\"og:image:type\" content=\"image\/jpeg\" \/>\n<meta name=\"author\" content=\"Comptoir National de l&#039;Or\" \/>\n<meta name=\"twitter:card\" content=\"summary_large_image\" \/>\n<meta name=\"twitter:label1\" content=\"\u00c9crit par\" \/>\n\t<meta name=\"twitter:data1\" content=\"Comptoir National de l&#039;Or\" \/>\n\t<meta name=\"twitter:label2\" content=\"Dur\u00e9e de lecture estim\u00e9e\" \/>\n\t<meta name=\"twitter:data2\" content=\"1 minute\" \/>\n<script type=\"application\/ld+json\" class=\"yoast-schema-graph\">{\"@context\":\"https:\\\/\\\/schema.org\",\"@graph\":[{\"@type\":\"Article\",\"@id\":\"https:\\\/\\\/www.gold.fr\\\/news\\\/2015\\\/12\\\/04\\\/bce-le-retour-en-force-de-leffet-draghi\\\/#article\",\"isPartOf\":{\"@id\":\"https:\\\/\\\/www.gold.fr\\\/news\\\/2015\\\/12\\\/04\\\/bce-le-retour-en-force-de-leffet-draghi\\\/\"},\"author\":{\"name\":\"Comptoir National de l'Or\",\"@id\":\"https:\\\/\\\/www.gold.fr\\\/news\\\/#\\\/schema\\\/person\\\/070491b4b4fb7671bf59b3be20302ce9\"},\"headline\":\"BCE : Le retour en force de \u00ab l\u2019effet Draghi \u00bb\",\"datePublished\":\"2015-12-04T16:00:17+00:00\",\"dateModified\":\"2017-11-29T16:52:08+00:00\",\"mainEntityOfPage\":{\"@id\":\"https:\\\/\\\/www.gold.fr\\\/news\\\/2015\\\/12\\\/04\\\/bce-le-retour-en-force-de-leffet-draghi\\\/\"},\"wordCount\":271,\"commentCount\":0,\"image\":{\"@id\":\"https:\\\/\\\/www.gold.fr\\\/news\\\/2015\\\/12\\\/04\\\/bce-le-retour-en-force-de-leffet-draghi\\\/#primaryimage\"},\"thumbnailUrl\":\"https:\\\/\\\/www.gold.fr\\\/news\\\/wp-content\\\/uploads\\\/2012\\\/07\\\/europe-or.jpg\",\"keywords\":[\"bce\",\"Draghi\",\"QE\"],\"articleSection\":[\"Articles de presse\"],\"inLanguage\":\"fr-FR\"},{\"@type\":\"WebPage\",\"@id\":\"https:\\\/\\\/www.gold.fr\\\/news\\\/2015\\\/12\\\/04\\\/bce-le-retour-en-force-de-leffet-draghi\\\/\",\"url\":\"https:\\\/\\\/www.gold.fr\\\/news\\\/2015\\\/12\\\/04\\\/bce-le-retour-en-force-de-leffet-draghi\\\/\",\"name\":\"BCE : Le retour en force de \u00ab l\u2019effet Draghi \u00bb - Gold.fr\",\"isPartOf\":{\"@id\":\"https:\\\/\\\/www.gold.fr\\\/news\\\/#website\"},\"primaryImageOfPage\":{\"@id\":\"https:\\\/\\\/www.gold.fr\\\/news\\\/2015\\\/12\\\/04\\\/bce-le-retour-en-force-de-leffet-draghi\\\/#primaryimage\"},\"image\":{\"@id\":\"https:\\\/\\\/www.gold.fr\\\/news\\\/2015\\\/12\\\/04\\\/bce-le-retour-en-force-de-leffet-draghi\\\/#primaryimage\"},\"thumbnailUrl\":\"https:\\\/\\\/www.gold.fr\\\/news\\\/wp-content\\\/uploads\\\/2012\\\/07\\\/europe-or.jpg\",\"datePublished\":\"2015-12-04T16:00:17+00:00\",\"dateModified\":\"2017-11-29T16:52:08+00:00\",\"author\":{\"@id\":\"https:\\\/\\\/www.gold.fr\\\/news\\\/#\\\/schema\\\/person\\\/070491b4b4fb7671bf59b3be20302ce9\"},\"breadcrumb\":{\"@id\":\"https:\\\/\\\/www.gold.fr\\\/news\\\/2015\\\/12\\\/04\\\/bce-le-retour-en-force-de-leffet-draghi\\\/#breadcrumb\"},\"inLanguage\":\"fr-FR\",\"potentialAction\":[{\"@type\":\"ReadAction\",\"target\":[\"https:\\\/\\\/www.gold.fr\\\/news\\\/2015\\\/12\\\/04\\\/bce-le-retour-en-force-de-leffet-draghi\\\/\"]}]},{\"@type\":\"ImageObject\",\"inLanguage\":\"fr-FR\",\"@id\":\"https:\\\/\\\/www.gold.fr\\\/news\\\/2015\\\/12\\\/04\\\/bce-le-retour-en-force-de-leffet-draghi\\\/#primaryimage\",\"url\":\"https:\\\/\\\/www.gold.fr\\\/news\\\/wp-content\\\/uploads\\\/2012\\\/07\\\/europe-or.jpg\",\"contentUrl\":\"https:\\\/\\\/www.gold.fr\\\/news\\\/wp-content\\\/uploads\\\/2012\\\/07\\\/europe-or.jpg\",\"width\":\"600\",\"height\":\"468\",\"caption\":\"L\u2019once en \u00e9quilibre apr\u00e8s le long week-end de P\u00e2ques\"},{\"@type\":\"BreadcrumbList\",\"@id\":\"https:\\\/\\\/www.gold.fr\\\/news\\\/2015\\\/12\\\/04\\\/bce-le-retour-en-force-de-leffet-draghi\\\/#breadcrumb\",\"itemListElement\":[{\"@type\":\"ListItem\",\"position\":1,\"name\":\"Accueil\",\"item\":\"https:\\\/\\\/www.gold.fr\\\/\"},{\"@type\":\"ListItem\",\"position\":2,\"name\":\"Actualit\u00e9s\",\"item\":\"https:\\\/\\\/www.gold.fr\\\/news\\\/\"},{\"@type\":\"ListItem\",\"position\":3,\"name\":\"BCE : Le retour en force de \u00ab l\u2019effet Draghi \u00bb\"}]},{\"@type\":\"WebSite\",\"@id\":\"https:\\\/\\\/www.gold.fr\\\/news\\\/#website\",\"url\":\"https:\\\/\\\/www.gold.fr\\\/news\\\/\",\"name\":\"Gold.fr\",\"description\":\"Actualit\u00e9s de l&#039;Or et des m\u00e9taux pr\u00e9cieux\",\"potentialAction\":[{\"@type\":\"SearchAction\",\"target\":{\"@type\":\"EntryPoint\",\"urlTemplate\":\"https:\\\/\\\/www.gold.fr\\\/news\\\/?s={search_term_string}\"},\"query-input\":{\"@type\":\"PropertyValueSpecification\",\"valueRequired\":true,\"valueName\":\"search_term_string\"}}],\"inLanguage\":\"fr-FR\"},{\"@type\":\"Person\",\"@id\":\"https:\\\/\\\/www.gold.fr\\\/news\\\/#\\\/schema\\\/person\\\/070491b4b4fb7671bf59b3be20302ce9\",\"name\":\"Comptoir National de l'Or\",\"image\":{\"@type\":\"ImageObject\",\"inLanguage\":\"fr-FR\",\"@id\":\"https:\\\/\\\/secure.gravatar.com\\\/avatar\\\/0a2867fd5abe37bed95d5a65e9d58f01756e11efc68af9888dfc50cfa7f65948?s=96&d=mm&r=gb490554db0a38188709de567aa58480d\",\"url\":\"https:\\\/\\\/secure.gravatar.com\\\/avatar\\\/0a2867fd5abe37bed95d5a65e9d58f01756e11efc68af9888dfc50cfa7f65948?s=96&d=mm&r=g\",\"contentUrl\":\"https:\\\/\\\/secure.gravatar.com\\\/avatar\\\/0a2867fd5abe37bed95d5a65e9d58f01756e11efc68af9888dfc50cfa7f65948?s=96&d=mm&r=g\",\"caption\":\"Comptoir National de l'Or\"},\"description\":\"Notre r\u00e9daction est constitu\u00e9e de membres experts dans les m\u00e9tiers de l'\u00e9conomie et la gestion, des Responsables d'agence Comptoir National de l'Or, des analystes financiers qui publient r\u00e9guli\u00e8rement des \u00e9tudes sur les politiques des banques centrales, le cours de l'or, prix de l'or, cours de l'argent, prix de l'argent, cours du platine, cours du palladium,... la situation en zone euro et l'impact de la strat\u00e9gie mon\u00e9taire de la FED. Notre \u00e9quipe scrute \u00e9galement une information plus g\u00e9n\u00e9raliste \u00e0 la recherche d'actualit\u00e9 \\\"p\u00e9pite\\\" \u00e0 vous partager. Depuis 5 ans, nous avons publi\u00e9 un peu plus de 4000 articles qui s'adressent \u00e0 un public large et vari\u00e9 ayant pour objectif de satisfaire votre curiosit\u00e9 et de partager avec vous une certaine fascination pour le m\u00e9tal jaune, le rachat d'or, et pour ceux qui veulent investir dans l'or, vendre leur or tout simplement en savoir plus... Pour tous vos achat or et argent, n'h\u00e9sitez pas \u00e0 prendre rendez-vous dans l'un de nos nombreux comptoirs.\",\"sameAs\":[\"https:\\\/\\\/www.gold.fr\"]}]}<\/script>\n<!-- \/ Yoast SEO plugin. -->","yoast_head_json":{"title":"BCE : Le retour en force de \u00ab l\u2019effet Draghi \u00bb - Gold.fr","robots":{"index":"index","follow":"follow","max-snippet":"max-snippet:-1","max-image-preview":"max-image-preview:large","max-video-preview":"max-video-preview:-1"},"canonical":"https:\/\/www.gold.fr\/news\/2015\/12\/04\/bce-le-retour-en-force-de-leffet-draghi\/","og_locale":"fr_FR","og_type":"article","og_title":"BCE : Le retour en force de \u00ab l\u2019effet Draghi \u00bb - Gold.fr","og_description":"Bon nombre d&rsquo;observateurs avaient remis en doute la capacit\u00e9 de Mario Draghi \u00e0 satisfaire toutes les (tr\u00e8s hautes) attentes des march\u00e9s et des op\u00e9rateurs, jusqu&rsquo;au bout. Mais c&rsquo;\u00e9tait compter sans la d\u00e9sormais l\u00e9gendaire aptitude du pr\u00e9sident [&hellip;]","og_url":"https:\/\/www.gold.fr\/news\/2015\/12\/04\/bce-le-retour-en-force-de-leffet-draghi\/","og_site_name":"Gold.fr","article_publisher":"https:\/\/www.facebook.com\/Goldfr\/","article_published_time":"2015-12-04T16:00:17+00:00","article_modified_time":"2017-11-29T16:52:08+00:00","og_image":[{"width":600,"height":468,"url":"https:\/\/www.gold.fr\/news\/wp-content\/uploads\/2012\/07\/europe-or.jpg","type":"image\/jpeg"}],"author":"Comptoir National de l'Or","twitter_card":"summary_large_image","twitter_misc":{"\u00c9crit par":"Comptoir National de l'Or","Dur\u00e9e de lecture estim\u00e9e":"1 minute"},"schema":{"@context":"https:\/\/schema.org","@graph":[{"@type":"Article","@id":"https:\/\/www.gold.fr\/news\/2015\/12\/04\/bce-le-retour-en-force-de-leffet-draghi\/#article","isPartOf":{"@id":"https:\/\/www.gold.fr\/news\/2015\/12\/04\/bce-le-retour-en-force-de-leffet-draghi\/"},"author":{"name":"Comptoir National de l'Or","@id":"https:\/\/www.gold.fr\/news\/#\/schema\/person\/070491b4b4fb7671bf59b3be20302ce9"},"headline":"BCE : Le retour en force de \u00ab l\u2019effet Draghi \u00bb","datePublished":"2015-12-04T16:00:17+00:00","dateModified":"2017-11-29T16:52:08+00:00","mainEntityOfPage":{"@id":"https:\/\/www.gold.fr\/news\/2015\/12\/04\/bce-le-retour-en-force-de-leffet-draghi\/"},"wordCount":271,"commentCount":0,"image":{"@id":"https:\/\/www.gold.fr\/news\/2015\/12\/04\/bce-le-retour-en-force-de-leffet-draghi\/#primaryimage"},"thumbnailUrl":"https:\/\/www.gold.fr\/news\/wp-content\/uploads\/2012\/07\/europe-or.jpg","keywords":["bce","Draghi","QE"],"articleSection":["Articles de presse"],"inLanguage":"fr-FR"},{"@type":"WebPage","@id":"https:\/\/www.gold.fr\/news\/2015\/12\/04\/bce-le-retour-en-force-de-leffet-draghi\/","url":"https:\/\/www.gold.fr\/news\/2015\/12\/04\/bce-le-retour-en-force-de-leffet-draghi\/","name":"BCE : Le retour en force de \u00ab l\u2019effet Draghi \u00bb - Gold.fr","isPartOf":{"@id":"https:\/\/www.gold.fr\/news\/#website"},"primaryImageOfPage":{"@id":"https:\/\/www.gold.fr\/news\/2015\/12\/04\/bce-le-retour-en-force-de-leffet-draghi\/#primaryimage"},"image":{"@id":"https:\/\/www.gold.fr\/news\/2015\/12\/04\/bce-le-retour-en-force-de-leffet-draghi\/#primaryimage"},"thumbnailUrl":"https:\/\/www.gold.fr\/news\/wp-content\/uploads\/2012\/07\/europe-or.jpg","datePublished":"2015-12-04T16:00:17+00:00","dateModified":"2017-11-29T16:52:08+00:00","author":{"@id":"https:\/\/www.gold.fr\/news\/#\/schema\/person\/070491b4b4fb7671bf59b3be20302ce9"},"breadcrumb":{"@id":"https:\/\/www.gold.fr\/news\/2015\/12\/04\/bce-le-retour-en-force-de-leffet-draghi\/#breadcrumb"},"inLanguage":"fr-FR","potentialAction":[{"@type":"ReadAction","target":["https:\/\/www.gold.fr\/news\/2015\/12\/04\/bce-le-retour-en-force-de-leffet-draghi\/"]}]},{"@type":"ImageObject","inLanguage":"fr-FR","@id":"https:\/\/www.gold.fr\/news\/2015\/12\/04\/bce-le-retour-en-force-de-leffet-draghi\/#primaryimage","url":"https:\/\/www.gold.fr\/news\/wp-content\/uploads\/2012\/07\/europe-or.jpg","contentUrl":"https:\/\/www.gold.fr\/news\/wp-content\/uploads\/2012\/07\/europe-or.jpg","width":"600","height":"468","caption":"L\u2019once en \u00e9quilibre apr\u00e8s le long week-end de P\u00e2ques"},{"@type":"BreadcrumbList","@id":"https:\/\/www.gold.fr\/news\/2015\/12\/04\/bce-le-retour-en-force-de-leffet-draghi\/#breadcrumb","itemListElement":[{"@type":"ListItem","position":1,"name":"Accueil","item":"https:\/\/www.gold.fr\/"},{"@type":"ListItem","position":2,"name":"Actualit\u00e9s","item":"https:\/\/www.gold.fr\/news\/"},{"@type":"ListItem","position":3,"name":"BCE : Le retour en force de \u00ab l\u2019effet Draghi \u00bb"}]},{"@type":"WebSite","@id":"https:\/\/www.gold.fr\/news\/#website","url":"https:\/\/www.gold.fr\/news\/","name":"Gold.fr","description":"Actualit\u00e9s de l&#039;Or et des m\u00e9taux pr\u00e9cieux","potentialAction":[{"@type":"SearchAction","target":{"@type":"EntryPoint","urlTemplate":"https:\/\/www.gold.fr\/news\/?s={search_term_string}"},"query-input":{"@type":"PropertyValueSpecification","valueRequired":true,"valueName":"search_term_string"}}],"inLanguage":"fr-FR"},{"@type":"Person","@id":"https:\/\/www.gold.fr\/news\/#\/schema\/person\/070491b4b4fb7671bf59b3be20302ce9","name":"Comptoir National de l'Or","image":{"@type":"ImageObject","inLanguage":"fr-FR","@id":"https:\/\/secure.gravatar.com\/avatar\/0a2867fd5abe37bed95d5a65e9d58f01756e11efc68af9888dfc50cfa7f65948?s=96&d=mm&r=gb490554db0a38188709de567aa58480d","url":"https:\/\/secure.gravatar.com\/avatar\/0a2867fd5abe37bed95d5a65e9d58f01756e11efc68af9888dfc50cfa7f65948?s=96&d=mm&r=g","contentUrl":"https:\/\/secure.gravatar.com\/avatar\/0a2867fd5abe37bed95d5a65e9d58f01756e11efc68af9888dfc50cfa7f65948?s=96&d=mm&r=g","caption":"Comptoir National de l'Or"},"description":"Notre r\u00e9daction est constitu\u00e9e de membres experts dans les m\u00e9tiers de l'\u00e9conomie et la gestion, des Responsables d'agence Comptoir National de l'Or, des analystes financiers qui publient r\u00e9guli\u00e8rement des \u00e9tudes sur les politiques des banques centrales, le cours de l'or, prix de l'or, cours de l'argent, prix de l'argent, cours du platine, cours du palladium,... la situation en zone euro et l'impact de la strat\u00e9gie mon\u00e9taire de la FED. Notre \u00e9quipe scrute \u00e9galement une information plus g\u00e9n\u00e9raliste \u00e0 la recherche d'actualit\u00e9 \"p\u00e9pite\" \u00e0 vous partager. Depuis 5 ans, nous avons publi\u00e9 un peu plus de 4000 articles qui s'adressent \u00e0 un public large et vari\u00e9 ayant pour objectif de satisfaire votre curiosit\u00e9 et de partager avec vous une certaine fascination pour le m\u00e9tal jaune, le rachat d'or, et pour ceux qui veulent investir dans l'or, vendre leur or tout simplement en savoir plus... Pour tous vos achat or et argent, n'h\u00e9sitez pas \u00e0 prendre rendez-vous dans l'un de nos nombreux comptoirs.","sameAs":["https:\/\/www.gold.fr"]}]}},"authors":[{"term_id":2565,"user_id":18,"is_guest":0,"slug":"julie","display_name":"Comptoir National de l'Or","avatar_url":"https:\/\/secure.gravatar.com\/avatar\/713f289e398d35ead876c4a4cc08607f0d6d266058cfc25683fffb6092d0e572?s=96&d=mm&r=g","0":null,"1":"","2":"","3":"","4":"","5":"","6":"","7":"","8":""}],"_links":{"self":[{"href":"https:\/\/www.gold.fr\/news\/wp-json\/wp\/v2\/posts\/18421","targetHints":{"allow":["GET"]}}],"collection":[{"href":"https:\/\/www.gold.fr\/news\/wp-json\/wp\/v2\/posts"}],"about":[{"href":"https:\/\/www.gold.fr\/news\/wp-json\/wp\/v2\/types\/post"}],"author":[{"embeddable":true,"href":"https:\/\/www.gold.fr\/news\/wp-json\/wp\/v2\/users\/18"}],"replies":[{"embeddable":true,"href":"https:\/\/www.gold.fr\/news\/wp-json\/wp\/v2\/comments?post=18421"}],"version-history":[{"count":0,"href":"https:\/\/www.gold.fr\/news\/wp-json\/wp\/v2\/posts\/18421\/revisions"}],"wp:featuredmedia":[{"embeddable":true,"href":"https:\/\/www.gold.fr\/news\/wp-json\/wp\/v2\/media\/8430"}],"wp:attachment":[{"href":"https:\/\/www.gold.fr\/news\/wp-json\/wp\/v2\/media?parent=18421"}],"wp:term":[{"taxonomy":"category","embeddable":true,"href":"https:\/\/www.gold.fr\/news\/wp-json\/wp\/v2\/categories?post=18421"},{"taxonomy":"post_tag","embeddable":true,"href":"https:\/\/www.gold.fr\/news\/wp-json\/wp\/v2\/tags?post=18421"},{"taxonomy":"author","embeddable":true,"href":"https:\/\/www.gold.fr\/news\/wp-json\/wp\/v2\/ppma_author?post=18421"}],"curies":[{"name":"wp","href":"https:\/\/api.w.org\/{rel}","templated":true}]}}