{"id":18409,"date":"2015-12-02T17:00:00","date_gmt":"2015-12-02T16:00:00","guid":{"rendered":"https:\/\/www.gold.fr\/news\/?p=18409"},"modified":"2017-11-29T17:52:11","modified_gmt":"2017-11-29T16:52:11","slug":"reunion-bce-entre-optimisme-et-prudence","status":"publish","type":"post","link":"https:\/\/www.gold.fr\/news\/2015\/12\/02\/reunion-bce-entre-optimisme-et-prudence\/","title":{"rendered":"R\u00e9union BCE : Entre optimisme et prudence"},"content":{"rendered":"<p><span style=\"font-size: small;\"><img loading=\"lazy\" decoding=\"async\" class=\"alignleft size-thumbnail wp-image-4621\" title=\"R\u00e9union BCE : Entre optimisme et prudence\" src=\"https:\/\/www.gold.fr\/news\/wp-content\/uploads\/2011\/12\/cours-de-lor6-150x150.jpg\" alt=\"\" width=\"150\" height=\"150\" \/>Si les statistiques macro\u00e9conomiques de la semaine apportent, pour certains, une nouvelle raison d\u2019esp\u00e9rer, elles poussent d\u2019autres \u00e0 voter pour une strat\u00e9gie de prudence. A quelques heures de la r\u00e9union du conseil des gouverneurs de la banque centrale europ\u00e9enne, les jeux semblent certes faits et leur aboutissement largement pr\u00e9visible, mais certains observateurs persistent \u00e0 croire que Draghi pourrait encore surprendre.<\/span>    <span style=\"font-size: small;\">La derni\u00e8re statistique parue en zone euro, jusqu\u2019ici, \u00e9tait celle relative \u00e0 l\u2019\u00e9volution du taux de ch\u00f4mage qui est ressorti \u00e0 <strong>10,7%<\/strong> en octobre, soit un repli par rapport au taux de <strong>10,8%<\/strong> enregistr\u00e9 en septembre. Notons que ce chiffre repr\u00e9sente le plus bas de ce volet depuis le mois de janvier 2012.<\/span>    <span style=\"font-size: small;\">Pour l\u2019heure, la plupart des experts semblent opter pour une strat\u00e9gie \u00e9vasive qui ne les engage en rien. C\u2019est notamment le cas du courtier <strong>XTB France<\/strong> qui se contente de souligner que \u00ab<em> les op\u00e9rateurs boursiers sont confront\u00e9s \u00e0 un calendrier \u00e9conomique relativement peu int\u00e9ressant (\u2026), de quoi laisser pr\u00e9sager \u00e0 nouveau un renforcement du pricing quant aux propos ultra-accommodants attendus envers Mario Draghi<\/em> \u00bb.<\/span>    <span style=\"font-size: small;\">De leur c\u00f4t\u00e9, les analystes d\u2019<strong>Aurel BGC<\/strong> se rabattent sur le rendez-vous plus \u00e9loign\u00e9 de la r\u00e9union du <strong>FOMC<\/strong> am\u00e9ricain pour \u00e9viter de prendre une r\u00e9elle position sur la question. L\u2019\u00e9quipe d\u2019experts estime en effet que \u00ab <em>moins de deux semaines avant le changement historique d&rsquo;orientation de la politique mon\u00e9taire am\u00e9ricaine (par la FED), la BCE est tr\u00e8s attendue<\/em> \u00bb, rappelant toutefois que les responsables de la <strong>BCE<\/strong> ont \u00ab <em>tout fait pour que les investisseurs anticipent des mesures suppl\u00e9mentaires d&rsquo;assouplissement de la politique mon\u00e9taire europ\u00e9enne. Ils doivent maintenant agir<\/em> \u00bb.<\/span><\/p>\n<!-- AddThis Advanced Settings generic via filter on the_content --><!-- AddThis Share Buttons generic via filter on the_content -->","protected":false},"excerpt":{"rendered":"<p>Si les statistiques macro\u00e9conomiques de la semaine apportent, pour certains, une nouvelle raison d\u2019esp\u00e9rer, elles poussent d\u2019autres \u00e0 voter pour une strat\u00e9gie de prudence. A quelques heures de la r\u00e9union du conseil des gouverneurs de la [&hellip;]<\/p>\n","protected":false},"author":18,"featured_media":0,"comment_status":"open","ping_status":"open","sticky":false,"template":"","format":"standard","meta":{"_mbp_gutenberg_autopost":false,"_pgmb_is_evergreen":false,"_pgmb_ap_template_id":0,"footnotes":""},"categories":[6],"tags":[143,1265,1000,1034],"ppma_author":[2565],"class_list":["post-18409","post","type-post","status-publish","format-standard","hentry","category-articles-de-presse","tag-bce","tag-chomage","tag-economie","tag-fomc"],"yoast_head":"<!-- This site is optimized with the Yoast SEO plugin v27.5 - https:\/\/yoast.com\/product\/yoast-seo-wordpress\/ -->\n<title>R\u00e9union BCE : Entre optimisme et prudence - Gold.fr<\/title>\n<meta name=\"robots\" content=\"index, follow, max-snippet:-1, max-image-preview:large, max-video-preview:-1\" \/>\n<link rel=\"canonical\" href=\"https:\/\/www.gold.fr\/news\/2015\/12\/02\/reunion-bce-entre-optimisme-et-prudence\/\" \/>\n<meta property=\"og:locale\" content=\"fr_FR\" \/>\n<meta property=\"og:type\" content=\"article\" \/>\n<meta property=\"og:title\" content=\"R\u00e9union BCE : Entre optimisme et prudence - Gold.fr\" \/>\n<meta property=\"og:description\" content=\"Si les statistiques macro\u00e9conomiques de la semaine apportent, pour certains, une nouvelle raison d\u2019esp\u00e9rer, elles poussent d\u2019autres \u00e0 voter pour une strat\u00e9gie de prudence. A quelques heures de la r\u00e9union du conseil des gouverneurs de la [&hellip;]\" \/>\n<meta property=\"og:url\" content=\"https:\/\/www.gold.fr\/news\/2015\/12\/02\/reunion-bce-entre-optimisme-et-prudence\/\" \/>\n<meta property=\"og:site_name\" content=\"Gold.fr\" \/>\n<meta property=\"article:publisher\" content=\"https:\/\/www.facebook.com\/Goldfr\/\" \/>\n<meta property=\"article:published_time\" content=\"2015-12-02T16:00:00+00:00\" \/>\n<meta property=\"article:modified_time\" content=\"2017-11-29T16:52:11+00:00\" \/>\n<meta property=\"og:image\" content=\"https:\/\/www.gold.fr\/news\/wp-content\/uploads\/2011\/12\/cours-de-lor6-150x150.jpg\" \/>\n<meta name=\"author\" content=\"Comptoir National de l&#039;Or\" \/>\n<meta name=\"twitter:card\" content=\"summary_large_image\" \/>\n<meta name=\"twitter:label1\" content=\"\u00c9crit par\" \/>\n\t<meta name=\"twitter:data1\" content=\"Comptoir National de l&#039;Or\" \/>\n\t<meta name=\"twitter:label2\" content=\"Dur\u00e9e de lecture estim\u00e9e\" \/>\n\t<meta name=\"twitter:data2\" content=\"1 minute\" \/>\n<script type=\"application\/ld+json\" class=\"yoast-schema-graph\">{\"@context\":\"https:\\\/\\\/schema.org\",\"@graph\":[{\"@type\":\"Article\",\"@id\":\"https:\\\/\\\/www.gold.fr\\\/news\\\/2015\\\/12\\\/02\\\/reunion-bce-entre-optimisme-et-prudence\\\/#article\",\"isPartOf\":{\"@id\":\"https:\\\/\\\/www.gold.fr\\\/news\\\/2015\\\/12\\\/02\\\/reunion-bce-entre-optimisme-et-prudence\\\/\"},\"author\":{\"name\":\"Comptoir National de l'Or\",\"@id\":\"https:\\\/\\\/www.gold.fr\\\/news\\\/#\\\/schema\\\/person\\\/070491b4b4fb7671bf59b3be20302ce9\"},\"headline\":\"R\u00e9union BCE : Entre optimisme et prudence\",\"datePublished\":\"2015-12-02T16:00:00+00:00\",\"dateModified\":\"2017-11-29T16:52:11+00:00\",\"mainEntityOfPage\":{\"@id\":\"https:\\\/\\\/www.gold.fr\\\/news\\\/2015\\\/12\\\/02\\\/reunion-bce-entre-optimisme-et-prudence\\\/\"},\"wordCount\":295,\"commentCount\":0,\"image\":{\"@id\":\"https:\\\/\\\/www.gold.fr\\\/news\\\/2015\\\/12\\\/02\\\/reunion-bce-entre-optimisme-et-prudence\\\/#primaryimage\"},\"thumbnailUrl\":\"https:\\\/\\\/www.gold.fr\\\/news\\\/wp-content\\\/uploads\\\/2011\\\/12\\\/cours-de-lor6-150x150.jpg\",\"keywords\":[\"bce\",\"chomage\",\"\u00e9conomie\",\"FOMC\"],\"articleSection\":[\"Articles de presse\"],\"inLanguage\":\"fr-FR\"},{\"@type\":\"WebPage\",\"@id\":\"https:\\\/\\\/www.gold.fr\\\/news\\\/2015\\\/12\\\/02\\\/reunion-bce-entre-optimisme-et-prudence\\\/\",\"url\":\"https:\\\/\\\/www.gold.fr\\\/news\\\/2015\\\/12\\\/02\\\/reunion-bce-entre-optimisme-et-prudence\\\/\",\"name\":\"R\u00e9union BCE : Entre optimisme et prudence - Gold.fr\",\"isPartOf\":{\"@id\":\"https:\\\/\\\/www.gold.fr\\\/news\\\/#website\"},\"primaryImageOfPage\":{\"@id\":\"https:\\\/\\\/www.gold.fr\\\/news\\\/2015\\\/12\\\/02\\\/reunion-bce-entre-optimisme-et-prudence\\\/#primaryimage\"},\"image\":{\"@id\":\"https:\\\/\\\/www.gold.fr\\\/news\\\/2015\\\/12\\\/02\\\/reunion-bce-entre-optimisme-et-prudence\\\/#primaryimage\"},\"thumbnailUrl\":\"https:\\\/\\\/www.gold.fr\\\/news\\\/wp-content\\\/uploads\\\/2011\\\/12\\\/cours-de-lor6-150x150.jpg\",\"datePublished\":\"2015-12-02T16:00:00+00:00\",\"dateModified\":\"2017-11-29T16:52:11+00:00\",\"author\":{\"@id\":\"https:\\\/\\\/www.gold.fr\\\/news\\\/#\\\/schema\\\/person\\\/070491b4b4fb7671bf59b3be20302ce9\"},\"breadcrumb\":{\"@id\":\"https:\\\/\\\/www.gold.fr\\\/news\\\/2015\\\/12\\\/02\\\/reunion-bce-entre-optimisme-et-prudence\\\/#breadcrumb\"},\"inLanguage\":\"fr-FR\",\"potentialAction\":[{\"@type\":\"ReadAction\",\"target\":[\"https:\\\/\\\/www.gold.fr\\\/news\\\/2015\\\/12\\\/02\\\/reunion-bce-entre-optimisme-et-prudence\\\/\"]}]},{\"@type\":\"ImageObject\",\"inLanguage\":\"fr-FR\",\"@id\":\"https:\\\/\\\/www.gold.fr\\\/news\\\/2015\\\/12\\\/02\\\/reunion-bce-entre-optimisme-et-prudence\\\/#primaryimage\",\"url\":\"https:\\\/\\\/www.gold.fr\\\/news\\\/wp-content\\\/uploads\\\/2011\\\/12\\\/cours-de-lor6-150x150.jpg\",\"contentUrl\":\"https:\\\/\\\/www.gold.fr\\\/news\\\/wp-content\\\/uploads\\\/2011\\\/12\\\/cours-de-lor6-150x150.jpg\"},{\"@type\":\"BreadcrumbList\",\"@id\":\"https:\\\/\\\/www.gold.fr\\\/news\\\/2015\\\/12\\\/02\\\/reunion-bce-entre-optimisme-et-prudence\\\/#breadcrumb\",\"itemListElement\":[{\"@type\":\"ListItem\",\"position\":1,\"name\":\"Accueil\",\"item\":\"https:\\\/\\\/www.gold.fr\\\/\"},{\"@type\":\"ListItem\",\"position\":2,\"name\":\"Actualit\u00e9s\",\"item\":\"https:\\\/\\\/www.gold.fr\\\/news\\\/\"},{\"@type\":\"ListItem\",\"position\":3,\"name\":\"R\u00e9union BCE : Entre optimisme et prudence\"}]},{\"@type\":\"WebSite\",\"@id\":\"https:\\\/\\\/www.gold.fr\\\/news\\\/#website\",\"url\":\"https:\\\/\\\/www.gold.fr\\\/news\\\/\",\"name\":\"Gold.fr\",\"description\":\"Actualit\u00e9s de l&#039;Or et des m\u00e9taux pr\u00e9cieux\",\"potentialAction\":[{\"@type\":\"SearchAction\",\"target\":{\"@type\":\"EntryPoint\",\"urlTemplate\":\"https:\\\/\\\/www.gold.fr\\\/news\\\/?s={search_term_string}\"},\"query-input\":{\"@type\":\"PropertyValueSpecification\",\"valueRequired\":true,\"valueName\":\"search_term_string\"}}],\"inLanguage\":\"fr-FR\"},{\"@type\":\"Person\",\"@id\":\"https:\\\/\\\/www.gold.fr\\\/news\\\/#\\\/schema\\\/person\\\/070491b4b4fb7671bf59b3be20302ce9\",\"name\":\"Comptoir National de l'Or\",\"image\":{\"@type\":\"ImageObject\",\"inLanguage\":\"fr-FR\",\"@id\":\"https:\\\/\\\/secure.gravatar.com\\\/avatar\\\/0a2867fd5abe37bed95d5a65e9d58f01756e11efc68af9888dfc50cfa7f65948?s=96&d=mm&r=gb490554db0a38188709de567aa58480d\",\"url\":\"https:\\\/\\\/secure.gravatar.com\\\/avatar\\\/0a2867fd5abe37bed95d5a65e9d58f01756e11efc68af9888dfc50cfa7f65948?s=96&d=mm&r=g\",\"contentUrl\":\"https:\\\/\\\/secure.gravatar.com\\\/avatar\\\/0a2867fd5abe37bed95d5a65e9d58f01756e11efc68af9888dfc50cfa7f65948?s=96&d=mm&r=g\",\"caption\":\"Comptoir National de l'Or\"},\"description\":\"Notre r\u00e9daction est constitu\u00e9e de membres experts dans les m\u00e9tiers de l'\u00e9conomie et la gestion, des Responsables d'agence Comptoir National de l'Or, des analystes financiers qui publient r\u00e9guli\u00e8rement des \u00e9tudes sur les politiques des banques centrales, le cours de l'or, prix de l'or, cours de l'argent, prix de l'argent, cours du platine, cours du palladium,... la situation en zone euro et l'impact de la strat\u00e9gie mon\u00e9taire de la FED. Notre \u00e9quipe scrute \u00e9galement une information plus g\u00e9n\u00e9raliste \u00e0 la recherche d'actualit\u00e9 \\\"p\u00e9pite\\\" \u00e0 vous partager. Depuis 5 ans, nous avons publi\u00e9 un peu plus de 4000 articles qui s'adressent \u00e0 un public large et vari\u00e9 ayant pour objectif de satisfaire votre curiosit\u00e9 et de partager avec vous une certaine fascination pour le m\u00e9tal jaune, le rachat d'or, et pour ceux qui veulent investir dans l'or, vendre leur or tout simplement en savoir plus... Pour tous vos achat or et argent, n'h\u00e9sitez pas \u00e0 prendre rendez-vous dans l'un de nos nombreux comptoirs.\",\"sameAs\":[\"https:\\\/\\\/www.gold.fr\"]}]}<\/script>\n<!-- \/ Yoast SEO plugin. -->","yoast_head_json":{"title":"R\u00e9union BCE : Entre optimisme et prudence - Gold.fr","robots":{"index":"index","follow":"follow","max-snippet":"max-snippet:-1","max-image-preview":"max-image-preview:large","max-video-preview":"max-video-preview:-1"},"canonical":"https:\/\/www.gold.fr\/news\/2015\/12\/02\/reunion-bce-entre-optimisme-et-prudence\/","og_locale":"fr_FR","og_type":"article","og_title":"R\u00e9union BCE : Entre optimisme et prudence - Gold.fr","og_description":"Si les statistiques macro\u00e9conomiques de la semaine apportent, pour certains, une nouvelle raison d\u2019esp\u00e9rer, elles poussent d\u2019autres \u00e0 voter pour une strat\u00e9gie de prudence. A quelques heures de la r\u00e9union du conseil des gouverneurs de la [&hellip;]","og_url":"https:\/\/www.gold.fr\/news\/2015\/12\/02\/reunion-bce-entre-optimisme-et-prudence\/","og_site_name":"Gold.fr","article_publisher":"https:\/\/www.facebook.com\/Goldfr\/","article_published_time":"2015-12-02T16:00:00+00:00","article_modified_time":"2017-11-29T16:52:11+00:00","og_image":[{"url":"https:\/\/www.gold.fr\/news\/wp-content\/uploads\/2011\/12\/cours-de-lor6-150x150.jpg","type":"","width":"","height":""}],"author":"Comptoir National de l'Or","twitter_card":"summary_large_image","twitter_misc":{"\u00c9crit par":"Comptoir National de l'Or","Dur\u00e9e de lecture estim\u00e9e":"1 minute"},"schema":{"@context":"https:\/\/schema.org","@graph":[{"@type":"Article","@id":"https:\/\/www.gold.fr\/news\/2015\/12\/02\/reunion-bce-entre-optimisme-et-prudence\/#article","isPartOf":{"@id":"https:\/\/www.gold.fr\/news\/2015\/12\/02\/reunion-bce-entre-optimisme-et-prudence\/"},"author":{"name":"Comptoir National de l'Or","@id":"https:\/\/www.gold.fr\/news\/#\/schema\/person\/070491b4b4fb7671bf59b3be20302ce9"},"headline":"R\u00e9union BCE : Entre optimisme et prudence","datePublished":"2015-12-02T16:00:00+00:00","dateModified":"2017-11-29T16:52:11+00:00","mainEntityOfPage":{"@id":"https:\/\/www.gold.fr\/news\/2015\/12\/02\/reunion-bce-entre-optimisme-et-prudence\/"},"wordCount":295,"commentCount":0,"image":{"@id":"https:\/\/www.gold.fr\/news\/2015\/12\/02\/reunion-bce-entre-optimisme-et-prudence\/#primaryimage"},"thumbnailUrl":"https:\/\/www.gold.fr\/news\/wp-content\/uploads\/2011\/12\/cours-de-lor6-150x150.jpg","keywords":["bce","chomage","\u00e9conomie","FOMC"],"articleSection":["Articles de presse"],"inLanguage":"fr-FR"},{"@type":"WebPage","@id":"https:\/\/www.gold.fr\/news\/2015\/12\/02\/reunion-bce-entre-optimisme-et-prudence\/","url":"https:\/\/www.gold.fr\/news\/2015\/12\/02\/reunion-bce-entre-optimisme-et-prudence\/","name":"R\u00e9union BCE : Entre optimisme et prudence - Gold.fr","isPartOf":{"@id":"https:\/\/www.gold.fr\/news\/#website"},"primaryImageOfPage":{"@id":"https:\/\/www.gold.fr\/news\/2015\/12\/02\/reunion-bce-entre-optimisme-et-prudence\/#primaryimage"},"image":{"@id":"https:\/\/www.gold.fr\/news\/2015\/12\/02\/reunion-bce-entre-optimisme-et-prudence\/#primaryimage"},"thumbnailUrl":"https:\/\/www.gold.fr\/news\/wp-content\/uploads\/2011\/12\/cours-de-lor6-150x150.jpg","datePublished":"2015-12-02T16:00:00+00:00","dateModified":"2017-11-29T16:52:11+00:00","author":{"@id":"https:\/\/www.gold.fr\/news\/#\/schema\/person\/070491b4b4fb7671bf59b3be20302ce9"},"breadcrumb":{"@id":"https:\/\/www.gold.fr\/news\/2015\/12\/02\/reunion-bce-entre-optimisme-et-prudence\/#breadcrumb"},"inLanguage":"fr-FR","potentialAction":[{"@type":"ReadAction","target":["https:\/\/www.gold.fr\/news\/2015\/12\/02\/reunion-bce-entre-optimisme-et-prudence\/"]}]},{"@type":"ImageObject","inLanguage":"fr-FR","@id":"https:\/\/www.gold.fr\/news\/2015\/12\/02\/reunion-bce-entre-optimisme-et-prudence\/#primaryimage","url":"https:\/\/www.gold.fr\/news\/wp-content\/uploads\/2011\/12\/cours-de-lor6-150x150.jpg","contentUrl":"https:\/\/www.gold.fr\/news\/wp-content\/uploads\/2011\/12\/cours-de-lor6-150x150.jpg"},{"@type":"BreadcrumbList","@id":"https:\/\/www.gold.fr\/news\/2015\/12\/02\/reunion-bce-entre-optimisme-et-prudence\/#breadcrumb","itemListElement":[{"@type":"ListItem","position":1,"name":"Accueil","item":"https:\/\/www.gold.fr\/"},{"@type":"ListItem","position":2,"name":"Actualit\u00e9s","item":"https:\/\/www.gold.fr\/news\/"},{"@type":"ListItem","position":3,"name":"R\u00e9union BCE : Entre optimisme et prudence"}]},{"@type":"WebSite","@id":"https:\/\/www.gold.fr\/news\/#website","url":"https:\/\/www.gold.fr\/news\/","name":"Gold.fr","description":"Actualit\u00e9s de l&#039;Or et des m\u00e9taux pr\u00e9cieux","potentialAction":[{"@type":"SearchAction","target":{"@type":"EntryPoint","urlTemplate":"https:\/\/www.gold.fr\/news\/?s={search_term_string}"},"query-input":{"@type":"PropertyValueSpecification","valueRequired":true,"valueName":"search_term_string"}}],"inLanguage":"fr-FR"},{"@type":"Person","@id":"https:\/\/www.gold.fr\/news\/#\/schema\/person\/070491b4b4fb7671bf59b3be20302ce9","name":"Comptoir National de l'Or","image":{"@type":"ImageObject","inLanguage":"fr-FR","@id":"https:\/\/secure.gravatar.com\/avatar\/0a2867fd5abe37bed95d5a65e9d58f01756e11efc68af9888dfc50cfa7f65948?s=96&d=mm&r=gb490554db0a38188709de567aa58480d","url":"https:\/\/secure.gravatar.com\/avatar\/0a2867fd5abe37bed95d5a65e9d58f01756e11efc68af9888dfc50cfa7f65948?s=96&d=mm&r=g","contentUrl":"https:\/\/secure.gravatar.com\/avatar\/0a2867fd5abe37bed95d5a65e9d58f01756e11efc68af9888dfc50cfa7f65948?s=96&d=mm&r=g","caption":"Comptoir National de l'Or"},"description":"Notre r\u00e9daction est constitu\u00e9e de membres experts dans les m\u00e9tiers de l'\u00e9conomie et la gestion, des Responsables d'agence Comptoir National de l'Or, des analystes financiers qui publient r\u00e9guli\u00e8rement des \u00e9tudes sur les politiques des banques centrales, le cours de l'or, prix de l'or, cours de l'argent, prix de l'argent, cours du platine, cours du palladium,... la situation en zone euro et l'impact de la strat\u00e9gie mon\u00e9taire de la FED. Notre \u00e9quipe scrute \u00e9galement une information plus g\u00e9n\u00e9raliste \u00e0 la recherche d'actualit\u00e9 \"p\u00e9pite\" \u00e0 vous partager. Depuis 5 ans, nous avons publi\u00e9 un peu plus de 4000 articles qui s'adressent \u00e0 un public large et vari\u00e9 ayant pour objectif de satisfaire votre curiosit\u00e9 et de partager avec vous une certaine fascination pour le m\u00e9tal jaune, le rachat d'or, et pour ceux qui veulent investir dans l'or, vendre leur or tout simplement en savoir plus... Pour tous vos achat or et argent, n'h\u00e9sitez pas \u00e0 prendre rendez-vous dans l'un de nos nombreux comptoirs.","sameAs":["https:\/\/www.gold.fr"]}]}},"authors":[{"term_id":2565,"user_id":18,"is_guest":0,"slug":"julie","display_name":"Comptoir National de l'Or","avatar_url":"https:\/\/secure.gravatar.com\/avatar\/713f289e398d35ead876c4a4cc08607f0d6d266058cfc25683fffb6092d0e572?s=96&d=mm&r=g","0":null,"1":"","2":"","3":"","4":"","5":"","6":"","7":"","8":""}],"_links":{"self":[{"href":"https:\/\/www.gold.fr\/news\/wp-json\/wp\/v2\/posts\/18409","targetHints":{"allow":["GET"]}}],"collection":[{"href":"https:\/\/www.gold.fr\/news\/wp-json\/wp\/v2\/posts"}],"about":[{"href":"https:\/\/www.gold.fr\/news\/wp-json\/wp\/v2\/types\/post"}],"author":[{"embeddable":true,"href":"https:\/\/www.gold.fr\/news\/wp-json\/wp\/v2\/users\/18"}],"replies":[{"embeddable":true,"href":"https:\/\/www.gold.fr\/news\/wp-json\/wp\/v2\/comments?post=18409"}],"version-history":[{"count":0,"href":"https:\/\/www.gold.fr\/news\/wp-json\/wp\/v2\/posts\/18409\/revisions"}],"wp:attachment":[{"href":"https:\/\/www.gold.fr\/news\/wp-json\/wp\/v2\/media?parent=18409"}],"wp:term":[{"taxonomy":"category","embeddable":true,"href":"https:\/\/www.gold.fr\/news\/wp-json\/wp\/v2\/categories?post=18409"},{"taxonomy":"post_tag","embeddable":true,"href":"https:\/\/www.gold.fr\/news\/wp-json\/wp\/v2\/tags?post=18409"},{"taxonomy":"author","embeddable":true,"href":"https:\/\/www.gold.fr\/news\/wp-json\/wp\/v2\/ppma_author?post=18409"}],"curies":[{"name":"wp","href":"https:\/\/api.w.org\/{rel}","templated":true}]}}