{"id":18381,"date":"2015-11-30T09:00:28","date_gmt":"2015-11-30T08:00:28","guid":{"rendered":"https:\/\/www.gold.fr\/news\/?p=18381"},"modified":"2017-11-29T17:52:16","modified_gmt":"2017-11-29T16:52:16","slug":"la-bce-creera-t-elle-la-surprise","status":"publish","type":"post","link":"https:\/\/www.gold.fr\/news\/2015\/11\/30\/la-bce-creera-t-elle-la-surprise\/","title":{"rendered":"La BCE cr\u00e9era-t-elle la surprise ?"},"content":{"rendered":"<p><span style=\"font-size: x-small;\"><img loading=\"lazy\" decoding=\"async\" class=\"alignleft size-thumbnail wp-image-2682\" title=\"La BCE cr\u00e9era-t-elle la surprise ?\" src=\"https:\/\/www.gold.fr\/news\/wp-content\/uploads\/2011\/10\/Graphique-pieces-150x150.jpg\" alt=\"\" width=\"150\" height=\"150\" \/><span style=\"font-size: small;\">Les r\u00e9unions du conseil des gouverneurs de la banque centrale europ\u00e9enne repr\u00e9sentent des \u00e9v\u00e9nements aussi traditionnellement majeurs que celles du conseil des gouverneurs de la r\u00e9serve f\u00e9d\u00e9rale am\u00e9ricaine. Une tradition que <strong>Mario Draghi<\/strong>, pr\u00e9sident de l&rsquo;institution, a renforc\u00e9e par une solide <a href='https:\/\/www.gold.fr\/news\/tags\/investissement' class='esk-seo-plu-link'>tendance<\/a> \u00e0 prendre les mesures les plus rassurantes pour les investisseurs et les march\u00e9s. La prochaine r\u00e9union du conseil de la <strong>BCE<\/strong> pourrait pourtant \u00eatre la premi\u00e8re, depuis tr\u00e8s longtemps, \u00e0 briser avec cette coutume tr\u00e8s appr\u00e9ci\u00e9e par les op\u00e9rateurs.<\/span><\/span>    <span style=\"font-size: small;\">Le conseil des gouverneurs se r\u00e9unira tr\u00e8s prochainement, en date du <strong>3 d\u00e9cembre<\/strong>, pour d\u00e9cider de ce qui \u00e9tait jusque l\u00e0 consid\u00e9r\u00e9 comme une strat\u00e9gie mon\u00e9taire (\u00e0 court et moyen terme) tr\u00e8s pr\u00e9visible, \u00e0 savoir un maintien inalt\u00e9rable (voire m\u00eame renforcement) de la politique ultra accommodante de l&rsquo;institution. Toutefois, plusieurs analystes des march\u00e9s, dont notamment Natixis, anticipent un solide changement de ton, cette fois-ci. Les experts de la banque fran\u00e7aise estiment qu&rsquo;il est clair que \u00ab<em> la BCE ne peut ind\u00e9finiment surprendre les march\u00e9s<\/em> \u00bb, tablant ainsi sur \u00ab<em> un abaissement des pr\u00e9visions macro\u00e9conomiques, mais modeste, donc sans pour autant que celles-ci deviennent non conformes au sc\u00e9nario commun\u00e9ment admis de reprise graduelle de l&rsquo;\u00e9conomie de la zone euro et de lente pouss\u00e9e de l&rsquo;inflation<\/em> \u00bb.<\/span>    <span style=\"font-size: small;\">La banque fran\u00e7aise pr\u00e9voit donc de voir la <strong>BCE<\/strong> annoncer la mise en place \u00ab <em>de nouvelles mesures de relance, dans un contexte d&rsquo;inflation quasiment atone depuis l&rsquo;an dernier, des mesures qui rel\u00e8gueraient au second plan les nouvelles projections de croissance et d&rsquo;inflation de la BCE<\/em> \u00bb.<\/span><\/p>\n<!-- AddThis Advanced Settings generic via filter on the_content --><!-- AddThis Share Buttons generic via filter on the_content -->","protected":false},"excerpt":{"rendered":"<p>Les r\u00e9unions du conseil des gouverneurs de la banque centrale europ\u00e9enne repr\u00e9sentent des \u00e9v\u00e9nements aussi traditionnellement majeurs que celles du conseil des gouverneurs de la r\u00e9serve f\u00e9d\u00e9rale am\u00e9ricaine. Une tradition que Mario Draghi, pr\u00e9sident de l&rsquo;institution, [&hellip;]<\/p>\n","protected":false},"author":18,"featured_media":2682,"comment_status":"open","ping_status":"open","sticky":false,"template":"","format":"standard","meta":{"_mbp_gutenberg_autopost":false,"_pgmb_is_evergreen":false,"_pgmb_ap_template_id":0,"footnotes":""},"categories":[6],"tags":[143,1897,1649],"ppma_author":[2565],"class_list":["post-18381","post","type-post","status-publish","format-standard","has-post-thumbnail","hentry","category-articles-de-presse","tag-bce","tag-draghi","tag-marches"],"yoast_head":"<!-- This site is optimized with the Yoast SEO plugin v27.5 - https:\/\/yoast.com\/product\/yoast-seo-wordpress\/ -->\n<title>La BCE cr\u00e9era-t-elle la surprise ? - Gold.fr<\/title>\n<meta name=\"robots\" content=\"index, follow, max-snippet:-1, max-image-preview:large, max-video-preview:-1\" \/>\n<link rel=\"canonical\" href=\"https:\/\/www.gold.fr\/news\/2015\/11\/30\/la-bce-creera-t-elle-la-surprise\/\" \/>\n<meta property=\"og:locale\" content=\"fr_FR\" \/>\n<meta property=\"og:type\" content=\"article\" \/>\n<meta property=\"og:title\" content=\"La BCE cr\u00e9era-t-elle la surprise ? - Gold.fr\" \/>\n<meta property=\"og:description\" content=\"Les r\u00e9unions du conseil des gouverneurs de la banque centrale europ\u00e9enne repr\u00e9sentent des \u00e9v\u00e9nements aussi traditionnellement majeurs que celles du conseil des gouverneurs de la r\u00e9serve f\u00e9d\u00e9rale am\u00e9ricaine. Une tradition que Mario Draghi, pr\u00e9sident de l&rsquo;institution, [&hellip;]\" \/>\n<meta property=\"og:url\" content=\"https:\/\/www.gold.fr\/news\/2015\/11\/30\/la-bce-creera-t-elle-la-surprise\/\" \/>\n<meta property=\"og:site_name\" content=\"Gold.fr\" \/>\n<meta property=\"article:publisher\" content=\"https:\/\/www.facebook.com\/Goldfr\/\" \/>\n<meta property=\"article:published_time\" content=\"2015-11-30T08:00:28+00:00\" \/>\n<meta property=\"article:modified_time\" content=\"2017-11-29T16:52:16+00:00\" \/>\n<meta property=\"og:image\" content=\"https:\/\/www.gold.fr\/news\/wp-content\/uploads\/2011\/10\/Graphique-pieces-e1325701644436.jpg\" \/>\n\t<meta property=\"og:image:width\" content=\"609\" \/>\n\t<meta property=\"og:image:height\" content=\"400\" \/>\n\t<meta property=\"og:image:type\" content=\"image\/jpeg\" \/>\n<meta name=\"author\" content=\"Comptoir National de l&#039;Or\" \/>\n<meta name=\"twitter:card\" content=\"summary_large_image\" \/>\n<meta name=\"twitter:label1\" content=\"\u00c9crit par\" \/>\n\t<meta name=\"twitter:data1\" content=\"Comptoir National de l&#039;Or\" \/>\n\t<meta name=\"twitter:label2\" content=\"Dur\u00e9e de lecture estim\u00e9e\" \/>\n\t<meta name=\"twitter:data2\" content=\"1 minute\" \/>\n<script type=\"application\/ld+json\" class=\"yoast-schema-graph\">{\"@context\":\"https:\\\/\\\/schema.org\",\"@graph\":[{\"@type\":\"Article\",\"@id\":\"https:\\\/\\\/www.gold.fr\\\/news\\\/2015\\\/11\\\/30\\\/la-bce-creera-t-elle-la-surprise\\\/#article\",\"isPartOf\":{\"@id\":\"https:\\\/\\\/www.gold.fr\\\/news\\\/2015\\\/11\\\/30\\\/la-bce-creera-t-elle-la-surprise\\\/\"},\"author\":{\"name\":\"Comptoir National de l'Or\",\"@id\":\"https:\\\/\\\/www.gold.fr\\\/news\\\/#\\\/schema\\\/person\\\/070491b4b4fb7671bf59b3be20302ce9\"},\"headline\":\"La BCE cr\u00e9era-t-elle la surprise ?\",\"datePublished\":\"2015-11-30T08:00:28+00:00\",\"dateModified\":\"2017-11-29T16:52:16+00:00\",\"mainEntityOfPage\":{\"@id\":\"https:\\\/\\\/www.gold.fr\\\/news\\\/2015\\\/11\\\/30\\\/la-bce-creera-t-elle-la-surprise\\\/\"},\"wordCount\":297,\"commentCount\":0,\"image\":{\"@id\":\"https:\\\/\\\/www.gold.fr\\\/news\\\/2015\\\/11\\\/30\\\/la-bce-creera-t-elle-la-surprise\\\/#primaryimage\"},\"thumbnailUrl\":\"https:\\\/\\\/www.gold.fr\\\/news\\\/wp-content\\\/uploads\\\/2011\\\/10\\\/Graphique-pieces-e1325701644436.jpg\",\"keywords\":[\"bce\",\"Draghi\",\"march\u00e9s\"],\"articleSection\":[\"Articles de presse\"],\"inLanguage\":\"fr-FR\"},{\"@type\":\"WebPage\",\"@id\":\"https:\\\/\\\/www.gold.fr\\\/news\\\/2015\\\/11\\\/30\\\/la-bce-creera-t-elle-la-surprise\\\/\",\"url\":\"https:\\\/\\\/www.gold.fr\\\/news\\\/2015\\\/11\\\/30\\\/la-bce-creera-t-elle-la-surprise\\\/\",\"name\":\"La BCE cr\u00e9era-t-elle la surprise ? - Gold.fr\",\"isPartOf\":{\"@id\":\"https:\\\/\\\/www.gold.fr\\\/news\\\/#website\"},\"primaryImageOfPage\":{\"@id\":\"https:\\\/\\\/www.gold.fr\\\/news\\\/2015\\\/11\\\/30\\\/la-bce-creera-t-elle-la-surprise\\\/#primaryimage\"},\"image\":{\"@id\":\"https:\\\/\\\/www.gold.fr\\\/news\\\/2015\\\/11\\\/30\\\/la-bce-creera-t-elle-la-surprise\\\/#primaryimage\"},\"thumbnailUrl\":\"https:\\\/\\\/www.gold.fr\\\/news\\\/wp-content\\\/uploads\\\/2011\\\/10\\\/Graphique-pieces-e1325701644436.jpg\",\"datePublished\":\"2015-11-30T08:00:28+00:00\",\"dateModified\":\"2017-11-29T16:52:16+00:00\",\"author\":{\"@id\":\"https:\\\/\\\/www.gold.fr\\\/news\\\/#\\\/schema\\\/person\\\/070491b4b4fb7671bf59b3be20302ce9\"},\"breadcrumb\":{\"@id\":\"https:\\\/\\\/www.gold.fr\\\/news\\\/2015\\\/11\\\/30\\\/la-bce-creera-t-elle-la-surprise\\\/#breadcrumb\"},\"inLanguage\":\"fr-FR\",\"potentialAction\":[{\"@type\":\"ReadAction\",\"target\":[\"https:\\\/\\\/www.gold.fr\\\/news\\\/2015\\\/11\\\/30\\\/la-bce-creera-t-elle-la-surprise\\\/\"]}]},{\"@type\":\"ImageObject\",\"inLanguage\":\"fr-FR\",\"@id\":\"https:\\\/\\\/www.gold.fr\\\/news\\\/2015\\\/11\\\/30\\\/la-bce-creera-t-elle-la-surprise\\\/#primaryimage\",\"url\":\"https:\\\/\\\/www.gold.fr\\\/news\\\/wp-content\\\/uploads\\\/2011\\\/10\\\/Graphique-pieces-e1325701644436.jpg\",\"contentUrl\":\"https:\\\/\\\/www.gold.fr\\\/news\\\/wp-content\\\/uploads\\\/2011\\\/10\\\/Graphique-pieces-e1325701644436.jpg\",\"width\":\"609\",\"height\":\"400\",\"caption\":\"BCE : Une politique mon\u00e9taire dans le collimateur\"},{\"@type\":\"BreadcrumbList\",\"@id\":\"https:\\\/\\\/www.gold.fr\\\/news\\\/2015\\\/11\\\/30\\\/la-bce-creera-t-elle-la-surprise\\\/#breadcrumb\",\"itemListElement\":[{\"@type\":\"ListItem\",\"position\":1,\"name\":\"Accueil\",\"item\":\"https:\\\/\\\/www.gold.fr\\\/\"},{\"@type\":\"ListItem\",\"position\":2,\"name\":\"Actualit\u00e9s\",\"item\":\"https:\\\/\\\/www.gold.fr\\\/news\\\/\"},{\"@type\":\"ListItem\",\"position\":3,\"name\":\"La BCE cr\u00e9era-t-elle la surprise ?\"}]},{\"@type\":\"WebSite\",\"@id\":\"https:\\\/\\\/www.gold.fr\\\/news\\\/#website\",\"url\":\"https:\\\/\\\/www.gold.fr\\\/news\\\/\",\"name\":\"Gold.fr\",\"description\":\"Actualit\u00e9s de l&#039;Or et des m\u00e9taux pr\u00e9cieux\",\"potentialAction\":[{\"@type\":\"SearchAction\",\"target\":{\"@type\":\"EntryPoint\",\"urlTemplate\":\"https:\\\/\\\/www.gold.fr\\\/news\\\/?s={search_term_string}\"},\"query-input\":{\"@type\":\"PropertyValueSpecification\",\"valueRequired\":true,\"valueName\":\"search_term_string\"}}],\"inLanguage\":\"fr-FR\"},{\"@type\":\"Person\",\"@id\":\"https:\\\/\\\/www.gold.fr\\\/news\\\/#\\\/schema\\\/person\\\/070491b4b4fb7671bf59b3be20302ce9\",\"name\":\"Comptoir National de l'Or\",\"image\":{\"@type\":\"ImageObject\",\"inLanguage\":\"fr-FR\",\"@id\":\"https:\\\/\\\/secure.gravatar.com\\\/avatar\\\/0a2867fd5abe37bed95d5a65e9d58f01756e11efc68af9888dfc50cfa7f65948?s=96&d=mm&r=gb490554db0a38188709de567aa58480d\",\"url\":\"https:\\\/\\\/secure.gravatar.com\\\/avatar\\\/0a2867fd5abe37bed95d5a65e9d58f01756e11efc68af9888dfc50cfa7f65948?s=96&d=mm&r=g\",\"contentUrl\":\"https:\\\/\\\/secure.gravatar.com\\\/avatar\\\/0a2867fd5abe37bed95d5a65e9d58f01756e11efc68af9888dfc50cfa7f65948?s=96&d=mm&r=g\",\"caption\":\"Comptoir National de l'Or\"},\"description\":\"Notre r\u00e9daction est constitu\u00e9e de membres experts dans les m\u00e9tiers de l'\u00e9conomie et la gestion, des Responsables d'agence Comptoir National de l'Or, des analystes financiers qui publient r\u00e9guli\u00e8rement des \u00e9tudes sur les politiques des banques centrales, le cours de l'or, prix de l'or, cours de l'argent, prix de l'argent, cours du platine, cours du palladium,... la situation en zone euro et l'impact de la strat\u00e9gie mon\u00e9taire de la FED. Notre \u00e9quipe scrute \u00e9galement une information plus g\u00e9n\u00e9raliste \u00e0 la recherche d'actualit\u00e9 \\\"p\u00e9pite\\\" \u00e0 vous partager. Depuis 5 ans, nous avons publi\u00e9 un peu plus de 4000 articles qui s'adressent \u00e0 un public large et vari\u00e9 ayant pour objectif de satisfaire votre curiosit\u00e9 et de partager avec vous une certaine fascination pour le m\u00e9tal jaune, le rachat d'or, et pour ceux qui veulent investir dans l'or, vendre leur or tout simplement en savoir plus... Pour tous vos achat or et argent, n'h\u00e9sitez pas \u00e0 prendre rendez-vous dans l'un de nos nombreux comptoirs.\",\"sameAs\":[\"https:\\\/\\\/www.gold.fr\"]}]}<\/script>\n<!-- \/ Yoast SEO plugin. -->","yoast_head_json":{"title":"La BCE cr\u00e9era-t-elle la surprise ? - Gold.fr","robots":{"index":"index","follow":"follow","max-snippet":"max-snippet:-1","max-image-preview":"max-image-preview:large","max-video-preview":"max-video-preview:-1"},"canonical":"https:\/\/www.gold.fr\/news\/2015\/11\/30\/la-bce-creera-t-elle-la-surprise\/","og_locale":"fr_FR","og_type":"article","og_title":"La BCE cr\u00e9era-t-elle la surprise ? - Gold.fr","og_description":"Les r\u00e9unions du conseil des gouverneurs de la banque centrale europ\u00e9enne repr\u00e9sentent des \u00e9v\u00e9nements aussi traditionnellement majeurs que celles du conseil des gouverneurs de la r\u00e9serve f\u00e9d\u00e9rale am\u00e9ricaine. Une tradition que Mario Draghi, pr\u00e9sident de l&rsquo;institution, [&hellip;]","og_url":"https:\/\/www.gold.fr\/news\/2015\/11\/30\/la-bce-creera-t-elle-la-surprise\/","og_site_name":"Gold.fr","article_publisher":"https:\/\/www.facebook.com\/Goldfr\/","article_published_time":"2015-11-30T08:00:28+00:00","article_modified_time":"2017-11-29T16:52:16+00:00","og_image":[{"width":609,"height":400,"url":"https:\/\/www.gold.fr\/news\/wp-content\/uploads\/2011\/10\/Graphique-pieces-e1325701644436.jpg","type":"image\/jpeg"}],"author":"Comptoir National de l'Or","twitter_card":"summary_large_image","twitter_misc":{"\u00c9crit par":"Comptoir National de l'Or","Dur\u00e9e de lecture estim\u00e9e":"1 minute"},"schema":{"@context":"https:\/\/schema.org","@graph":[{"@type":"Article","@id":"https:\/\/www.gold.fr\/news\/2015\/11\/30\/la-bce-creera-t-elle-la-surprise\/#article","isPartOf":{"@id":"https:\/\/www.gold.fr\/news\/2015\/11\/30\/la-bce-creera-t-elle-la-surprise\/"},"author":{"name":"Comptoir National de l'Or","@id":"https:\/\/www.gold.fr\/news\/#\/schema\/person\/070491b4b4fb7671bf59b3be20302ce9"},"headline":"La BCE cr\u00e9era-t-elle la surprise ?","datePublished":"2015-11-30T08:00:28+00:00","dateModified":"2017-11-29T16:52:16+00:00","mainEntityOfPage":{"@id":"https:\/\/www.gold.fr\/news\/2015\/11\/30\/la-bce-creera-t-elle-la-surprise\/"},"wordCount":297,"commentCount":0,"image":{"@id":"https:\/\/www.gold.fr\/news\/2015\/11\/30\/la-bce-creera-t-elle-la-surprise\/#primaryimage"},"thumbnailUrl":"https:\/\/www.gold.fr\/news\/wp-content\/uploads\/2011\/10\/Graphique-pieces-e1325701644436.jpg","keywords":["bce","Draghi","march\u00e9s"],"articleSection":["Articles de presse"],"inLanguage":"fr-FR"},{"@type":"WebPage","@id":"https:\/\/www.gold.fr\/news\/2015\/11\/30\/la-bce-creera-t-elle-la-surprise\/","url":"https:\/\/www.gold.fr\/news\/2015\/11\/30\/la-bce-creera-t-elle-la-surprise\/","name":"La BCE cr\u00e9era-t-elle la surprise ? - Gold.fr","isPartOf":{"@id":"https:\/\/www.gold.fr\/news\/#website"},"primaryImageOfPage":{"@id":"https:\/\/www.gold.fr\/news\/2015\/11\/30\/la-bce-creera-t-elle-la-surprise\/#primaryimage"},"image":{"@id":"https:\/\/www.gold.fr\/news\/2015\/11\/30\/la-bce-creera-t-elle-la-surprise\/#primaryimage"},"thumbnailUrl":"https:\/\/www.gold.fr\/news\/wp-content\/uploads\/2011\/10\/Graphique-pieces-e1325701644436.jpg","datePublished":"2015-11-30T08:00:28+00:00","dateModified":"2017-11-29T16:52:16+00:00","author":{"@id":"https:\/\/www.gold.fr\/news\/#\/schema\/person\/070491b4b4fb7671bf59b3be20302ce9"},"breadcrumb":{"@id":"https:\/\/www.gold.fr\/news\/2015\/11\/30\/la-bce-creera-t-elle-la-surprise\/#breadcrumb"},"inLanguage":"fr-FR","potentialAction":[{"@type":"ReadAction","target":["https:\/\/www.gold.fr\/news\/2015\/11\/30\/la-bce-creera-t-elle-la-surprise\/"]}]},{"@type":"ImageObject","inLanguage":"fr-FR","@id":"https:\/\/www.gold.fr\/news\/2015\/11\/30\/la-bce-creera-t-elle-la-surprise\/#primaryimage","url":"https:\/\/www.gold.fr\/news\/wp-content\/uploads\/2011\/10\/Graphique-pieces-e1325701644436.jpg","contentUrl":"https:\/\/www.gold.fr\/news\/wp-content\/uploads\/2011\/10\/Graphique-pieces-e1325701644436.jpg","width":"609","height":"400","caption":"BCE : Une politique mon\u00e9taire dans le collimateur"},{"@type":"BreadcrumbList","@id":"https:\/\/www.gold.fr\/news\/2015\/11\/30\/la-bce-creera-t-elle-la-surprise\/#breadcrumb","itemListElement":[{"@type":"ListItem","position":1,"name":"Accueil","item":"https:\/\/www.gold.fr\/"},{"@type":"ListItem","position":2,"name":"Actualit\u00e9s","item":"https:\/\/www.gold.fr\/news\/"},{"@type":"ListItem","position":3,"name":"La BCE cr\u00e9era-t-elle la surprise ?"}]},{"@type":"WebSite","@id":"https:\/\/www.gold.fr\/news\/#website","url":"https:\/\/www.gold.fr\/news\/","name":"Gold.fr","description":"Actualit\u00e9s de l&#039;Or et des m\u00e9taux pr\u00e9cieux","potentialAction":[{"@type":"SearchAction","target":{"@type":"EntryPoint","urlTemplate":"https:\/\/www.gold.fr\/news\/?s={search_term_string}"},"query-input":{"@type":"PropertyValueSpecification","valueRequired":true,"valueName":"search_term_string"}}],"inLanguage":"fr-FR"},{"@type":"Person","@id":"https:\/\/www.gold.fr\/news\/#\/schema\/person\/070491b4b4fb7671bf59b3be20302ce9","name":"Comptoir National de l'Or","image":{"@type":"ImageObject","inLanguage":"fr-FR","@id":"https:\/\/secure.gravatar.com\/avatar\/0a2867fd5abe37bed95d5a65e9d58f01756e11efc68af9888dfc50cfa7f65948?s=96&d=mm&r=gb490554db0a38188709de567aa58480d","url":"https:\/\/secure.gravatar.com\/avatar\/0a2867fd5abe37bed95d5a65e9d58f01756e11efc68af9888dfc50cfa7f65948?s=96&d=mm&r=g","contentUrl":"https:\/\/secure.gravatar.com\/avatar\/0a2867fd5abe37bed95d5a65e9d58f01756e11efc68af9888dfc50cfa7f65948?s=96&d=mm&r=g","caption":"Comptoir National de l'Or"},"description":"Notre r\u00e9daction est constitu\u00e9e de membres experts dans les m\u00e9tiers de l'\u00e9conomie et la gestion, des Responsables d'agence Comptoir National de l'Or, des analystes financiers qui publient r\u00e9guli\u00e8rement des \u00e9tudes sur les politiques des banques centrales, le cours de l'or, prix de l'or, cours de l'argent, prix de l'argent, cours du platine, cours du palladium,... la situation en zone euro et l'impact de la strat\u00e9gie mon\u00e9taire de la FED. Notre \u00e9quipe scrute \u00e9galement une information plus g\u00e9n\u00e9raliste \u00e0 la recherche d'actualit\u00e9 \"p\u00e9pite\" \u00e0 vous partager. Depuis 5 ans, nous avons publi\u00e9 un peu plus de 4000 articles qui s'adressent \u00e0 un public large et vari\u00e9 ayant pour objectif de satisfaire votre curiosit\u00e9 et de partager avec vous une certaine fascination pour le m\u00e9tal jaune, le rachat d'or, et pour ceux qui veulent investir dans l'or, vendre leur or tout simplement en savoir plus... Pour tous vos achat or et argent, n'h\u00e9sitez pas \u00e0 prendre rendez-vous dans l'un de nos nombreux comptoirs.","sameAs":["https:\/\/www.gold.fr"]}]}},"authors":[{"term_id":2565,"user_id":18,"is_guest":0,"slug":"julie","display_name":"Comptoir National de l'Or","avatar_url":"https:\/\/secure.gravatar.com\/avatar\/713f289e398d35ead876c4a4cc08607f0d6d266058cfc25683fffb6092d0e572?s=96&d=mm&r=g","0":null,"1":"","2":"","3":"","4":"","5":"","6":"","7":"","8":""}],"_links":{"self":[{"href":"https:\/\/www.gold.fr\/news\/wp-json\/wp\/v2\/posts\/18381","targetHints":{"allow":["GET"]}}],"collection":[{"href":"https:\/\/www.gold.fr\/news\/wp-json\/wp\/v2\/posts"}],"about":[{"href":"https:\/\/www.gold.fr\/news\/wp-json\/wp\/v2\/types\/post"}],"author":[{"embeddable":true,"href":"https:\/\/www.gold.fr\/news\/wp-json\/wp\/v2\/users\/18"}],"replies":[{"embeddable":true,"href":"https:\/\/www.gold.fr\/news\/wp-json\/wp\/v2\/comments?post=18381"}],"version-history":[{"count":0,"href":"https:\/\/www.gold.fr\/news\/wp-json\/wp\/v2\/posts\/18381\/revisions"}],"wp:featuredmedia":[{"embeddable":true,"href":"https:\/\/www.gold.fr\/news\/wp-json\/wp\/v2\/media\/2682"}],"wp:attachment":[{"href":"https:\/\/www.gold.fr\/news\/wp-json\/wp\/v2\/media?parent=18381"}],"wp:term":[{"taxonomy":"category","embeddable":true,"href":"https:\/\/www.gold.fr\/news\/wp-json\/wp\/v2\/categories?post=18381"},{"taxonomy":"post_tag","embeddable":true,"href":"https:\/\/www.gold.fr\/news\/wp-json\/wp\/v2\/tags?post=18381"},{"taxonomy":"author","embeddable":true,"href":"https:\/\/www.gold.fr\/news\/wp-json\/wp\/v2\/ppma_author?post=18381"}],"curies":[{"name":"wp","href":"https:\/\/api.w.org\/{rel}","templated":true}]}}