{"id":18375,"date":"2015-11-26T17:00:20","date_gmt":"2015-11-26T16:00:20","guid":{"rendered":"https:\/\/www.gold.fr\/news\/?p=18375"},"modified":"2017-11-29T17:52:18","modified_gmt":"2017-11-29T16:52:18","slug":"marches-pris-entre-conflits-geopolitiques-et-indicateurs-us","status":"publish","type":"post","link":"https:\/\/www.gold.fr\/news\/2015\/11\/26\/marches-pris-entre-conflits-geopolitiques-et-indicateurs-us\/","title":{"rendered":"March\u00e9s : Pris entre conflits g\u00e9opolitiques et indicateurs US"},"content":{"rendered":"<p><span style=\"font-size: small;\"><img loading=\"lazy\" decoding=\"async\" class=\"alignleft size-thumbnail wp-image-3372\" title=\"March\u00e9s  Pris entre conflits g\u00e9opolitiques et indicateurs US\" src=\"https:\/\/www.gold.fr\/news\/wp-content\/uploads\/2011\/11\/83109311-150x150.jpg\" alt=\"\" width=\"150\" height=\"150\" \/>C\u2019est une rafale de diff\u00e9rentes statistiques macro\u00e9conomiques qui s\u2019est exceptionnellement abattue sur les march\u00e9s financiers, lors de <a title=\"Reprise confirm\u00e9e de l\u2019once\" href=\"https:\/\/www.gold.fr\/news\/2015\/11\/25\/reprise-confirmee-de-lonce\/18364\/\" target=\"_blank\">la s\u00e9ance de la veille<\/a> (mercredi), dans l\u2019anticipation des 4 jours de fermeture des bourses US. La semaine macro\u00e9conomique am\u00e9ricaine a \u00e9t\u00e9 \u00e9court\u00e9e, offrant ainsi l\u2019occasion aux op\u00e9rateurs et investisseurs am\u00e9ricains de c\u00e9l\u00e9brer la f\u00eate de Thanksgiving.<\/span>    <span style=\"font-size: small;\">L\u2019indicateur le plus important de la semaine demeure bien \u00e9videmment celui publi\u00e9 par le D\u00e9partement am\u00e9ricain du Travail qui a recens\u00e9 <strong>260.000<\/strong> nouveaux inscrits hebdomadaires au ch\u00f4mage (sur la semaine close le <strong>21 novembre<\/strong>), un chiffre qui d\u00e9\u00e7oit relativement les pr\u00e9visions \u00e9conomistes. Par ailleurs, la rive \u00e9conomique am\u00e9ricaine a enregistr\u00e9 une hausse des revenus des m\u00e9nages de l\u2019ordre de 0,4% le mois dernier, conform\u00e9ment aux attentes des experts, ainsi qu\u2019une autre hausse des commandes de biens durables de l\u2019ordre de<strong> 3%<\/strong> en rythme s\u00e9quentiel le mois dernier, selon les chiffres annonc\u00e9s par le D\u00e9partement du Commerce am\u00e9ricain.<\/span>    <span style=\"font-size: small;\">Finalement, seul l\u2019indicateur relatif \u00e0 l&rsquo;indice de confiance des consommateurs am\u00e9ricains (et mesur\u00e9 par l&rsquo;Universit\u00e9 du Michigan) s\u2019est r\u00e9v\u00e9l\u00e9 \u00eatre d\u00e9cevant avec ses <strong>91,3 points<\/strong> enregistr\u00e9s ce mois-ci, en estimation finale, faisant suite aux <strong>93,1 points<\/strong> en donn\u00e9es pr\u00e9liminaires. Cet indice marque ainsi, \u00ab <em>in fine, une progression de 1,3 point par rapport \u00e0 l&rsquo;estimation finale du mois d&rsquo;octobre de 90 points<\/em> \u00bb.<\/span><\/p>\n<!-- AddThis Advanced Settings generic via filter on the_content --><!-- AddThis Share Buttons generic via filter on the_content -->","protected":false},"excerpt":{"rendered":"<p>C\u2019est une rafale de diff\u00e9rentes statistiques macro\u00e9conomiques qui s\u2019est exceptionnellement abattue sur les march\u00e9s financiers, lors de la s\u00e9ance de la veille (mercredi), dans l\u2019anticipation des 4 jours de fermeture des bourses US. La semaine macro\u00e9conomique [&hellip;]<\/p>\n","protected":false},"author":18,"featured_media":3372,"comment_status":"open","ping_status":"open","sticky":false,"template":"","format":"standard","meta":{"_mbp_gutenberg_autopost":false,"_pgmb_is_evergreen":false,"_pgmb_ap_template_id":0,"footnotes":""},"categories":[6],"tags":[1188,1649,1204],"ppma_author":[2565],"class_list":["post-18375","post","type-post","status-publish","format-standard","has-post-thumbnail","hentry","category-articles-de-presse","tag-bourse","tag-marches","tag-us"],"yoast_head":"<!-- This site is optimized with the Yoast SEO plugin v27.5 - https:\/\/yoast.com\/product\/yoast-seo-wordpress\/ -->\n<title>March\u00e9s : Pris entre conflits g\u00e9opolitiques et indicateurs US - Gold.fr<\/title>\n<meta name=\"robots\" content=\"index, follow, max-snippet:-1, max-image-preview:large, max-video-preview:-1\" \/>\n<link rel=\"canonical\" href=\"https:\/\/www.gold.fr\/news\/2015\/11\/26\/marches-pris-entre-conflits-geopolitiques-et-indicateurs-us\/\" \/>\n<meta property=\"og:locale\" content=\"fr_FR\" \/>\n<meta property=\"og:type\" content=\"article\" \/>\n<meta property=\"og:title\" content=\"March\u00e9s : Pris entre conflits g\u00e9opolitiques et indicateurs US - Gold.fr\" \/>\n<meta property=\"og:description\" content=\"C\u2019est une rafale de diff\u00e9rentes statistiques macro\u00e9conomiques qui s\u2019est exceptionnellement abattue sur les march\u00e9s financiers, lors de la s\u00e9ance de la veille (mercredi), dans l\u2019anticipation des 4 jours de fermeture des bourses US. La semaine macro\u00e9conomique [&hellip;]\" \/>\n<meta property=\"og:url\" content=\"https:\/\/www.gold.fr\/news\/2015\/11\/26\/marches-pris-entre-conflits-geopolitiques-et-indicateurs-us\/\" \/>\n<meta property=\"og:site_name\" content=\"Gold.fr\" \/>\n<meta property=\"article:publisher\" content=\"https:\/\/www.facebook.com\/Goldfr\/\" \/>\n<meta property=\"article:published_time\" content=\"2015-11-26T16:00:20+00:00\" \/>\n<meta property=\"article:modified_time\" content=\"2017-11-29T16:52:18+00:00\" \/>\n<meta property=\"og:image\" content=\"https:\/\/www.gold.fr\/news\/wp-content\/uploads\/2011\/11\/83109311.jpg\" \/>\n\t<meta property=\"og:image:width\" content=\"600\" \/>\n\t<meta property=\"og:image:height\" content=\"400\" \/>\n\t<meta property=\"og:image:type\" content=\"image\/jpeg\" \/>\n<meta name=\"author\" content=\"Comptoir National de l&#039;Or\" \/>\n<meta name=\"twitter:card\" content=\"summary_large_image\" \/>\n<meta name=\"twitter:label1\" content=\"\u00c9crit par\" \/>\n\t<meta name=\"twitter:data1\" content=\"Comptoir National de l&#039;Or\" \/>\n\t<meta name=\"twitter:label2\" content=\"Dur\u00e9e de lecture estim\u00e9e\" \/>\n\t<meta name=\"twitter:data2\" content=\"1 minute\" \/>\n<script type=\"application\/ld+json\" class=\"yoast-schema-graph\">{\"@context\":\"https:\\\/\\\/schema.org\",\"@graph\":[{\"@type\":\"Article\",\"@id\":\"https:\\\/\\\/www.gold.fr\\\/news\\\/2015\\\/11\\\/26\\\/marches-pris-entre-conflits-geopolitiques-et-indicateurs-us\\\/#article\",\"isPartOf\":{\"@id\":\"https:\\\/\\\/www.gold.fr\\\/news\\\/2015\\\/11\\\/26\\\/marches-pris-entre-conflits-geopolitiques-et-indicateurs-us\\\/\"},\"author\":{\"name\":\"Comptoir National de l'Or\",\"@id\":\"https:\\\/\\\/www.gold.fr\\\/news\\\/#\\\/schema\\\/person\\\/070491b4b4fb7671bf59b3be20302ce9\"},\"headline\":\"March\u00e9s : Pris entre conflits g\u00e9opolitiques et indicateurs US\",\"datePublished\":\"2015-11-26T16:00:20+00:00\",\"dateModified\":\"2017-11-29T16:52:18+00:00\",\"mainEntityOfPage\":{\"@id\":\"https:\\\/\\\/www.gold.fr\\\/news\\\/2015\\\/11\\\/26\\\/marches-pris-entre-conflits-geopolitiques-et-indicateurs-us\\\/\"},\"wordCount\":256,\"commentCount\":0,\"image\":{\"@id\":\"https:\\\/\\\/www.gold.fr\\\/news\\\/2015\\\/11\\\/26\\\/marches-pris-entre-conflits-geopolitiques-et-indicateurs-us\\\/#primaryimage\"},\"thumbnailUrl\":\"https:\\\/\\\/www.gold.fr\\\/news\\\/wp-content\\\/uploads\\\/2011\\\/11\\\/83109311.jpg\",\"keywords\":[\"bourse\",\"march\u00e9s\",\"US\"],\"articleSection\":[\"Articles de presse\"],\"inLanguage\":\"fr-FR\"},{\"@type\":\"WebPage\",\"@id\":\"https:\\\/\\\/www.gold.fr\\\/news\\\/2015\\\/11\\\/26\\\/marches-pris-entre-conflits-geopolitiques-et-indicateurs-us\\\/\",\"url\":\"https:\\\/\\\/www.gold.fr\\\/news\\\/2015\\\/11\\\/26\\\/marches-pris-entre-conflits-geopolitiques-et-indicateurs-us\\\/\",\"name\":\"March\u00e9s : Pris entre conflits g\u00e9opolitiques et indicateurs US - Gold.fr\",\"isPartOf\":{\"@id\":\"https:\\\/\\\/www.gold.fr\\\/news\\\/#website\"},\"primaryImageOfPage\":{\"@id\":\"https:\\\/\\\/www.gold.fr\\\/news\\\/2015\\\/11\\\/26\\\/marches-pris-entre-conflits-geopolitiques-et-indicateurs-us\\\/#primaryimage\"},\"image\":{\"@id\":\"https:\\\/\\\/www.gold.fr\\\/news\\\/2015\\\/11\\\/26\\\/marches-pris-entre-conflits-geopolitiques-et-indicateurs-us\\\/#primaryimage\"},\"thumbnailUrl\":\"https:\\\/\\\/www.gold.fr\\\/news\\\/wp-content\\\/uploads\\\/2011\\\/11\\\/83109311.jpg\",\"datePublished\":\"2015-11-26T16:00:20+00:00\",\"dateModified\":\"2017-11-29T16:52:18+00:00\",\"author\":{\"@id\":\"https:\\\/\\\/www.gold.fr\\\/news\\\/#\\\/schema\\\/person\\\/070491b4b4fb7671bf59b3be20302ce9\"},\"breadcrumb\":{\"@id\":\"https:\\\/\\\/www.gold.fr\\\/news\\\/2015\\\/11\\\/26\\\/marches-pris-entre-conflits-geopolitiques-et-indicateurs-us\\\/#breadcrumb\"},\"inLanguage\":\"fr-FR\",\"potentialAction\":[{\"@type\":\"ReadAction\",\"target\":[\"https:\\\/\\\/www.gold.fr\\\/news\\\/2015\\\/11\\\/26\\\/marches-pris-entre-conflits-geopolitiques-et-indicateurs-us\\\/\"]}]},{\"@type\":\"ImageObject\",\"inLanguage\":\"fr-FR\",\"@id\":\"https:\\\/\\\/www.gold.fr\\\/news\\\/2015\\\/11\\\/26\\\/marches-pris-entre-conflits-geopolitiques-et-indicateurs-us\\\/#primaryimage\",\"url\":\"https:\\\/\\\/www.gold.fr\\\/news\\\/wp-content\\\/uploads\\\/2011\\\/11\\\/83109311.jpg\",\"contentUrl\":\"https:\\\/\\\/www.gold.fr\\\/news\\\/wp-content\\\/uploads\\\/2011\\\/11\\\/83109311.jpg\",\"width\":\"600\",\"height\":\"400\",\"caption\":\"L\u2019or en stagnation face \u00e0 un march\u00e9 en \u00e9quilibre\"},{\"@type\":\"BreadcrumbList\",\"@id\":\"https:\\\/\\\/www.gold.fr\\\/news\\\/2015\\\/11\\\/26\\\/marches-pris-entre-conflits-geopolitiques-et-indicateurs-us\\\/#breadcrumb\",\"itemListElement\":[{\"@type\":\"ListItem\",\"position\":1,\"name\":\"Accueil\",\"item\":\"https:\\\/\\\/www.gold.fr\\\/\"},{\"@type\":\"ListItem\",\"position\":2,\"name\":\"Actualit\u00e9s\",\"item\":\"https:\\\/\\\/www.gold.fr\\\/news\\\/\"},{\"@type\":\"ListItem\",\"position\":3,\"name\":\"March\u00e9s : Pris entre conflits g\u00e9opolitiques et indicateurs US\"}]},{\"@type\":\"WebSite\",\"@id\":\"https:\\\/\\\/www.gold.fr\\\/news\\\/#website\",\"url\":\"https:\\\/\\\/www.gold.fr\\\/news\\\/\",\"name\":\"Gold.fr\",\"description\":\"Actualit\u00e9s de l&#039;Or et des m\u00e9taux pr\u00e9cieux\",\"potentialAction\":[{\"@type\":\"SearchAction\",\"target\":{\"@type\":\"EntryPoint\",\"urlTemplate\":\"https:\\\/\\\/www.gold.fr\\\/news\\\/?s={search_term_string}\"},\"query-input\":{\"@type\":\"PropertyValueSpecification\",\"valueRequired\":true,\"valueName\":\"search_term_string\"}}],\"inLanguage\":\"fr-FR\"},{\"@type\":\"Person\",\"@id\":\"https:\\\/\\\/www.gold.fr\\\/news\\\/#\\\/schema\\\/person\\\/070491b4b4fb7671bf59b3be20302ce9\",\"name\":\"Comptoir National de l'Or\",\"image\":{\"@type\":\"ImageObject\",\"inLanguage\":\"fr-FR\",\"@id\":\"https:\\\/\\\/secure.gravatar.com\\\/avatar\\\/0a2867fd5abe37bed95d5a65e9d58f01756e11efc68af9888dfc50cfa7f65948?s=96&d=mm&r=gb490554db0a38188709de567aa58480d\",\"url\":\"https:\\\/\\\/secure.gravatar.com\\\/avatar\\\/0a2867fd5abe37bed95d5a65e9d58f01756e11efc68af9888dfc50cfa7f65948?s=96&d=mm&r=g\",\"contentUrl\":\"https:\\\/\\\/secure.gravatar.com\\\/avatar\\\/0a2867fd5abe37bed95d5a65e9d58f01756e11efc68af9888dfc50cfa7f65948?s=96&d=mm&r=g\",\"caption\":\"Comptoir National de l'Or\"},\"description\":\"Notre r\u00e9daction est constitu\u00e9e de membres experts dans les m\u00e9tiers de l'\u00e9conomie et la gestion, des Responsables d'agence Comptoir National de l'Or, des analystes financiers qui publient r\u00e9guli\u00e8rement des \u00e9tudes sur les politiques des banques centrales, le cours de l'or, prix de l'or, cours de l'argent, prix de l'argent, cours du platine, cours du palladium,... la situation en zone euro et l'impact de la strat\u00e9gie mon\u00e9taire de la FED. Notre \u00e9quipe scrute \u00e9galement une information plus g\u00e9n\u00e9raliste \u00e0 la recherche d'actualit\u00e9 \\\"p\u00e9pite\\\" \u00e0 vous partager. Depuis 5 ans, nous avons publi\u00e9 un peu plus de 4000 articles qui s'adressent \u00e0 un public large et vari\u00e9 ayant pour objectif de satisfaire votre curiosit\u00e9 et de partager avec vous une certaine fascination pour le m\u00e9tal jaune, le rachat d'or, et pour ceux qui veulent investir dans l'or, vendre leur or tout simplement en savoir plus... Pour tous vos achat or et argent, n'h\u00e9sitez pas \u00e0 prendre rendez-vous dans l'un de nos nombreux comptoirs.\",\"sameAs\":[\"https:\\\/\\\/www.gold.fr\"]}]}<\/script>\n<!-- \/ Yoast SEO plugin. -->","yoast_head_json":{"title":"March\u00e9s : Pris entre conflits g\u00e9opolitiques et indicateurs US - Gold.fr","robots":{"index":"index","follow":"follow","max-snippet":"max-snippet:-1","max-image-preview":"max-image-preview:large","max-video-preview":"max-video-preview:-1"},"canonical":"https:\/\/www.gold.fr\/news\/2015\/11\/26\/marches-pris-entre-conflits-geopolitiques-et-indicateurs-us\/","og_locale":"fr_FR","og_type":"article","og_title":"March\u00e9s : Pris entre conflits g\u00e9opolitiques et indicateurs US - Gold.fr","og_description":"C\u2019est une rafale de diff\u00e9rentes statistiques macro\u00e9conomiques qui s\u2019est exceptionnellement abattue sur les march\u00e9s financiers, lors de la s\u00e9ance de la veille (mercredi), dans l\u2019anticipation des 4 jours de fermeture des bourses US. La semaine macro\u00e9conomique [&hellip;]","og_url":"https:\/\/www.gold.fr\/news\/2015\/11\/26\/marches-pris-entre-conflits-geopolitiques-et-indicateurs-us\/","og_site_name":"Gold.fr","article_publisher":"https:\/\/www.facebook.com\/Goldfr\/","article_published_time":"2015-11-26T16:00:20+00:00","article_modified_time":"2017-11-29T16:52:18+00:00","og_image":[{"width":600,"height":400,"url":"https:\/\/www.gold.fr\/news\/wp-content\/uploads\/2011\/11\/83109311.jpg","type":"image\/jpeg"}],"author":"Comptoir National de l'Or","twitter_card":"summary_large_image","twitter_misc":{"\u00c9crit par":"Comptoir National de l'Or","Dur\u00e9e de lecture estim\u00e9e":"1 minute"},"schema":{"@context":"https:\/\/schema.org","@graph":[{"@type":"Article","@id":"https:\/\/www.gold.fr\/news\/2015\/11\/26\/marches-pris-entre-conflits-geopolitiques-et-indicateurs-us\/#article","isPartOf":{"@id":"https:\/\/www.gold.fr\/news\/2015\/11\/26\/marches-pris-entre-conflits-geopolitiques-et-indicateurs-us\/"},"author":{"name":"Comptoir National de l'Or","@id":"https:\/\/www.gold.fr\/news\/#\/schema\/person\/070491b4b4fb7671bf59b3be20302ce9"},"headline":"March\u00e9s : Pris entre conflits g\u00e9opolitiques et indicateurs US","datePublished":"2015-11-26T16:00:20+00:00","dateModified":"2017-11-29T16:52:18+00:00","mainEntityOfPage":{"@id":"https:\/\/www.gold.fr\/news\/2015\/11\/26\/marches-pris-entre-conflits-geopolitiques-et-indicateurs-us\/"},"wordCount":256,"commentCount":0,"image":{"@id":"https:\/\/www.gold.fr\/news\/2015\/11\/26\/marches-pris-entre-conflits-geopolitiques-et-indicateurs-us\/#primaryimage"},"thumbnailUrl":"https:\/\/www.gold.fr\/news\/wp-content\/uploads\/2011\/11\/83109311.jpg","keywords":["bourse","march\u00e9s","US"],"articleSection":["Articles de presse"],"inLanguage":"fr-FR"},{"@type":"WebPage","@id":"https:\/\/www.gold.fr\/news\/2015\/11\/26\/marches-pris-entre-conflits-geopolitiques-et-indicateurs-us\/","url":"https:\/\/www.gold.fr\/news\/2015\/11\/26\/marches-pris-entre-conflits-geopolitiques-et-indicateurs-us\/","name":"March\u00e9s : Pris entre conflits g\u00e9opolitiques et indicateurs US - Gold.fr","isPartOf":{"@id":"https:\/\/www.gold.fr\/news\/#website"},"primaryImageOfPage":{"@id":"https:\/\/www.gold.fr\/news\/2015\/11\/26\/marches-pris-entre-conflits-geopolitiques-et-indicateurs-us\/#primaryimage"},"image":{"@id":"https:\/\/www.gold.fr\/news\/2015\/11\/26\/marches-pris-entre-conflits-geopolitiques-et-indicateurs-us\/#primaryimage"},"thumbnailUrl":"https:\/\/www.gold.fr\/news\/wp-content\/uploads\/2011\/11\/83109311.jpg","datePublished":"2015-11-26T16:00:20+00:00","dateModified":"2017-11-29T16:52:18+00:00","author":{"@id":"https:\/\/www.gold.fr\/news\/#\/schema\/person\/070491b4b4fb7671bf59b3be20302ce9"},"breadcrumb":{"@id":"https:\/\/www.gold.fr\/news\/2015\/11\/26\/marches-pris-entre-conflits-geopolitiques-et-indicateurs-us\/#breadcrumb"},"inLanguage":"fr-FR","potentialAction":[{"@type":"ReadAction","target":["https:\/\/www.gold.fr\/news\/2015\/11\/26\/marches-pris-entre-conflits-geopolitiques-et-indicateurs-us\/"]}]},{"@type":"ImageObject","inLanguage":"fr-FR","@id":"https:\/\/www.gold.fr\/news\/2015\/11\/26\/marches-pris-entre-conflits-geopolitiques-et-indicateurs-us\/#primaryimage","url":"https:\/\/www.gold.fr\/news\/wp-content\/uploads\/2011\/11\/83109311.jpg","contentUrl":"https:\/\/www.gold.fr\/news\/wp-content\/uploads\/2011\/11\/83109311.jpg","width":"600","height":"400","caption":"L\u2019or en stagnation face \u00e0 un march\u00e9 en \u00e9quilibre"},{"@type":"BreadcrumbList","@id":"https:\/\/www.gold.fr\/news\/2015\/11\/26\/marches-pris-entre-conflits-geopolitiques-et-indicateurs-us\/#breadcrumb","itemListElement":[{"@type":"ListItem","position":1,"name":"Accueil","item":"https:\/\/www.gold.fr\/"},{"@type":"ListItem","position":2,"name":"Actualit\u00e9s","item":"https:\/\/www.gold.fr\/news\/"},{"@type":"ListItem","position":3,"name":"March\u00e9s : Pris entre conflits g\u00e9opolitiques et indicateurs US"}]},{"@type":"WebSite","@id":"https:\/\/www.gold.fr\/news\/#website","url":"https:\/\/www.gold.fr\/news\/","name":"Gold.fr","description":"Actualit\u00e9s de l&#039;Or et des m\u00e9taux pr\u00e9cieux","potentialAction":[{"@type":"SearchAction","target":{"@type":"EntryPoint","urlTemplate":"https:\/\/www.gold.fr\/news\/?s={search_term_string}"},"query-input":{"@type":"PropertyValueSpecification","valueRequired":true,"valueName":"search_term_string"}}],"inLanguage":"fr-FR"},{"@type":"Person","@id":"https:\/\/www.gold.fr\/news\/#\/schema\/person\/070491b4b4fb7671bf59b3be20302ce9","name":"Comptoir National de l'Or","image":{"@type":"ImageObject","inLanguage":"fr-FR","@id":"https:\/\/secure.gravatar.com\/avatar\/0a2867fd5abe37bed95d5a65e9d58f01756e11efc68af9888dfc50cfa7f65948?s=96&d=mm&r=gb490554db0a38188709de567aa58480d","url":"https:\/\/secure.gravatar.com\/avatar\/0a2867fd5abe37bed95d5a65e9d58f01756e11efc68af9888dfc50cfa7f65948?s=96&d=mm&r=g","contentUrl":"https:\/\/secure.gravatar.com\/avatar\/0a2867fd5abe37bed95d5a65e9d58f01756e11efc68af9888dfc50cfa7f65948?s=96&d=mm&r=g","caption":"Comptoir National de l'Or"},"description":"Notre r\u00e9daction est constitu\u00e9e de membres experts dans les m\u00e9tiers de l'\u00e9conomie et la gestion, des Responsables d'agence Comptoir National de l'Or, des analystes financiers qui publient r\u00e9guli\u00e8rement des \u00e9tudes sur les politiques des banques centrales, le cours de l'or, prix de l'or, cours de l'argent, prix de l'argent, cours du platine, cours du palladium,... la situation en zone euro et l'impact de la strat\u00e9gie mon\u00e9taire de la FED. Notre \u00e9quipe scrute \u00e9galement une information plus g\u00e9n\u00e9raliste \u00e0 la recherche d'actualit\u00e9 \"p\u00e9pite\" \u00e0 vous partager. Depuis 5 ans, nous avons publi\u00e9 un peu plus de 4000 articles qui s'adressent \u00e0 un public large et vari\u00e9 ayant pour objectif de satisfaire votre curiosit\u00e9 et de partager avec vous une certaine fascination pour le m\u00e9tal jaune, le rachat d'or, et pour ceux qui veulent investir dans l'or, vendre leur or tout simplement en savoir plus... Pour tous vos achat or et argent, n'h\u00e9sitez pas \u00e0 prendre rendez-vous dans l'un de nos nombreux comptoirs.","sameAs":["https:\/\/www.gold.fr"]}]}},"authors":[{"term_id":2565,"user_id":18,"is_guest":0,"slug":"julie","display_name":"Comptoir National de l'Or","avatar_url":"https:\/\/secure.gravatar.com\/avatar\/713f289e398d35ead876c4a4cc08607f0d6d266058cfc25683fffb6092d0e572?s=96&d=mm&r=g","0":null,"1":"","2":"","3":"","4":"","5":"","6":"","7":"","8":""}],"_links":{"self":[{"href":"https:\/\/www.gold.fr\/news\/wp-json\/wp\/v2\/posts\/18375","targetHints":{"allow":["GET"]}}],"collection":[{"href":"https:\/\/www.gold.fr\/news\/wp-json\/wp\/v2\/posts"}],"about":[{"href":"https:\/\/www.gold.fr\/news\/wp-json\/wp\/v2\/types\/post"}],"author":[{"embeddable":true,"href":"https:\/\/www.gold.fr\/news\/wp-json\/wp\/v2\/users\/18"}],"replies":[{"embeddable":true,"href":"https:\/\/www.gold.fr\/news\/wp-json\/wp\/v2\/comments?post=18375"}],"version-history":[{"count":0,"href":"https:\/\/www.gold.fr\/news\/wp-json\/wp\/v2\/posts\/18375\/revisions"}],"wp:featuredmedia":[{"embeddable":true,"href":"https:\/\/www.gold.fr\/news\/wp-json\/wp\/v2\/media\/3372"}],"wp:attachment":[{"href":"https:\/\/www.gold.fr\/news\/wp-json\/wp\/v2\/media?parent=18375"}],"wp:term":[{"taxonomy":"category","embeddable":true,"href":"https:\/\/www.gold.fr\/news\/wp-json\/wp\/v2\/categories?post=18375"},{"taxonomy":"post_tag","embeddable":true,"href":"https:\/\/www.gold.fr\/news\/wp-json\/wp\/v2\/tags?post=18375"},{"taxonomy":"author","embeddable":true,"href":"https:\/\/www.gold.fr\/news\/wp-json\/wp\/v2\/ppma_author?post=18375"}],"curies":[{"name":"wp","href":"https:\/\/api.w.org\/{rel}","templated":true}]}}