{"id":18346,"date":"2015-11-24T09:00:44","date_gmt":"2015-11-24T08:00:44","guid":{"rendered":"https:\/\/www.gold.fr\/news\/?p=18346"},"modified":"2017-11-29T17:52:22","modified_gmt":"2017-11-29T16:52:22","slug":"marche-de-lor-en-equilibre-dependant-du-dollar","status":"publish","type":"post","link":"https:\/\/www.gold.fr\/news\/2015\/11\/24\/marche-de-lor-en-equilibre-dependant-du-dollar\/","title":{"rendered":"March\u00e9 de l\u2019or : En \u00e9quilibre d\u00e9pendant du dollar"},"content":{"rendered":"<p><img loading=\"lazy\" decoding=\"async\" class=\"alignleft size-thumbnail wp-image-8085\" title=\"March\u00e9s US : En retrait g\u00e9n\u00e9ralis\u00e9\" src=\"https:\/\/www.gold.fr\/news\/wp-content\/uploads\/2012\/06\/demande-mondiale-150x150.jpg\" alt=\"\" width=\"150\" height=\"150\" \/><span style=\"font-size: small;\">La semaine derni\u00e8re avait \u00e9t\u00e9 particuli\u00e8rement mouvement\u00e9e pour le march\u00e9 de l&rsquo;<a href='https:\/\/www.gold.fr\/news\/tags\/or' class='esk-seo-plu-link'>or<\/a>, avec une forte pression baissi\u00e8re qui a r\u00e9ussi \u00e0 le tirer vers son plus bas de pr\u00e8s des six derni\u00e8res ann\u00e9es, avant de r\u00e9ussir \u00e0 rebondir consid\u00e9rablement (vers la fin de la semaine), boost\u00e9 par le retour des incertitudes entourant la politique <strong>FED<\/strong>.<\/span>    <span style=\"font-size: small;\">Il est d&rsquo;ailleurs attendu qu&rsquo;une nouvelle vague de correction traverse le march\u00e9 aurif\u00e8re, dans la mesure o\u00f9 les directeurs des diff\u00e9rentes antennes de la r\u00e9serve f\u00e9d\u00e9rale am\u00e9ricaine (St. Louis, New York\u2026) ont confirm\u00e9, vendredi dernier la <a href='https:\/\/www.gold.fr\/news\/tags\/investissement' class='esk-seo-plu-link'>tendance<\/a> manifestement \u2018faucon&rsquo; de la prochaine r\u00e9union du <strong>FOMC<\/strong> (au mois de d\u00e9cembre), venant ainsi renforcer le ton ferme du dernier compte-rendu <strong>FOMC<\/strong>, publi\u00e9 mercredi dernier. Rappelons toutefois que ces m\u00eames \u2018minutes&rsquo; ont bien pr\u00e9cis\u00e9 que, le cas \u00e9ch\u00e9ant, l&rsquo;institution proc\u00e8derait \u00e0 ce rel\u00e8vement des taux \u00ab <em>de fa\u00e7on tr\u00e8s lente et graduelle<\/em> \u00bb. Cette nuance dans le discours <strong>FED<\/strong> a eu pour effet de booster relativement la valeur de l&rsquo;<a href='https:\/\/www.gold.fr\/news\/tags\/or' class='esk-seo-plu-link'>or<\/a>, jeudi dernier, r\u00e9ussissant \u00e0 l&rsquo;extirper de sa charni\u00e8re baissi\u00e8re.<\/span>    <span style=\"font-size: small;\">N\u00e9anmoins, et malgr\u00e9 cette reprise partielle, la plupart des experts demeurent sceptiques, \u00e0 l&rsquo;image de <strong>Lukman Otunuga<\/strong>, analyste chez <strong>FXTM<\/strong>, qui souligne que \u00ab les prix du <a href='https:\/\/www.gold.fr\/news\/tags\/or' class='esk-seo-plu-link'>m\u00e9tal jaune<\/a> restaient fondamentalement orient\u00e9s \u00e0 la baisse et \u00ab\u00a0<em>compl\u00e8tement dict\u00e9s par les attentes d&rsquo;une hausse d&rsquo;int\u00e9r\u00eat des taux de la R\u00e9serve f\u00e9d\u00e9rale am\u00e9ricaine en d\u00e9cembre, qui augmentent<\/em> \u00bb.<\/span><\/p>\n<!-- AddThis Advanced Settings generic via filter on the_content --><!-- AddThis Share Buttons generic via filter on the_content -->","protected":false},"excerpt":{"rendered":"<p>La semaine derni\u00e8re avait \u00e9t\u00e9 particuli\u00e8rement mouvement\u00e9e pour le march\u00e9 de l&rsquo;or, avec une forte pression baissi\u00e8re qui a r\u00e9ussi \u00e0 le tirer vers son plus bas de pr\u00e8s des six derni\u00e8res ann\u00e9es, avant de r\u00e9ussir [&hellip;]<\/p>\n","protected":false},"author":18,"featured_media":8085,"comment_status":"open","ping_status":"open","sticky":false,"template":"","format":"standard","meta":{"_mbp_gutenberg_autopost":false,"_pgmb_is_evergreen":false,"_pgmb_ap_template_id":0,"footnotes":""},"categories":[6],"tags":[144,1034,105],"ppma_author":[2565],"class_list":["post-18346","post","type-post","status-publish","format-standard","has-post-thumbnail","hentry","category-articles-de-presse","tag-fed","tag-fomc","tag-marche"],"yoast_head":"<!-- This site is optimized with the Yoast SEO plugin v27.5 - https:\/\/yoast.com\/product\/yoast-seo-wordpress\/ -->\n<title>March\u00e9 de l\u2019or : En \u00e9quilibre d\u00e9pendant du dollar - Gold.fr<\/title>\n<meta name=\"robots\" content=\"index, follow, max-snippet:-1, max-image-preview:large, max-video-preview:-1\" \/>\n<link rel=\"canonical\" href=\"https:\/\/www.gold.fr\/news\/2015\/11\/24\/marche-de-lor-en-equilibre-dependant-du-dollar\/\" \/>\n<meta property=\"og:locale\" content=\"fr_FR\" \/>\n<meta property=\"og:type\" content=\"article\" \/>\n<meta property=\"og:title\" content=\"March\u00e9 de l\u2019or : En \u00e9quilibre d\u00e9pendant du dollar - Gold.fr\" \/>\n<meta property=\"og:description\" content=\"La semaine derni\u00e8re avait \u00e9t\u00e9 particuli\u00e8rement mouvement\u00e9e pour le march\u00e9 de l&rsquo;or, avec une forte pression baissi\u00e8re qui a r\u00e9ussi \u00e0 le tirer vers son plus bas de pr\u00e8s des six derni\u00e8res ann\u00e9es, avant de r\u00e9ussir [&hellip;]\" \/>\n<meta property=\"og:url\" content=\"https:\/\/www.gold.fr\/news\/2015\/11\/24\/marche-de-lor-en-equilibre-dependant-du-dollar\/\" \/>\n<meta property=\"og:site_name\" content=\"Gold.fr\" \/>\n<meta property=\"article:publisher\" content=\"https:\/\/www.facebook.com\/Goldfr\/\" \/>\n<meta property=\"article:published_time\" content=\"2015-11-24T08:00:44+00:00\" \/>\n<meta property=\"article:modified_time\" content=\"2017-11-29T16:52:22+00:00\" \/>\n<meta property=\"og:image\" content=\"https:\/\/www.gold.fr\/news\/wp-content\/uploads\/2012\/06\/demande-mondiale.jpg\" \/>\n\t<meta property=\"og:image:width\" content=\"600\" \/>\n\t<meta property=\"og:image:height\" content=\"400\" \/>\n\t<meta property=\"og:image:type\" content=\"image\/jpeg\" \/>\n<meta name=\"author\" content=\"Comptoir National de l&#039;Or\" \/>\n<meta name=\"twitter:card\" content=\"summary_large_image\" \/>\n<meta name=\"twitter:label1\" content=\"\u00c9crit par\" \/>\n\t<meta name=\"twitter:data1\" content=\"Comptoir National de l&#039;Or\" \/>\n\t<meta name=\"twitter:label2\" content=\"Dur\u00e9e de lecture estim\u00e9e\" \/>\n\t<meta name=\"twitter:data2\" content=\"1 minute\" \/>\n<script type=\"application\/ld+json\" class=\"yoast-schema-graph\">{\"@context\":\"https:\\\/\\\/schema.org\",\"@graph\":[{\"@type\":\"Article\",\"@id\":\"https:\\\/\\\/www.gold.fr\\\/news\\\/2015\\\/11\\\/24\\\/marche-de-lor-en-equilibre-dependant-du-dollar\\\/#article\",\"isPartOf\":{\"@id\":\"https:\\\/\\\/www.gold.fr\\\/news\\\/2015\\\/11\\\/24\\\/marche-de-lor-en-equilibre-dependant-du-dollar\\\/\"},\"author\":{\"name\":\"Comptoir National de l'Or\",\"@id\":\"https:\\\/\\\/www.gold.fr\\\/news\\\/#\\\/schema\\\/person\\\/070491b4b4fb7671bf59b3be20302ce9\"},\"headline\":\"March\u00e9 de l\u2019or : En \u00e9quilibre d\u00e9pendant du dollar\",\"datePublished\":\"2015-11-24T08:00:44+00:00\",\"dateModified\":\"2017-11-29T16:52:22+00:00\",\"mainEntityOfPage\":{\"@id\":\"https:\\\/\\\/www.gold.fr\\\/news\\\/2015\\\/11\\\/24\\\/marche-de-lor-en-equilibre-dependant-du-dollar\\\/\"},\"wordCount\":276,\"commentCount\":0,\"image\":{\"@id\":\"https:\\\/\\\/www.gold.fr\\\/news\\\/2015\\\/11\\\/24\\\/marche-de-lor-en-equilibre-dependant-du-dollar\\\/#primaryimage\"},\"thumbnailUrl\":\"https:\\\/\\\/www.gold.fr\\\/news\\\/wp-content\\\/uploads\\\/2012\\\/06\\\/demande-mondiale.jpg\",\"keywords\":[\"fed\",\"FOMC\",\"march\u00e9\"],\"articleSection\":[\"Articles de presse\"],\"inLanguage\":\"fr-FR\"},{\"@type\":\"WebPage\",\"@id\":\"https:\\\/\\\/www.gold.fr\\\/news\\\/2015\\\/11\\\/24\\\/marche-de-lor-en-equilibre-dependant-du-dollar\\\/\",\"url\":\"https:\\\/\\\/www.gold.fr\\\/news\\\/2015\\\/11\\\/24\\\/marche-de-lor-en-equilibre-dependant-du-dollar\\\/\",\"name\":\"March\u00e9 de l\u2019or : En \u00e9quilibre d\u00e9pendant du dollar - Gold.fr\",\"isPartOf\":{\"@id\":\"https:\\\/\\\/www.gold.fr\\\/news\\\/#website\"},\"primaryImageOfPage\":{\"@id\":\"https:\\\/\\\/www.gold.fr\\\/news\\\/2015\\\/11\\\/24\\\/marche-de-lor-en-equilibre-dependant-du-dollar\\\/#primaryimage\"},\"image\":{\"@id\":\"https:\\\/\\\/www.gold.fr\\\/news\\\/2015\\\/11\\\/24\\\/marche-de-lor-en-equilibre-dependant-du-dollar\\\/#primaryimage\"},\"thumbnailUrl\":\"https:\\\/\\\/www.gold.fr\\\/news\\\/wp-content\\\/uploads\\\/2012\\\/06\\\/demande-mondiale.jpg\",\"datePublished\":\"2015-11-24T08:00:44+00:00\",\"dateModified\":\"2017-11-29T16:52:22+00:00\",\"author\":{\"@id\":\"https:\\\/\\\/www.gold.fr\\\/news\\\/#\\\/schema\\\/person\\\/070491b4b4fb7671bf59b3be20302ce9\"},\"breadcrumb\":{\"@id\":\"https:\\\/\\\/www.gold.fr\\\/news\\\/2015\\\/11\\\/24\\\/marche-de-lor-en-equilibre-dependant-du-dollar\\\/#breadcrumb\"},\"inLanguage\":\"fr-FR\",\"potentialAction\":[{\"@type\":\"ReadAction\",\"target\":[\"https:\\\/\\\/www.gold.fr\\\/news\\\/2015\\\/11\\\/24\\\/marche-de-lor-en-equilibre-dependant-du-dollar\\\/\"]}]},{\"@type\":\"ImageObject\",\"inLanguage\":\"fr-FR\",\"@id\":\"https:\\\/\\\/www.gold.fr\\\/news\\\/2015\\\/11\\\/24\\\/marche-de-lor-en-equilibre-dependant-du-dollar\\\/#primaryimage\",\"url\":\"https:\\\/\\\/www.gold.fr\\\/news\\\/wp-content\\\/uploads\\\/2012\\\/06\\\/demande-mondiale.jpg\",\"contentUrl\":\"https:\\\/\\\/www.gold.fr\\\/news\\\/wp-content\\\/uploads\\\/2012\\\/06\\\/demande-mondiale.jpg\",\"width\":\"600\",\"height\":\"400\",\"caption\":\"March\u00e9s : Forte stagnation des indices US\"},{\"@type\":\"BreadcrumbList\",\"@id\":\"https:\\\/\\\/www.gold.fr\\\/news\\\/2015\\\/11\\\/24\\\/marche-de-lor-en-equilibre-dependant-du-dollar\\\/#breadcrumb\",\"itemListElement\":[{\"@type\":\"ListItem\",\"position\":1,\"name\":\"Accueil\",\"item\":\"https:\\\/\\\/www.gold.fr\\\/\"},{\"@type\":\"ListItem\",\"position\":2,\"name\":\"Actualit\u00e9s\",\"item\":\"https:\\\/\\\/www.gold.fr\\\/news\\\/\"},{\"@type\":\"ListItem\",\"position\":3,\"name\":\"March\u00e9 de l\u2019or : En \u00e9quilibre d\u00e9pendant du dollar\"}]},{\"@type\":\"WebSite\",\"@id\":\"https:\\\/\\\/www.gold.fr\\\/news\\\/#website\",\"url\":\"https:\\\/\\\/www.gold.fr\\\/news\\\/\",\"name\":\"Gold.fr\",\"description\":\"Actualit\u00e9s de l&#039;Or et des m\u00e9taux pr\u00e9cieux\",\"potentialAction\":[{\"@type\":\"SearchAction\",\"target\":{\"@type\":\"EntryPoint\",\"urlTemplate\":\"https:\\\/\\\/www.gold.fr\\\/news\\\/?s={search_term_string}\"},\"query-input\":{\"@type\":\"PropertyValueSpecification\",\"valueRequired\":true,\"valueName\":\"search_term_string\"}}],\"inLanguage\":\"fr-FR\"},{\"@type\":\"Person\",\"@id\":\"https:\\\/\\\/www.gold.fr\\\/news\\\/#\\\/schema\\\/person\\\/070491b4b4fb7671bf59b3be20302ce9\",\"name\":\"Comptoir National de l'Or\",\"image\":{\"@type\":\"ImageObject\",\"inLanguage\":\"fr-FR\",\"@id\":\"https:\\\/\\\/secure.gravatar.com\\\/avatar\\\/0a2867fd5abe37bed95d5a65e9d58f01756e11efc68af9888dfc50cfa7f65948?s=96&d=mm&r=gb490554db0a38188709de567aa58480d\",\"url\":\"https:\\\/\\\/secure.gravatar.com\\\/avatar\\\/0a2867fd5abe37bed95d5a65e9d58f01756e11efc68af9888dfc50cfa7f65948?s=96&d=mm&r=g\",\"contentUrl\":\"https:\\\/\\\/secure.gravatar.com\\\/avatar\\\/0a2867fd5abe37bed95d5a65e9d58f01756e11efc68af9888dfc50cfa7f65948?s=96&d=mm&r=g\",\"caption\":\"Comptoir National de l'Or\"},\"description\":\"Notre r\u00e9daction est constitu\u00e9e de membres experts dans les m\u00e9tiers de l'\u00e9conomie et la gestion, des Responsables d'agence Comptoir National de l'Or, des analystes financiers qui publient r\u00e9guli\u00e8rement des \u00e9tudes sur les politiques des banques centrales, le cours de l'or, prix de l'or, cours de l'argent, prix de l'argent, cours du platine, cours du palladium,... la situation en zone euro et l'impact de la strat\u00e9gie mon\u00e9taire de la FED. Notre \u00e9quipe scrute \u00e9galement une information plus g\u00e9n\u00e9raliste \u00e0 la recherche d'actualit\u00e9 \\\"p\u00e9pite\\\" \u00e0 vous partager. Depuis 5 ans, nous avons publi\u00e9 un peu plus de 4000 articles qui s'adressent \u00e0 un public large et vari\u00e9 ayant pour objectif de satisfaire votre curiosit\u00e9 et de partager avec vous une certaine fascination pour le m\u00e9tal jaune, le rachat d'or, et pour ceux qui veulent investir dans l'or, vendre leur or tout simplement en savoir plus... Pour tous vos achat or et argent, n'h\u00e9sitez pas \u00e0 prendre rendez-vous dans l'un de nos nombreux comptoirs.\",\"sameAs\":[\"https:\\\/\\\/www.gold.fr\"]}]}<\/script>\n<!-- \/ Yoast SEO plugin. -->","yoast_head_json":{"title":"March\u00e9 de l\u2019or : En \u00e9quilibre d\u00e9pendant du dollar - Gold.fr","robots":{"index":"index","follow":"follow","max-snippet":"max-snippet:-1","max-image-preview":"max-image-preview:large","max-video-preview":"max-video-preview:-1"},"canonical":"https:\/\/www.gold.fr\/news\/2015\/11\/24\/marche-de-lor-en-equilibre-dependant-du-dollar\/","og_locale":"fr_FR","og_type":"article","og_title":"March\u00e9 de l\u2019or : En \u00e9quilibre d\u00e9pendant du dollar - Gold.fr","og_description":"La semaine derni\u00e8re avait \u00e9t\u00e9 particuli\u00e8rement mouvement\u00e9e pour le march\u00e9 de l&rsquo;or, avec une forte pression baissi\u00e8re qui a r\u00e9ussi \u00e0 le tirer vers son plus bas de pr\u00e8s des six derni\u00e8res ann\u00e9es, avant de r\u00e9ussir [&hellip;]","og_url":"https:\/\/www.gold.fr\/news\/2015\/11\/24\/marche-de-lor-en-equilibre-dependant-du-dollar\/","og_site_name":"Gold.fr","article_publisher":"https:\/\/www.facebook.com\/Goldfr\/","article_published_time":"2015-11-24T08:00:44+00:00","article_modified_time":"2017-11-29T16:52:22+00:00","og_image":[{"width":600,"height":400,"url":"https:\/\/www.gold.fr\/news\/wp-content\/uploads\/2012\/06\/demande-mondiale.jpg","type":"image\/jpeg"}],"author":"Comptoir National de l'Or","twitter_card":"summary_large_image","twitter_misc":{"\u00c9crit par":"Comptoir National de l'Or","Dur\u00e9e de lecture estim\u00e9e":"1 minute"},"schema":{"@context":"https:\/\/schema.org","@graph":[{"@type":"Article","@id":"https:\/\/www.gold.fr\/news\/2015\/11\/24\/marche-de-lor-en-equilibre-dependant-du-dollar\/#article","isPartOf":{"@id":"https:\/\/www.gold.fr\/news\/2015\/11\/24\/marche-de-lor-en-equilibre-dependant-du-dollar\/"},"author":{"name":"Comptoir National de l'Or","@id":"https:\/\/www.gold.fr\/news\/#\/schema\/person\/070491b4b4fb7671bf59b3be20302ce9"},"headline":"March\u00e9 de l\u2019or : En \u00e9quilibre d\u00e9pendant du dollar","datePublished":"2015-11-24T08:00:44+00:00","dateModified":"2017-11-29T16:52:22+00:00","mainEntityOfPage":{"@id":"https:\/\/www.gold.fr\/news\/2015\/11\/24\/marche-de-lor-en-equilibre-dependant-du-dollar\/"},"wordCount":276,"commentCount":0,"image":{"@id":"https:\/\/www.gold.fr\/news\/2015\/11\/24\/marche-de-lor-en-equilibre-dependant-du-dollar\/#primaryimage"},"thumbnailUrl":"https:\/\/www.gold.fr\/news\/wp-content\/uploads\/2012\/06\/demande-mondiale.jpg","keywords":["fed","FOMC","march\u00e9"],"articleSection":["Articles de presse"],"inLanguage":"fr-FR"},{"@type":"WebPage","@id":"https:\/\/www.gold.fr\/news\/2015\/11\/24\/marche-de-lor-en-equilibre-dependant-du-dollar\/","url":"https:\/\/www.gold.fr\/news\/2015\/11\/24\/marche-de-lor-en-equilibre-dependant-du-dollar\/","name":"March\u00e9 de l\u2019or : En \u00e9quilibre d\u00e9pendant du dollar - Gold.fr","isPartOf":{"@id":"https:\/\/www.gold.fr\/news\/#website"},"primaryImageOfPage":{"@id":"https:\/\/www.gold.fr\/news\/2015\/11\/24\/marche-de-lor-en-equilibre-dependant-du-dollar\/#primaryimage"},"image":{"@id":"https:\/\/www.gold.fr\/news\/2015\/11\/24\/marche-de-lor-en-equilibre-dependant-du-dollar\/#primaryimage"},"thumbnailUrl":"https:\/\/www.gold.fr\/news\/wp-content\/uploads\/2012\/06\/demande-mondiale.jpg","datePublished":"2015-11-24T08:00:44+00:00","dateModified":"2017-11-29T16:52:22+00:00","author":{"@id":"https:\/\/www.gold.fr\/news\/#\/schema\/person\/070491b4b4fb7671bf59b3be20302ce9"},"breadcrumb":{"@id":"https:\/\/www.gold.fr\/news\/2015\/11\/24\/marche-de-lor-en-equilibre-dependant-du-dollar\/#breadcrumb"},"inLanguage":"fr-FR","potentialAction":[{"@type":"ReadAction","target":["https:\/\/www.gold.fr\/news\/2015\/11\/24\/marche-de-lor-en-equilibre-dependant-du-dollar\/"]}]},{"@type":"ImageObject","inLanguage":"fr-FR","@id":"https:\/\/www.gold.fr\/news\/2015\/11\/24\/marche-de-lor-en-equilibre-dependant-du-dollar\/#primaryimage","url":"https:\/\/www.gold.fr\/news\/wp-content\/uploads\/2012\/06\/demande-mondiale.jpg","contentUrl":"https:\/\/www.gold.fr\/news\/wp-content\/uploads\/2012\/06\/demande-mondiale.jpg","width":"600","height":"400","caption":"March\u00e9s : Forte stagnation des indices US"},{"@type":"BreadcrumbList","@id":"https:\/\/www.gold.fr\/news\/2015\/11\/24\/marche-de-lor-en-equilibre-dependant-du-dollar\/#breadcrumb","itemListElement":[{"@type":"ListItem","position":1,"name":"Accueil","item":"https:\/\/www.gold.fr\/"},{"@type":"ListItem","position":2,"name":"Actualit\u00e9s","item":"https:\/\/www.gold.fr\/news\/"},{"@type":"ListItem","position":3,"name":"March\u00e9 de l\u2019or : En \u00e9quilibre d\u00e9pendant du dollar"}]},{"@type":"WebSite","@id":"https:\/\/www.gold.fr\/news\/#website","url":"https:\/\/www.gold.fr\/news\/","name":"Gold.fr","description":"Actualit\u00e9s de l&#039;Or et des m\u00e9taux pr\u00e9cieux","potentialAction":[{"@type":"SearchAction","target":{"@type":"EntryPoint","urlTemplate":"https:\/\/www.gold.fr\/news\/?s={search_term_string}"},"query-input":{"@type":"PropertyValueSpecification","valueRequired":true,"valueName":"search_term_string"}}],"inLanguage":"fr-FR"},{"@type":"Person","@id":"https:\/\/www.gold.fr\/news\/#\/schema\/person\/070491b4b4fb7671bf59b3be20302ce9","name":"Comptoir National de l'Or","image":{"@type":"ImageObject","inLanguage":"fr-FR","@id":"https:\/\/secure.gravatar.com\/avatar\/0a2867fd5abe37bed95d5a65e9d58f01756e11efc68af9888dfc50cfa7f65948?s=96&d=mm&r=gb490554db0a38188709de567aa58480d","url":"https:\/\/secure.gravatar.com\/avatar\/0a2867fd5abe37bed95d5a65e9d58f01756e11efc68af9888dfc50cfa7f65948?s=96&d=mm&r=g","contentUrl":"https:\/\/secure.gravatar.com\/avatar\/0a2867fd5abe37bed95d5a65e9d58f01756e11efc68af9888dfc50cfa7f65948?s=96&d=mm&r=g","caption":"Comptoir National de l'Or"},"description":"Notre r\u00e9daction est constitu\u00e9e de membres experts dans les m\u00e9tiers de l'\u00e9conomie et la gestion, des Responsables d'agence Comptoir National de l'Or, des analystes financiers qui publient r\u00e9guli\u00e8rement des \u00e9tudes sur les politiques des banques centrales, le cours de l'or, prix de l'or, cours de l'argent, prix de l'argent, cours du platine, cours du palladium,... la situation en zone euro et l'impact de la strat\u00e9gie mon\u00e9taire de la FED. Notre \u00e9quipe scrute \u00e9galement une information plus g\u00e9n\u00e9raliste \u00e0 la recherche d'actualit\u00e9 \"p\u00e9pite\" \u00e0 vous partager. Depuis 5 ans, nous avons publi\u00e9 un peu plus de 4000 articles qui s'adressent \u00e0 un public large et vari\u00e9 ayant pour objectif de satisfaire votre curiosit\u00e9 et de partager avec vous une certaine fascination pour le m\u00e9tal jaune, le rachat d'or, et pour ceux qui veulent investir dans l'or, vendre leur or tout simplement en savoir plus... Pour tous vos achat or et argent, n'h\u00e9sitez pas \u00e0 prendre rendez-vous dans l'un de nos nombreux comptoirs.","sameAs":["https:\/\/www.gold.fr"]}]}},"authors":[{"term_id":2565,"user_id":18,"is_guest":0,"slug":"julie","display_name":"Comptoir National de l'Or","avatar_url":"https:\/\/secure.gravatar.com\/avatar\/713f289e398d35ead876c4a4cc08607f0d6d266058cfc25683fffb6092d0e572?s=96&d=mm&r=g","0":null,"1":"","2":"","3":"","4":"","5":"","6":"","7":"","8":""}],"_links":{"self":[{"href":"https:\/\/www.gold.fr\/news\/wp-json\/wp\/v2\/posts\/18346","targetHints":{"allow":["GET"]}}],"collection":[{"href":"https:\/\/www.gold.fr\/news\/wp-json\/wp\/v2\/posts"}],"about":[{"href":"https:\/\/www.gold.fr\/news\/wp-json\/wp\/v2\/types\/post"}],"author":[{"embeddable":true,"href":"https:\/\/www.gold.fr\/news\/wp-json\/wp\/v2\/users\/18"}],"replies":[{"embeddable":true,"href":"https:\/\/www.gold.fr\/news\/wp-json\/wp\/v2\/comments?post=18346"}],"version-history":[{"count":0,"href":"https:\/\/www.gold.fr\/news\/wp-json\/wp\/v2\/posts\/18346\/revisions"}],"wp:featuredmedia":[{"embeddable":true,"href":"https:\/\/www.gold.fr\/news\/wp-json\/wp\/v2\/media\/8085"}],"wp:attachment":[{"href":"https:\/\/www.gold.fr\/news\/wp-json\/wp\/v2\/media?parent=18346"}],"wp:term":[{"taxonomy":"category","embeddable":true,"href":"https:\/\/www.gold.fr\/news\/wp-json\/wp\/v2\/categories?post=18346"},{"taxonomy":"post_tag","embeddable":true,"href":"https:\/\/www.gold.fr\/news\/wp-json\/wp\/v2\/tags?post=18346"},{"taxonomy":"author","embeddable":true,"href":"https:\/\/www.gold.fr\/news\/wp-json\/wp\/v2\/ppma_author?post=18346"}],"curies":[{"name":"wp","href":"https:\/\/api.w.org\/{rel}","templated":true}]}}