{"id":18329,"date":"2015-11-19T17:00:40","date_gmt":"2015-11-19T16:00:40","guid":{"rendered":"https:\/\/www.gold.fr\/news\/?p=18329"},"modified":"2017-11-29T17:52:26","modified_gmt":"2017-11-29T16:52:26","slug":"minutes-fed-un-discours-relativement-rassurant","status":"publish","type":"post","link":"https:\/\/www.gold.fr\/news\/2015\/11\/19\/minutes-fed-un-discours-relativement-rassurant\/","title":{"rendered":"Minutes FED : Un discours relativement rassurant"},"content":{"rendered":"<p><span style=\"font-size: small;\"><img loading=\"lazy\" decoding=\"async\" class=\"alignleft size-thumbnail wp-image-10240\" title=\"Minutes FED : Un discours relativement rassurant\" src=\"https:\/\/www.gold.fr\/news\/wp-content\/uploads\/2011\/07\/or-valeur-refuge-150x150.jpg\" alt=\"\" width=\"150\" height=\"150\" \/>En tout cas, les march\u00e9s ont clairement choisi de voir le verre \u00e0 moiti\u00e9 plein, en d\u00e9pit des d\u00e9clarations mitig\u00e9es de l\u2019institution qui laissent la porte ouverte \u00e0 toutes les sp\u00e9culations et tous les sc\u00e9narios possibles. La r\u00e9serve f\u00e9d\u00e9rale am\u00e9ricaine a de nouveau r\u00e9ussi l\u2019exploit de livrer un discours capable de rassurer les march\u00e9s tout en lui permettant, le cas \u00e9ch\u00e9ant, de proc\u00e9der \u00e0 la mise en place du resserrement de sa politique mon\u00e9taire.<\/span>    <span style=\"font-size: small;\">Les minutes de la derni\u00e8re r\u00e9union de la r\u00e9serve f\u00e9d\u00e9rale am\u00e9ricaine avait \u00e9t\u00e9 publi\u00e9es la veille (mercredi) vers 20H, sur fond d\u2019un consensus expert qui pr\u00e9voyait une d\u00e9cision non-unanime au sein des 13 membres, concernant le sujet du rel\u00e8vement de ses taux directeurs. Plusieurs facteurs justifiaient, selon eux, ces pr\u00e9visions, dont notamment \u00ab<em> le ralentissement chinois, le caract\u00e8re contrast\u00e9 des derniers indicateurs am\u00e9ricains<\/em> \u00bb, mais \u00e9galement \u00ab<em> les attentats qui ont ensanglant\u00e9 Paris vendredi<\/em> \u00bb.<\/span>    <span style=\"font-size: small;\">Il est toutefois \u00e9tonnant que le ton des fameuses \u2018<em>minutes<\/em>\u2019 ait \u00e9t\u00e9 jug\u00e9 rassurant, dans la mesure o\u00f9 le rapport a bien pr\u00e9cis\u00e9 que \u00ab<em> de nombreux responsables de la Fed consid\u00e8rent que les conditions d&rsquo;une hausse de taux seront r\u00e9unies lors de la prochaine r\u00e9union du mois de d\u00e9cembre<\/em> \u00bb. N\u00e9anmoins, l\u2019institution a \u00e9galement insinu\u00e9 que, quand bien m\u00eame elle mettrait en place cette strat\u00e9gie de s\u00e9v\u00e9rit\u00e9 mon\u00e9taire, \u00ab<em> la trajectoire de resserrement mon\u00e9taire serait ensuite tr\u00e8s lente et progressive<\/em> \u00bb.<\/span><\/p>\n<!-- AddThis Advanced Settings generic via filter on the_content --><!-- AddThis Share Buttons generic via filter on the_content -->","protected":false},"excerpt":{"rendered":"<p>En tout cas, les march\u00e9s ont clairement choisi de voir le verre \u00e0 moiti\u00e9 plein, en d\u00e9pit des d\u00e9clarations mitig\u00e9es de l\u2019institution qui laissent la porte ouverte \u00e0 toutes les sp\u00e9culations et tous les sc\u00e9narios possibles. [&hellip;]<\/p>\n","protected":false},"author":18,"featured_media":10240,"comment_status":"open","ping_status":"open","sticky":false,"template":"","format":"standard","meta":{"_mbp_gutenberg_autopost":false,"_pgmb_is_evergreen":false,"_pgmb_ap_template_id":0,"footnotes":""},"categories":[6],"tags":[144,1035],"ppma_author":[2565],"class_list":["post-18329","post","type-post","status-publish","format-standard","has-post-thumbnail","hentry","category-articles-de-presse","tag-fed","tag-politique-monetaire"],"yoast_head":"<!-- This site is optimized with the Yoast SEO plugin v27.5 - https:\/\/yoast.com\/product\/yoast-seo-wordpress\/ -->\n<title>Minutes FED : Un discours relativement rassurant - Gold.fr<\/title>\n<meta name=\"robots\" content=\"index, follow, max-snippet:-1, max-image-preview:large, max-video-preview:-1\" \/>\n<link rel=\"canonical\" href=\"https:\/\/www.gold.fr\/news\/2015\/11\/19\/minutes-fed-un-discours-relativement-rassurant\/\" \/>\n<meta property=\"og:locale\" content=\"fr_FR\" \/>\n<meta property=\"og:type\" content=\"article\" \/>\n<meta property=\"og:title\" content=\"Minutes FED : Un discours relativement rassurant - Gold.fr\" \/>\n<meta property=\"og:description\" content=\"En tout cas, les march\u00e9s ont clairement choisi de voir le verre \u00e0 moiti\u00e9 plein, en d\u00e9pit des d\u00e9clarations mitig\u00e9es de l\u2019institution qui laissent la porte ouverte \u00e0 toutes les sp\u00e9culations et tous les sc\u00e9narios possibles. [&hellip;]\" \/>\n<meta property=\"og:url\" content=\"https:\/\/www.gold.fr\/news\/2015\/11\/19\/minutes-fed-un-discours-relativement-rassurant\/\" \/>\n<meta property=\"og:site_name\" content=\"Gold.fr\" \/>\n<meta property=\"article:publisher\" content=\"https:\/\/www.facebook.com\/Goldfr\/\" \/>\n<meta property=\"article:published_time\" content=\"2015-11-19T16:00:40+00:00\" \/>\n<meta property=\"article:modified_time\" content=\"2017-11-29T16:52:26+00:00\" \/>\n<meta property=\"og:image\" content=\"https:\/\/www.gold.fr\/news\/wp-content\/uploads\/2011\/07\/or-valeur-refuge.jpg\" \/>\n\t<meta property=\"og:image:width\" content=\"600\" \/>\n\t<meta property=\"og:image:height\" content=\"389\" \/>\n\t<meta property=\"og:image:type\" content=\"image\/jpeg\" \/>\n<meta name=\"author\" content=\"Comptoir National de l&#039;Or\" \/>\n<meta name=\"twitter:card\" content=\"summary_large_image\" \/>\n<meta name=\"twitter:label1\" content=\"\u00c9crit par\" \/>\n\t<meta name=\"twitter:data1\" content=\"Comptoir National de l&#039;Or\" \/>\n\t<meta name=\"twitter:label2\" content=\"Dur\u00e9e de lecture estim\u00e9e\" \/>\n\t<meta name=\"twitter:data2\" content=\"1 minute\" \/>\n<script type=\"application\/ld+json\" class=\"yoast-schema-graph\">{\"@context\":\"https:\\\/\\\/schema.org\",\"@graph\":[{\"@type\":\"Article\",\"@id\":\"https:\\\/\\\/www.gold.fr\\\/news\\\/2015\\\/11\\\/19\\\/minutes-fed-un-discours-relativement-rassurant\\\/#article\",\"isPartOf\":{\"@id\":\"https:\\\/\\\/www.gold.fr\\\/news\\\/2015\\\/11\\\/19\\\/minutes-fed-un-discours-relativement-rassurant\\\/\"},\"author\":{\"name\":\"Comptoir National de l'Or\",\"@id\":\"https:\\\/\\\/www.gold.fr\\\/news\\\/#\\\/schema\\\/person\\\/070491b4b4fb7671bf59b3be20302ce9\"},\"headline\":\"Minutes FED : Un discours relativement rassurant\",\"datePublished\":\"2015-11-19T16:00:40+00:00\",\"dateModified\":\"2017-11-29T16:52:26+00:00\",\"mainEntityOfPage\":{\"@id\":\"https:\\\/\\\/www.gold.fr\\\/news\\\/2015\\\/11\\\/19\\\/minutes-fed-un-discours-relativement-rassurant\\\/\"},\"wordCount\":271,\"commentCount\":0,\"image\":{\"@id\":\"https:\\\/\\\/www.gold.fr\\\/news\\\/2015\\\/11\\\/19\\\/minutes-fed-un-discours-relativement-rassurant\\\/#primaryimage\"},\"thumbnailUrl\":\"https:\\\/\\\/www.gold.fr\\\/news\\\/wp-content\\\/uploads\\\/2011\\\/07\\\/or-valeur-refuge.jpg\",\"keywords\":[\"fed\",\"politique mon\u00e9taire\"],\"articleSection\":[\"Articles de presse\"],\"inLanguage\":\"fr-FR\"},{\"@type\":\"WebPage\",\"@id\":\"https:\\\/\\\/www.gold.fr\\\/news\\\/2015\\\/11\\\/19\\\/minutes-fed-un-discours-relativement-rassurant\\\/\",\"url\":\"https:\\\/\\\/www.gold.fr\\\/news\\\/2015\\\/11\\\/19\\\/minutes-fed-un-discours-relativement-rassurant\\\/\",\"name\":\"Minutes FED : Un discours relativement rassurant - Gold.fr\",\"isPartOf\":{\"@id\":\"https:\\\/\\\/www.gold.fr\\\/news\\\/#website\"},\"primaryImageOfPage\":{\"@id\":\"https:\\\/\\\/www.gold.fr\\\/news\\\/2015\\\/11\\\/19\\\/minutes-fed-un-discours-relativement-rassurant\\\/#primaryimage\"},\"image\":{\"@id\":\"https:\\\/\\\/www.gold.fr\\\/news\\\/2015\\\/11\\\/19\\\/minutes-fed-un-discours-relativement-rassurant\\\/#primaryimage\"},\"thumbnailUrl\":\"https:\\\/\\\/www.gold.fr\\\/news\\\/wp-content\\\/uploads\\\/2011\\\/07\\\/or-valeur-refuge.jpg\",\"datePublished\":\"2015-11-19T16:00:40+00:00\",\"dateModified\":\"2017-11-29T16:52:26+00:00\",\"author\":{\"@id\":\"https:\\\/\\\/www.gold.fr\\\/news\\\/#\\\/schema\\\/person\\\/070491b4b4fb7671bf59b3be20302ce9\"},\"breadcrumb\":{\"@id\":\"https:\\\/\\\/www.gold.fr\\\/news\\\/2015\\\/11\\\/19\\\/minutes-fed-un-discours-relativement-rassurant\\\/#breadcrumb\"},\"inLanguage\":\"fr-FR\",\"potentialAction\":[{\"@type\":\"ReadAction\",\"target\":[\"https:\\\/\\\/www.gold.fr\\\/news\\\/2015\\\/11\\\/19\\\/minutes-fed-un-discours-relativement-rassurant\\\/\"]}]},{\"@type\":\"ImageObject\",\"inLanguage\":\"fr-FR\",\"@id\":\"https:\\\/\\\/www.gold.fr\\\/news\\\/2015\\\/11\\\/19\\\/minutes-fed-un-discours-relativement-rassurant\\\/#primaryimage\",\"url\":\"https:\\\/\\\/www.gold.fr\\\/news\\\/wp-content\\\/uploads\\\/2011\\\/07\\\/or-valeur-refuge.jpg\",\"contentUrl\":\"https:\\\/\\\/www.gold.fr\\\/news\\\/wp-content\\\/uploads\\\/2011\\\/07\\\/or-valeur-refuge.jpg\",\"width\":\"600\",\"height\":\"389\",\"caption\":\"L\u2019once risque d\u2019\u00eatre galvanis\u00e9e par la d\u00e9cision de la Fed\"},{\"@type\":\"BreadcrumbList\",\"@id\":\"https:\\\/\\\/www.gold.fr\\\/news\\\/2015\\\/11\\\/19\\\/minutes-fed-un-discours-relativement-rassurant\\\/#breadcrumb\",\"itemListElement\":[{\"@type\":\"ListItem\",\"position\":1,\"name\":\"Accueil\",\"item\":\"https:\\\/\\\/www.gold.fr\\\/\"},{\"@type\":\"ListItem\",\"position\":2,\"name\":\"Actualit\u00e9s\",\"item\":\"https:\\\/\\\/www.gold.fr\\\/news\\\/\"},{\"@type\":\"ListItem\",\"position\":3,\"name\":\"Minutes FED : Un discours relativement rassurant\"}]},{\"@type\":\"WebSite\",\"@id\":\"https:\\\/\\\/www.gold.fr\\\/news\\\/#website\",\"url\":\"https:\\\/\\\/www.gold.fr\\\/news\\\/\",\"name\":\"Gold.fr\",\"description\":\"Actualit\u00e9s de l&#039;Or et des m\u00e9taux pr\u00e9cieux\",\"potentialAction\":[{\"@type\":\"SearchAction\",\"target\":{\"@type\":\"EntryPoint\",\"urlTemplate\":\"https:\\\/\\\/www.gold.fr\\\/news\\\/?s={search_term_string}\"},\"query-input\":{\"@type\":\"PropertyValueSpecification\",\"valueRequired\":true,\"valueName\":\"search_term_string\"}}],\"inLanguage\":\"fr-FR\"},{\"@type\":\"Person\",\"@id\":\"https:\\\/\\\/www.gold.fr\\\/news\\\/#\\\/schema\\\/person\\\/070491b4b4fb7671bf59b3be20302ce9\",\"name\":\"Comptoir National de l'Or\",\"image\":{\"@type\":\"ImageObject\",\"inLanguage\":\"fr-FR\",\"@id\":\"https:\\\/\\\/secure.gravatar.com\\\/avatar\\\/0a2867fd5abe37bed95d5a65e9d58f01756e11efc68af9888dfc50cfa7f65948?s=96&d=mm&r=gb490554db0a38188709de567aa58480d\",\"url\":\"https:\\\/\\\/secure.gravatar.com\\\/avatar\\\/0a2867fd5abe37bed95d5a65e9d58f01756e11efc68af9888dfc50cfa7f65948?s=96&d=mm&r=g\",\"contentUrl\":\"https:\\\/\\\/secure.gravatar.com\\\/avatar\\\/0a2867fd5abe37bed95d5a65e9d58f01756e11efc68af9888dfc50cfa7f65948?s=96&d=mm&r=g\",\"caption\":\"Comptoir National de l'Or\"},\"description\":\"Notre r\u00e9daction est constitu\u00e9e de membres experts dans les m\u00e9tiers de l'\u00e9conomie et la gestion, des Responsables d'agence Comptoir National de l'Or, des analystes financiers qui publient r\u00e9guli\u00e8rement des \u00e9tudes sur les politiques des banques centrales, le cours de l'or, prix de l'or, cours de l'argent, prix de l'argent, cours du platine, cours du palladium,... la situation en zone euro et l'impact de la strat\u00e9gie mon\u00e9taire de la FED. Notre \u00e9quipe scrute \u00e9galement une information plus g\u00e9n\u00e9raliste \u00e0 la recherche d'actualit\u00e9 \\\"p\u00e9pite\\\" \u00e0 vous partager. Depuis 5 ans, nous avons publi\u00e9 un peu plus de 4000 articles qui s'adressent \u00e0 un public large et vari\u00e9 ayant pour objectif de satisfaire votre curiosit\u00e9 et de partager avec vous une certaine fascination pour le m\u00e9tal jaune, le rachat d'or, et pour ceux qui veulent investir dans l'or, vendre leur or tout simplement en savoir plus... Pour tous vos achat or et argent, n'h\u00e9sitez pas \u00e0 prendre rendez-vous dans l'un de nos nombreux comptoirs.\",\"sameAs\":[\"https:\\\/\\\/www.gold.fr\"]}]}<\/script>\n<!-- \/ Yoast SEO plugin. -->","yoast_head_json":{"title":"Minutes FED : Un discours relativement rassurant - Gold.fr","robots":{"index":"index","follow":"follow","max-snippet":"max-snippet:-1","max-image-preview":"max-image-preview:large","max-video-preview":"max-video-preview:-1"},"canonical":"https:\/\/www.gold.fr\/news\/2015\/11\/19\/minutes-fed-un-discours-relativement-rassurant\/","og_locale":"fr_FR","og_type":"article","og_title":"Minutes FED : Un discours relativement rassurant - Gold.fr","og_description":"En tout cas, les march\u00e9s ont clairement choisi de voir le verre \u00e0 moiti\u00e9 plein, en d\u00e9pit des d\u00e9clarations mitig\u00e9es de l\u2019institution qui laissent la porte ouverte \u00e0 toutes les sp\u00e9culations et tous les sc\u00e9narios possibles. [&hellip;]","og_url":"https:\/\/www.gold.fr\/news\/2015\/11\/19\/minutes-fed-un-discours-relativement-rassurant\/","og_site_name":"Gold.fr","article_publisher":"https:\/\/www.facebook.com\/Goldfr\/","article_published_time":"2015-11-19T16:00:40+00:00","article_modified_time":"2017-11-29T16:52:26+00:00","og_image":[{"width":600,"height":389,"url":"https:\/\/www.gold.fr\/news\/wp-content\/uploads\/2011\/07\/or-valeur-refuge.jpg","type":"image\/jpeg"}],"author":"Comptoir National de l'Or","twitter_card":"summary_large_image","twitter_misc":{"\u00c9crit par":"Comptoir National de l'Or","Dur\u00e9e de lecture estim\u00e9e":"1 minute"},"schema":{"@context":"https:\/\/schema.org","@graph":[{"@type":"Article","@id":"https:\/\/www.gold.fr\/news\/2015\/11\/19\/minutes-fed-un-discours-relativement-rassurant\/#article","isPartOf":{"@id":"https:\/\/www.gold.fr\/news\/2015\/11\/19\/minutes-fed-un-discours-relativement-rassurant\/"},"author":{"name":"Comptoir National de l'Or","@id":"https:\/\/www.gold.fr\/news\/#\/schema\/person\/070491b4b4fb7671bf59b3be20302ce9"},"headline":"Minutes FED : Un discours relativement rassurant","datePublished":"2015-11-19T16:00:40+00:00","dateModified":"2017-11-29T16:52:26+00:00","mainEntityOfPage":{"@id":"https:\/\/www.gold.fr\/news\/2015\/11\/19\/minutes-fed-un-discours-relativement-rassurant\/"},"wordCount":271,"commentCount":0,"image":{"@id":"https:\/\/www.gold.fr\/news\/2015\/11\/19\/minutes-fed-un-discours-relativement-rassurant\/#primaryimage"},"thumbnailUrl":"https:\/\/www.gold.fr\/news\/wp-content\/uploads\/2011\/07\/or-valeur-refuge.jpg","keywords":["fed","politique mon\u00e9taire"],"articleSection":["Articles de presse"],"inLanguage":"fr-FR"},{"@type":"WebPage","@id":"https:\/\/www.gold.fr\/news\/2015\/11\/19\/minutes-fed-un-discours-relativement-rassurant\/","url":"https:\/\/www.gold.fr\/news\/2015\/11\/19\/minutes-fed-un-discours-relativement-rassurant\/","name":"Minutes FED : Un discours relativement rassurant - Gold.fr","isPartOf":{"@id":"https:\/\/www.gold.fr\/news\/#website"},"primaryImageOfPage":{"@id":"https:\/\/www.gold.fr\/news\/2015\/11\/19\/minutes-fed-un-discours-relativement-rassurant\/#primaryimage"},"image":{"@id":"https:\/\/www.gold.fr\/news\/2015\/11\/19\/minutes-fed-un-discours-relativement-rassurant\/#primaryimage"},"thumbnailUrl":"https:\/\/www.gold.fr\/news\/wp-content\/uploads\/2011\/07\/or-valeur-refuge.jpg","datePublished":"2015-11-19T16:00:40+00:00","dateModified":"2017-11-29T16:52:26+00:00","author":{"@id":"https:\/\/www.gold.fr\/news\/#\/schema\/person\/070491b4b4fb7671bf59b3be20302ce9"},"breadcrumb":{"@id":"https:\/\/www.gold.fr\/news\/2015\/11\/19\/minutes-fed-un-discours-relativement-rassurant\/#breadcrumb"},"inLanguage":"fr-FR","potentialAction":[{"@type":"ReadAction","target":["https:\/\/www.gold.fr\/news\/2015\/11\/19\/minutes-fed-un-discours-relativement-rassurant\/"]}]},{"@type":"ImageObject","inLanguage":"fr-FR","@id":"https:\/\/www.gold.fr\/news\/2015\/11\/19\/minutes-fed-un-discours-relativement-rassurant\/#primaryimage","url":"https:\/\/www.gold.fr\/news\/wp-content\/uploads\/2011\/07\/or-valeur-refuge.jpg","contentUrl":"https:\/\/www.gold.fr\/news\/wp-content\/uploads\/2011\/07\/or-valeur-refuge.jpg","width":"600","height":"389","caption":"L\u2019once risque d\u2019\u00eatre galvanis\u00e9e par la d\u00e9cision de la Fed"},{"@type":"BreadcrumbList","@id":"https:\/\/www.gold.fr\/news\/2015\/11\/19\/minutes-fed-un-discours-relativement-rassurant\/#breadcrumb","itemListElement":[{"@type":"ListItem","position":1,"name":"Accueil","item":"https:\/\/www.gold.fr\/"},{"@type":"ListItem","position":2,"name":"Actualit\u00e9s","item":"https:\/\/www.gold.fr\/news\/"},{"@type":"ListItem","position":3,"name":"Minutes FED : Un discours relativement rassurant"}]},{"@type":"WebSite","@id":"https:\/\/www.gold.fr\/news\/#website","url":"https:\/\/www.gold.fr\/news\/","name":"Gold.fr","description":"Actualit\u00e9s de l&#039;Or et des m\u00e9taux pr\u00e9cieux","potentialAction":[{"@type":"SearchAction","target":{"@type":"EntryPoint","urlTemplate":"https:\/\/www.gold.fr\/news\/?s={search_term_string}"},"query-input":{"@type":"PropertyValueSpecification","valueRequired":true,"valueName":"search_term_string"}}],"inLanguage":"fr-FR"},{"@type":"Person","@id":"https:\/\/www.gold.fr\/news\/#\/schema\/person\/070491b4b4fb7671bf59b3be20302ce9","name":"Comptoir National de l'Or","image":{"@type":"ImageObject","inLanguage":"fr-FR","@id":"https:\/\/secure.gravatar.com\/avatar\/0a2867fd5abe37bed95d5a65e9d58f01756e11efc68af9888dfc50cfa7f65948?s=96&d=mm&r=gb490554db0a38188709de567aa58480d","url":"https:\/\/secure.gravatar.com\/avatar\/0a2867fd5abe37bed95d5a65e9d58f01756e11efc68af9888dfc50cfa7f65948?s=96&d=mm&r=g","contentUrl":"https:\/\/secure.gravatar.com\/avatar\/0a2867fd5abe37bed95d5a65e9d58f01756e11efc68af9888dfc50cfa7f65948?s=96&d=mm&r=g","caption":"Comptoir National de l'Or"},"description":"Notre r\u00e9daction est constitu\u00e9e de membres experts dans les m\u00e9tiers de l'\u00e9conomie et la gestion, des Responsables d'agence Comptoir National de l'Or, des analystes financiers qui publient r\u00e9guli\u00e8rement des \u00e9tudes sur les politiques des banques centrales, le cours de l'or, prix de l'or, cours de l'argent, prix de l'argent, cours du platine, cours du palladium,... la situation en zone euro et l'impact de la strat\u00e9gie mon\u00e9taire de la FED. Notre \u00e9quipe scrute \u00e9galement une information plus g\u00e9n\u00e9raliste \u00e0 la recherche d'actualit\u00e9 \"p\u00e9pite\" \u00e0 vous partager. Depuis 5 ans, nous avons publi\u00e9 un peu plus de 4000 articles qui s'adressent \u00e0 un public large et vari\u00e9 ayant pour objectif de satisfaire votre curiosit\u00e9 et de partager avec vous une certaine fascination pour le m\u00e9tal jaune, le rachat d'or, et pour ceux qui veulent investir dans l'or, vendre leur or tout simplement en savoir plus... Pour tous vos achat or et argent, n'h\u00e9sitez pas \u00e0 prendre rendez-vous dans l'un de nos nombreux comptoirs.","sameAs":["https:\/\/www.gold.fr"]}]}},"authors":[{"term_id":2565,"user_id":18,"is_guest":0,"slug":"julie","display_name":"Comptoir National de l'Or","avatar_url":"https:\/\/secure.gravatar.com\/avatar\/713f289e398d35ead876c4a4cc08607f0d6d266058cfc25683fffb6092d0e572?s=96&d=mm&r=g","0":null,"1":"","2":"","3":"","4":"","5":"","6":"","7":"","8":""}],"_links":{"self":[{"href":"https:\/\/www.gold.fr\/news\/wp-json\/wp\/v2\/posts\/18329","targetHints":{"allow":["GET"]}}],"collection":[{"href":"https:\/\/www.gold.fr\/news\/wp-json\/wp\/v2\/posts"}],"about":[{"href":"https:\/\/www.gold.fr\/news\/wp-json\/wp\/v2\/types\/post"}],"author":[{"embeddable":true,"href":"https:\/\/www.gold.fr\/news\/wp-json\/wp\/v2\/users\/18"}],"replies":[{"embeddable":true,"href":"https:\/\/www.gold.fr\/news\/wp-json\/wp\/v2\/comments?post=18329"}],"version-history":[{"count":0,"href":"https:\/\/www.gold.fr\/news\/wp-json\/wp\/v2\/posts\/18329\/revisions"}],"wp:featuredmedia":[{"embeddable":true,"href":"https:\/\/www.gold.fr\/news\/wp-json\/wp\/v2\/media\/10240"}],"wp:attachment":[{"href":"https:\/\/www.gold.fr\/news\/wp-json\/wp\/v2\/media?parent=18329"}],"wp:term":[{"taxonomy":"category","embeddable":true,"href":"https:\/\/www.gold.fr\/news\/wp-json\/wp\/v2\/categories?post=18329"},{"taxonomy":"post_tag","embeddable":true,"href":"https:\/\/www.gold.fr\/news\/wp-json\/wp\/v2\/tags?post=18329"},{"taxonomy":"author","embeddable":true,"href":"https:\/\/www.gold.fr\/news\/wp-json\/wp\/v2\/ppma_author?post=18329"}],"curies":[{"name":"wp","href":"https:\/\/api.w.org\/{rel}","templated":true}]}}