{"id":18323,"date":"2015-11-19T09:00:06","date_gmt":"2015-11-19T08:00:06","guid":{"rendered":"https:\/\/www.gold.fr\/news\/?p=18323"},"modified":"2020-12-09T14:33:45","modified_gmt":"2020-12-09T13:33:45","slug":"marches-anticipation-dune-vague-de-baisse","status":"publish","type":"post","link":"https:\/\/www.gold.fr\/news\/2015\/11\/19\/marches-anticipation-dune-vague-de-baisse\/","title":{"rendered":"March\u00e9s : Anticipation d\u2019une vague de baisse"},"content":{"rendered":"<p><span style=\"font-size: small;\"><img loading=\"lazy\" decoding=\"async\" class=\"alignleft size-thumbnail wp-image-9054\" title=\"March\u00e9s : Anticipation d\u2019une vague de baisse\" src=\"https:\/\/www.gold.fr\/news\/wp-content\/uploads\/2012\/08\/evolution-cours-de-lor-150x150.jpg\" alt=\"\" width=\"150\" height=\"150\" srcset=\"https:\/\/www.gold.fr\/news\/wp-content\/uploads\/2012\/08\/evolution-cours-de-lor-150x150.jpg 150w, https:\/\/www.gold.fr\/news\/wp-content\/uploads\/2012\/08\/evolution-cours-de-lor-80x80.jpg 80w, https:\/\/www.gold.fr\/news\/wp-content\/uploads\/2012\/08\/evolution-cours-de-lor-1x1.jpg 1w\" sizes=\"auto, (max-width: 150px) 100vw, 150px\" \/>Et c\u2019est un vent baissier qui devrait souffler, dans les jours \u00e0 venir, des deux c\u00f4t\u00e9s de l\u2019Atlantique, englobant l\u2019ensemble des march\u00e9s boursiers europ\u00e9ens et am\u00e9ricains sans exception. Apr\u00e8s la vague de flamb\u00e9e euphorique qui a d\u00e9ferl\u00e9 sur les deux rives boursi\u00e8res, <strong>euro<\/strong> et <strong>US<\/strong>, l\u2019heure est apparemment \u00e0 une correction indispensable et pr\u00e9visible.<\/span> <span style=\"font-size: small;\">C\u00f4t\u00e9 europ\u00e9en, les op\u00e9rateurs expliquent la flamb\u00e9e boursi\u00e8re parisienne par l\u2019anticipation d\u2019un soutien accru de la banque centrale europ\u00e9enne, destin\u00e9 essentiellement \u00e0 contrebalancer \u00ab <em>les lourdes r\u00e9percussions \u00e9conomiques \u00e0 attendre des attentats de vendredi dernier<\/em> \u00bb. C\u00f4t\u00e9 am\u00e9ricain, les experts estiment que la hausse enregistr\u00e9e sur <strong>Wall Street<\/strong> et ses compatriotes \u00e9tait initialement survenue dans le sillage des indices europ\u00e9ens, avant de refluer vers la fin de la s\u00e9ance. Les experts rappellent d\u2019ailleurs que les donn\u00e9es statistiques macro\u00e9conomiques dont la publication est pr\u00e9vue pour cette semaine (les permis de construire et les mises en chantier, les stocks hebdomadaires de p\u00e9trole, et surtout le compte-rendu de la derni\u00e8re r\u00e9union du comit\u00e9 de politique mon\u00e9taire de la <strong>FED<\/strong>) \u00ab<em> pourraient constituer des catalyseurs pour les prochaines d\u00e9cisions des banquiers centraux<\/em> \u00bb.<\/span> <span style=\"font-size: small;\">Dans l\u2019ensemble, force est d\u2019admettre que l\u2019inexplicable performance haussi\u00e8re des march\u00e9s am\u00e9ricains suscite plus de points d\u2019interrogation et d\u2019inqui\u00e9tudes que celle des march\u00e9s europ\u00e9ens (notamment parisien). Une confusion qui renforce la perspective d\u2019une vague baissi\u00e8re imminente et g\u00e9n\u00e9ralis\u00e9e.<\/span><\/p>\n<!-- AddThis Advanced Settings generic via filter on the_content --><!-- AddThis Share Buttons generic via filter on the_content -->","protected":false},"excerpt":{"rendered":"<p>Et c\u2019est un vent baissier qui devrait souffler, dans les jours \u00e0 venir, des deux c\u00f4t\u00e9s de l\u2019Atlantique, englobant l\u2019ensemble des march\u00e9s boursiers europ\u00e9ens et am\u00e9ricains sans exception. Apr\u00e8s la vague de flamb\u00e9e euphorique qui a [&hellip;]<\/p>\n","protected":false},"author":18,"featured_media":34683,"comment_status":"closed","ping_status":"closed","sticky":false,"template":"","format":"standard","meta":{"_mbp_gutenberg_autopost":false,"_pgmb_is_evergreen":false,"_pgmb_ap_template_id":0,"footnotes":""},"categories":[6],"tags":[103,144,1204,534],"ppma_author":[2565],"class_list":["post-18323","post","type-post","status-publish","format-standard","has-post-thumbnail","hentry","category-articles-de-presse","tag-euro","tag-fed","tag-us","tag-wall-street"],"yoast_head":"<!-- This site is optimized with the Yoast SEO plugin v27.5 - https:\/\/yoast.com\/product\/yoast-seo-wordpress\/ -->\n<title>March\u00e9s : Anticipation d\u2019une vague de baisse - Gold.fr<\/title>\n<meta name=\"robots\" content=\"index, follow, max-snippet:-1, max-image-preview:large, max-video-preview:-1\" \/>\n<link rel=\"canonical\" href=\"https:\/\/www.gold.fr\/news\/2015\/11\/19\/marches-anticipation-dune-vague-de-baisse\/\" \/>\n<meta property=\"og:locale\" content=\"fr_FR\" \/>\n<meta property=\"og:type\" content=\"article\" \/>\n<meta property=\"og:title\" content=\"March\u00e9s : Anticipation d\u2019une vague de baisse - Gold.fr\" \/>\n<meta property=\"og:description\" content=\"Et c\u2019est un vent baissier qui devrait souffler, dans les jours \u00e0 venir, des deux c\u00f4t\u00e9s de l\u2019Atlantique, englobant l\u2019ensemble des march\u00e9s boursiers europ\u00e9ens et am\u00e9ricains sans exception. Apr\u00e8s la vague de flamb\u00e9e euphorique qui a [&hellip;]\" \/>\n<meta property=\"og:url\" content=\"https:\/\/www.gold.fr\/news\/2015\/11\/19\/marches-anticipation-dune-vague-de-baisse\/\" \/>\n<meta property=\"og:site_name\" content=\"Gold.fr\" \/>\n<meta property=\"article:publisher\" content=\"https:\/\/www.facebook.com\/Goldfr\/\" \/>\n<meta property=\"article:published_time\" content=\"2015-11-19T08:00:06+00:00\" \/>\n<meta property=\"article:modified_time\" content=\"2020-12-09T13:33:45+00:00\" \/>\n<meta property=\"og:image\" content=\"https:\/\/www.gold.fr\/news\/wp-content\/uploads\/2018\/11\/or-valeur-refuge-1.jpg\" \/>\n\t<meta property=\"og:image:width\" content=\"1254\" \/>\n\t<meta property=\"og:image:height\" content=\"836\" \/>\n\t<meta property=\"og:image:type\" content=\"image\/jpeg\" \/>\n<meta name=\"author\" content=\"Comptoir National de l&#039;Or\" \/>\n<meta name=\"twitter:card\" content=\"summary_large_image\" \/>\n<meta name=\"twitter:label1\" content=\"\u00c9crit par\" \/>\n\t<meta name=\"twitter:data1\" content=\"Comptoir National de l&#039;Or\" \/>\n\t<meta name=\"twitter:label2\" content=\"Dur\u00e9e de lecture estim\u00e9e\" \/>\n\t<meta name=\"twitter:data2\" content=\"1 minute\" \/>\n<script type=\"application\/ld+json\" class=\"yoast-schema-graph\">{\"@context\":\"https:\\\/\\\/schema.org\",\"@graph\":[{\"@type\":\"Article\",\"@id\":\"https:\\\/\\\/www.gold.fr\\\/news\\\/2015\\\/11\\\/19\\\/marches-anticipation-dune-vague-de-baisse\\\/#article\",\"isPartOf\":{\"@id\":\"https:\\\/\\\/www.gold.fr\\\/news\\\/2015\\\/11\\\/19\\\/marches-anticipation-dune-vague-de-baisse\\\/\"},\"author\":{\"name\":\"Comptoir National de l'Or\",\"@id\":\"https:\\\/\\\/www.gold.fr\\\/news\\\/#\\\/schema\\\/person\\\/070491b4b4fb7671bf59b3be20302ce9\"},\"headline\":\"March\u00e9s : Anticipation d\u2019une vague de baisse\",\"datePublished\":\"2015-11-19T08:00:06+00:00\",\"dateModified\":\"2020-12-09T13:33:45+00:00\",\"mainEntityOfPage\":{\"@id\":\"https:\\\/\\\/www.gold.fr\\\/news\\\/2015\\\/11\\\/19\\\/marches-anticipation-dune-vague-de-baisse\\\/\"},\"wordCount\":274,\"image\":{\"@id\":\"https:\\\/\\\/www.gold.fr\\\/news\\\/2015\\\/11\\\/19\\\/marches-anticipation-dune-vague-de-baisse\\\/#primaryimage\"},\"thumbnailUrl\":\"https:\\\/\\\/www.gold.fr\\\/news\\\/wp-content\\\/uploads\\\/2018\\\/11\\\/or-valeur-refuge-1.jpg\",\"keywords\":[\"euro\",\"fed\",\"US\",\"wall street\"],\"articleSection\":[\"Articles de presse\"],\"inLanguage\":\"fr-FR\"},{\"@type\":\"WebPage\",\"@id\":\"https:\\\/\\\/www.gold.fr\\\/news\\\/2015\\\/11\\\/19\\\/marches-anticipation-dune-vague-de-baisse\\\/\",\"url\":\"https:\\\/\\\/www.gold.fr\\\/news\\\/2015\\\/11\\\/19\\\/marches-anticipation-dune-vague-de-baisse\\\/\",\"name\":\"March\u00e9s : Anticipation d\u2019une vague de baisse - Gold.fr\",\"isPartOf\":{\"@id\":\"https:\\\/\\\/www.gold.fr\\\/news\\\/#website\"},\"primaryImageOfPage\":{\"@id\":\"https:\\\/\\\/www.gold.fr\\\/news\\\/2015\\\/11\\\/19\\\/marches-anticipation-dune-vague-de-baisse\\\/#primaryimage\"},\"image\":{\"@id\":\"https:\\\/\\\/www.gold.fr\\\/news\\\/2015\\\/11\\\/19\\\/marches-anticipation-dune-vague-de-baisse\\\/#primaryimage\"},\"thumbnailUrl\":\"https:\\\/\\\/www.gold.fr\\\/news\\\/wp-content\\\/uploads\\\/2018\\\/11\\\/or-valeur-refuge-1.jpg\",\"datePublished\":\"2015-11-19T08:00:06+00:00\",\"dateModified\":\"2020-12-09T13:33:45+00:00\",\"author\":{\"@id\":\"https:\\\/\\\/www.gold.fr\\\/news\\\/#\\\/schema\\\/person\\\/070491b4b4fb7671bf59b3be20302ce9\"},\"breadcrumb\":{\"@id\":\"https:\\\/\\\/www.gold.fr\\\/news\\\/2015\\\/11\\\/19\\\/marches-anticipation-dune-vague-de-baisse\\\/#breadcrumb\"},\"inLanguage\":\"fr-FR\",\"potentialAction\":[{\"@type\":\"ReadAction\",\"target\":[\"https:\\\/\\\/www.gold.fr\\\/news\\\/2015\\\/11\\\/19\\\/marches-anticipation-dune-vague-de-baisse\\\/\"]}]},{\"@type\":\"ImageObject\",\"inLanguage\":\"fr-FR\",\"@id\":\"https:\\\/\\\/www.gold.fr\\\/news\\\/2015\\\/11\\\/19\\\/marches-anticipation-dune-vague-de-baisse\\\/#primaryimage\",\"url\":\"https:\\\/\\\/www.gold.fr\\\/news\\\/wp-content\\\/uploads\\\/2018\\\/11\\\/or-valeur-refuge-1.jpg\",\"contentUrl\":\"https:\\\/\\\/www.gold.fr\\\/news\\\/wp-content\\\/uploads\\\/2018\\\/11\\\/or-valeur-refuge-1.jpg\",\"width\":1254,\"height\":836,\"caption\":\"l\u2019or se pr\u00e9sente plus que jamais comme un investissement d\u2019actualit\u00e9\"},{\"@type\":\"BreadcrumbList\",\"@id\":\"https:\\\/\\\/www.gold.fr\\\/news\\\/2015\\\/11\\\/19\\\/marches-anticipation-dune-vague-de-baisse\\\/#breadcrumb\",\"itemListElement\":[{\"@type\":\"ListItem\",\"position\":1,\"name\":\"Accueil\",\"item\":\"https:\\\/\\\/www.gold.fr\\\/\"},{\"@type\":\"ListItem\",\"position\":2,\"name\":\"Actualit\u00e9s\",\"item\":\"https:\\\/\\\/www.gold.fr\\\/news\\\/\"},{\"@type\":\"ListItem\",\"position\":3,\"name\":\"March\u00e9s : Anticipation d\u2019une vague de baisse\"}]},{\"@type\":\"WebSite\",\"@id\":\"https:\\\/\\\/www.gold.fr\\\/news\\\/#website\",\"url\":\"https:\\\/\\\/www.gold.fr\\\/news\\\/\",\"name\":\"Gold.fr\",\"description\":\"Actualit\u00e9s de l&#039;Or et des m\u00e9taux pr\u00e9cieux\",\"potentialAction\":[{\"@type\":\"SearchAction\",\"target\":{\"@type\":\"EntryPoint\",\"urlTemplate\":\"https:\\\/\\\/www.gold.fr\\\/news\\\/?s={search_term_string}\"},\"query-input\":{\"@type\":\"PropertyValueSpecification\",\"valueRequired\":true,\"valueName\":\"search_term_string\"}}],\"inLanguage\":\"fr-FR\"},{\"@type\":\"Person\",\"@id\":\"https:\\\/\\\/www.gold.fr\\\/news\\\/#\\\/schema\\\/person\\\/070491b4b4fb7671bf59b3be20302ce9\",\"name\":\"Comptoir National de l'Or\",\"image\":{\"@type\":\"ImageObject\",\"inLanguage\":\"fr-FR\",\"@id\":\"https:\\\/\\\/secure.gravatar.com\\\/avatar\\\/0a2867fd5abe37bed95d5a65e9d58f01756e11efc68af9888dfc50cfa7f65948?s=96&d=mm&r=gb490554db0a38188709de567aa58480d\",\"url\":\"https:\\\/\\\/secure.gravatar.com\\\/avatar\\\/0a2867fd5abe37bed95d5a65e9d58f01756e11efc68af9888dfc50cfa7f65948?s=96&d=mm&r=g\",\"contentUrl\":\"https:\\\/\\\/secure.gravatar.com\\\/avatar\\\/0a2867fd5abe37bed95d5a65e9d58f01756e11efc68af9888dfc50cfa7f65948?s=96&d=mm&r=g\",\"caption\":\"Comptoir National de l'Or\"},\"description\":\"Notre r\u00e9daction est constitu\u00e9e de membres experts dans les m\u00e9tiers de l'\u00e9conomie et la gestion, des Responsables d'agence Comptoir National de l'Or, des analystes financiers qui publient r\u00e9guli\u00e8rement des \u00e9tudes sur les politiques des banques centrales, le cours de l'or, prix de l'or, cours de l'argent, prix de l'argent, cours du platine, cours du palladium,... la situation en zone euro et l'impact de la strat\u00e9gie mon\u00e9taire de la FED. Notre \u00e9quipe scrute \u00e9galement une information plus g\u00e9n\u00e9raliste \u00e0 la recherche d'actualit\u00e9 \\\"p\u00e9pite\\\" \u00e0 vous partager. Depuis 5 ans, nous avons publi\u00e9 un peu plus de 4000 articles qui s'adressent \u00e0 un public large et vari\u00e9 ayant pour objectif de satisfaire votre curiosit\u00e9 et de partager avec vous une certaine fascination pour le m\u00e9tal jaune, le rachat d'or, et pour ceux qui veulent investir dans l'or, vendre leur or tout simplement en savoir plus... Pour tous vos achat or et argent, n'h\u00e9sitez pas \u00e0 prendre rendez-vous dans l'un de nos nombreux comptoirs.\",\"sameAs\":[\"https:\\\/\\\/www.gold.fr\"]}]}<\/script>\n<!-- \/ Yoast SEO plugin. -->","yoast_head_json":{"title":"March\u00e9s : Anticipation d\u2019une vague de baisse - Gold.fr","robots":{"index":"index","follow":"follow","max-snippet":"max-snippet:-1","max-image-preview":"max-image-preview:large","max-video-preview":"max-video-preview:-1"},"canonical":"https:\/\/www.gold.fr\/news\/2015\/11\/19\/marches-anticipation-dune-vague-de-baisse\/","og_locale":"fr_FR","og_type":"article","og_title":"March\u00e9s : Anticipation d\u2019une vague de baisse - Gold.fr","og_description":"Et c\u2019est un vent baissier qui devrait souffler, dans les jours \u00e0 venir, des deux c\u00f4t\u00e9s de l\u2019Atlantique, englobant l\u2019ensemble des march\u00e9s boursiers europ\u00e9ens et am\u00e9ricains sans exception. Apr\u00e8s la vague de flamb\u00e9e euphorique qui a [&hellip;]","og_url":"https:\/\/www.gold.fr\/news\/2015\/11\/19\/marches-anticipation-dune-vague-de-baisse\/","og_site_name":"Gold.fr","article_publisher":"https:\/\/www.facebook.com\/Goldfr\/","article_published_time":"2015-11-19T08:00:06+00:00","article_modified_time":"2020-12-09T13:33:45+00:00","og_image":[{"width":1254,"height":836,"url":"https:\/\/www.gold.fr\/news\/wp-content\/uploads\/2018\/11\/or-valeur-refuge-1.jpg","type":"image\/jpeg"}],"author":"Comptoir National de l'Or","twitter_card":"summary_large_image","twitter_misc":{"\u00c9crit par":"Comptoir National de l'Or","Dur\u00e9e de lecture estim\u00e9e":"1 minute"},"schema":{"@context":"https:\/\/schema.org","@graph":[{"@type":"Article","@id":"https:\/\/www.gold.fr\/news\/2015\/11\/19\/marches-anticipation-dune-vague-de-baisse\/#article","isPartOf":{"@id":"https:\/\/www.gold.fr\/news\/2015\/11\/19\/marches-anticipation-dune-vague-de-baisse\/"},"author":{"name":"Comptoir National de l'Or","@id":"https:\/\/www.gold.fr\/news\/#\/schema\/person\/070491b4b4fb7671bf59b3be20302ce9"},"headline":"March\u00e9s : Anticipation d\u2019une vague de baisse","datePublished":"2015-11-19T08:00:06+00:00","dateModified":"2020-12-09T13:33:45+00:00","mainEntityOfPage":{"@id":"https:\/\/www.gold.fr\/news\/2015\/11\/19\/marches-anticipation-dune-vague-de-baisse\/"},"wordCount":274,"image":{"@id":"https:\/\/www.gold.fr\/news\/2015\/11\/19\/marches-anticipation-dune-vague-de-baisse\/#primaryimage"},"thumbnailUrl":"https:\/\/www.gold.fr\/news\/wp-content\/uploads\/2018\/11\/or-valeur-refuge-1.jpg","keywords":["euro","fed","US","wall street"],"articleSection":["Articles de presse"],"inLanguage":"fr-FR"},{"@type":"WebPage","@id":"https:\/\/www.gold.fr\/news\/2015\/11\/19\/marches-anticipation-dune-vague-de-baisse\/","url":"https:\/\/www.gold.fr\/news\/2015\/11\/19\/marches-anticipation-dune-vague-de-baisse\/","name":"March\u00e9s : Anticipation d\u2019une vague de baisse - Gold.fr","isPartOf":{"@id":"https:\/\/www.gold.fr\/news\/#website"},"primaryImageOfPage":{"@id":"https:\/\/www.gold.fr\/news\/2015\/11\/19\/marches-anticipation-dune-vague-de-baisse\/#primaryimage"},"image":{"@id":"https:\/\/www.gold.fr\/news\/2015\/11\/19\/marches-anticipation-dune-vague-de-baisse\/#primaryimage"},"thumbnailUrl":"https:\/\/www.gold.fr\/news\/wp-content\/uploads\/2018\/11\/or-valeur-refuge-1.jpg","datePublished":"2015-11-19T08:00:06+00:00","dateModified":"2020-12-09T13:33:45+00:00","author":{"@id":"https:\/\/www.gold.fr\/news\/#\/schema\/person\/070491b4b4fb7671bf59b3be20302ce9"},"breadcrumb":{"@id":"https:\/\/www.gold.fr\/news\/2015\/11\/19\/marches-anticipation-dune-vague-de-baisse\/#breadcrumb"},"inLanguage":"fr-FR","potentialAction":[{"@type":"ReadAction","target":["https:\/\/www.gold.fr\/news\/2015\/11\/19\/marches-anticipation-dune-vague-de-baisse\/"]}]},{"@type":"ImageObject","inLanguage":"fr-FR","@id":"https:\/\/www.gold.fr\/news\/2015\/11\/19\/marches-anticipation-dune-vague-de-baisse\/#primaryimage","url":"https:\/\/www.gold.fr\/news\/wp-content\/uploads\/2018\/11\/or-valeur-refuge-1.jpg","contentUrl":"https:\/\/www.gold.fr\/news\/wp-content\/uploads\/2018\/11\/or-valeur-refuge-1.jpg","width":1254,"height":836,"caption":"l\u2019or se pr\u00e9sente plus que jamais comme un investissement d\u2019actualit\u00e9"},{"@type":"BreadcrumbList","@id":"https:\/\/www.gold.fr\/news\/2015\/11\/19\/marches-anticipation-dune-vague-de-baisse\/#breadcrumb","itemListElement":[{"@type":"ListItem","position":1,"name":"Accueil","item":"https:\/\/www.gold.fr\/"},{"@type":"ListItem","position":2,"name":"Actualit\u00e9s","item":"https:\/\/www.gold.fr\/news\/"},{"@type":"ListItem","position":3,"name":"March\u00e9s : Anticipation d\u2019une vague de baisse"}]},{"@type":"WebSite","@id":"https:\/\/www.gold.fr\/news\/#website","url":"https:\/\/www.gold.fr\/news\/","name":"Gold.fr","description":"Actualit\u00e9s de l&#039;Or et des m\u00e9taux pr\u00e9cieux","potentialAction":[{"@type":"SearchAction","target":{"@type":"EntryPoint","urlTemplate":"https:\/\/www.gold.fr\/news\/?s={search_term_string}"},"query-input":{"@type":"PropertyValueSpecification","valueRequired":true,"valueName":"search_term_string"}}],"inLanguage":"fr-FR"},{"@type":"Person","@id":"https:\/\/www.gold.fr\/news\/#\/schema\/person\/070491b4b4fb7671bf59b3be20302ce9","name":"Comptoir National de l'Or","image":{"@type":"ImageObject","inLanguage":"fr-FR","@id":"https:\/\/secure.gravatar.com\/avatar\/0a2867fd5abe37bed95d5a65e9d58f01756e11efc68af9888dfc50cfa7f65948?s=96&d=mm&r=gb490554db0a38188709de567aa58480d","url":"https:\/\/secure.gravatar.com\/avatar\/0a2867fd5abe37bed95d5a65e9d58f01756e11efc68af9888dfc50cfa7f65948?s=96&d=mm&r=g","contentUrl":"https:\/\/secure.gravatar.com\/avatar\/0a2867fd5abe37bed95d5a65e9d58f01756e11efc68af9888dfc50cfa7f65948?s=96&d=mm&r=g","caption":"Comptoir National de l'Or"},"description":"Notre r\u00e9daction est constitu\u00e9e de membres experts dans les m\u00e9tiers de l'\u00e9conomie et la gestion, des Responsables d'agence Comptoir National de l'Or, des analystes financiers qui publient r\u00e9guli\u00e8rement des \u00e9tudes sur les politiques des banques centrales, le cours de l'or, prix de l'or, cours de l'argent, prix de l'argent, cours du platine, cours du palladium,... la situation en zone euro et l'impact de la strat\u00e9gie mon\u00e9taire de la FED. Notre \u00e9quipe scrute \u00e9galement une information plus g\u00e9n\u00e9raliste \u00e0 la recherche d'actualit\u00e9 \"p\u00e9pite\" \u00e0 vous partager. Depuis 5 ans, nous avons publi\u00e9 un peu plus de 4000 articles qui s'adressent \u00e0 un public large et vari\u00e9 ayant pour objectif de satisfaire votre curiosit\u00e9 et de partager avec vous une certaine fascination pour le m\u00e9tal jaune, le rachat d'or, et pour ceux qui veulent investir dans l'or, vendre leur or tout simplement en savoir plus... Pour tous vos achat or et argent, n'h\u00e9sitez pas \u00e0 prendre rendez-vous dans l'un de nos nombreux comptoirs.","sameAs":["https:\/\/www.gold.fr"]}]}},"authors":[{"term_id":2565,"user_id":18,"is_guest":0,"slug":"julie","display_name":"Comptoir National de l'Or","avatar_url":"https:\/\/secure.gravatar.com\/avatar\/713f289e398d35ead876c4a4cc08607f0d6d266058cfc25683fffb6092d0e572?s=96&d=mm&r=g","0":null,"1":"","2":"","3":"","4":"","5":"","6":"","7":"","8":""}],"_links":{"self":[{"href":"https:\/\/www.gold.fr\/news\/wp-json\/wp\/v2\/posts\/18323","targetHints":{"allow":["GET"]}}],"collection":[{"href":"https:\/\/www.gold.fr\/news\/wp-json\/wp\/v2\/posts"}],"about":[{"href":"https:\/\/www.gold.fr\/news\/wp-json\/wp\/v2\/types\/post"}],"author":[{"embeddable":true,"href":"https:\/\/www.gold.fr\/news\/wp-json\/wp\/v2\/users\/18"}],"replies":[{"embeddable":true,"href":"https:\/\/www.gold.fr\/news\/wp-json\/wp\/v2\/comments?post=18323"}],"version-history":[{"count":0,"href":"https:\/\/www.gold.fr\/news\/wp-json\/wp\/v2\/posts\/18323\/revisions"}],"wp:featuredmedia":[{"embeddable":true,"href":"https:\/\/www.gold.fr\/news\/wp-json\/wp\/v2\/media\/34683"}],"wp:attachment":[{"href":"https:\/\/www.gold.fr\/news\/wp-json\/wp\/v2\/media?parent=18323"}],"wp:term":[{"taxonomy":"category","embeddable":true,"href":"https:\/\/www.gold.fr\/news\/wp-json\/wp\/v2\/categories?post=18323"},{"taxonomy":"post_tag","embeddable":true,"href":"https:\/\/www.gold.fr\/news\/wp-json\/wp\/v2\/tags?post=18323"},{"taxonomy":"author","embeddable":true,"href":"https:\/\/www.gold.fr\/news\/wp-json\/wp\/v2\/ppma_author?post=18323"}],"curies":[{"name":"wp","href":"https:\/\/api.w.org\/{rel}","templated":true}]}}