{"id":18309,"date":"2015-11-16T17:00:29","date_gmt":"2015-11-16T16:00:29","guid":{"rendered":"https:\/\/www.gold.fr\/news\/?p=18309"},"modified":"2017-11-29T17:52:33","modified_gmt":"2017-11-29T16:52:33","slug":"marches-us-en-retrait-generalise","status":"publish","type":"post","link":"https:\/\/www.gold.fr\/news\/2015\/11\/16\/marches-us-en-retrait-generalise\/","title":{"rendered":"March\u00e9s US : En retrait g\u00e9n\u00e9ralis\u00e9"},"content":{"rendered":"<p><span style=\"font-size: small;\"><img loading=\"lazy\" decoding=\"async\" class=\"alignleft size-thumbnail wp-image-8085\" title=\"March\u00e9s US : En retrait g\u00e9n\u00e9ralis\u00e9\" src=\"https:\/\/www.gold.fr\/news\/wp-content\/uploads\/2012\/06\/demande-mondiale-150x150.jpg\" alt=\"\" width=\"150\" height=\"150\" \/>Les bourses am\u00e9ricaines affichent une performance dans le rouge, dans la lign\u00e9e des march\u00e9s europ\u00e9ens qui avaient termin\u00e9 la semaine derni\u00e8re sur une vague de repli g\u00e9n\u00e9ralis\u00e9. Apr\u00e8s trois semaines cons\u00e9cutives de hausse ininterrompue, jonch\u00e9e de quelques records inattendus, <strong>Wall Street<\/strong> enregistre en ce d\u00e9but de semaine boursi\u00e8re une baisse de <strong>-4%<\/strong>. Une correction qui demeure toutefois plus logique et escompt\u00e9e que la s\u00e9rie euphorique de rebonds g\u00e9n\u00e9ralement sans r\u00e9el fondement.<\/span>    <span style=\"font-size: small;\">Du c\u00f4t\u00e9 europ\u00e9en, les indices des march\u00e9s euro avaient essentiellement souffert de la publication des chiffres d\u00e9cevants de la croissance globalement d\u00e9cevants dans la zone et du repli initial de <strong>Wall Street<\/strong> suite \u00e0 l&rsquo;annonce des ventes de d\u00e9tail US inf\u00e9rieures aux pr\u00e9visions. Par ailleurs, il faut rappeler que le PIB de la zone euro avait d\u00e9\u00e7u les pr\u00e9visions des experts, doubl\u00e9 d&rsquo;une croissance en Allemagne et en France \u00e0 <strong>0,3%<\/strong>.<\/span>    <span style=\"font-size: small;\">Chris Williamson, analyste chez <strong>Markit<\/strong>, a comment\u00e9 ces nouvelles en soulignant que \u00ab <em>cette croissance morose et la persistance d&rsquo;une inflation basse mettent des pressions suppl\u00e9mentaires sur la BCE et accroissent la probabilit\u00e9 qu&rsquo;elle annonce de nouvelles mesures apr\u00e8s sa r\u00e9union de d\u00e9cembre<\/em> \u00bb. De son c\u00f4t\u00e9,<strong> Barclays Bourse<\/strong> a rappel\u00e9 que, bien que le discours de la <strong>FED<\/strong> soit encore ambigu, \u00ab<em> il va plut\u00f4t dans le sens d&rsquo;une premi\u00e8re hausse des taux en d\u00e9cembre<\/em> \u00bb, avec une n\u00e9cessit\u00e9 pour les indices <a href='https:\/\/www.gold.fr\/news\/tags\/investissement' class='esk-seo-plu-link'>actions<\/a> \u00ab <em>de marquer une pause apr\u00e8s le rebond d&rsquo;octobre<\/em> \u00bb.<\/span><\/p>\n<!-- AddThis Advanced Settings generic via filter on the_content --><!-- AddThis Share Buttons generic via filter on the_content -->","protected":false},"excerpt":{"rendered":"<p>Les bourses am\u00e9ricaines affichent une performance dans le rouge, dans la lign\u00e9e des march\u00e9s europ\u00e9ens qui avaient termin\u00e9 la semaine derni\u00e8re sur une vague de repli g\u00e9n\u00e9ralis\u00e9. Apr\u00e8s trois semaines cons\u00e9cutives de hausse ininterrompue, jonch\u00e9e de [&hellip;]<\/p>\n","protected":false},"author":18,"featured_media":8085,"comment_status":"open","ping_status":"open","sticky":false,"template":"","format":"standard","meta":{"_mbp_gutenberg_autopost":false,"_pgmb_is_evergreen":false,"_pgmb_ap_template_id":0,"footnotes":""},"categories":[6],"tags":[143,144,1649,1204,534],"ppma_author":[2565],"class_list":["post-18309","post","type-post","status-publish","format-standard","has-post-thumbnail","hentry","category-articles-de-presse","tag-bce","tag-fed","tag-marches","tag-us","tag-wall-street"],"yoast_head":"<!-- This site is optimized with the Yoast SEO plugin v27.5 - https:\/\/yoast.com\/product\/yoast-seo-wordpress\/ -->\n<title>March\u00e9s US : En retrait g\u00e9n\u00e9ralis\u00e9 - Gold.fr<\/title>\n<meta name=\"robots\" content=\"index, follow, max-snippet:-1, max-image-preview:large, max-video-preview:-1\" \/>\n<link rel=\"canonical\" href=\"https:\/\/www.gold.fr\/news\/2015\/11\/16\/marches-us-en-retrait-generalise\/\" \/>\n<meta property=\"og:locale\" content=\"fr_FR\" \/>\n<meta property=\"og:type\" content=\"article\" \/>\n<meta property=\"og:title\" content=\"March\u00e9s US : En retrait g\u00e9n\u00e9ralis\u00e9 - Gold.fr\" \/>\n<meta property=\"og:description\" content=\"Les bourses am\u00e9ricaines affichent une performance dans le rouge, dans la lign\u00e9e des march\u00e9s europ\u00e9ens qui avaient termin\u00e9 la semaine derni\u00e8re sur une vague de repli g\u00e9n\u00e9ralis\u00e9. Apr\u00e8s trois semaines cons\u00e9cutives de hausse ininterrompue, jonch\u00e9e de [&hellip;]\" \/>\n<meta property=\"og:url\" content=\"https:\/\/www.gold.fr\/news\/2015\/11\/16\/marches-us-en-retrait-generalise\/\" \/>\n<meta property=\"og:site_name\" content=\"Gold.fr\" \/>\n<meta property=\"article:publisher\" content=\"https:\/\/www.facebook.com\/Goldfr\/\" \/>\n<meta property=\"article:published_time\" content=\"2015-11-16T16:00:29+00:00\" \/>\n<meta property=\"article:modified_time\" content=\"2017-11-29T16:52:33+00:00\" \/>\n<meta property=\"og:image\" content=\"https:\/\/www.gold.fr\/news\/wp-content\/uploads\/2012\/06\/demande-mondiale.jpg\" \/>\n\t<meta property=\"og:image:width\" content=\"600\" \/>\n\t<meta property=\"og:image:height\" content=\"400\" \/>\n\t<meta property=\"og:image:type\" content=\"image\/jpeg\" \/>\n<meta name=\"author\" content=\"Comptoir National de l&#039;Or\" \/>\n<meta name=\"twitter:card\" content=\"summary_large_image\" \/>\n<meta name=\"twitter:label1\" content=\"\u00c9crit par\" \/>\n\t<meta name=\"twitter:data1\" content=\"Comptoir National de l&#039;Or\" \/>\n\t<meta name=\"twitter:label2\" content=\"Dur\u00e9e de lecture estim\u00e9e\" \/>\n\t<meta name=\"twitter:data2\" content=\"1 minute\" \/>\n<script type=\"application\/ld+json\" class=\"yoast-schema-graph\">{\"@context\":\"https:\\\/\\\/schema.org\",\"@graph\":[{\"@type\":\"Article\",\"@id\":\"https:\\\/\\\/www.gold.fr\\\/news\\\/2015\\\/11\\\/16\\\/marches-us-en-retrait-generalise\\\/#article\",\"isPartOf\":{\"@id\":\"https:\\\/\\\/www.gold.fr\\\/news\\\/2015\\\/11\\\/16\\\/marches-us-en-retrait-generalise\\\/\"},\"author\":{\"name\":\"Comptoir National de l'Or\",\"@id\":\"https:\\\/\\\/www.gold.fr\\\/news\\\/#\\\/schema\\\/person\\\/070491b4b4fb7671bf59b3be20302ce9\"},\"headline\":\"March\u00e9s US : En retrait g\u00e9n\u00e9ralis\u00e9\",\"datePublished\":\"2015-11-16T16:00:29+00:00\",\"dateModified\":\"2017-11-29T16:52:33+00:00\",\"mainEntityOfPage\":{\"@id\":\"https:\\\/\\\/www.gold.fr\\\/news\\\/2015\\\/11\\\/16\\\/marches-us-en-retrait-generalise\\\/\"},\"wordCount\":278,\"commentCount\":0,\"image\":{\"@id\":\"https:\\\/\\\/www.gold.fr\\\/news\\\/2015\\\/11\\\/16\\\/marches-us-en-retrait-generalise\\\/#primaryimage\"},\"thumbnailUrl\":\"https:\\\/\\\/www.gold.fr\\\/news\\\/wp-content\\\/uploads\\\/2012\\\/06\\\/demande-mondiale.jpg\",\"keywords\":[\"bce\",\"fed\",\"march\u00e9s\",\"US\",\"wall street\"],\"articleSection\":[\"Articles de presse\"],\"inLanguage\":\"fr-FR\"},{\"@type\":\"WebPage\",\"@id\":\"https:\\\/\\\/www.gold.fr\\\/news\\\/2015\\\/11\\\/16\\\/marches-us-en-retrait-generalise\\\/\",\"url\":\"https:\\\/\\\/www.gold.fr\\\/news\\\/2015\\\/11\\\/16\\\/marches-us-en-retrait-generalise\\\/\",\"name\":\"March\u00e9s US : En retrait g\u00e9n\u00e9ralis\u00e9 - Gold.fr\",\"isPartOf\":{\"@id\":\"https:\\\/\\\/www.gold.fr\\\/news\\\/#website\"},\"primaryImageOfPage\":{\"@id\":\"https:\\\/\\\/www.gold.fr\\\/news\\\/2015\\\/11\\\/16\\\/marches-us-en-retrait-generalise\\\/#primaryimage\"},\"image\":{\"@id\":\"https:\\\/\\\/www.gold.fr\\\/news\\\/2015\\\/11\\\/16\\\/marches-us-en-retrait-generalise\\\/#primaryimage\"},\"thumbnailUrl\":\"https:\\\/\\\/www.gold.fr\\\/news\\\/wp-content\\\/uploads\\\/2012\\\/06\\\/demande-mondiale.jpg\",\"datePublished\":\"2015-11-16T16:00:29+00:00\",\"dateModified\":\"2017-11-29T16:52:33+00:00\",\"author\":{\"@id\":\"https:\\\/\\\/www.gold.fr\\\/news\\\/#\\\/schema\\\/person\\\/070491b4b4fb7671bf59b3be20302ce9\"},\"breadcrumb\":{\"@id\":\"https:\\\/\\\/www.gold.fr\\\/news\\\/2015\\\/11\\\/16\\\/marches-us-en-retrait-generalise\\\/#breadcrumb\"},\"inLanguage\":\"fr-FR\",\"potentialAction\":[{\"@type\":\"ReadAction\",\"target\":[\"https:\\\/\\\/www.gold.fr\\\/news\\\/2015\\\/11\\\/16\\\/marches-us-en-retrait-generalise\\\/\"]}]},{\"@type\":\"ImageObject\",\"inLanguage\":\"fr-FR\",\"@id\":\"https:\\\/\\\/www.gold.fr\\\/news\\\/2015\\\/11\\\/16\\\/marches-us-en-retrait-generalise\\\/#primaryimage\",\"url\":\"https:\\\/\\\/www.gold.fr\\\/news\\\/wp-content\\\/uploads\\\/2012\\\/06\\\/demande-mondiale.jpg\",\"contentUrl\":\"https:\\\/\\\/www.gold.fr\\\/news\\\/wp-content\\\/uploads\\\/2012\\\/06\\\/demande-mondiale.jpg\",\"width\":\"600\",\"height\":\"400\",\"caption\":\"March\u00e9s : Forte stagnation des indices US\"},{\"@type\":\"BreadcrumbList\",\"@id\":\"https:\\\/\\\/www.gold.fr\\\/news\\\/2015\\\/11\\\/16\\\/marches-us-en-retrait-generalise\\\/#breadcrumb\",\"itemListElement\":[{\"@type\":\"ListItem\",\"position\":1,\"name\":\"Accueil\",\"item\":\"https:\\\/\\\/www.gold.fr\\\/\"},{\"@type\":\"ListItem\",\"position\":2,\"name\":\"Actualit\u00e9s\",\"item\":\"https:\\\/\\\/www.gold.fr\\\/news\\\/\"},{\"@type\":\"ListItem\",\"position\":3,\"name\":\"March\u00e9s US : En retrait g\u00e9n\u00e9ralis\u00e9\"}]},{\"@type\":\"WebSite\",\"@id\":\"https:\\\/\\\/www.gold.fr\\\/news\\\/#website\",\"url\":\"https:\\\/\\\/www.gold.fr\\\/news\\\/\",\"name\":\"Gold.fr\",\"description\":\"Actualit\u00e9s de l&#039;Or et des m\u00e9taux pr\u00e9cieux\",\"potentialAction\":[{\"@type\":\"SearchAction\",\"target\":{\"@type\":\"EntryPoint\",\"urlTemplate\":\"https:\\\/\\\/www.gold.fr\\\/news\\\/?s={search_term_string}\"},\"query-input\":{\"@type\":\"PropertyValueSpecification\",\"valueRequired\":true,\"valueName\":\"search_term_string\"}}],\"inLanguage\":\"fr-FR\"},{\"@type\":\"Person\",\"@id\":\"https:\\\/\\\/www.gold.fr\\\/news\\\/#\\\/schema\\\/person\\\/070491b4b4fb7671bf59b3be20302ce9\",\"name\":\"Comptoir National de l'Or\",\"image\":{\"@type\":\"ImageObject\",\"inLanguage\":\"fr-FR\",\"@id\":\"https:\\\/\\\/secure.gravatar.com\\\/avatar\\\/0a2867fd5abe37bed95d5a65e9d58f01756e11efc68af9888dfc50cfa7f65948?s=96&d=mm&r=gb490554db0a38188709de567aa58480d\",\"url\":\"https:\\\/\\\/secure.gravatar.com\\\/avatar\\\/0a2867fd5abe37bed95d5a65e9d58f01756e11efc68af9888dfc50cfa7f65948?s=96&d=mm&r=g\",\"contentUrl\":\"https:\\\/\\\/secure.gravatar.com\\\/avatar\\\/0a2867fd5abe37bed95d5a65e9d58f01756e11efc68af9888dfc50cfa7f65948?s=96&d=mm&r=g\",\"caption\":\"Comptoir National de l'Or\"},\"description\":\"Notre r\u00e9daction est constitu\u00e9e de membres experts dans les m\u00e9tiers de l'\u00e9conomie et la gestion, des Responsables d'agence Comptoir National de l'Or, des analystes financiers qui publient r\u00e9guli\u00e8rement des \u00e9tudes sur les politiques des banques centrales, le cours de l'or, prix de l'or, cours de l'argent, prix de l'argent, cours du platine, cours du palladium,... la situation en zone euro et l'impact de la strat\u00e9gie mon\u00e9taire de la FED. Notre \u00e9quipe scrute \u00e9galement une information plus g\u00e9n\u00e9raliste \u00e0 la recherche d'actualit\u00e9 \\\"p\u00e9pite\\\" \u00e0 vous partager. Depuis 5 ans, nous avons publi\u00e9 un peu plus de 4000 articles qui s'adressent \u00e0 un public large et vari\u00e9 ayant pour objectif de satisfaire votre curiosit\u00e9 et de partager avec vous une certaine fascination pour le m\u00e9tal jaune, le rachat d'or, et pour ceux qui veulent investir dans l'or, vendre leur or tout simplement en savoir plus... Pour tous vos achat or et argent, n'h\u00e9sitez pas \u00e0 prendre rendez-vous dans l'un de nos nombreux comptoirs.\",\"sameAs\":[\"https:\\\/\\\/www.gold.fr\"]}]}<\/script>\n<!-- \/ Yoast SEO plugin. -->","yoast_head_json":{"title":"March\u00e9s US : En retrait g\u00e9n\u00e9ralis\u00e9 - Gold.fr","robots":{"index":"index","follow":"follow","max-snippet":"max-snippet:-1","max-image-preview":"max-image-preview:large","max-video-preview":"max-video-preview:-1"},"canonical":"https:\/\/www.gold.fr\/news\/2015\/11\/16\/marches-us-en-retrait-generalise\/","og_locale":"fr_FR","og_type":"article","og_title":"March\u00e9s US : En retrait g\u00e9n\u00e9ralis\u00e9 - Gold.fr","og_description":"Les bourses am\u00e9ricaines affichent une performance dans le rouge, dans la lign\u00e9e des march\u00e9s europ\u00e9ens qui avaient termin\u00e9 la semaine derni\u00e8re sur une vague de repli g\u00e9n\u00e9ralis\u00e9. Apr\u00e8s trois semaines cons\u00e9cutives de hausse ininterrompue, jonch\u00e9e de [&hellip;]","og_url":"https:\/\/www.gold.fr\/news\/2015\/11\/16\/marches-us-en-retrait-generalise\/","og_site_name":"Gold.fr","article_publisher":"https:\/\/www.facebook.com\/Goldfr\/","article_published_time":"2015-11-16T16:00:29+00:00","article_modified_time":"2017-11-29T16:52:33+00:00","og_image":[{"width":600,"height":400,"url":"https:\/\/www.gold.fr\/news\/wp-content\/uploads\/2012\/06\/demande-mondiale.jpg","type":"image\/jpeg"}],"author":"Comptoir National de l'Or","twitter_card":"summary_large_image","twitter_misc":{"\u00c9crit par":"Comptoir National de l'Or","Dur\u00e9e de lecture estim\u00e9e":"1 minute"},"schema":{"@context":"https:\/\/schema.org","@graph":[{"@type":"Article","@id":"https:\/\/www.gold.fr\/news\/2015\/11\/16\/marches-us-en-retrait-generalise\/#article","isPartOf":{"@id":"https:\/\/www.gold.fr\/news\/2015\/11\/16\/marches-us-en-retrait-generalise\/"},"author":{"name":"Comptoir National de l'Or","@id":"https:\/\/www.gold.fr\/news\/#\/schema\/person\/070491b4b4fb7671bf59b3be20302ce9"},"headline":"March\u00e9s US : En retrait g\u00e9n\u00e9ralis\u00e9","datePublished":"2015-11-16T16:00:29+00:00","dateModified":"2017-11-29T16:52:33+00:00","mainEntityOfPage":{"@id":"https:\/\/www.gold.fr\/news\/2015\/11\/16\/marches-us-en-retrait-generalise\/"},"wordCount":278,"commentCount":0,"image":{"@id":"https:\/\/www.gold.fr\/news\/2015\/11\/16\/marches-us-en-retrait-generalise\/#primaryimage"},"thumbnailUrl":"https:\/\/www.gold.fr\/news\/wp-content\/uploads\/2012\/06\/demande-mondiale.jpg","keywords":["bce","fed","march\u00e9s","US","wall street"],"articleSection":["Articles de presse"],"inLanguage":"fr-FR"},{"@type":"WebPage","@id":"https:\/\/www.gold.fr\/news\/2015\/11\/16\/marches-us-en-retrait-generalise\/","url":"https:\/\/www.gold.fr\/news\/2015\/11\/16\/marches-us-en-retrait-generalise\/","name":"March\u00e9s US : En retrait g\u00e9n\u00e9ralis\u00e9 - Gold.fr","isPartOf":{"@id":"https:\/\/www.gold.fr\/news\/#website"},"primaryImageOfPage":{"@id":"https:\/\/www.gold.fr\/news\/2015\/11\/16\/marches-us-en-retrait-generalise\/#primaryimage"},"image":{"@id":"https:\/\/www.gold.fr\/news\/2015\/11\/16\/marches-us-en-retrait-generalise\/#primaryimage"},"thumbnailUrl":"https:\/\/www.gold.fr\/news\/wp-content\/uploads\/2012\/06\/demande-mondiale.jpg","datePublished":"2015-11-16T16:00:29+00:00","dateModified":"2017-11-29T16:52:33+00:00","author":{"@id":"https:\/\/www.gold.fr\/news\/#\/schema\/person\/070491b4b4fb7671bf59b3be20302ce9"},"breadcrumb":{"@id":"https:\/\/www.gold.fr\/news\/2015\/11\/16\/marches-us-en-retrait-generalise\/#breadcrumb"},"inLanguage":"fr-FR","potentialAction":[{"@type":"ReadAction","target":["https:\/\/www.gold.fr\/news\/2015\/11\/16\/marches-us-en-retrait-generalise\/"]}]},{"@type":"ImageObject","inLanguage":"fr-FR","@id":"https:\/\/www.gold.fr\/news\/2015\/11\/16\/marches-us-en-retrait-generalise\/#primaryimage","url":"https:\/\/www.gold.fr\/news\/wp-content\/uploads\/2012\/06\/demande-mondiale.jpg","contentUrl":"https:\/\/www.gold.fr\/news\/wp-content\/uploads\/2012\/06\/demande-mondiale.jpg","width":"600","height":"400","caption":"March\u00e9s : Forte stagnation des indices US"},{"@type":"BreadcrumbList","@id":"https:\/\/www.gold.fr\/news\/2015\/11\/16\/marches-us-en-retrait-generalise\/#breadcrumb","itemListElement":[{"@type":"ListItem","position":1,"name":"Accueil","item":"https:\/\/www.gold.fr\/"},{"@type":"ListItem","position":2,"name":"Actualit\u00e9s","item":"https:\/\/www.gold.fr\/news\/"},{"@type":"ListItem","position":3,"name":"March\u00e9s US : En retrait g\u00e9n\u00e9ralis\u00e9"}]},{"@type":"WebSite","@id":"https:\/\/www.gold.fr\/news\/#website","url":"https:\/\/www.gold.fr\/news\/","name":"Gold.fr","description":"Actualit\u00e9s de l&#039;Or et des m\u00e9taux pr\u00e9cieux","potentialAction":[{"@type":"SearchAction","target":{"@type":"EntryPoint","urlTemplate":"https:\/\/www.gold.fr\/news\/?s={search_term_string}"},"query-input":{"@type":"PropertyValueSpecification","valueRequired":true,"valueName":"search_term_string"}}],"inLanguage":"fr-FR"},{"@type":"Person","@id":"https:\/\/www.gold.fr\/news\/#\/schema\/person\/070491b4b4fb7671bf59b3be20302ce9","name":"Comptoir National de l'Or","image":{"@type":"ImageObject","inLanguage":"fr-FR","@id":"https:\/\/secure.gravatar.com\/avatar\/0a2867fd5abe37bed95d5a65e9d58f01756e11efc68af9888dfc50cfa7f65948?s=96&d=mm&r=gb490554db0a38188709de567aa58480d","url":"https:\/\/secure.gravatar.com\/avatar\/0a2867fd5abe37bed95d5a65e9d58f01756e11efc68af9888dfc50cfa7f65948?s=96&d=mm&r=g","contentUrl":"https:\/\/secure.gravatar.com\/avatar\/0a2867fd5abe37bed95d5a65e9d58f01756e11efc68af9888dfc50cfa7f65948?s=96&d=mm&r=g","caption":"Comptoir National de l'Or"},"description":"Notre r\u00e9daction est constitu\u00e9e de membres experts dans les m\u00e9tiers de l'\u00e9conomie et la gestion, des Responsables d'agence Comptoir National de l'Or, des analystes financiers qui publient r\u00e9guli\u00e8rement des \u00e9tudes sur les politiques des banques centrales, le cours de l'or, prix de l'or, cours de l'argent, prix de l'argent, cours du platine, cours du palladium,... la situation en zone euro et l'impact de la strat\u00e9gie mon\u00e9taire de la FED. Notre \u00e9quipe scrute \u00e9galement une information plus g\u00e9n\u00e9raliste \u00e0 la recherche d'actualit\u00e9 \"p\u00e9pite\" \u00e0 vous partager. Depuis 5 ans, nous avons publi\u00e9 un peu plus de 4000 articles qui s'adressent \u00e0 un public large et vari\u00e9 ayant pour objectif de satisfaire votre curiosit\u00e9 et de partager avec vous une certaine fascination pour le m\u00e9tal jaune, le rachat d'or, et pour ceux qui veulent investir dans l'or, vendre leur or tout simplement en savoir plus... Pour tous vos achat or et argent, n'h\u00e9sitez pas \u00e0 prendre rendez-vous dans l'un de nos nombreux comptoirs.","sameAs":["https:\/\/www.gold.fr"]}]}},"authors":[{"term_id":2565,"user_id":18,"is_guest":0,"slug":"julie","display_name":"Comptoir National de l'Or","avatar_url":"https:\/\/secure.gravatar.com\/avatar\/713f289e398d35ead876c4a4cc08607f0d6d266058cfc25683fffb6092d0e572?s=96&d=mm&r=g","0":null,"1":"","2":"","3":"","4":"","5":"","6":"","7":"","8":""}],"_links":{"self":[{"href":"https:\/\/www.gold.fr\/news\/wp-json\/wp\/v2\/posts\/18309","targetHints":{"allow":["GET"]}}],"collection":[{"href":"https:\/\/www.gold.fr\/news\/wp-json\/wp\/v2\/posts"}],"about":[{"href":"https:\/\/www.gold.fr\/news\/wp-json\/wp\/v2\/types\/post"}],"author":[{"embeddable":true,"href":"https:\/\/www.gold.fr\/news\/wp-json\/wp\/v2\/users\/18"}],"replies":[{"embeddable":true,"href":"https:\/\/www.gold.fr\/news\/wp-json\/wp\/v2\/comments?post=18309"}],"version-history":[{"count":0,"href":"https:\/\/www.gold.fr\/news\/wp-json\/wp\/v2\/posts\/18309\/revisions"}],"wp:featuredmedia":[{"embeddable":true,"href":"https:\/\/www.gold.fr\/news\/wp-json\/wp\/v2\/media\/8085"}],"wp:attachment":[{"href":"https:\/\/www.gold.fr\/news\/wp-json\/wp\/v2\/media?parent=18309"}],"wp:term":[{"taxonomy":"category","embeddable":true,"href":"https:\/\/www.gold.fr\/news\/wp-json\/wp\/v2\/categories?post=18309"},{"taxonomy":"post_tag","embeddable":true,"href":"https:\/\/www.gold.fr\/news\/wp-json\/wp\/v2\/tags?post=18309"},{"taxonomy":"author","embeddable":true,"href":"https:\/\/www.gold.fr\/news\/wp-json\/wp\/v2\/ppma_author?post=18309"}],"curies":[{"name":"wp","href":"https:\/\/api.w.org\/{rel}","templated":true}]}}