{"id":18305,"date":"2015-11-16T09:00:35","date_gmt":"2015-11-16T08:00:35","guid":{"rendered":"https:\/\/www.gold.fr\/news\/?p=18305"},"modified":"2017-11-29T17:52:36","modified_gmt":"2017-11-29T16:52:36","slug":"politique-fed-janet-yellen-livre-un-discours-mitige","status":"publish","type":"post","link":"https:\/\/www.gold.fr\/news\/2015\/11\/16\/politique-fed-janet-yellen-livre-un-discours-mitige\/","title":{"rendered":"Politique FED : Janet Yellen livre un discours mitig\u00e9"},"content":{"rendered":"<p><span style=\"font-size: small;\"><img loading=\"lazy\" decoding=\"async\" class=\"alignleft size-thumbnail wp-image-13847\" title=\"Politique FED : Janet Yellen livre un discours mitig\u00e9\" src=\"https:\/\/www.gold.fr\/news\/wp-content\/uploads\/2014\/02\/March\u00e9-haussier-or-150x150.jpg\" alt=\"\" width=\"150\" height=\"150\" \/>On se croirait presque \u00e0 la vieille \u00e9poque de la (non) communication <strong>FED<\/strong>. Le plus r\u00e9cent discours de Janet Yellen ne s\u2019engage ni dans un sens ni dans l\u2019autre, laissant planer un myst\u00e8re qui donne libre cours \u00e0 une nouvelle vague de sp\u00e9culations aussi confuses que contradictoires.<\/span>    <span style=\"font-size: small;\">Il faut admettre qu\u2019il est particuli\u00e8rement difficile de d\u00e9celer les intentions de la pr\u00e9sidente de la r\u00e9serve f\u00e9d\u00e9rale am\u00e9ricaine et de con comit\u00e9 de direction de politique mon\u00e9taire, dans ses propos \u00e0 la fois rassurants et fermes. Le discours d\u2019ouverture de <strong>Janet Yellen<\/strong>, dans le cadre de la conf\u00e9rence sur la transmission et la mise en \u0153uvre des politiques mon\u00e9taires apr\u00e8s la crise de <strong>2007-2009<\/strong> (tenue le <strong>jeudi 12 novembre<\/strong>, soir, \u00e0 Washington), a surtout insist\u00e9 sur le fait que \u00ab <em>les d\u00e9cideurs politiques (de la r\u00e9serve f\u00e9d\u00e9rale am\u00e9ricaine) doivent avoir \u00e0 l&rsquo;esprit les nouveaux canaux de transmission de la politique mon\u00e9taire qui pourraient avoir \u00e9merg\u00e9 des liens \u00e9conomiques et financiers complexes au sein de notre \u00e9conomie mondiale r\u00e9v\u00e9l\u00e9s par la crise<\/em> \u00bb. La pr\u00e9sidente de l\u2019institution a \u00e9galement affirm\u00e9 qu\u2019il \u00e9tait \u00ab <em>essentiel de comprendre les effets des r\u00e9glementations et des \u00e9volutions possibles dans l&rsquo;interm\u00e9diation financi\u00e8re sur la mise en \u0153uvre et la transmission de la politique mon\u00e9taire<\/em> \u00bb.<\/span>    <span style=\"font-size: small;\"><strong>Yellen<\/strong> n\u2019a par ailleurs offert aucune indication sur les projets de la <strong>FED<\/strong> et du <strong>FOMC<\/strong> concernant un rel\u00e8vement potentiel des taux au mois de d\u00e9cembre prochain.<\/span><\/p>\n<!-- AddThis Advanced Settings generic via filter on the_content --><!-- AddThis Share Buttons generic via filter on the_content -->","protected":false},"excerpt":{"rendered":"<p>On se croirait presque \u00e0 la vieille \u00e9poque de la (non) communication FED. Le plus r\u00e9cent discours de Janet Yellen ne s\u2019engage ni dans un sens ni dans l\u2019autre, laissant planer un myst\u00e8re qui donne libre [&hellip;]<\/p>\n","protected":false},"author":18,"featured_media":13847,"comment_status":"open","ping_status":"open","sticky":false,"template":"","format":"standard","meta":{"_mbp_gutenberg_autopost":false,"_pgmb_is_evergreen":false,"_pgmb_ap_template_id":0,"footnotes":""},"categories":[6],"tags":[144,1034,1810],"ppma_author":[2565],"class_list":["post-18305","post","type-post","status-publish","format-standard","has-post-thumbnail","hentry","category-articles-de-presse","tag-fed","tag-fomc","tag-yellen"],"yoast_head":"<!-- This site is optimized with the Yoast SEO plugin v27.5 - https:\/\/yoast.com\/product\/yoast-seo-wordpress\/ -->\n<title>Politique FED : Janet Yellen livre un discours mitig\u00e9 - Gold.fr<\/title>\n<meta name=\"robots\" content=\"index, follow, max-snippet:-1, max-image-preview:large, max-video-preview:-1\" \/>\n<link rel=\"canonical\" href=\"https:\/\/www.gold.fr\/news\/2015\/11\/16\/politique-fed-janet-yellen-livre-un-discours-mitige\/\" \/>\n<meta property=\"og:locale\" content=\"fr_FR\" \/>\n<meta property=\"og:type\" content=\"article\" \/>\n<meta property=\"og:title\" content=\"Politique FED : Janet Yellen livre un discours mitig\u00e9 - Gold.fr\" \/>\n<meta property=\"og:description\" content=\"On se croirait presque \u00e0 la vieille \u00e9poque de la (non) communication FED. Le plus r\u00e9cent discours de Janet Yellen ne s\u2019engage ni dans un sens ni dans l\u2019autre, laissant planer un myst\u00e8re qui donne libre [&hellip;]\" \/>\n<meta property=\"og:url\" content=\"https:\/\/www.gold.fr\/news\/2015\/11\/16\/politique-fed-janet-yellen-livre-un-discours-mitige\/\" \/>\n<meta property=\"og:site_name\" content=\"Gold.fr\" \/>\n<meta property=\"article:publisher\" content=\"https:\/\/www.facebook.com\/Goldfr\/\" \/>\n<meta property=\"article:published_time\" content=\"2015-11-16T08:00:35+00:00\" \/>\n<meta property=\"article:modified_time\" content=\"2017-11-29T16:52:36+00:00\" \/>\n<meta property=\"og:image\" content=\"https:\/\/www.gold.fr\/news\/wp-content\/uploads\/2014\/02\/March\u00e9-haussier-or.jpg\" \/>\n\t<meta property=\"og:image:width\" content=\"640\" \/>\n\t<meta property=\"og:image:height\" content=\"474\" \/>\n\t<meta property=\"og:image:type\" content=\"image\/jpeg\" \/>\n<meta name=\"author\" content=\"Comptoir National de l&#039;Or\" \/>\n<meta name=\"twitter:card\" content=\"summary_large_image\" \/>\n<meta name=\"twitter:label1\" content=\"\u00c9crit par\" \/>\n\t<meta name=\"twitter:data1\" content=\"Comptoir National de l&#039;Or\" \/>\n\t<meta name=\"twitter:label2\" content=\"Dur\u00e9e de lecture estim\u00e9e\" \/>\n\t<meta name=\"twitter:data2\" content=\"1 minute\" \/>\n<script type=\"application\/ld+json\" class=\"yoast-schema-graph\">{\"@context\":\"https:\\\/\\\/schema.org\",\"@graph\":[{\"@type\":\"Article\",\"@id\":\"https:\\\/\\\/www.gold.fr\\\/news\\\/2015\\\/11\\\/16\\\/politique-fed-janet-yellen-livre-un-discours-mitige\\\/#article\",\"isPartOf\":{\"@id\":\"https:\\\/\\\/www.gold.fr\\\/news\\\/2015\\\/11\\\/16\\\/politique-fed-janet-yellen-livre-un-discours-mitige\\\/\"},\"author\":{\"name\":\"Comptoir National de l'Or\",\"@id\":\"https:\\\/\\\/www.gold.fr\\\/news\\\/#\\\/schema\\\/person\\\/070491b4b4fb7671bf59b3be20302ce9\"},\"headline\":\"Politique FED : Janet Yellen livre un discours mitig\u00e9\",\"datePublished\":\"2015-11-16T08:00:35+00:00\",\"dateModified\":\"2017-11-29T16:52:36+00:00\",\"mainEntityOfPage\":{\"@id\":\"https:\\\/\\\/www.gold.fr\\\/news\\\/2015\\\/11\\\/16\\\/politique-fed-janet-yellen-livre-un-discours-mitige\\\/\"},\"wordCount\":271,\"commentCount\":0,\"image\":{\"@id\":\"https:\\\/\\\/www.gold.fr\\\/news\\\/2015\\\/11\\\/16\\\/politique-fed-janet-yellen-livre-un-discours-mitige\\\/#primaryimage\"},\"thumbnailUrl\":\"https:\\\/\\\/www.gold.fr\\\/news\\\/wp-content\\\/uploads\\\/2014\\\/02\\\/March\u00e9-haussier-or.jpg\",\"keywords\":[\"fed\",\"FOMC\",\"yellen\"],\"articleSection\":[\"Articles de presse\"],\"inLanguage\":\"fr-FR\"},{\"@type\":\"WebPage\",\"@id\":\"https:\\\/\\\/www.gold.fr\\\/news\\\/2015\\\/11\\\/16\\\/politique-fed-janet-yellen-livre-un-discours-mitige\\\/\",\"url\":\"https:\\\/\\\/www.gold.fr\\\/news\\\/2015\\\/11\\\/16\\\/politique-fed-janet-yellen-livre-un-discours-mitige\\\/\",\"name\":\"Politique FED : Janet Yellen livre un discours mitig\u00e9 - Gold.fr\",\"isPartOf\":{\"@id\":\"https:\\\/\\\/www.gold.fr\\\/news\\\/#website\"},\"primaryImageOfPage\":{\"@id\":\"https:\\\/\\\/www.gold.fr\\\/news\\\/2015\\\/11\\\/16\\\/politique-fed-janet-yellen-livre-un-discours-mitige\\\/#primaryimage\"},\"image\":{\"@id\":\"https:\\\/\\\/www.gold.fr\\\/news\\\/2015\\\/11\\\/16\\\/politique-fed-janet-yellen-livre-un-discours-mitige\\\/#primaryimage\"},\"thumbnailUrl\":\"https:\\\/\\\/www.gold.fr\\\/news\\\/wp-content\\\/uploads\\\/2014\\\/02\\\/March\u00e9-haussier-or.jpg\",\"datePublished\":\"2015-11-16T08:00:35+00:00\",\"dateModified\":\"2017-11-29T16:52:36+00:00\",\"author\":{\"@id\":\"https:\\\/\\\/www.gold.fr\\\/news\\\/#\\\/schema\\\/person\\\/070491b4b4fb7671bf59b3be20302ce9\"},\"breadcrumb\":{\"@id\":\"https:\\\/\\\/www.gold.fr\\\/news\\\/2015\\\/11\\\/16\\\/politique-fed-janet-yellen-livre-un-discours-mitige\\\/#breadcrumb\"},\"inLanguage\":\"fr-FR\",\"potentialAction\":[{\"@type\":\"ReadAction\",\"target\":[\"https:\\\/\\\/www.gold.fr\\\/news\\\/2015\\\/11\\\/16\\\/politique-fed-janet-yellen-livre-un-discours-mitige\\\/\"]}]},{\"@type\":\"ImageObject\",\"inLanguage\":\"fr-FR\",\"@id\":\"https:\\\/\\\/www.gold.fr\\\/news\\\/2015\\\/11\\\/16\\\/politique-fed-janet-yellen-livre-un-discours-mitige\\\/#primaryimage\",\"url\":\"https:\\\/\\\/www.gold.fr\\\/news\\\/wp-content\\\/uploads\\\/2014\\\/02\\\/March\u00e9-haussier-or.jpg\",\"contentUrl\":\"https:\\\/\\\/www.gold.fr\\\/news\\\/wp-content\\\/uploads\\\/2014\\\/02\\\/March\u00e9-haussier-or.jpg\",\"width\":\"640\",\"height\":\"474\",\"caption\":\"L\u2019once toujours en nette progression\"},{\"@type\":\"BreadcrumbList\",\"@id\":\"https:\\\/\\\/www.gold.fr\\\/news\\\/2015\\\/11\\\/16\\\/politique-fed-janet-yellen-livre-un-discours-mitige\\\/#breadcrumb\",\"itemListElement\":[{\"@type\":\"ListItem\",\"position\":1,\"name\":\"Accueil\",\"item\":\"https:\\\/\\\/www.gold.fr\\\/\"},{\"@type\":\"ListItem\",\"position\":2,\"name\":\"Actualit\u00e9s\",\"item\":\"https:\\\/\\\/www.gold.fr\\\/news\\\/\"},{\"@type\":\"ListItem\",\"position\":3,\"name\":\"Politique FED : Janet Yellen livre un discours mitig\u00e9\"}]},{\"@type\":\"WebSite\",\"@id\":\"https:\\\/\\\/www.gold.fr\\\/news\\\/#website\",\"url\":\"https:\\\/\\\/www.gold.fr\\\/news\\\/\",\"name\":\"Gold.fr\",\"description\":\"Actualit\u00e9s de l&#039;Or et des m\u00e9taux pr\u00e9cieux\",\"potentialAction\":[{\"@type\":\"SearchAction\",\"target\":{\"@type\":\"EntryPoint\",\"urlTemplate\":\"https:\\\/\\\/www.gold.fr\\\/news\\\/?s={search_term_string}\"},\"query-input\":{\"@type\":\"PropertyValueSpecification\",\"valueRequired\":true,\"valueName\":\"search_term_string\"}}],\"inLanguage\":\"fr-FR\"},{\"@type\":\"Person\",\"@id\":\"https:\\\/\\\/www.gold.fr\\\/news\\\/#\\\/schema\\\/person\\\/070491b4b4fb7671bf59b3be20302ce9\",\"name\":\"Comptoir National de l'Or\",\"image\":{\"@type\":\"ImageObject\",\"inLanguage\":\"fr-FR\",\"@id\":\"https:\\\/\\\/secure.gravatar.com\\\/avatar\\\/0a2867fd5abe37bed95d5a65e9d58f01756e11efc68af9888dfc50cfa7f65948?s=96&d=mm&r=gb490554db0a38188709de567aa58480d\",\"url\":\"https:\\\/\\\/secure.gravatar.com\\\/avatar\\\/0a2867fd5abe37bed95d5a65e9d58f01756e11efc68af9888dfc50cfa7f65948?s=96&d=mm&r=g\",\"contentUrl\":\"https:\\\/\\\/secure.gravatar.com\\\/avatar\\\/0a2867fd5abe37bed95d5a65e9d58f01756e11efc68af9888dfc50cfa7f65948?s=96&d=mm&r=g\",\"caption\":\"Comptoir National de l'Or\"},\"description\":\"Notre r\u00e9daction est constitu\u00e9e de membres experts dans les m\u00e9tiers de l'\u00e9conomie et la gestion, des Responsables d'agence Comptoir National de l'Or, des analystes financiers qui publient r\u00e9guli\u00e8rement des \u00e9tudes sur les politiques des banques centrales, le cours de l'or, prix de l'or, cours de l'argent, prix de l'argent, cours du platine, cours du palladium,... la situation en zone euro et l'impact de la strat\u00e9gie mon\u00e9taire de la FED. Notre \u00e9quipe scrute \u00e9galement une information plus g\u00e9n\u00e9raliste \u00e0 la recherche d'actualit\u00e9 \\\"p\u00e9pite\\\" \u00e0 vous partager. Depuis 5 ans, nous avons publi\u00e9 un peu plus de 4000 articles qui s'adressent \u00e0 un public large et vari\u00e9 ayant pour objectif de satisfaire votre curiosit\u00e9 et de partager avec vous une certaine fascination pour le m\u00e9tal jaune, le rachat d'or, et pour ceux qui veulent investir dans l'or, vendre leur or tout simplement en savoir plus... Pour tous vos achat or et argent, n'h\u00e9sitez pas \u00e0 prendre rendez-vous dans l'un de nos nombreux comptoirs.\",\"sameAs\":[\"https:\\\/\\\/www.gold.fr\"]}]}<\/script>\n<!-- \/ Yoast SEO plugin. -->","yoast_head_json":{"title":"Politique FED : Janet Yellen livre un discours mitig\u00e9 - Gold.fr","robots":{"index":"index","follow":"follow","max-snippet":"max-snippet:-1","max-image-preview":"max-image-preview:large","max-video-preview":"max-video-preview:-1"},"canonical":"https:\/\/www.gold.fr\/news\/2015\/11\/16\/politique-fed-janet-yellen-livre-un-discours-mitige\/","og_locale":"fr_FR","og_type":"article","og_title":"Politique FED : Janet Yellen livre un discours mitig\u00e9 - Gold.fr","og_description":"On se croirait presque \u00e0 la vieille \u00e9poque de la (non) communication FED. Le plus r\u00e9cent discours de Janet Yellen ne s\u2019engage ni dans un sens ni dans l\u2019autre, laissant planer un myst\u00e8re qui donne libre [&hellip;]","og_url":"https:\/\/www.gold.fr\/news\/2015\/11\/16\/politique-fed-janet-yellen-livre-un-discours-mitige\/","og_site_name":"Gold.fr","article_publisher":"https:\/\/www.facebook.com\/Goldfr\/","article_published_time":"2015-11-16T08:00:35+00:00","article_modified_time":"2017-11-29T16:52:36+00:00","og_image":[{"width":640,"height":474,"url":"https:\/\/www.gold.fr\/news\/wp-content\/uploads\/2014\/02\/March\u00e9-haussier-or.jpg","type":"image\/jpeg"}],"author":"Comptoir National de l'Or","twitter_card":"summary_large_image","twitter_misc":{"\u00c9crit par":"Comptoir National de l'Or","Dur\u00e9e de lecture estim\u00e9e":"1 minute"},"schema":{"@context":"https:\/\/schema.org","@graph":[{"@type":"Article","@id":"https:\/\/www.gold.fr\/news\/2015\/11\/16\/politique-fed-janet-yellen-livre-un-discours-mitige\/#article","isPartOf":{"@id":"https:\/\/www.gold.fr\/news\/2015\/11\/16\/politique-fed-janet-yellen-livre-un-discours-mitige\/"},"author":{"name":"Comptoir National de l'Or","@id":"https:\/\/www.gold.fr\/news\/#\/schema\/person\/070491b4b4fb7671bf59b3be20302ce9"},"headline":"Politique FED : Janet Yellen livre un discours mitig\u00e9","datePublished":"2015-11-16T08:00:35+00:00","dateModified":"2017-11-29T16:52:36+00:00","mainEntityOfPage":{"@id":"https:\/\/www.gold.fr\/news\/2015\/11\/16\/politique-fed-janet-yellen-livre-un-discours-mitige\/"},"wordCount":271,"commentCount":0,"image":{"@id":"https:\/\/www.gold.fr\/news\/2015\/11\/16\/politique-fed-janet-yellen-livre-un-discours-mitige\/#primaryimage"},"thumbnailUrl":"https:\/\/www.gold.fr\/news\/wp-content\/uploads\/2014\/02\/March\u00e9-haussier-or.jpg","keywords":["fed","FOMC","yellen"],"articleSection":["Articles de presse"],"inLanguage":"fr-FR"},{"@type":"WebPage","@id":"https:\/\/www.gold.fr\/news\/2015\/11\/16\/politique-fed-janet-yellen-livre-un-discours-mitige\/","url":"https:\/\/www.gold.fr\/news\/2015\/11\/16\/politique-fed-janet-yellen-livre-un-discours-mitige\/","name":"Politique FED : Janet Yellen livre un discours mitig\u00e9 - Gold.fr","isPartOf":{"@id":"https:\/\/www.gold.fr\/news\/#website"},"primaryImageOfPage":{"@id":"https:\/\/www.gold.fr\/news\/2015\/11\/16\/politique-fed-janet-yellen-livre-un-discours-mitige\/#primaryimage"},"image":{"@id":"https:\/\/www.gold.fr\/news\/2015\/11\/16\/politique-fed-janet-yellen-livre-un-discours-mitige\/#primaryimage"},"thumbnailUrl":"https:\/\/www.gold.fr\/news\/wp-content\/uploads\/2014\/02\/March\u00e9-haussier-or.jpg","datePublished":"2015-11-16T08:00:35+00:00","dateModified":"2017-11-29T16:52:36+00:00","author":{"@id":"https:\/\/www.gold.fr\/news\/#\/schema\/person\/070491b4b4fb7671bf59b3be20302ce9"},"breadcrumb":{"@id":"https:\/\/www.gold.fr\/news\/2015\/11\/16\/politique-fed-janet-yellen-livre-un-discours-mitige\/#breadcrumb"},"inLanguage":"fr-FR","potentialAction":[{"@type":"ReadAction","target":["https:\/\/www.gold.fr\/news\/2015\/11\/16\/politique-fed-janet-yellen-livre-un-discours-mitige\/"]}]},{"@type":"ImageObject","inLanguage":"fr-FR","@id":"https:\/\/www.gold.fr\/news\/2015\/11\/16\/politique-fed-janet-yellen-livre-un-discours-mitige\/#primaryimage","url":"https:\/\/www.gold.fr\/news\/wp-content\/uploads\/2014\/02\/March\u00e9-haussier-or.jpg","contentUrl":"https:\/\/www.gold.fr\/news\/wp-content\/uploads\/2014\/02\/March\u00e9-haussier-or.jpg","width":"640","height":"474","caption":"L\u2019once toujours en nette progression"},{"@type":"BreadcrumbList","@id":"https:\/\/www.gold.fr\/news\/2015\/11\/16\/politique-fed-janet-yellen-livre-un-discours-mitige\/#breadcrumb","itemListElement":[{"@type":"ListItem","position":1,"name":"Accueil","item":"https:\/\/www.gold.fr\/"},{"@type":"ListItem","position":2,"name":"Actualit\u00e9s","item":"https:\/\/www.gold.fr\/news\/"},{"@type":"ListItem","position":3,"name":"Politique FED : Janet Yellen livre un discours mitig\u00e9"}]},{"@type":"WebSite","@id":"https:\/\/www.gold.fr\/news\/#website","url":"https:\/\/www.gold.fr\/news\/","name":"Gold.fr","description":"Actualit\u00e9s de l&#039;Or et des m\u00e9taux pr\u00e9cieux","potentialAction":[{"@type":"SearchAction","target":{"@type":"EntryPoint","urlTemplate":"https:\/\/www.gold.fr\/news\/?s={search_term_string}"},"query-input":{"@type":"PropertyValueSpecification","valueRequired":true,"valueName":"search_term_string"}}],"inLanguage":"fr-FR"},{"@type":"Person","@id":"https:\/\/www.gold.fr\/news\/#\/schema\/person\/070491b4b4fb7671bf59b3be20302ce9","name":"Comptoir National de l'Or","image":{"@type":"ImageObject","inLanguage":"fr-FR","@id":"https:\/\/secure.gravatar.com\/avatar\/0a2867fd5abe37bed95d5a65e9d58f01756e11efc68af9888dfc50cfa7f65948?s=96&d=mm&r=gb490554db0a38188709de567aa58480d","url":"https:\/\/secure.gravatar.com\/avatar\/0a2867fd5abe37bed95d5a65e9d58f01756e11efc68af9888dfc50cfa7f65948?s=96&d=mm&r=g","contentUrl":"https:\/\/secure.gravatar.com\/avatar\/0a2867fd5abe37bed95d5a65e9d58f01756e11efc68af9888dfc50cfa7f65948?s=96&d=mm&r=g","caption":"Comptoir National de l'Or"},"description":"Notre r\u00e9daction est constitu\u00e9e de membres experts dans les m\u00e9tiers de l'\u00e9conomie et la gestion, des Responsables d'agence Comptoir National de l'Or, des analystes financiers qui publient r\u00e9guli\u00e8rement des \u00e9tudes sur les politiques des banques centrales, le cours de l'or, prix de l'or, cours de l'argent, prix de l'argent, cours du platine, cours du palladium,... la situation en zone euro et l'impact de la strat\u00e9gie mon\u00e9taire de la FED. Notre \u00e9quipe scrute \u00e9galement une information plus g\u00e9n\u00e9raliste \u00e0 la recherche d'actualit\u00e9 \"p\u00e9pite\" \u00e0 vous partager. Depuis 5 ans, nous avons publi\u00e9 un peu plus de 4000 articles qui s'adressent \u00e0 un public large et vari\u00e9 ayant pour objectif de satisfaire votre curiosit\u00e9 et de partager avec vous une certaine fascination pour le m\u00e9tal jaune, le rachat d'or, et pour ceux qui veulent investir dans l'or, vendre leur or tout simplement en savoir plus... Pour tous vos achat or et argent, n'h\u00e9sitez pas \u00e0 prendre rendez-vous dans l'un de nos nombreux comptoirs.","sameAs":["https:\/\/www.gold.fr"]}]}},"authors":[{"term_id":2565,"user_id":18,"is_guest":0,"slug":"julie","display_name":"Comptoir National de l'Or","avatar_url":"https:\/\/secure.gravatar.com\/avatar\/713f289e398d35ead876c4a4cc08607f0d6d266058cfc25683fffb6092d0e572?s=96&d=mm&r=g","0":null,"1":"","2":"","3":"","4":"","5":"","6":"","7":"","8":""}],"_links":{"self":[{"href":"https:\/\/www.gold.fr\/news\/wp-json\/wp\/v2\/posts\/18305","targetHints":{"allow":["GET"]}}],"collection":[{"href":"https:\/\/www.gold.fr\/news\/wp-json\/wp\/v2\/posts"}],"about":[{"href":"https:\/\/www.gold.fr\/news\/wp-json\/wp\/v2\/types\/post"}],"author":[{"embeddable":true,"href":"https:\/\/www.gold.fr\/news\/wp-json\/wp\/v2\/users\/18"}],"replies":[{"embeddable":true,"href":"https:\/\/www.gold.fr\/news\/wp-json\/wp\/v2\/comments?post=18305"}],"version-history":[{"count":0,"href":"https:\/\/www.gold.fr\/news\/wp-json\/wp\/v2\/posts\/18305\/revisions"}],"wp:featuredmedia":[{"embeddable":true,"href":"https:\/\/www.gold.fr\/news\/wp-json\/wp\/v2\/media\/13847"}],"wp:attachment":[{"href":"https:\/\/www.gold.fr\/news\/wp-json\/wp\/v2\/media?parent=18305"}],"wp:term":[{"taxonomy":"category","embeddable":true,"href":"https:\/\/www.gold.fr\/news\/wp-json\/wp\/v2\/categories?post=18305"},{"taxonomy":"post_tag","embeddable":true,"href":"https:\/\/www.gold.fr\/news\/wp-json\/wp\/v2\/tags?post=18305"},{"taxonomy":"author","embeddable":true,"href":"https:\/\/www.gold.fr\/news\/wp-json\/wp\/v2\/ppma_author?post=18305"}],"curies":[{"name":"wp","href":"https:\/\/api.w.org\/{rel}","templated":true}]}}