{"id":18303,"date":"2015-11-13T17:00:54","date_gmt":"2015-11-13T16:00:54","guid":{"rendered":"https:\/\/www.gold.fr\/news\/?p=18303"},"modified":"2017-11-29T17:52:36","modified_gmt":"2017-11-29T16:52:36","slug":"marches-europeens-ventes-techniques-et-prudence","status":"publish","type":"post","link":"https:\/\/www.gold.fr\/news\/2015\/11\/13\/marches-europeens-ventes-techniques-et-prudence\/","title":{"rendered":"March\u00e9s europ\u00e9ens : Ventes techniques et prudence"},"content":{"rendered":"<p><span style=\"font-size: small;\"><img loading=\"lazy\" decoding=\"async\" class=\"alignleft size-thumbnail wp-image-14173\" title=\"March\u00e9s europ\u00e9ens : Ventes techniques et prudence\" src=\"https:\/\/www.gold.fr\/news\/wp-content\/uploads\/2014\/03\/Gold-Fixing-150x150.jpg\" alt=\"\" width=\"150\" height=\"150\" \/>La <a href='https:\/\/www.gold.fr\/news\/tags\/investissement' class='esk-seo-plu-link'>tendance<\/a> est clairement vendeuse, sur les principales places boursi\u00e8res europ\u00e9ennes, dans un mouvement g\u00e9n\u00e9ralis\u00e9 initi\u00e9 par les op\u00e9rateurs, depuis le d\u00e9but de la semaine, qui traduit et confirme manifestement l&rsquo;atmosph\u00e8re de prudence qui r\u00e8gne actuellement. Tous les regards se tournent d\u00e9sormais vers la r\u00e9union du <strong>FOMC<\/strong> qui se d\u00e9roulera au mois de d\u00e9cembre prochain, et rien ne semble pouvoir d\u00e9vier cette focalisation, dans l&rsquo;appr\u00e9hension d&rsquo;un durcissement mon\u00e9taire.<\/span>    <span style=\"font-size: small;\">Cet attentisme pesant justifie, selon les experts, la vague persistante de ventes techniques op\u00e9r\u00e9e par les investisseurs, en cette fin de semaine. C&rsquo;est notamment le cas de <strong>Tony Cross<\/strong>, chef \u00e9conomiste chez <strong>Trustnet Direct<\/strong>, qui estime qu&rsquo;avec \u00ab<em> la hausse de taux de la Fed toujours sur la table avant No\u00ebl, les march\u00e9s <a href='https:\/\/www.gold.fr\/news\/tags\/investissement' class='esk-seo-plu-link'>actions<\/a> peuvent peut-\u00eatre \u00eatre excus\u00e9s pour se maintenir sur une <a href='https:\/\/www.gold.fr\/news\/tags\/investissement' class='esk-seo-plu-link'>tendance<\/a> quelque peu d\u00e9favorable<\/em> \u00bb. L&rsquo;analyste avait toutefois rappel\u00e9 que \u00ab<em> toute faiblesse des chiffres (au niveau des) inscriptions au ch\u00f4mage et stocks de p\u00e9trole pourrait inverser la <a href='https:\/\/www.gold.fr\/news\/tags\/investissement' class='esk-seo-plu-link'>tendance<\/a>, mais il n&rsquo;y a pour l&rsquo;heure gu\u00e8re de raison de changer d&rsquo;attitude<\/em> \u00bb.<\/span>    <span style=\"font-size: small;\">Bref ; les jeux sont apparemment faits, et le consensus expert semble d\u00e9j\u00e0 tabler sur une \u2013plus que probable- hausse des taux d&rsquo;int\u00e9r\u00eat de la r\u00e9serve f\u00e9d\u00e9rale am\u00e9ricaine. Rappelons n\u00e9anmoins que le D\u00e9partement am\u00e9ricain du Travail a d\u00e9nombr\u00e9 <strong>276.000<\/strong> nouveaux inscrits hebdomadaires au ch\u00f4mage lors de la semaine close le 7 novembre, contre un consensus qui \u00e9tait plus optimiste, pariant sur un retrait autour de <strong>269.000<\/strong>.<\/span><\/p>\n<!-- AddThis Advanced Settings generic via filter on the_content --><!-- AddThis Share Buttons generic via filter on the_content -->","protected":false},"excerpt":{"rendered":"<p>La tendance est clairement vendeuse, sur les principales places boursi\u00e8res europ\u00e9ennes, dans un mouvement g\u00e9n\u00e9ralis\u00e9 initi\u00e9 par les op\u00e9rateurs, depuis le d\u00e9but de la semaine, qui traduit et confirme manifestement l&rsquo;atmosph\u00e8re de prudence qui r\u00e8gne actuellement. [&hellip;]<\/p>\n","protected":false},"author":18,"featured_media":14173,"comment_status":"open","ping_status":"open","sticky":false,"template":"","format":"standard","meta":{"_mbp_gutenberg_autopost":false,"_pgmb_is_evergreen":false,"_pgmb_ap_template_id":0,"footnotes":""},"categories":[6],"tags":[1188,242,1034,1649],"ppma_author":[2565],"class_list":["post-18303","post","type-post","status-publish","format-standard","has-post-thumbnail","hentry","category-articles-de-presse","tag-bourse","tag-europe","tag-fomc","tag-marches"],"yoast_head":"<!-- This site is optimized with the Yoast SEO plugin v27.5 - https:\/\/yoast.com\/product\/yoast-seo-wordpress\/ -->\n<title>March\u00e9s europ\u00e9ens : Ventes techniques et prudence - Gold.fr<\/title>\n<meta name=\"robots\" content=\"index, follow, max-snippet:-1, max-image-preview:large, max-video-preview:-1\" \/>\n<link rel=\"canonical\" href=\"https:\/\/www.gold.fr\/news\/2015\/11\/13\/marches-europeens-ventes-techniques-et-prudence\/\" \/>\n<meta property=\"og:locale\" content=\"fr_FR\" \/>\n<meta property=\"og:type\" content=\"article\" \/>\n<meta property=\"og:title\" content=\"March\u00e9s europ\u00e9ens : Ventes techniques et prudence - Gold.fr\" \/>\n<meta property=\"og:description\" content=\"La tendance est clairement vendeuse, sur les principales places boursi\u00e8res europ\u00e9ennes, dans un mouvement g\u00e9n\u00e9ralis\u00e9 initi\u00e9 par les op\u00e9rateurs, depuis le d\u00e9but de la semaine, qui traduit et confirme manifestement l&rsquo;atmosph\u00e8re de prudence qui r\u00e8gne actuellement. [&hellip;]\" \/>\n<meta property=\"og:url\" content=\"https:\/\/www.gold.fr\/news\/2015\/11\/13\/marches-europeens-ventes-techniques-et-prudence\/\" \/>\n<meta property=\"og:site_name\" content=\"Gold.fr\" \/>\n<meta property=\"article:publisher\" content=\"https:\/\/www.facebook.com\/Goldfr\/\" \/>\n<meta property=\"article:published_time\" content=\"2015-11-13T16:00:54+00:00\" \/>\n<meta property=\"article:modified_time\" content=\"2017-11-29T16:52:36+00:00\" \/>\n<meta property=\"og:image\" content=\"https:\/\/www.gold.fr\/news\/wp-content\/uploads\/2014\/03\/Gold-Fixing.jpg\" \/>\n\t<meta property=\"og:image:width\" content=\"638\" \/>\n\t<meta property=\"og:image:height\" content=\"379\" \/>\n\t<meta property=\"og:image:type\" content=\"image\/jpeg\" \/>\n<meta name=\"author\" content=\"Comptoir National de l&#039;Or\" \/>\n<meta name=\"twitter:card\" content=\"summary_large_image\" \/>\n<meta name=\"twitter:label1\" content=\"\u00c9crit par\" \/>\n\t<meta name=\"twitter:data1\" content=\"Comptoir National de l&#039;Or\" \/>\n\t<meta name=\"twitter:label2\" content=\"Dur\u00e9e de lecture estim\u00e9e\" \/>\n\t<meta name=\"twitter:data2\" content=\"1 minute\" \/>\n<script type=\"application\/ld+json\" class=\"yoast-schema-graph\">{\"@context\":\"https:\\\/\\\/schema.org\",\"@graph\":[{\"@type\":\"Article\",\"@id\":\"https:\\\/\\\/www.gold.fr\\\/news\\\/2015\\\/11\\\/13\\\/marches-europeens-ventes-techniques-et-prudence\\\/#article\",\"isPartOf\":{\"@id\":\"https:\\\/\\\/www.gold.fr\\\/news\\\/2015\\\/11\\\/13\\\/marches-europeens-ventes-techniques-et-prudence\\\/\"},\"author\":{\"name\":\"Comptoir National de l'Or\",\"@id\":\"https:\\\/\\\/www.gold.fr\\\/news\\\/#\\\/schema\\\/person\\\/070491b4b4fb7671bf59b3be20302ce9\"},\"headline\":\"March\u00e9s europ\u00e9ens : Ventes techniques et prudence\",\"datePublished\":\"2015-11-13T16:00:54+00:00\",\"dateModified\":\"2017-11-29T16:52:36+00:00\",\"mainEntityOfPage\":{\"@id\":\"https:\\\/\\\/www.gold.fr\\\/news\\\/2015\\\/11\\\/13\\\/marches-europeens-ventes-techniques-et-prudence\\\/\"},\"wordCount\":286,\"commentCount\":0,\"image\":{\"@id\":\"https:\\\/\\\/www.gold.fr\\\/news\\\/2015\\\/11\\\/13\\\/marches-europeens-ventes-techniques-et-prudence\\\/#primaryimage\"},\"thumbnailUrl\":\"https:\\\/\\\/www.gold.fr\\\/news\\\/wp-content\\\/uploads\\\/2014\\\/03\\\/Gold-Fixing.jpg\",\"keywords\":[\"bourse\",\"europe\",\"FOMC\",\"march\u00e9s\"],\"articleSection\":[\"Articles de presse\"],\"inLanguage\":\"fr-FR\"},{\"@type\":\"WebPage\",\"@id\":\"https:\\\/\\\/www.gold.fr\\\/news\\\/2015\\\/11\\\/13\\\/marches-europeens-ventes-techniques-et-prudence\\\/\",\"url\":\"https:\\\/\\\/www.gold.fr\\\/news\\\/2015\\\/11\\\/13\\\/marches-europeens-ventes-techniques-et-prudence\\\/\",\"name\":\"March\u00e9s europ\u00e9ens : Ventes techniques et prudence - Gold.fr\",\"isPartOf\":{\"@id\":\"https:\\\/\\\/www.gold.fr\\\/news\\\/#website\"},\"primaryImageOfPage\":{\"@id\":\"https:\\\/\\\/www.gold.fr\\\/news\\\/2015\\\/11\\\/13\\\/marches-europeens-ventes-techniques-et-prudence\\\/#primaryimage\"},\"image\":{\"@id\":\"https:\\\/\\\/www.gold.fr\\\/news\\\/2015\\\/11\\\/13\\\/marches-europeens-ventes-techniques-et-prudence\\\/#primaryimage\"},\"thumbnailUrl\":\"https:\\\/\\\/www.gold.fr\\\/news\\\/wp-content\\\/uploads\\\/2014\\\/03\\\/Gold-Fixing.jpg\",\"datePublished\":\"2015-11-13T16:00:54+00:00\",\"dateModified\":\"2017-11-29T16:52:36+00:00\",\"author\":{\"@id\":\"https:\\\/\\\/www.gold.fr\\\/news\\\/#\\\/schema\\\/person\\\/070491b4b4fb7671bf59b3be20302ce9\"},\"breadcrumb\":{\"@id\":\"https:\\\/\\\/www.gold.fr\\\/news\\\/2015\\\/11\\\/13\\\/marches-europeens-ventes-techniques-et-prudence\\\/#breadcrumb\"},\"inLanguage\":\"fr-FR\",\"potentialAction\":[{\"@type\":\"ReadAction\",\"target\":[\"https:\\\/\\\/www.gold.fr\\\/news\\\/2015\\\/11\\\/13\\\/marches-europeens-ventes-techniques-et-prudence\\\/\"]}]},{\"@type\":\"ImageObject\",\"inLanguage\":\"fr-FR\",\"@id\":\"https:\\\/\\\/www.gold.fr\\\/news\\\/2015\\\/11\\\/13\\\/marches-europeens-ventes-techniques-et-prudence\\\/#primaryimage\",\"url\":\"https:\\\/\\\/www.gold.fr\\\/news\\\/wp-content\\\/uploads\\\/2014\\\/03\\\/Gold-Fixing.jpg\",\"contentUrl\":\"https:\\\/\\\/www.gold.fr\\\/news\\\/wp-content\\\/uploads\\\/2014\\\/03\\\/Gold-Fixing.jpg\",\"width\":\"638\",\"height\":\"379\",\"caption\":\"March\u00e9s : Les investisseurs retrouvent le go\u00fbt du risque\"},{\"@type\":\"BreadcrumbList\",\"@id\":\"https:\\\/\\\/www.gold.fr\\\/news\\\/2015\\\/11\\\/13\\\/marches-europeens-ventes-techniques-et-prudence\\\/#breadcrumb\",\"itemListElement\":[{\"@type\":\"ListItem\",\"position\":1,\"name\":\"Accueil\",\"item\":\"https:\\\/\\\/www.gold.fr\\\/\"},{\"@type\":\"ListItem\",\"position\":2,\"name\":\"Actualit\u00e9s\",\"item\":\"https:\\\/\\\/www.gold.fr\\\/news\\\/\"},{\"@type\":\"ListItem\",\"position\":3,\"name\":\"March\u00e9s europ\u00e9ens : Ventes techniques et prudence\"}]},{\"@type\":\"WebSite\",\"@id\":\"https:\\\/\\\/www.gold.fr\\\/news\\\/#website\",\"url\":\"https:\\\/\\\/www.gold.fr\\\/news\\\/\",\"name\":\"Gold.fr\",\"description\":\"Actualit\u00e9s de l&#039;Or et des m\u00e9taux pr\u00e9cieux\",\"potentialAction\":[{\"@type\":\"SearchAction\",\"target\":{\"@type\":\"EntryPoint\",\"urlTemplate\":\"https:\\\/\\\/www.gold.fr\\\/news\\\/?s={search_term_string}\"},\"query-input\":{\"@type\":\"PropertyValueSpecification\",\"valueRequired\":true,\"valueName\":\"search_term_string\"}}],\"inLanguage\":\"fr-FR\"},{\"@type\":\"Person\",\"@id\":\"https:\\\/\\\/www.gold.fr\\\/news\\\/#\\\/schema\\\/person\\\/070491b4b4fb7671bf59b3be20302ce9\",\"name\":\"Comptoir National de l'Or\",\"image\":{\"@type\":\"ImageObject\",\"inLanguage\":\"fr-FR\",\"@id\":\"https:\\\/\\\/secure.gravatar.com\\\/avatar\\\/0a2867fd5abe37bed95d5a65e9d58f01756e11efc68af9888dfc50cfa7f65948?s=96&d=mm&r=gb490554db0a38188709de567aa58480d\",\"url\":\"https:\\\/\\\/secure.gravatar.com\\\/avatar\\\/0a2867fd5abe37bed95d5a65e9d58f01756e11efc68af9888dfc50cfa7f65948?s=96&d=mm&r=g\",\"contentUrl\":\"https:\\\/\\\/secure.gravatar.com\\\/avatar\\\/0a2867fd5abe37bed95d5a65e9d58f01756e11efc68af9888dfc50cfa7f65948?s=96&d=mm&r=g\",\"caption\":\"Comptoir National de l'Or\"},\"description\":\"Notre r\u00e9daction est constitu\u00e9e de membres experts dans les m\u00e9tiers de l'\u00e9conomie et la gestion, des Responsables d'agence Comptoir National de l'Or, des analystes financiers qui publient r\u00e9guli\u00e8rement des \u00e9tudes sur les politiques des banques centrales, le cours de l'or, prix de l'or, cours de l'argent, prix de l'argent, cours du platine, cours du palladium,... la situation en zone euro et l'impact de la strat\u00e9gie mon\u00e9taire de la FED. Notre \u00e9quipe scrute \u00e9galement une information plus g\u00e9n\u00e9raliste \u00e0 la recherche d'actualit\u00e9 \\\"p\u00e9pite\\\" \u00e0 vous partager. Depuis 5 ans, nous avons publi\u00e9 un peu plus de 4000 articles qui s'adressent \u00e0 un public large et vari\u00e9 ayant pour objectif de satisfaire votre curiosit\u00e9 et de partager avec vous une certaine fascination pour le m\u00e9tal jaune, le rachat d'or, et pour ceux qui veulent investir dans l'or, vendre leur or tout simplement en savoir plus... Pour tous vos achat or et argent, n'h\u00e9sitez pas \u00e0 prendre rendez-vous dans l'un de nos nombreux comptoirs.\",\"sameAs\":[\"https:\\\/\\\/www.gold.fr\"]}]}<\/script>\n<!-- \/ Yoast SEO plugin. -->","yoast_head_json":{"title":"March\u00e9s europ\u00e9ens : Ventes techniques et prudence - Gold.fr","robots":{"index":"index","follow":"follow","max-snippet":"max-snippet:-1","max-image-preview":"max-image-preview:large","max-video-preview":"max-video-preview:-1"},"canonical":"https:\/\/www.gold.fr\/news\/2015\/11\/13\/marches-europeens-ventes-techniques-et-prudence\/","og_locale":"fr_FR","og_type":"article","og_title":"March\u00e9s europ\u00e9ens : Ventes techniques et prudence - Gold.fr","og_description":"La tendance est clairement vendeuse, sur les principales places boursi\u00e8res europ\u00e9ennes, dans un mouvement g\u00e9n\u00e9ralis\u00e9 initi\u00e9 par les op\u00e9rateurs, depuis le d\u00e9but de la semaine, qui traduit et confirme manifestement l&rsquo;atmosph\u00e8re de prudence qui r\u00e8gne actuellement. [&hellip;]","og_url":"https:\/\/www.gold.fr\/news\/2015\/11\/13\/marches-europeens-ventes-techniques-et-prudence\/","og_site_name":"Gold.fr","article_publisher":"https:\/\/www.facebook.com\/Goldfr\/","article_published_time":"2015-11-13T16:00:54+00:00","article_modified_time":"2017-11-29T16:52:36+00:00","og_image":[{"width":638,"height":379,"url":"https:\/\/www.gold.fr\/news\/wp-content\/uploads\/2014\/03\/Gold-Fixing.jpg","type":"image\/jpeg"}],"author":"Comptoir National de l'Or","twitter_card":"summary_large_image","twitter_misc":{"\u00c9crit par":"Comptoir National de l'Or","Dur\u00e9e de lecture estim\u00e9e":"1 minute"},"schema":{"@context":"https:\/\/schema.org","@graph":[{"@type":"Article","@id":"https:\/\/www.gold.fr\/news\/2015\/11\/13\/marches-europeens-ventes-techniques-et-prudence\/#article","isPartOf":{"@id":"https:\/\/www.gold.fr\/news\/2015\/11\/13\/marches-europeens-ventes-techniques-et-prudence\/"},"author":{"name":"Comptoir National de l'Or","@id":"https:\/\/www.gold.fr\/news\/#\/schema\/person\/070491b4b4fb7671bf59b3be20302ce9"},"headline":"March\u00e9s europ\u00e9ens : Ventes techniques et prudence","datePublished":"2015-11-13T16:00:54+00:00","dateModified":"2017-11-29T16:52:36+00:00","mainEntityOfPage":{"@id":"https:\/\/www.gold.fr\/news\/2015\/11\/13\/marches-europeens-ventes-techniques-et-prudence\/"},"wordCount":286,"commentCount":0,"image":{"@id":"https:\/\/www.gold.fr\/news\/2015\/11\/13\/marches-europeens-ventes-techniques-et-prudence\/#primaryimage"},"thumbnailUrl":"https:\/\/www.gold.fr\/news\/wp-content\/uploads\/2014\/03\/Gold-Fixing.jpg","keywords":["bourse","europe","FOMC","march\u00e9s"],"articleSection":["Articles de presse"],"inLanguage":"fr-FR"},{"@type":"WebPage","@id":"https:\/\/www.gold.fr\/news\/2015\/11\/13\/marches-europeens-ventes-techniques-et-prudence\/","url":"https:\/\/www.gold.fr\/news\/2015\/11\/13\/marches-europeens-ventes-techniques-et-prudence\/","name":"March\u00e9s europ\u00e9ens : Ventes techniques et prudence - Gold.fr","isPartOf":{"@id":"https:\/\/www.gold.fr\/news\/#website"},"primaryImageOfPage":{"@id":"https:\/\/www.gold.fr\/news\/2015\/11\/13\/marches-europeens-ventes-techniques-et-prudence\/#primaryimage"},"image":{"@id":"https:\/\/www.gold.fr\/news\/2015\/11\/13\/marches-europeens-ventes-techniques-et-prudence\/#primaryimage"},"thumbnailUrl":"https:\/\/www.gold.fr\/news\/wp-content\/uploads\/2014\/03\/Gold-Fixing.jpg","datePublished":"2015-11-13T16:00:54+00:00","dateModified":"2017-11-29T16:52:36+00:00","author":{"@id":"https:\/\/www.gold.fr\/news\/#\/schema\/person\/070491b4b4fb7671bf59b3be20302ce9"},"breadcrumb":{"@id":"https:\/\/www.gold.fr\/news\/2015\/11\/13\/marches-europeens-ventes-techniques-et-prudence\/#breadcrumb"},"inLanguage":"fr-FR","potentialAction":[{"@type":"ReadAction","target":["https:\/\/www.gold.fr\/news\/2015\/11\/13\/marches-europeens-ventes-techniques-et-prudence\/"]}]},{"@type":"ImageObject","inLanguage":"fr-FR","@id":"https:\/\/www.gold.fr\/news\/2015\/11\/13\/marches-europeens-ventes-techniques-et-prudence\/#primaryimage","url":"https:\/\/www.gold.fr\/news\/wp-content\/uploads\/2014\/03\/Gold-Fixing.jpg","contentUrl":"https:\/\/www.gold.fr\/news\/wp-content\/uploads\/2014\/03\/Gold-Fixing.jpg","width":"638","height":"379","caption":"March\u00e9s : Les investisseurs retrouvent le go\u00fbt du risque"},{"@type":"BreadcrumbList","@id":"https:\/\/www.gold.fr\/news\/2015\/11\/13\/marches-europeens-ventes-techniques-et-prudence\/#breadcrumb","itemListElement":[{"@type":"ListItem","position":1,"name":"Accueil","item":"https:\/\/www.gold.fr\/"},{"@type":"ListItem","position":2,"name":"Actualit\u00e9s","item":"https:\/\/www.gold.fr\/news\/"},{"@type":"ListItem","position":3,"name":"March\u00e9s europ\u00e9ens : Ventes techniques et prudence"}]},{"@type":"WebSite","@id":"https:\/\/www.gold.fr\/news\/#website","url":"https:\/\/www.gold.fr\/news\/","name":"Gold.fr","description":"Actualit\u00e9s de l&#039;Or et des m\u00e9taux pr\u00e9cieux","potentialAction":[{"@type":"SearchAction","target":{"@type":"EntryPoint","urlTemplate":"https:\/\/www.gold.fr\/news\/?s={search_term_string}"},"query-input":{"@type":"PropertyValueSpecification","valueRequired":true,"valueName":"search_term_string"}}],"inLanguage":"fr-FR"},{"@type":"Person","@id":"https:\/\/www.gold.fr\/news\/#\/schema\/person\/070491b4b4fb7671bf59b3be20302ce9","name":"Comptoir National de l'Or","image":{"@type":"ImageObject","inLanguage":"fr-FR","@id":"https:\/\/secure.gravatar.com\/avatar\/0a2867fd5abe37bed95d5a65e9d58f01756e11efc68af9888dfc50cfa7f65948?s=96&d=mm&r=gb490554db0a38188709de567aa58480d","url":"https:\/\/secure.gravatar.com\/avatar\/0a2867fd5abe37bed95d5a65e9d58f01756e11efc68af9888dfc50cfa7f65948?s=96&d=mm&r=g","contentUrl":"https:\/\/secure.gravatar.com\/avatar\/0a2867fd5abe37bed95d5a65e9d58f01756e11efc68af9888dfc50cfa7f65948?s=96&d=mm&r=g","caption":"Comptoir National de l'Or"},"description":"Notre r\u00e9daction est constitu\u00e9e de membres experts dans les m\u00e9tiers de l'\u00e9conomie et la gestion, des Responsables d'agence Comptoir National de l'Or, des analystes financiers qui publient r\u00e9guli\u00e8rement des \u00e9tudes sur les politiques des banques centrales, le cours de l'or, prix de l'or, cours de l'argent, prix de l'argent, cours du platine, cours du palladium,... la situation en zone euro et l'impact de la strat\u00e9gie mon\u00e9taire de la FED. Notre \u00e9quipe scrute \u00e9galement une information plus g\u00e9n\u00e9raliste \u00e0 la recherche d'actualit\u00e9 \"p\u00e9pite\" \u00e0 vous partager. Depuis 5 ans, nous avons publi\u00e9 un peu plus de 4000 articles qui s'adressent \u00e0 un public large et vari\u00e9 ayant pour objectif de satisfaire votre curiosit\u00e9 et de partager avec vous une certaine fascination pour le m\u00e9tal jaune, le rachat d'or, et pour ceux qui veulent investir dans l'or, vendre leur or tout simplement en savoir plus... Pour tous vos achat or et argent, n'h\u00e9sitez pas \u00e0 prendre rendez-vous dans l'un de nos nombreux comptoirs.","sameAs":["https:\/\/www.gold.fr"]}]}},"authors":[{"term_id":2565,"user_id":18,"is_guest":0,"slug":"julie","display_name":"Comptoir National de l'Or","avatar_url":"https:\/\/secure.gravatar.com\/avatar\/713f289e398d35ead876c4a4cc08607f0d6d266058cfc25683fffb6092d0e572?s=96&d=mm&r=g","0":null,"1":"","2":"","3":"","4":"","5":"","6":"","7":"","8":""}],"_links":{"self":[{"href":"https:\/\/www.gold.fr\/news\/wp-json\/wp\/v2\/posts\/18303","targetHints":{"allow":["GET"]}}],"collection":[{"href":"https:\/\/www.gold.fr\/news\/wp-json\/wp\/v2\/posts"}],"about":[{"href":"https:\/\/www.gold.fr\/news\/wp-json\/wp\/v2\/types\/post"}],"author":[{"embeddable":true,"href":"https:\/\/www.gold.fr\/news\/wp-json\/wp\/v2\/users\/18"}],"replies":[{"embeddable":true,"href":"https:\/\/www.gold.fr\/news\/wp-json\/wp\/v2\/comments?post=18303"}],"version-history":[{"count":0,"href":"https:\/\/www.gold.fr\/news\/wp-json\/wp\/v2\/posts\/18303\/revisions"}],"wp:featuredmedia":[{"embeddable":true,"href":"https:\/\/www.gold.fr\/news\/wp-json\/wp\/v2\/media\/14173"}],"wp:attachment":[{"href":"https:\/\/www.gold.fr\/news\/wp-json\/wp\/v2\/media?parent=18303"}],"wp:term":[{"taxonomy":"category","embeddable":true,"href":"https:\/\/www.gold.fr\/news\/wp-json\/wp\/v2\/categories?post=18303"},{"taxonomy":"post_tag","embeddable":true,"href":"https:\/\/www.gold.fr\/news\/wp-json\/wp\/v2\/tags?post=18303"},{"taxonomy":"author","embeddable":true,"href":"https:\/\/www.gold.fr\/news\/wp-json\/wp\/v2\/ppma_author?post=18303"}],"curies":[{"name":"wp","href":"https:\/\/api.w.org\/{rel}","templated":true}]}}