{"id":1830,"date":"2011-04-15T11:11:11","date_gmt":"2011-04-15T09:11:11","guid":{"rendered":"https:\/\/www.gold.fr\/informations-sur-l-or\/articles-de-presse\/lor-cache-des-francais"},"modified":"2021-01-14T16:33:09","modified_gmt":"2021-01-14T15:33:09","slug":"lor-cache-des-francais","status":"publish","type":"post","link":"https:\/\/www.gold.fr\/news\/2011\/04\/15\/lor-cache-des-francais\/","title":{"rendered":"L&rsquo;or cach\u00e9 des Fran\u00e7ais"},"content":{"rendered":"<p style=\"text-align: justify;\"><span style=\"font-family: georgia, palatino; font-size: medium;\"><img class=\"aligncenter size-full wp-image-7507\" style=\"float: left; margin: 5px;\" title=\"pi\u00e8ces-et-lingot\" src=\"https:\/\/www.gold.fr\/news\/wp-content\/uploads\/2012\/05\/pi\u00e8ces-et-lingot.jpg\" alt=\"\" width=\"150\" height=\"150\" \/>Afin de se pr\u00e9munir contre une quelconque inflation, les Fran\u00e7ais ont toujours gard\u00e9 cette bonne vieille habitude qui consiste \u00e0 garder des objets en m\u00e9taux pr\u00e9cieux.<\/span><\/p>\r\n<p style=\"text-align: justify;\"><span style=\"font-family: georgia, palatino; font-size: medium;\">C'est ce que tend \u00e0 confirmer Julie Larguet, responsable d'agence du Comptoir National de l'<a class=\"esk-seo-plu-link\" href=\"https:\/\/www.gold.fr\/news\/tags\/or\">Or<\/a>, sp\u00e9cialiste du rachat d'<a class=\"esk-seo-plu-link\" href=\"https:\/\/www.gold.fr\/news\/tags\/or\">or<\/a> et de m\u00e9taux pr\u00e9cieux \u00e0 Nice. Elle affirme qu'en deux ans, \"le nombre de clients a doubl\u00e9\". Mieux, selon ell \"beaucoup de gens ram\u00e8nent des couverts en <a class=\"esk-seo-plu-link\" href=\"https:\/\/www.gold.fr\/news\/tags\/argent\">argent<\/a>, oubli\u00e9s dans des tiroirs. Quand il se mettent \u00e0 nettoyer une maison, ils trouvent aussi des pi\u00e8ces d'<a class=\"esk-seo-plu-link\" href=\"https:\/\/www.gold.fr\/news\/tags\/argent\">argent<\/a>\".<\/span><\/p>\r\n<p style=\"text-align: justify;\"><span style=\"font-family: georgia, palatino; font-size: medium;\">Idem pour Olivier Rolland, propri\u00e9taire du Comptoir National de l'<a class=\"esk-seo-plu-link\" href=\"https:\/\/www.gold.fr\/news\/tags\/or\">Or<\/a> \u00e0 Rennes qui affirme \"qu'une cuill\u00e8re en <a class=\"esk-seo-plu-link\" href=\"https:\/\/www.gold.fr\/news\/tags\/argent\">argent<\/a> vaut jusqu'\u00e0 trente euros, ce qui surprend souvent nos clients rennais\".<\/span><\/p>\r\n<p style=\"text-align: justify;\"><span style=\"font-family: georgia, palatino; font-size: medium;\">Un ph\u00e9nom\u00e8ne qui aurait tendance \u00e0 s'expliquer par la hausse fulgurante qu'a subit l'<a class=\"esk-seo-plu-link\" href=\"https:\/\/www.gold.fr\/news\/tags\/or\">or<\/a>. Il suffit de constater qu'\u00e0 l'heure actuelle, l'<a class=\"esk-seo-plu-link\" href=\"https:\/\/www.gold.fr\/news\/tags\/or\">or<\/a> a finit par atteindre sur le march\u00e9 de Londres (le lundi 11 avril 2011) un pic de 1478,18 $ l'once ! Ce qui \u00e9quivaut \u00e0 32,3 \u20ac le gramme.<\/span><\/p>\r\n<p style=\"text-align: justify;\"><span style=\"font-family: georgia, palatino; font-size: medium;\">Cela a surement d\u00fb faire le bonheur de cet homme, qui d\u00e9couvrit un tr\u00e9sor \"cach\u00e9 \u00e0 l'int\u00e9rieur d'un mur\" d'une vieille maison. Comme l'explique l'agence d'achat d'<a class=\"esk-seo-plu-link\" href=\"https:\/\/www.gold.fr\/news\/tags\/or\">or<\/a> de Strasbourg, il n'est pas rare d'entendre ce genre d'histoire.<\/span><\/p>","protected":false},"excerpt":{"rendered":"<p>Afin de se pr&eacute;munir contre une quelconque inflation, les Fran&ccedil;ais ont toujours gard&eacute; cette bonne vieille habitude qui consiste &agrave; garder des objets en m&eacute;taux pr&eacute;cieux.<br \/>\nC&rsquo;est ce que tend &agrave; confirmer Julie &#8230;<\/p>\n","protected":false},"author":6,"featured_media":7507,"comment_status":"closed","ping_status":"closed","sticky":false,"template":"","format":"standard","meta":{"_mbp_gutenberg_autopost":false,"_pgmb_is_evergreen":false,"_pgmb_ap_template_id":0,"footnotes":""},"categories":[6],"tags":[76,1032,2076],"ppma_author":[2567],"class_list":["post-1830","post","type-post","status-publish","format-standard","has-post-thumbnail","hentry","category-articles-de-presse","tag-or","tag-or-et-francais","tag-or-france"],"yoast_head":"<!-- This site is optimized with the Yoast SEO plugin v27.5 - https:\/\/yoast.com\/product\/yoast-seo-wordpress\/ -->\n<title>L&#039;or cach\u00e9 des Fran\u00e7ais - Gold.fr<\/title>\n<meta name=\"description\" content=\"L\u2019or cach\u00e9 des Fran\u00e7ais, Afin de se pr\u00e9munir contre une quelconque inflation les Fran\u00e7ais ont toujours gard\u00e9 de l&#039;OR chez eux\" \/>\n<meta name=\"robots\" content=\"index, follow, max-snippet:-1, max-image-preview:large, max-video-preview:-1\" \/>\n<link rel=\"canonical\" href=\"https:\/\/www.gold.fr\/news\/2011\/04\/15\/lor-cache-des-francais\/\" \/>\n<meta property=\"og:locale\" content=\"fr_FR\" \/>\n<meta property=\"og:type\" content=\"article\" \/>\n<meta property=\"og:title\" content=\"L&#039;or cach\u00e9 des Fran\u00e7ais - Gold.fr\" \/>\n<meta property=\"og:description\" content=\"L\u2019or cach\u00e9 des Fran\u00e7ais, Afin de se pr\u00e9munir contre une quelconque inflation les Fran\u00e7ais ont toujours gard\u00e9 de l&#039;OR chez eux\" \/>\n<meta property=\"og:url\" content=\"https:\/\/www.gold.fr\/news\/2011\/04\/15\/lor-cache-des-francais\/\" \/>\n<meta property=\"og:site_name\" content=\"Gold.fr\" \/>\n<meta property=\"article:publisher\" content=\"https:\/\/www.facebook.com\/Goldfr\/\" \/>\n<meta property=\"article:published_time\" content=\"2011-04-15T09:11:11+00:00\" \/>\n<meta property=\"article:modified_time\" content=\"2021-01-14T15:33:09+00:00\" \/>\n<meta property=\"og:image\" content=\"https:\/\/www.gold.fr\/news\/wp-content\/uploads\/2012\/05\/pi\u00e8ces-et-lingot.jpg\" \/>\n\t<meta property=\"og:image:width\" content=\"150\" \/>\n\t<meta property=\"og:image:height\" content=\"150\" \/>\n\t<meta property=\"og:image:type\" content=\"image\/jpeg\" \/>\n<meta name=\"author\" content=\"Laurent Schwartz\" \/>\n<meta name=\"twitter:card\" content=\"summary_large_image\" \/>\n<meta name=\"twitter:label1\" content=\"\u00c9crit par\" \/>\n\t<meta name=\"twitter:data1\" content=\"Laurent Schwartz\" \/>\n\t<meta name=\"twitter:label2\" content=\"Dur\u00e9e de lecture estim\u00e9e\" \/>\n\t<meta name=\"twitter:data2\" content=\"1 minute\" \/>\n<script type=\"application\/ld+json\" class=\"yoast-schema-graph\">{\"@context\":\"https:\\\/\\\/schema.org\",\"@graph\":[{\"@type\":\"Article\",\"@id\":\"https:\\\/\\\/www.gold.fr\\\/news\\\/2011\\\/04\\\/15\\\/lor-cache-des-francais\\\/#article\",\"isPartOf\":{\"@id\":\"https:\\\/\\\/www.gold.fr\\\/news\\\/2011\\\/04\\\/15\\\/lor-cache-des-francais\\\/\"},\"author\":{\"name\":\"Laurent Schwartz\",\"@id\":\"https:\\\/\\\/www.gold.fr\\\/news\\\/#\\\/schema\\\/person\\\/4ed91d9a70d8f3a313c26e8308214fc2\"},\"headline\":\"L&rsquo;or cach\u00e9 des Fran\u00e7ais\",\"datePublished\":\"2011-04-15T09:11:11+00:00\",\"dateModified\":\"2021-01-14T15:33:09+00:00\",\"mainEntityOfPage\":{\"@id\":\"https:\\\/\\\/www.gold.fr\\\/news\\\/2011\\\/04\\\/15\\\/lor-cache-des-francais\\\/\"},\"wordCount\":240,\"image\":{\"@id\":\"https:\\\/\\\/www.gold.fr\\\/news\\\/2011\\\/04\\\/15\\\/lor-cache-des-francais\\\/#primaryimage\"},\"thumbnailUrl\":\"https:\\\/\\\/www.gold.fr\\\/news\\\/wp-content\\\/uploads\\\/2012\\\/05\\\/pi\u00e8ces-et-lingot.jpg\",\"keywords\":[\"Or\",\"Or et fran\u00e7ais\",\"or france\"],\"articleSection\":[\"Articles de presse\"],\"inLanguage\":\"fr-FR\"},{\"@type\":\"WebPage\",\"@id\":\"https:\\\/\\\/www.gold.fr\\\/news\\\/2011\\\/04\\\/15\\\/lor-cache-des-francais\\\/\",\"url\":\"https:\\\/\\\/www.gold.fr\\\/news\\\/2011\\\/04\\\/15\\\/lor-cache-des-francais\\\/\",\"name\":\"L'or cach\u00e9 des Fran\u00e7ais - Gold.fr\",\"isPartOf\":{\"@id\":\"https:\\\/\\\/www.gold.fr\\\/news\\\/#website\"},\"primaryImageOfPage\":{\"@id\":\"https:\\\/\\\/www.gold.fr\\\/news\\\/2011\\\/04\\\/15\\\/lor-cache-des-francais\\\/#primaryimage\"},\"image\":{\"@id\":\"https:\\\/\\\/www.gold.fr\\\/news\\\/2011\\\/04\\\/15\\\/lor-cache-des-francais\\\/#primaryimage\"},\"thumbnailUrl\":\"https:\\\/\\\/www.gold.fr\\\/news\\\/wp-content\\\/uploads\\\/2012\\\/05\\\/pi\u00e8ces-et-lingot.jpg\",\"datePublished\":\"2011-04-15T09:11:11+00:00\",\"dateModified\":\"2021-01-14T15:33:09+00:00\",\"author\":{\"@id\":\"https:\\\/\\\/www.gold.fr\\\/news\\\/#\\\/schema\\\/person\\\/4ed91d9a70d8f3a313c26e8308214fc2\"},\"description\":\"L\u2019or cach\u00e9 des Fran\u00e7ais, Afin de se pr\u00e9munir contre une quelconque inflation les Fran\u00e7ais ont toujours gard\u00e9 de l'OR chez eux\",\"breadcrumb\":{\"@id\":\"https:\\\/\\\/www.gold.fr\\\/news\\\/2011\\\/04\\\/15\\\/lor-cache-des-francais\\\/#breadcrumb\"},\"inLanguage\":\"fr-FR\",\"potentialAction\":[{\"@type\":\"ReadAction\",\"target\":[\"https:\\\/\\\/www.gold.fr\\\/news\\\/2011\\\/04\\\/15\\\/lor-cache-des-francais\\\/\"]}]},{\"@type\":\"ImageObject\",\"inLanguage\":\"fr-FR\",\"@id\":\"https:\\\/\\\/www.gold.fr\\\/news\\\/2011\\\/04\\\/15\\\/lor-cache-des-francais\\\/#primaryimage\",\"url\":\"https:\\\/\\\/www.gold.fr\\\/news\\\/wp-content\\\/uploads\\\/2012\\\/05\\\/pi\u00e8ces-et-lingot.jpg\",\"contentUrl\":\"https:\\\/\\\/www.gold.fr\\\/news\\\/wp-content\\\/uploads\\\/2012\\\/05\\\/pi\u00e8ces-et-lingot.jpg\",\"width\":\"150\",\"height\":\"150\",\"caption\":\"pi\u00e8ces-et-lingot\"},{\"@type\":\"BreadcrumbList\",\"@id\":\"https:\\\/\\\/www.gold.fr\\\/news\\\/2011\\\/04\\\/15\\\/lor-cache-des-francais\\\/#breadcrumb\",\"itemListElement\":[{\"@type\":\"ListItem\",\"position\":1,\"name\":\"Accueil\",\"item\":\"https:\\\/\\\/www.gold.fr\\\/\"},{\"@type\":\"ListItem\",\"position\":2,\"name\":\"Actualit\u00e9s\",\"item\":\"https:\\\/\\\/www.gold.fr\\\/news\\\/\"},{\"@type\":\"ListItem\",\"position\":3,\"name\":\"L&rsquo;or cach\u00e9 des Fran\u00e7ais\"}]},{\"@type\":\"WebSite\",\"@id\":\"https:\\\/\\\/www.gold.fr\\\/news\\\/#website\",\"url\":\"https:\\\/\\\/www.gold.fr\\\/news\\\/\",\"name\":\"Gold.fr\",\"description\":\"Actualit\u00e9s de l&#039;Or et des m\u00e9taux pr\u00e9cieux\",\"potentialAction\":[{\"@type\":\"SearchAction\",\"target\":{\"@type\":\"EntryPoint\",\"urlTemplate\":\"https:\\\/\\\/www.gold.fr\\\/news\\\/?s={search_term_string}\"},\"query-input\":{\"@type\":\"PropertyValueSpecification\",\"valueRequired\":true,\"valueName\":\"search_term_string\"}}],\"inLanguage\":\"fr-FR\"},{\"@type\":\"Person\",\"@id\":\"https:\\\/\\\/www.gold.fr\\\/news\\\/#\\\/schema\\\/person\\\/4ed91d9a70d8f3a313c26e8308214fc2\",\"name\":\"Laurent Schwartz\",\"image\":{\"@type\":\"ImageObject\",\"inLanguage\":\"fr-FR\",\"@id\":\"https:\\\/\\\/secure.gravatar.com\\\/avatar\\\/1496f846049365121827f5470219486f1a95f83957cc8ca0a9595e40c185f5ee?s=96&d=mm&r=g76f0e87c9ba82a161860a0fc16990d85\",\"url\":\"https:\\\/\\\/secure.gravatar.com\\\/avatar\\\/1496f846049365121827f5470219486f1a95f83957cc8ca0a9595e40c185f5ee?s=96&d=mm&r=g\",\"contentUrl\":\"https:\\\/\\\/secure.gravatar.com\\\/avatar\\\/1496f846049365121827f5470219486f1a95f83957cc8ca0a9595e40c185f5ee?s=96&d=mm&r=g\",\"caption\":\"Laurent Schwartz\"},\"description\":\"Dipl\u00f4m\u00e9 de l\u2019EDHEC Business School en 2005, Laurent SCHWARTZ int\u00e8gre le cabinet d\u2019audit ERNST &amp; YOUNG en 2005 o\u00f9 il travaille pendant 4 ans. Parall\u00e8lement, il travaille au sein de l\u2019entreprise familiale cr\u00e9\u00e9e en 1976 \u00e0 Strasbourg. Fort de cette exp\u00e9rience et du savoir-faire d\u00e9velopp\u00e9 durant ces 40 derni\u00e8res ann\u00e9es, Laurent proc\u00e8de \u00e0 la refonte du site Internet Gold.fr d\u00e9di\u00e9 \u00e0 l\u2019achat d'or, vente d\u2019or (pi\u00e8ces, lingots, ...), achat or et argent,... qui conna\u00eetra un franc succ\u00e8s d\u00e8s son d\u00e9marrage en 2008. Il d\u00e9cide alors de d\u00e9velopper un r\u00e9seau de concessions exclusives: Le Comptoir National de l\u2019Or. Il assure d\u00e9sormais le pilotage strat\u00e9gique du 1er r\u00e9seau de France qui compte aujourd\u2019hui pas loin de 60 agences r\u00e9parties dans toute la France et depuis peu en Allemagne (Breisach). Le Comptoir National de l\u2019Or se positionne aujourd\u2019hui comme le leader incontournable sur le march\u00e9 de l\u2019Or et des m\u00e9taux pr\u00e9cieux en France.\",\"sameAs\":[\"https:\\\/\\\/www.gold.fr\",\"https:\\\/\\\/www.linkedin.com\\\/in\\\/acheteror\\\/\"]}]}<\/script>\n<!-- \/ Yoast SEO plugin. -->","yoast_head_json":{"title":"L'or cach\u00e9 des Fran\u00e7ais - Gold.fr","description":"L\u2019or cach\u00e9 des Fran\u00e7ais, Afin de se pr\u00e9munir contre une quelconque inflation les Fran\u00e7ais ont toujours gard\u00e9 de l'OR chez eux","robots":{"index":"index","follow":"follow","max-snippet":"max-snippet:-1","max-image-preview":"max-image-preview:large","max-video-preview":"max-video-preview:-1"},"canonical":"https:\/\/www.gold.fr\/news\/2011\/04\/15\/lor-cache-des-francais\/","og_locale":"fr_FR","og_type":"article","og_title":"L'or cach\u00e9 des Fran\u00e7ais - Gold.fr","og_description":"L\u2019or cach\u00e9 des Fran\u00e7ais, Afin de se pr\u00e9munir contre une quelconque inflation les Fran\u00e7ais ont toujours gard\u00e9 de l'OR chez eux","og_url":"https:\/\/www.gold.fr\/news\/2011\/04\/15\/lor-cache-des-francais\/","og_site_name":"Gold.fr","article_publisher":"https:\/\/www.facebook.com\/Goldfr\/","article_published_time":"2011-04-15T09:11:11+00:00","article_modified_time":"2021-01-14T15:33:09+00:00","og_image":[{"width":150,"height":150,"url":"https:\/\/www.gold.fr\/news\/wp-content\/uploads\/2012\/05\/pi\u00e8ces-et-lingot.jpg","type":"image\/jpeg"}],"author":"Laurent Schwartz","twitter_card":"summary_large_image","twitter_misc":{"\u00c9crit par":"Laurent Schwartz","Dur\u00e9e de lecture estim\u00e9e":"1 minute"},"schema":{"@context":"https:\/\/schema.org","@graph":[{"@type":"Article","@id":"https:\/\/www.gold.fr\/news\/2011\/04\/15\/lor-cache-des-francais\/#article","isPartOf":{"@id":"https:\/\/www.gold.fr\/news\/2011\/04\/15\/lor-cache-des-francais\/"},"author":{"name":"Laurent Schwartz","@id":"https:\/\/www.gold.fr\/news\/#\/schema\/person\/4ed91d9a70d8f3a313c26e8308214fc2"},"headline":"L&rsquo;or cach\u00e9 des Fran\u00e7ais","datePublished":"2011-04-15T09:11:11+00:00","dateModified":"2021-01-14T15:33:09+00:00","mainEntityOfPage":{"@id":"https:\/\/www.gold.fr\/news\/2011\/04\/15\/lor-cache-des-francais\/"},"wordCount":240,"image":{"@id":"https:\/\/www.gold.fr\/news\/2011\/04\/15\/lor-cache-des-francais\/#primaryimage"},"thumbnailUrl":"https:\/\/www.gold.fr\/news\/wp-content\/uploads\/2012\/05\/pi\u00e8ces-et-lingot.jpg","keywords":["Or","Or et fran\u00e7ais","or france"],"articleSection":["Articles de presse"],"inLanguage":"fr-FR"},{"@type":"WebPage","@id":"https:\/\/www.gold.fr\/news\/2011\/04\/15\/lor-cache-des-francais\/","url":"https:\/\/www.gold.fr\/news\/2011\/04\/15\/lor-cache-des-francais\/","name":"L'or cach\u00e9 des Fran\u00e7ais - Gold.fr","isPartOf":{"@id":"https:\/\/www.gold.fr\/news\/#website"},"primaryImageOfPage":{"@id":"https:\/\/www.gold.fr\/news\/2011\/04\/15\/lor-cache-des-francais\/#primaryimage"},"image":{"@id":"https:\/\/www.gold.fr\/news\/2011\/04\/15\/lor-cache-des-francais\/#primaryimage"},"thumbnailUrl":"https:\/\/www.gold.fr\/news\/wp-content\/uploads\/2012\/05\/pi\u00e8ces-et-lingot.jpg","datePublished":"2011-04-15T09:11:11+00:00","dateModified":"2021-01-14T15:33:09+00:00","author":{"@id":"https:\/\/www.gold.fr\/news\/#\/schema\/person\/4ed91d9a70d8f3a313c26e8308214fc2"},"description":"L\u2019or cach\u00e9 des Fran\u00e7ais, Afin de se pr\u00e9munir contre une quelconque inflation les Fran\u00e7ais ont toujours gard\u00e9 de l'OR chez eux","breadcrumb":{"@id":"https:\/\/www.gold.fr\/news\/2011\/04\/15\/lor-cache-des-francais\/#breadcrumb"},"inLanguage":"fr-FR","potentialAction":[{"@type":"ReadAction","target":["https:\/\/www.gold.fr\/news\/2011\/04\/15\/lor-cache-des-francais\/"]}]},{"@type":"ImageObject","inLanguage":"fr-FR","@id":"https:\/\/www.gold.fr\/news\/2011\/04\/15\/lor-cache-des-francais\/#primaryimage","url":"https:\/\/www.gold.fr\/news\/wp-content\/uploads\/2012\/05\/pi\u00e8ces-et-lingot.jpg","contentUrl":"https:\/\/www.gold.fr\/news\/wp-content\/uploads\/2012\/05\/pi\u00e8ces-et-lingot.jpg","width":"150","height":"150","caption":"pi\u00e8ces-et-lingot"},{"@type":"BreadcrumbList","@id":"https:\/\/www.gold.fr\/news\/2011\/04\/15\/lor-cache-des-francais\/#breadcrumb","itemListElement":[{"@type":"ListItem","position":1,"name":"Accueil","item":"https:\/\/www.gold.fr\/"},{"@type":"ListItem","position":2,"name":"Actualit\u00e9s","item":"https:\/\/www.gold.fr\/news\/"},{"@type":"ListItem","position":3,"name":"L&rsquo;or cach\u00e9 des Fran\u00e7ais"}]},{"@type":"WebSite","@id":"https:\/\/www.gold.fr\/news\/#website","url":"https:\/\/www.gold.fr\/news\/","name":"Gold.fr","description":"Actualit\u00e9s de l&#039;Or et des m\u00e9taux pr\u00e9cieux","potentialAction":[{"@type":"SearchAction","target":{"@type":"EntryPoint","urlTemplate":"https:\/\/www.gold.fr\/news\/?s={search_term_string}"},"query-input":{"@type":"PropertyValueSpecification","valueRequired":true,"valueName":"search_term_string"}}],"inLanguage":"fr-FR"},{"@type":"Person","@id":"https:\/\/www.gold.fr\/news\/#\/schema\/person\/4ed91d9a70d8f3a313c26e8308214fc2","name":"Laurent Schwartz","image":{"@type":"ImageObject","inLanguage":"fr-FR","@id":"https:\/\/secure.gravatar.com\/avatar\/1496f846049365121827f5470219486f1a95f83957cc8ca0a9595e40c185f5ee?s=96&d=mm&r=g76f0e87c9ba82a161860a0fc16990d85","url":"https:\/\/secure.gravatar.com\/avatar\/1496f846049365121827f5470219486f1a95f83957cc8ca0a9595e40c185f5ee?s=96&d=mm&r=g","contentUrl":"https:\/\/secure.gravatar.com\/avatar\/1496f846049365121827f5470219486f1a95f83957cc8ca0a9595e40c185f5ee?s=96&d=mm&r=g","caption":"Laurent Schwartz"},"description":"Dipl\u00f4m\u00e9 de l\u2019EDHEC Business School en 2005, Laurent SCHWARTZ int\u00e8gre le cabinet d\u2019audit ERNST &amp; YOUNG en 2005 o\u00f9 il travaille pendant 4 ans. Parall\u00e8lement, il travaille au sein de l\u2019entreprise familiale cr\u00e9\u00e9e en 1976 \u00e0 Strasbourg. Fort de cette exp\u00e9rience et du savoir-faire d\u00e9velopp\u00e9 durant ces 40 derni\u00e8res ann\u00e9es, Laurent proc\u00e8de \u00e0 la refonte du site Internet Gold.fr d\u00e9di\u00e9 \u00e0 l\u2019achat d'or, vente d\u2019or (pi\u00e8ces, lingots, ...), achat or et argent,... qui conna\u00eetra un franc succ\u00e8s d\u00e8s son d\u00e9marrage en 2008. Il d\u00e9cide alors de d\u00e9velopper un r\u00e9seau de concessions exclusives: Le Comptoir National de l\u2019Or. Il assure d\u00e9sormais le pilotage strat\u00e9gique du 1er r\u00e9seau de France qui compte aujourd\u2019hui pas loin de 60 agences r\u00e9parties dans toute la France et depuis peu en Allemagne (Breisach). Le Comptoir National de l\u2019Or se positionne aujourd\u2019hui comme le leader incontournable sur le march\u00e9 de l\u2019Or et des m\u00e9taux pr\u00e9cieux en France.","sameAs":["https:\/\/www.gold.fr","https:\/\/www.linkedin.com\/in\/acheteror\/"]}]}},"authors":[{"term_id":2567,"user_id":6,"is_guest":0,"slug":"laurent","display_name":"Laurent Schwartz","avatar_url":"https:\/\/secure.gravatar.com\/avatar\/1496f846049365121827f5470219486f1a95f83957cc8ca0a9595e40c185f5ee?s=96&d=mm&r=g","0":null,"1":"","2":"","3":"","4":"","5":"","6":"","7":"","8":""}],"_links":{"self":[{"href":"https:\/\/www.gold.fr\/news\/wp-json\/wp\/v2\/posts\/1830","targetHints":{"allow":["GET"]}}],"collection":[{"href":"https:\/\/www.gold.fr\/news\/wp-json\/wp\/v2\/posts"}],"about":[{"href":"https:\/\/www.gold.fr\/news\/wp-json\/wp\/v2\/types\/post"}],"author":[{"embeddable":true,"href":"https:\/\/www.gold.fr\/news\/wp-json\/wp\/v2\/users\/6"}],"replies":[{"embeddable":true,"href":"https:\/\/www.gold.fr\/news\/wp-json\/wp\/v2\/comments?post=1830"}],"version-history":[{"count":0,"href":"https:\/\/www.gold.fr\/news\/wp-json\/wp\/v2\/posts\/1830\/revisions"}],"wp:featuredmedia":[{"embeddable":true,"href":"https:\/\/www.gold.fr\/news\/wp-json\/wp\/v2\/media\/7507"}],"wp:attachment":[{"href":"https:\/\/www.gold.fr\/news\/wp-json\/wp\/v2\/media?parent=1830"}],"wp:term":[{"taxonomy":"category","embeddable":true,"href":"https:\/\/www.gold.fr\/news\/wp-json\/wp\/v2\/categories?post=1830"},{"taxonomy":"post_tag","embeddable":true,"href":"https:\/\/www.gold.fr\/news\/wp-json\/wp\/v2\/tags?post=1830"},{"taxonomy":"author","embeddable":true,"href":"https:\/\/www.gold.fr\/news\/wp-json\/wp\/v2\/ppma_author?post=1830"}],"curies":[{"name":"wp","href":"https:\/\/api.w.org\/{rel}","templated":true}]}}